{"id":118438,"date":"2025-10-24T06:25:38","date_gmt":"2025-10-24T09:25:38","guid":{"rendered":"https:\/\/www.em.com.br\/emfoco\/?p=118438"},"modified":"2025-10-23T19:30:42","modified_gmt":"2025-10-23T22:30:42","slug":"a-tendencia-silenciosa-que-transforma-casas-em-espacos-de-calma-e-leveza","status":"publish","type":"post","link":"https:\/\/www.em.com.br\/emfoco\/2025\/10\/24\/a-tendencia-silenciosa-que-transforma-casas-em-espacos-de-calma-e-leveza\/","title":{"rendered":"A tend\u00eancia silenciosa que transforma casas em espa\u00e7os de calma e leveza"},"content":{"rendered":"\n<p>Adicionar <strong>plantas<\/strong> \u00e0 sua casa n\u00e3o s\u00f3 traz <strong>beleza<\/strong>, como tamb\u00e9m impacta profundamente o seu <strong>estado emocional<\/strong>. Algumas esp\u00e9cies v\u00e3o muito al\u00e9m da fun\u00e7\u00e3o decorativa, contribuindo para elevar o <strong>humor<\/strong> e promover um ambiente muito mais <strong>saud\u00e1vel<\/strong>. Diversos estudos comprovam que inserir o <strong>verde<\/strong> na rotina di\u00e1ria pode transformar sua rela\u00e7\u00e3o com a casa e aumentar significativamente sua qualidade de vida. Descubra como pequenas atitudes podem mudar totalmente seus ambientes!<\/p>\n\n\n\n<ul class=\"wp-block-list\">\n<li>Eleve sua sensa\u00e7\u00e3o de <strong>bem-estar<\/strong> escolhendo <strong>plantas<\/strong> adequadas para o <strong>ambiente interno<\/strong>.<\/li>\n\n\n\n<li>Melhore a <strong>qualidade do ar<\/strong> e transforme seus espa\u00e7os ao incorporar <strong>plantas<\/strong> de maneira inteligente e planejada.<\/li>\n\n\n\n<li>Veja dicas pr\u00e1ticas e criativas de <strong>decora\u00e7\u00e3o com plantas<\/strong> para dar uma nova vida e energia \u00e0 sua casa.<\/li>\n<\/ul>\n\n\n\n<h2 class=\"wp-block-heading\">Quais plantas contribuem para o bem-estar emocional?<\/h2>\n\n\n\n<p>Determinadas <strong>plantas<\/strong> s\u00e3o reconhecidas pelo poder de <strong>acalmar<\/strong>, aliviar tens\u00f5es e proporcionar uma atmosfera positiva. Esp\u00e9cies como <strong>lavanda<\/strong> e <strong>jasmim<\/strong> transmitem <strong>tranquilidade<\/strong>, ajudando a <strong>reduzir ansiedade<\/strong> e trazendo mais <strong>leveza<\/strong> e equil\u00edbrio ao dia a dia. Basta escolher os locais certos para essas <strong>plantas<\/strong> e transformar qualquer ambiente em um ref\u00fagio sereno. O contato com <strong>plantas<\/strong> como a lavanda pode auxiliar de forma significativa na diminui\u00e7\u00e3o do <strong>estresse<\/strong>, tornando sua presen\u00e7a um verdadeiro diferencial em qualquer resid\u00eancia.<\/p>\n\n\n\n<h2 class=\"wp-block-heading\">Como as plantas purificam o ar?<\/h2>\n\n\n\n<p>Al\u00e9m de promoverem <strong>bem-estar<\/strong>, algumas <strong>plantas<\/strong>, como a <strong>Sansevieria<\/strong> (tamb\u00e9m conhecida como l\u00edngua-de-sogra), t\u00eam a capacidade de <strong>filtrar o ar<\/strong>, remover toxinas e elevar os n\u00edveis de <strong>oxig\u00eanio<\/strong>. Assim, garantem um <strong>ambiente mais puro<\/strong> e agrad\u00e1vel de respirar, especialmente em locais fechados e em regi\u00f5es urbanas. Em grandes cidades, como <strong>S\u00e3o Paulo<\/strong>, o uso dessas <strong><a href=\"https:\/\/ecotelhado.com\/blog\/10-plantas-purificadoras-de-ar-para-usar-em-ambientes-internos\/\" target=\"_blank\" rel=\"noreferrer noopener\">plantas purificadoras<\/a><\/strong> em \u00e1reas internas complementa a ventila\u00e7\u00e3o natural, melhorando significativamente a <strong>qualidade do ar<\/strong> e contribuindo para uma vida mais saud\u00e1vel.<\/p>\n\n\n\n<p><strong>Dica r\u00e1pida:<\/strong> Deixe uma <strong>Sansevieria<\/strong> no seu quarto para <strong>dormir melhor<\/strong> e aproveitar os benef\u00edcios do <strong>ar limpo<\/strong> durante a noite. Esta planta \u00e9 de baixa manuten\u00e7\u00e3o e ainda decora o ambiente.<\/p>\n\n\n<div class=\"wp-block-image\">\n<figure class=\"aligncenter size-large\"><img loading=\"lazy\" decoding=\"async\" width=\"1024\" height=\"576\" src=\"https:\/\/www.em.com.br\/emfoco\/wp-content\/uploads\/2025\/05\/Espada-de-Sao-Jorge-_1746247360211-1024x576.jpg\" alt=\"\" class=\"wp-image-44124\" srcset=\"https:\/\/www.em.com.br\/emfoco\/wp-content\/uploads\/2025\/05\/Espada-de-Sao-Jorge-_1746247360211-1024x576.jpg 1024w, https:\/\/www.em.com.br\/emfoco\/wp-content\/uploads\/2025\/05\/Espada-de-Sao-Jorge-_1746247360211-300x169.jpg 300w, https:\/\/www.em.com.br\/emfoco\/wp-content\/uploads\/2025\/05\/Espada-de-Sao-Jorge-_1746247360211-768x432.jpg 768w, https:\/\/www.em.com.br\/emfoco\/wp-content\/uploads\/2025\/05\/Espada-de-Sao-Jorge-_1746247360211-750x422.jpg 750w, https:\/\/www.em.com.br\/emfoco\/wp-content\/uploads\/2025\/05\/Espada-de-Sao-Jorge-_1746247360211-1140x641.jpg 1140w, https:\/\/www.em.com.br\/emfoco\/wp-content\/uploads\/2025\/05\/Espada-de-Sao-Jorge-_1746247360211.jpg 1280w\" sizes=\"auto, (max-width: 1024px) 100vw, 1024px\" \/><figcaption class=\"wp-element-caption\">Espada-de-Sao-Jorge &#8211; Cr\u00e9ditos: depositphotos.com \/ coffeekai<\/figcaption><\/figure><\/div>\n\n\n<h2 class=\"wp-block-heading\">Quais s\u00e3o dicas pr\u00e1ticas de decora\u00e7\u00e3o verde?<\/h2>\n\n\n\n<p>Usar <strong>plantas<\/strong> como parte da <strong>decora\u00e7\u00e3o<\/strong> \u00e9 simples, acess\u00edvel e pode causar um grande impacto <strong>visual<\/strong> e <strong>sensorial<\/strong>. Prefira locais estrat\u00e9gicos, como <strong>prateleiras<\/strong>, <strong>janelas<\/strong> e <strong>cantos da sala<\/strong>, para dar destaque ao <strong>verde<\/strong> sem ocupar espa\u00e7o \u00fatil. Al\u00e9m disso, escolha vasos decorativos que harmonizem com a sua decora\u00e7\u00e3o, valorizando ainda mais o ambiente.<\/p>\n\n\n\n<ul class=\"wp-block-list\">\n<li>Monte um <strong>cantinho de leitura<\/strong> cercado por <strong>plantas<\/strong> para criar uma atmosfera ainda mais aconchegante e relaxante.<\/li>\n\n\n\n<li>Experimente <strong>plantas pendentes<\/strong> para decorar, aproveitando o <strong>espa\u00e7o vertical<\/strong> do ambiente e trazendo sofistica\u00e7\u00e3o ao espa\u00e7o.<\/li>\n<\/ul>\n\n\n\n<h2 class=\"wp-block-heading\">Como selecionar a planta ideal para o seu lar?<\/h2>\n\n\n\n<p>Para encontrar a <strong>planta perfeita<\/strong>, considere fatores como <strong>luminosidade<\/strong>, <strong>umidade<\/strong> e sua <strong>disponibilidade de tempo<\/strong> para cuidar delas. Observe as condi\u00e7\u00f5es do seu lar e escolha esp\u00e9cies que se ajustem bem ao seu <strong>estilo de vida<\/strong> e ao ambiente dispon\u00edvel. Ferramentas online oferecem aux\u00edlio especializado nessa escolha, tornando o processo pr\u00e1tico e seguro para quem est\u00e1 come\u00e7ando ou quer diversificar.<\/p>\n\n\n\n<h2 class=\"wp-block-heading\">Como as plantas podem renovar o seu cotidiano?<\/h2>\n\n\n\n<ul class=\"wp-block-list\">\n<li>Ter <strong>plantas<\/strong> dentro de casa contribui para mais <strong>disposi\u00e7\u00e3o<\/strong>, cria um clima mais saud\u00e1vel e transforma o lar em um espa\u00e7o revigorante.<\/li>\n\n\n\n<li>Adapte as esp\u00e9cies ao seu espa\u00e7o para criar <strong>ambientes mais atraentes<\/strong> e agrad\u00e1veis, estimulando momentos de relaxamento e criatividade.<\/li>\n\n\n\n<li>Pequenas adapta\u00e7\u00f5es com <strong>plantas<\/strong> s\u00e3o capazes de promover <strong>grandes ganhos<\/strong> para o seu bem-estar todos os dias, tornando sua rotina mais leve e prazerosa.<\/li>\n<\/ul>\n\n\n\n<p>Leia tamb\u00e9m: <a href=\"https:\/\/www.em.com.br\/emfoco\/2025\/10\/20\/como-cultivar-a-planta-mais-relaxante-e-poderosa-contra-ansiedade\/\" target=\"_blank\" rel=\"noopener\">Como cultivar a planta mais relaxante e poderosa contra ansiedade<\/a><\/p>\n\n\n\n<p><\/p>\n","protected":false},"excerpt":{"rendered":"<p>Adicionar plantas \u00e0 sua casa n\u00e3o s\u00f3 traz beleza, como tamb\u00e9m impacta profundamente o seu estado emocional. Algumas esp\u00e9cies v\u00e3o muito al\u00e9m da fun\u00e7\u00e3o decorativa, contribuindo para elevar o humor e promover um ambiente muito mais saud\u00e1vel. Diversos estudos comprovam que inserir o verde na rotina di\u00e1ria pode transformar sua rela\u00e7\u00e3o com a casa e [&hellip;]<\/p>\n","protected":false},"author":9,"featured_media":110356,"comment_status":"open","ping_status":"open","sticky":false,"template":"","format":"standard","meta":{"jnews-multi-image_gallery":[],"jnews_single_post":{"format":"standard"},"jnews_primary_category":[],"jnews_social_meta":[],"jnews_override_counter":[],"footnotes":""},"categories":[8691,8819,1],"tags":[12863,8956,3324],"class_list":["post-118438","post","type-post","status-publish","format-standard","has-post-thumbnail","hentry","category-bem-estar","category-curiosidades","category-noticias","tag-ambiente","tag-humor","tag-plantas"],"yoast_head":"<!-- This site is optimized with the Yoast SEO plugin v23.8 - https:\/\/yoast.com\/wordpress\/plugins\/seo\/ -->\n<title>A tend\u00eancia silenciosa que transforma casas em espa\u00e7os de calma e leveza<\/title>\n<meta name=\"description\" content=\"Certas plantas melhoram o bem-estar emocional, aliviam a ansiedade e ainda purificam o ar da sua casa, tornando o ambiente mais saud\u00e1vel.\" \/>\n<meta name=\"robots\" content=\"index, follow, max-snippet:-1, max-image-preview:large, max-video-preview:-1\" \/>\n<link rel=\"canonical\" href=\"https:\/\/www.em.com.br\/emfoco\/2025\/10\/24\/a-tendencia-silenciosa-que-transforma-casas-em-espacos-de-calma-e-leveza\/\" \/>\n<meta property=\"og:locale\" content=\"pt_BR\" \/>\n<meta property=\"og:type\" content=\"article\" \/>\n<meta property=\"og:title\" content=\"A tend\u00eancia silenciosa que transforma casas em espa\u00e7os de calma e leveza\" \/>\n<meta property=\"og:description\" content=\"Certas plantas melhoram o bem-estar emocional, aliviam a ansiedade e ainda purificam o ar da sua casa, tornando o ambiente mais saud\u00e1vel.\" \/>\n<meta property=\"og:url\" content=\"https:\/\/www.em.com.br\/emfoco\/2025\/10\/24\/a-tendencia-silenciosa-que-transforma-casas-em-espacos-de-calma-e-leveza\/\" \/>\n<meta property=\"og:site_name\" content=\"Estado de Minas - Em foco\" \/>\n<meta property=\"article:published_time\" content=\"2025-10-24T09:25:38+00:00\" \/>\n<meta property=\"article:modified_time\" content=\"2025-10-23T22:30:42+00:00\" \/>\n<meta property=\"og:image\" content=\"https:\/\/www.em.com.br\/emfoco\/wp-content\/uploads\/2025\/10\/alocasia-planta_1759332753213.jpg\" \/>\n\t<meta property=\"og:image:width\" content=\"1280\" \/>\n\t<meta property=\"og:image:height\" content=\"720\" \/>\n\t<meta property=\"og:image:type\" content=\"image\/jpeg\" \/>\n<meta name=\"author\" content=\"Daniely Cardoso\" \/>\n<meta name=\"twitter:card\" content=\"summary_large_image\" \/>\n<meta name=\"twitter:label1\" content=\"Escrito por\" \/>\n\t<meta name=\"twitter:data1\" content=\"Daniely Cardoso\" \/>\n\t<meta name=\"twitter:label2\" content=\"Est. tempo de leitura\" \/>\n\t<meta name=\"twitter:data2\" content=\"4 minutos\" \/>\n<!-- \/ Yoast SEO plugin. -->","yoast_head_json":{"title":"A tend\u00eancia silenciosa que transforma casas em espa\u00e7os de calma e leveza","description":"Certas plantas melhoram o bem-estar emocional, aliviam a ansiedade e ainda purificam o ar da sua casa, tornando o ambiente mais saud\u00e1vel.","robots":{"index":"index","follow":"follow","max-snippet":"max-snippet:-1","max-image-preview":"max-image-preview:large","max-video-preview":"max-video-preview:-1"},"canonical":"https:\/\/www.em.com.br\/emfoco\/2025\/10\/24\/a-tendencia-silenciosa-que-transforma-casas-em-espacos-de-calma-e-leveza\/","og_locale":"pt_BR","og_type":"article","og_title":"A tend\u00eancia silenciosa que transforma casas em espa\u00e7os de calma e leveza","og_description":"Certas plantas melhoram o bem-estar emocional, aliviam a ansiedade e ainda purificam o ar da sua casa, tornando o ambiente mais saud\u00e1vel.","og_url":"https:\/\/www.em.com.br\/emfoco\/2025\/10\/24\/a-tendencia-silenciosa-que-transforma-casas-em-espacos-de-calma-e-leveza\/","og_site_name":"Estado de Minas - Em foco","article_published_time":"2025-10-24T09:25:38+00:00","article_modified_time":"2025-10-23T22:30:42+00:00","og_image":[{"width":1280,"height":720,"url":"https:\/\/www.em.com.br\/emfoco\/wp-content\/uploads\/2025\/10\/alocasia-planta_1759332753213.jpg","type":"image\/jpeg"}],"author":"Daniely Cardoso","twitter_card":"summary_large_image","twitter_misc":{"Escrito por":"Daniely Cardoso","Est. tempo de leitura":"4 minutos"},"schema":{"@context":"https:\/\/schema.org","@graph":[{"@type":"WebPage","@id":"https:\/\/www.em.com.br\/emfoco\/2025\/10\/24\/a-tendencia-silenciosa-que-transforma-casas-em-espacos-de-calma-e-leveza\/","url":"https:\/\/www.em.com.br\/emfoco\/2025\/10\/24\/a-tendencia-silenciosa-que-transforma-casas-em-espacos-de-calma-e-leveza\/","name":"A tend\u00eancia silenciosa que transforma casas em espa\u00e7os de calma e leveza","isPartOf":{"@id":"https:\/\/www.em.com.br\/emfoco\/#website"},"primaryImageOfPage":{"@id":"https:\/\/www.em.com.br\/emfoco\/2025\/10\/24\/a-tendencia-silenciosa-que-transforma-casas-em-espacos-de-calma-e-leveza\/#primaryimage"},"image":{"@id":"https:\/\/www.em.com.br\/emfoco\/2025\/10\/24\/a-tendencia-silenciosa-que-transforma-casas-em-espacos-de-calma-e-leveza\/#primaryimage"},"thumbnailUrl":"https:\/\/www.em.com.br\/emfoco\/wp-content\/uploads\/2025\/10\/alocasia-planta_1759332753213.jpg","datePublished":"2025-10-24T09:25:38+00:00","dateModified":"2025-10-23T22:30:42+00:00","author":{"@id":"https:\/\/www.em.com.br\/emfoco\/#\/schema\/person\/0a8186d72f2c3a5c6276d90b41f271a0"},"description":"Certas plantas melhoram o bem-estar emocional, aliviam a ansiedade e ainda purificam o ar da sua casa, tornando o ambiente mais saud\u00e1vel.","breadcrumb":{"@id":"https:\/\/www.em.com.br\/emfoco\/2025\/10\/24\/a-tendencia-silenciosa-que-transforma-casas-em-espacos-de-calma-e-leveza\/#breadcrumb"},"inLanguage":"pt-BR","potentialAction":[{"@type":"ReadAction","target":["https:\/\/www.em.com.br\/emfoco\/2025\/10\/24\/a-tendencia-silenciosa-que-transforma-casas-em-espacos-de-calma-e-leveza\/"]}]},{"@type":"ImageObject","inLanguage":"pt-BR","@id":"https:\/\/www.em.com.br\/emfoco\/2025\/10\/24\/a-tendencia-silenciosa-que-transforma-casas-em-espacos-de-calma-e-leveza\/#primaryimage","url":"https:\/\/www.em.com.br\/emfoco\/wp-content\/uploads\/2025\/10\/alocasia-planta_1759332753213.jpg","contentUrl":"https:\/\/www.em.com.br\/emfoco\/wp-content\/uploads\/2025\/10\/alocasia-planta_1759332753213.jpg","width":1280,"height":720,"caption":"Aloc\u00e1sia desenvolve-se melhor em uma terra de textura solta e levemente \u00e1cida - Cr\u00e9ditos: depositphotos.com \/ TSViPhoto"},{"@type":"BreadcrumbList","@id":"https:\/\/www.em.com.br\/emfoco\/2025\/10\/24\/a-tendencia-silenciosa-que-transforma-casas-em-espacos-de-calma-e-leveza\/#breadcrumb","itemListElement":[{"@type":"ListItem","position":1,"name":"In\u00edcio","item":"https:\/\/www.em.com.br\/emfoco\/"},{"@type":"ListItem","position":2,"name":"A tend\u00eancia silenciosa que transforma casas em espa\u00e7os de calma e leveza"}]},{"@type":"WebSite","@id":"https:\/\/www.em.com.br\/emfoco\/#website","url":"https:\/\/www.em.com.br\/emfoco\/","name":"Estado de Minas - Em foco","description":"Acompanhe as \u00faltimas not\u00edcias e fique bem informado sobre tudo o que acontece em Minas Gerais, Brasil e no mundo.","potentialAction":[{"@type":"SearchAction","target":{"@type":"EntryPoint","urlTemplate":"https:\/\/www.em.com.br\/emfoco\/?s={search_term_string}"},"query-input":{"@type":"PropertyValueSpecification","valueRequired":true,"valueName":"search_term_string"}}],"inLanguage":"pt-BR"},{"@type":"Person","@id":"https:\/\/www.em.com.br\/emfoco\/#\/schema\/person\/0a8186d72f2c3a5c6276d90b41f271a0","name":"Daniely Cardoso","image":{"@type":"ImageObject","inLanguage":"pt-BR","@id":"https:\/\/www.em.com.br\/emfoco\/#\/schema\/person\/image\/","url":"https:\/\/secure.gravatar.com\/avatar\/4b80ddbd124d1f071b626d52d62e5dff?s=96&d=mm&r=g","contentUrl":"https:\/\/secure.gravatar.com\/avatar\/4b80ddbd124d1f071b626d52d62e5dff?s=96&d=mm&r=g","caption":"Daniely Cardoso"},"url":"https:\/\/www.em.com.br\/emfoco\/author\/danielymyth\/"}]}},"_links":{"self":[{"href":"https:\/\/www.em.com.br\/emfoco\/wp-json\/wp\/v2\/posts\/118438","targetHints":{"allow":["GET"]}}],"collection":[{"href":"https:\/\/www.em.com.br\/emfoco\/wp-json\/wp\/v2\/posts"}],"about":[{"href":"https:\/\/www.em.com.br\/emfoco\/wp-json\/wp\/v2\/types\/post"}],"author":[{"embeddable":true,"href":"https:\/\/www.em.com.br\/emfoco\/wp-json\/wp\/v2\/users\/9"}],"replies":[{"embeddable":true,"href":"https:\/\/www.em.com.br\/emfoco\/wp-json\/wp\/v2\/comments?post=118438"}],"version-history":[{"count":4,"href":"https:\/\/www.em.com.br\/emfoco\/wp-json\/wp\/v2\/posts\/118438\/revisions"}],"predecessor-version":[{"id":118809,"href":"https:\/\/www.em.com.br\/emfoco\/wp-json\/wp\/v2\/posts\/118438\/revisions\/118809"}],"wp:featuredmedia":[{"embeddable":true,"href":"https:\/\/www.em.com.br\/emfoco\/wp-json\/wp\/v2\/media\/110356"}],"wp:attachment":[{"href":"https:\/\/www.em.com.br\/emfoco\/wp-json\/wp\/v2\/media?parent=118438"}],"wp:term":[{"taxonomy":"category","embeddable":true,"href":"https:\/\/www.em.com.br\/emfoco\/wp-json\/wp\/v2\/categories?post=118438"},{"taxonomy":"post_tag","embeddable":true,"href":"https:\/\/www.em.com.br\/emfoco\/wp-json\/wp\/v2\/tags?post=118438"}],"curies":[{"name":"wp","href":"https:\/\/api.w.org\/{rel}","templated":true}]}}