{"id":118237,"date":"2025-10-24T16:15:00","date_gmt":"2025-10-24T19:15:00","guid":{"rendered":"https:\/\/www.em.com.br\/emfoco\/?p=118237"},"modified":"2025-10-22T15:11:09","modified_gmt":"2025-10-22T18:11:09","slug":"adubo-feito-na-cozinha-que-deixa-suas-ervas-mais-verdes-e-cheirosas","status":"publish","type":"post","link":"https:\/\/www.em.com.br\/emfoco\/2025\/10\/24\/adubo-feito-na-cozinha-que-deixa-suas-ervas-mais-verdes-e-cheirosas\/","title":{"rendered":"Adubo feito na cozinha que deixa suas ervas mais verdes e cheirosas"},"content":{"rendered":"\n<p>Existe um truque natural que faz ervas como <strong>manjeric\u00e3o<\/strong>, <strong>hortel\u00e3<\/strong> e <strong>alecrim<\/strong> crescerem mais fortes e cheirosas: a \u00e1gua feita com casca de batata ou cenoura. Rica em pot\u00e1ssio e f\u00f3sforo, essa mistura simples nutre as plantas e intensifica o aroma das folhas.<\/p>\n\n\n\n<ul class=\"wp-block-list\">\n<li>Aprenda a preparar o adubo l\u00edquido natural.<\/li>\n\n\n\n<li>Entenda por que ele estimula o crescimento das ervas.<\/li>\n\n\n\n<li>Veja como manter folhas sempre verdes e arom\u00e1ticas.<\/li>\n<\/ul>\n\n\n\n<h2 class=\"wp-block-heading\">Por que a \u00e1gua de casca de batata \u00e9 t\u00e3o poderosa?<\/h2>\n\n\n\n<p>As cascas de <strong>batata<\/strong> e <strong>cenoura<\/strong> concentram nutrientes essenciais, como pot\u00e1ssio e f\u00f3sforo, que fortalecem as plantas. Quando fervidas, liberam minerais que estimulam a cor e o crescimento das folhas, melhorando a sa\u00fade geral do cultivo de ervas em casa.<\/p>\n\n\n\n<p>Esses minerais ajudam as ervas a ficarem mais <strong>verdes<\/strong> e resistentes, evitando folhas amareladas e sem aroma. Al\u00e9m disso, o uso regular dessa mistura contribui para que o solo mantenha a<a href=\"https:\/\/eos.com\/pt\/blog\/umidade-do-solo\/\" target=\"_blank\" rel=\"noreferrer noopener\"> umidade ideal<\/a>, garantindo um desenvolvimento mais equilibrado e folhas mais perfumadas.<\/p>\n\n\n\n<figure class=\"wp-block-image size-large\"><img loading=\"lazy\" decoding=\"async\" width=\"1024\" height=\"576\" src=\"https:\/\/www.em.com.br\/emfoco\/wp-content\/uploads\/2025\/10\/Casca-de-batata-_1761156372561-1024x576.jpg\" alt=\"Adubo feito na cozinha que deixa suas ervas mais verdes e cheirosas\" class=\"wp-image-118268\" srcset=\"https:\/\/www.em.com.br\/emfoco\/wp-content\/uploads\/2025\/10\/Casca-de-batata-_1761156372561-1024x576.jpg 1024w, https:\/\/www.em.com.br\/emfoco\/wp-content\/uploads\/2025\/10\/Casca-de-batata-_1761156372561-300x169.jpg 300w, https:\/\/www.em.com.br\/emfoco\/wp-content\/uploads\/2025\/10\/Casca-de-batata-_1761156372561-768x432.jpg 768w, https:\/\/www.em.com.br\/emfoco\/wp-content\/uploads\/2025\/10\/Casca-de-batata-_1761156372561-750x422.jpg 750w, https:\/\/www.em.com.br\/emfoco\/wp-content\/uploads\/2025\/10\/Casca-de-batata-_1761156372561-1140x641.jpg 1140w, https:\/\/www.em.com.br\/emfoco\/wp-content\/uploads\/2025\/10\/Casca-de-batata-_1761156372561.jpg 1280w\" sizes=\"auto, (max-width: 1024px) 100vw, 1024px\" \/><figcaption class=\"wp-element-caption\">Ervas mais cheias e folhas mais verdes com um truque caseiro simples &#8211; Cr\u00e9ditos: depositphotos.com \/ egginton.gmail.com<\/figcaption><\/figure>\n\n\n\n<h2 class=\"wp-block-heading\">Como preparar o adubo caseiro para suas ervas?<\/h2>\n\n\n\n<p>Fazer esse <strong>adubo l\u00edquido<\/strong> \u00e9 simples e r\u00e1pido. Basta separar cascas de batata ou cenoura, coloc\u00e1-las em uma panela com \u00e1gua e ferver por cerca de 10 minutos. Depois, espere esfriar completamente antes de utilizar a mistura para regar as plantas.<\/p>\n\n\n\n<ul class=\"wp-block-list\">\n<li>Use a \u00e1gua fria nas regas semanais das ervas.<\/li>\n\n\n\n<li>Evite adicionar sal ou temperos durante o cozimento.<\/li>\n\n\n\n<li>Guarde na geladeira por at\u00e9 3 dias, se sobrar.<\/li>\n<\/ul>\n\n\n\n<h2 class=\"wp-block-heading\">Com que frequ\u00eancia aplicar o adubo nas ervas?<\/h2>\n\n\n\n<p>O ideal \u00e9 regar com a <strong>mistura natural<\/strong> uma vez por semana, substituindo uma das regas comuns. Essa frequ\u00eancia mant\u00e9m o solo equilibrado e evita o excesso de nutrientes, que pode prejudicar as ra\u00edzes. O efeito \u00e9 percept\u00edvel em poucas semanas.<\/p>\n\n\n\n<p>Com o uso cont\u00ednuo, as ervas ficam mais <strong>arom\u00e1ticas<\/strong> e ganham colora\u00e7\u00e3o intensa. Manjeric\u00e3o e hortel\u00e3, por exemplo, desenvolvem folhas mais cheias e resistentes, ideais para temperar pratos e ch\u00e1s com um toque fresco e sabor marcante.<\/p>\n\n\n\n<figure class=\"wp-block-image size-large\"><img loading=\"lazy\" decoding=\"async\" width=\"1024\" height=\"576\" src=\"https:\/\/www.em.com.br\/emfoco\/wp-content\/uploads\/2025\/10\/Ervas-verdes_1761156411194-1024x576.jpg\" alt=\"Adubo feito na cozinha que deixa suas ervas mais verdes e cheirosas\" class=\"wp-image-118269\" srcset=\"https:\/\/www.em.com.br\/emfoco\/wp-content\/uploads\/2025\/10\/Ervas-verdes_1761156411194-1024x576.jpg 1024w, https:\/\/www.em.com.br\/emfoco\/wp-content\/uploads\/2025\/10\/Ervas-verdes_1761156411194-300x169.jpg 300w, https:\/\/www.em.com.br\/emfoco\/wp-content\/uploads\/2025\/10\/Ervas-verdes_1761156411194-768x432.jpg 768w, https:\/\/www.em.com.br\/emfoco\/wp-content\/uploads\/2025\/10\/Ervas-verdes_1761156411194-750x422.jpg 750w, https:\/\/www.em.com.br\/emfoco\/wp-content\/uploads\/2025\/10\/Ervas-verdes_1761156411194-1140x641.jpg 1140w, https:\/\/www.em.com.br\/emfoco\/wp-content\/uploads\/2025\/10\/Ervas-verdes_1761156411194.jpg 1280w\" sizes=\"auto, (max-width: 1024px) 100vw, 1024px\" \/><figcaption class=\"wp-element-caption\">Horta mais perfumada com regas semanais usando \u00e1gua nutritiva &#8211; Cr\u00e9ditos: depositphotos.com \/ beats1<\/figcaption><\/figure>\n\n\n\n<p><em>Leia mais: <a href=\"https:\/\/www.em.com.br\/emfoco\/2025\/10\/21\/as-plantas-aromaticas-faceis-de-cuidar-que-deixam-seu-lar-mais-perfumado\/\" target=\"_blank\" rel=\"noreferrer noopener\">As plantas arom\u00e1ticas f\u00e1ceis de cuidar que deixam seu lar mais perfumado<\/a><\/em><\/p>\n\n\n\n<h2 class=\"wp-block-heading\">Quais cuidados extras ajudam suas ervas a prosperar?<\/h2>\n\n\n\n<p>Al\u00e9m do adubo natural, pequenas a\u00e7\u00f5es garantem um cultivo mais saud\u00e1vel e produtivo. Manter o solo levemente \u00famido e a planta em local iluminado faz toda a diferen\u00e7a no desenvolvimento das folhas e no perfume das ervas.<\/p>\n\n\n\n<ul class=\"wp-block-list\">\n<li>Apare as pontas regularmente para estimular novos brotos.<\/li>\n\n\n\n<li>Evite excesso de \u00e1gua, que pode apodrecer as ra\u00edzes.<\/li>\n\n\n\n<li>Use vasos com boa drenagem para manter o equil\u00edbrio do solo.<\/li>\n<\/ul>\n\n\n\n<p>O sabor da cozinha come\u00e7a no cuidado das folhas \u2014 e um truque simples faz toda a diferen\u00e7a.<\/p>\n","protected":false},"excerpt":{"rendered":"<p>Existe um truque natural que faz ervas como manjeric\u00e3o, hortel\u00e3 e alecrim crescerem mais fortes e cheirosas: a \u00e1gua feita com casca de batata ou cenoura. Rica em pot\u00e1ssio e f\u00f3sforo, essa mistura simples nutre as plantas e intensifica o aroma das folhas. Por que a \u00e1gua de casca de batata \u00e9 t\u00e3o poderosa? As [&hellip;]<\/p>\n","protected":false},"author":13,"featured_media":118267,"comment_status":"open","ping_status":"open","sticky":false,"template":"","format":"standard","meta":{"jnews-multi-image_gallery":[],"jnews_single_post":{"format":"standard"},"jnews_primary_category":[],"jnews_social_meta":[],"jnews_override_counter":[],"footnotes":""},"categories":[8819],"tags":[2125,6785,17736,3358],"class_list":["post-118237","post","type-post","status-publish","format-standard","has-post-thumbnail","hentry","category-curiosidades","tag-ervas","tag-ervas-aromaticas","tag-ervas-saudaveis","tag-jardinagem"],"yoast_head":"<!-- This site is optimized with the Yoast SEO plugin v23.8 - https:\/\/yoast.com\/wordpress\/plugins\/seo\/ -->\n<title>Adubo feito na cozinha que deixa suas ervas mais verdes e cheirosas - Estado de Minas - Em foco<\/title>\n<meta name=\"description\" content=\"\u00c1gua de casca fervida fortalece ervas como manjeric\u00e3o e hortel\u00e3 deixando folhas mais verdes e com aroma intenso por mais tempo.\" \/>\n<meta name=\"robots\" content=\"index, follow, max-snippet:-1, max-image-preview:large, max-video-preview:-1\" \/>\n<link rel=\"canonical\" href=\"https:\/\/www.em.com.br\/emfoco\/2025\/10\/24\/adubo-feito-na-cozinha-que-deixa-suas-ervas-mais-verdes-e-cheirosas\/\" \/>\n<meta property=\"og:locale\" content=\"pt_BR\" \/>\n<meta property=\"og:type\" content=\"article\" \/>\n<meta property=\"og:title\" content=\"Adubo feito na cozinha que deixa suas ervas mais verdes e cheirosas - Estado de Minas - Em foco\" \/>\n<meta property=\"og:description\" content=\"\u00c1gua de casca fervida fortalece ervas como manjeric\u00e3o e hortel\u00e3 deixando folhas mais verdes e com aroma intenso por mais tempo.\" \/>\n<meta property=\"og:url\" content=\"https:\/\/www.em.com.br\/emfoco\/2025\/10\/24\/adubo-feito-na-cozinha-que-deixa-suas-ervas-mais-verdes-e-cheirosas\/\" \/>\n<meta property=\"og:site_name\" content=\"Estado de Minas - Em foco\" \/>\n<meta property=\"article:published_time\" content=\"2025-10-24T19:15:00+00:00\" \/>\n<meta property=\"article:modified_time\" content=\"2025-10-22T18:11:09+00:00\" \/>\n<meta property=\"og:image\" content=\"https:\/\/www.em.com.br\/emfoco\/wp-content\/uploads\/2025\/10\/Ervas-verdes_1761156315083.jpg\" \/>\n\t<meta property=\"og:image:width\" content=\"1280\" \/>\n\t<meta property=\"og:image:height\" content=\"720\" \/>\n\t<meta property=\"og:image:type\" content=\"image\/jpeg\" \/>\n<meta name=\"author\" content=\"Gabriel Martins\" \/>\n<meta name=\"twitter:card\" content=\"summary_large_image\" \/>\n<meta name=\"twitter:label1\" content=\"Escrito por\" \/>\n\t<meta name=\"twitter:data1\" content=\"Gabriel Martins\" \/>\n\t<meta name=\"twitter:label2\" content=\"Est. tempo de leitura\" \/>\n\t<meta name=\"twitter:data2\" content=\"4 minutos\" \/>\n<!-- \/ Yoast SEO plugin. -->","yoast_head_json":{"title":"Adubo feito na cozinha que deixa suas ervas mais verdes e cheirosas - Estado de Minas - Em foco","description":"\u00c1gua de casca fervida fortalece ervas como manjeric\u00e3o e hortel\u00e3 deixando folhas mais verdes e com aroma intenso por mais tempo.","robots":{"index":"index","follow":"follow","max-snippet":"max-snippet:-1","max-image-preview":"max-image-preview:large","max-video-preview":"max-video-preview:-1"},"canonical":"https:\/\/www.em.com.br\/emfoco\/2025\/10\/24\/adubo-feito-na-cozinha-que-deixa-suas-ervas-mais-verdes-e-cheirosas\/","og_locale":"pt_BR","og_type":"article","og_title":"Adubo feito na cozinha que deixa suas ervas mais verdes e cheirosas - Estado de Minas - Em foco","og_description":"\u00c1gua de casca fervida fortalece ervas como manjeric\u00e3o e hortel\u00e3 deixando folhas mais verdes e com aroma intenso por mais tempo.","og_url":"https:\/\/www.em.com.br\/emfoco\/2025\/10\/24\/adubo-feito-na-cozinha-que-deixa-suas-ervas-mais-verdes-e-cheirosas\/","og_site_name":"Estado de Minas - Em foco","article_published_time":"2025-10-24T19:15:00+00:00","article_modified_time":"2025-10-22T18:11:09+00:00","og_image":[{"width":1280,"height":720,"url":"https:\/\/www.em.com.br\/emfoco\/wp-content\/uploads\/2025\/10\/Ervas-verdes_1761156315083.jpg","type":"image\/jpeg"}],"author":"Gabriel Martins","twitter_card":"summary_large_image","twitter_misc":{"Escrito por":"Gabriel Martins","Est. tempo de leitura":"4 minutos"},"schema":{"@context":"https:\/\/schema.org","@graph":[{"@type":"WebPage","@id":"https:\/\/www.em.com.br\/emfoco\/2025\/10\/24\/adubo-feito-na-cozinha-que-deixa-suas-ervas-mais-verdes-e-cheirosas\/","url":"https:\/\/www.em.com.br\/emfoco\/2025\/10\/24\/adubo-feito-na-cozinha-que-deixa-suas-ervas-mais-verdes-e-cheirosas\/","name":"Adubo feito na cozinha que deixa suas ervas mais verdes e cheirosas - Estado de Minas - Em foco","isPartOf":{"@id":"https:\/\/www.em.com.br\/emfoco\/#website"},"primaryImageOfPage":{"@id":"https:\/\/www.em.com.br\/emfoco\/2025\/10\/24\/adubo-feito-na-cozinha-que-deixa-suas-ervas-mais-verdes-e-cheirosas\/#primaryimage"},"image":{"@id":"https:\/\/www.em.com.br\/emfoco\/2025\/10\/24\/adubo-feito-na-cozinha-que-deixa-suas-ervas-mais-verdes-e-cheirosas\/#primaryimage"},"thumbnailUrl":"https:\/\/www.em.com.br\/emfoco\/wp-content\/uploads\/2025\/10\/Ervas-verdes_1761156315083.jpg","datePublished":"2025-10-24T19:15:00+00:00","dateModified":"2025-10-22T18:11:09+00:00","author":{"@id":"https:\/\/www.em.com.br\/emfoco\/#\/schema\/person\/1c9ddeab18b98abeffef834667bcf08a"},"description":"\u00c1gua de casca fervida fortalece ervas como manjeric\u00e3o e hortel\u00e3 deixando folhas mais verdes e com aroma intenso por mais tempo.","breadcrumb":{"@id":"https:\/\/www.em.com.br\/emfoco\/2025\/10\/24\/adubo-feito-na-cozinha-que-deixa-suas-ervas-mais-verdes-e-cheirosas\/#breadcrumb"},"inLanguage":"pt-BR","potentialAction":[{"@type":"ReadAction","target":["https:\/\/www.em.com.br\/emfoco\/2025\/10\/24\/adubo-feito-na-cozinha-que-deixa-suas-ervas-mais-verdes-e-cheirosas\/"]}]},{"@type":"ImageObject","inLanguage":"pt-BR","@id":"https:\/\/www.em.com.br\/emfoco\/2025\/10\/24\/adubo-feito-na-cozinha-que-deixa-suas-ervas-mais-verdes-e-cheirosas\/#primaryimage","url":"https:\/\/www.em.com.br\/emfoco\/wp-content\/uploads\/2025\/10\/Ervas-verdes_1761156315083.jpg","contentUrl":"https:\/\/www.em.com.br\/emfoco\/wp-content\/uploads\/2025\/10\/Ervas-verdes_1761156315083.jpg","width":1280,"height":720,"caption":"Casca fervida nutre o solo e intensifica o aroma das ervas - Cr\u00e9ditos: depositphotos.com \/ VadimVasenin"},{"@type":"BreadcrumbList","@id":"https:\/\/www.em.com.br\/emfoco\/2025\/10\/24\/adubo-feito-na-cozinha-que-deixa-suas-ervas-mais-verdes-e-cheirosas\/#breadcrumb","itemListElement":[{"@type":"ListItem","position":1,"name":"In\u00edcio","item":"https:\/\/www.em.com.br\/emfoco\/"},{"@type":"ListItem","position":2,"name":"Adubo feito na cozinha que deixa suas ervas mais verdes e cheirosas"}]},{"@type":"WebSite","@id":"https:\/\/www.em.com.br\/emfoco\/#website","url":"https:\/\/www.em.com.br\/emfoco\/","name":"Estado de Minas - Em foco","description":"Acompanhe as \u00faltimas not\u00edcias e fique bem informado sobre tudo o que acontece em Minas Gerais, Brasil e no mundo.","potentialAction":[{"@type":"SearchAction","target":{"@type":"EntryPoint","urlTemplate":"https:\/\/www.em.com.br\/emfoco\/?s={search_term_string}"},"query-input":{"@type":"PropertyValueSpecification","valueRequired":true,"valueName":"search_term_string"}}],"inLanguage":"pt-BR"},{"@type":"Person","@id":"https:\/\/www.em.com.br\/emfoco\/#\/schema\/person\/1c9ddeab18b98abeffef834667bcf08a","name":"Gabriel Martins","image":{"@type":"ImageObject","inLanguage":"pt-BR","@id":"https:\/\/www.em.com.br\/emfoco\/#\/schema\/person\/image\/","url":"https:\/\/secure.gravatar.com\/avatar\/f0f1e2efdfd88f1ad2cb08c5c2731e50?s=96&d=mm&r=g","contentUrl":"https:\/\/secure.gravatar.com\/avatar\/f0f1e2efdfd88f1ad2cb08c5c2731e50?s=96&d=mm&r=g","caption":"Gabriel Martins"},"sameAs":["https:\/\/www.em.com.br\/emfoco\/"],"url":"https:\/\/www.em.com.br\/emfoco\/author\/gabrielmartinsmyth\/"}]}},"_links":{"self":[{"href":"https:\/\/www.em.com.br\/emfoco\/wp-json\/wp\/v2\/posts\/118237","targetHints":{"allow":["GET"]}}],"collection":[{"href":"https:\/\/www.em.com.br\/emfoco\/wp-json\/wp\/v2\/posts"}],"about":[{"href":"https:\/\/www.em.com.br\/emfoco\/wp-json\/wp\/v2\/types\/post"}],"author":[{"embeddable":true,"href":"https:\/\/www.em.com.br\/emfoco\/wp-json\/wp\/v2\/users\/13"}],"replies":[{"embeddable":true,"href":"https:\/\/www.em.com.br\/emfoco\/wp-json\/wp\/v2\/comments?post=118237"}],"version-history":[{"count":1,"href":"https:\/\/www.em.com.br\/emfoco\/wp-json\/wp\/v2\/posts\/118237\/revisions"}],"predecessor-version":[{"id":118270,"href":"https:\/\/www.em.com.br\/emfoco\/wp-json\/wp\/v2\/posts\/118237\/revisions\/118270"}],"wp:featuredmedia":[{"embeddable":true,"href":"https:\/\/www.em.com.br\/emfoco\/wp-json\/wp\/v2\/media\/118267"}],"wp:attachment":[{"href":"https:\/\/www.em.com.br\/emfoco\/wp-json\/wp\/v2\/media?parent=118237"}],"wp:term":[{"taxonomy":"category","embeddable":true,"href":"https:\/\/www.em.com.br\/emfoco\/wp-json\/wp\/v2\/categories?post=118237"},{"taxonomy":"post_tag","embeddable":true,"href":"https:\/\/www.em.com.br\/emfoco\/wp-json\/wp\/v2\/tags?post=118237"}],"curies":[{"name":"wp","href":"https:\/\/api.w.org\/{rel}","templated":true}]}}