{"id":118203,"date":"2025-10-23T16:25:00","date_gmt":"2025-10-23T19:25:00","guid":{"rendered":"https:\/\/www.em.com.br\/emfoco\/?p=118203"},"modified":"2025-10-22T20:11:30","modified_gmt":"2025-10-22T23:11:30","slug":"familias-resgatam-valores-esquecidos-do-beneficio-bpc","status":"publish","type":"post","link":"https:\/\/www.em.com.br\/emfoco\/2025\/10\/23\/familias-resgatam-valores-esquecidos-do-beneficio-bpc\/","title":{"rendered":"Fam\u00edlias resgatam valores esquecidos do benef\u00edcio BPC"},"content":{"rendered":"\n<p>O <strong>Benef\u00edcio de Presta\u00e7\u00e3o Continuada<\/strong> (BPC) \u00e9 fundamental para pessoas com defici\u00eancia e idosos de baixa renda no <strong>Brasil<\/strong>, garantindo um suporte financeiro m\u00ednimo. No entanto, muitos solicitantes aguardam meses pela aprova\u00e7\u00e3o do benef\u00edcio e, por isso, o pagamento retroativo tem fun\u00e7\u00e3o essencial, assegurando que o cidad\u00e3o n\u00e3o perca valores que seriam de direito no per\u00edodo de an\u00e1lise do seu pedido.<\/p>\n\n\n\n<p>O pagamento retroativo \u00e9 liberado quando o requerente cumpre todos os crit\u00e9rios desde o in\u00edcio do pedido. Caso a concess\u00e3o do benef\u00edcio venha por decis\u00e3o judicial, o valor do retroativo normalmente abrange desde a data da solicita\u00e7\u00e3o at\u00e9 a efetiva concess\u00e3o, seja pelo <strong>INSS <\/strong>ou pela <strong>Justi\u00e7a Federal<\/strong>.<\/p>\n\n\n\n<h2 class=\"wp-block-heading\">Quem tem direito ao retroativo do BPC?<\/h2>\n\n\n<div class=\"wp-block-image\">\n<figure class=\"aligncenter size-large\"><img loading=\"lazy\" decoding=\"async\" width=\"1024\" height=\"576\" src=\"https:\/\/www.em.com.br\/emfoco\/wp-content\/uploads\/2025\/06\/idoso-com-dinheiro-reais_1743473065115-1024x576.jpg\" alt=\"Governo agiliza pagamentos do Bolsa Fam\u00edlia e garante apoio a fam\u00edlias em emerg\u00eancia\" class=\"wp-image-54991\" srcset=\"https:\/\/www.em.com.br\/emfoco\/wp-content\/uploads\/2025\/06\/idoso-com-dinheiro-reais_1743473065115-1024x576.jpg 1024w, https:\/\/www.em.com.br\/emfoco\/wp-content\/uploads\/2025\/06\/idoso-com-dinheiro-reais_1743473065115-300x169.jpg 300w, https:\/\/www.em.com.br\/emfoco\/wp-content\/uploads\/2025\/06\/idoso-com-dinheiro-reais_1743473065115-768x432.jpg 768w, https:\/\/www.em.com.br\/emfoco\/wp-content\/uploads\/2025\/06\/idoso-com-dinheiro-reais_1743473065115-750x422.jpg 750w, https:\/\/www.em.com.br\/emfoco\/wp-content\/uploads\/2025\/06\/idoso-com-dinheiro-reais_1743473065115-1140x641.jpg 1140w, https:\/\/www.em.com.br\/emfoco\/wp-content\/uploads\/2025\/06\/idoso-com-dinheiro-reais_1743473065115.jpg 1280w\" sizes=\"auto, (max-width: 1024px) 100vw, 1024px\" \/><figcaption class=\"wp-element-caption\">Pagamento &#8211; Cr\u00e9ditos: depositphotos.com \/ AngelaMacario<\/figcaption><\/figure><\/div>\n\n\n<p>O direito ao pagamento retroativo \u00e9 garantido \u00e0queles que tiveram o benef\u00edcio aprovado e ao mesmo tempo j\u00e1 cumpriam os requisitos legais desde a data inicial do pedido. \u00c9 importante que o requerente fique atento aos detalhes do processo, garantindo que sua documenta\u00e7\u00e3o esteja correta e que n\u00e3o haja pend\u00eancias no <strong>INSS<\/strong>.<\/p>\n\n\n\n<p>Caso o benef\u00edcio seja concedido via decis\u00e3o judicial, a retroatividade \u00e9 determinada pelo juiz, levando em conta a data do protocolo do pedido original. Tais valores s\u00e3o sempre pagos ao pr\u00f3prio benefici\u00e1rio, seja pela via administrativa ou judicial.<\/p>\n\n\n\n<h2 class=\"wp-block-heading\">Como consultar e receber os valores retroativos<\/h2>\n\n\n\n<p>Para saber se tem direito ao retroativo, utilize a carta de concess\u00e3o do <strong>INSS<\/strong>, que detalha todas as informa\u00e7\u00f5es sobre libera\u00e7\u00f5es e valores. Al\u00e9m disso, o portal \u201c<strong><a href=\"https:\/\/www.gov.br\/inss-inicia-atividades-do-prevbarco-em-manaus-para-atender-p\/pt-br\" target=\"_blank\" rel=\"noreferrer noopener\">Meu INSS<\/a><\/strong>\u201d permite acesso r\u00e1pido aos dados do benef\u00edcio, pagamentos e saldo retroativo.<\/p>\n\n\n\n<p>O pagamento ocorre na conta informada pelo benefici\u00e1rio. Quando a via \u00e9 judicial, os valores podem ser repassados por <strong>Requisi\u00e7\u00e3o de Pequeno Valor<\/strong> (RPV) ou precat\u00f3rio, dependendo do montante devido. Atualizar dados banc\u00e1rios agiliza o processo.<\/p>\n\n\n\n<h2 class=\"wp-block-heading\">Como \u00e9 feito o c\u00e1lculo do retroativo do BPC?<\/h2>\n\n\n\n<p>O c\u00e1lculo leva em conta o valor mensal do sal\u00e1rio m\u00ednimo vigente multiplicado pelo n\u00famero de meses entre a solicita\u00e7\u00e3o e a concess\u00e3o. Portanto, quanto maior o tempo de espera, maior tende a ser o valor retroativo do <strong>BPC<\/strong>.<\/p>\n\n\n\n<p>\u00c9 fundamental acompanhar o processo, pois pode haver pagamentos parciais ou diferen\u00e7as, especialmente em casos judiciais. Dessa forma, o benefici\u00e1rio garante o recebimento correto da quantia devida.<\/p>\n\n\n\n<p>Leia mais: <a href=\"https:\/\/www.em.com.br\/emfoco\/2025\/10\/18\/governo-muda-regras-do-bpc-veja-o-que-muda\/\" target=\"_blank\" rel=\"noreferrer noopener\">Governo muda regras do BPC, veja o que muda<\/a><\/p>\n\n\n\n<h2 class=\"wp-block-heading\">Prazos para recebimento do retroativo<\/h2>\n\n\n\n<p>No pedido administrativo, o pagamento do retroativo costuma ser liberado junto com a primeira parcela do benef\u00edcio. J\u00e1 quando o pedido culmina em a\u00e7\u00e3o judicial, o prazo varia conforme o valor: at\u00e9 60 dias para <strong>RPV <\/strong>(at\u00e9 60 sal\u00e1rios m\u00ednimos) e entre 1 e 2 anos para precat\u00f3rios (valores acima deste limite).<\/p>\n\n\n\n<p>Manter as informa\u00e7\u00f5es atualizadas e monitorar frequentemente o processo no <strong>Meu INSS<\/strong> s\u00e3o medidas essenciais para evitar problemas. Em caso de d\u00favidas ou atrasos, recomenda-se buscar aux\u00edlio diretamente no <strong>INSS <\/strong>ou por meio de um advogado.<\/p>\n","protected":false},"excerpt":{"rendered":"<p>O Benef\u00edcio de Presta\u00e7\u00e3o Continuada (BPC) \u00e9 fundamental para pessoas com defici\u00eancia e idosos de baixa renda no Brasil, garantindo um suporte financeiro m\u00ednimo. No entanto, muitos solicitantes aguardam meses pela aprova\u00e7\u00e3o do benef\u00edcio e, por isso, o pagamento retroativo tem fun\u00e7\u00e3o essencial, assegurando que o cidad\u00e3o n\u00e3o perca valores que seriam de direito no [&hellip;]<\/p>\n","protected":false},"author":20,"featured_media":25669,"comment_status":"open","ping_status":"open","sticky":false,"template":"","format":"standard","meta":{"jnews-multi-image_gallery":[],"jnews_single_post":{"format":"standard"},"jnews_primary_category":[],"jnews_social_meta":[],"jnews_override_counter":[],"footnotes":""},"categories":[28,1],"tags":[257,258,8577],"class_list":["post-118203","post","type-post","status-publish","format-standard","has-post-thumbnail","hentry","category-economia","category-noticias","tag-bpc","tag-loas","tag-meu-inss"],"yoast_head":"<!-- This site is optimized with the Yoast SEO plugin v23.8 - https:\/\/yoast.com\/wordpress\/plugins\/seo\/ -->\n<title>Fam\u00edlias resgatam valores esquecidos do benef\u00edcio BPC - Estado de Minas - Em foco<\/title>\n<meta name=\"description\" content=\"Pagamento retroativo do BPC \u00e9 garantido para idosos e deficientes. Saiba como funciona e como consultar o valor no Meu INSS.\" \/>\n<meta name=\"robots\" content=\"index, follow, max-snippet:-1, max-image-preview:large, max-video-preview:-1\" \/>\n<link rel=\"canonical\" href=\"https:\/\/www.em.com.br\/emfoco\/2025\/10\/23\/familias-resgatam-valores-esquecidos-do-beneficio-bpc\/\" \/>\n<meta property=\"og:locale\" content=\"pt_BR\" \/>\n<meta property=\"og:type\" content=\"article\" \/>\n<meta property=\"og:title\" content=\"Fam\u00edlias resgatam valores esquecidos do benef\u00edcio BPC - Estado de Minas - Em foco\" \/>\n<meta property=\"og:description\" content=\"Pagamento retroativo do BPC \u00e9 garantido para idosos e deficientes. Saiba como funciona e como consultar o valor no Meu INSS.\" \/>\n<meta property=\"og:url\" content=\"https:\/\/www.em.com.br\/emfoco\/2025\/10\/23\/familias-resgatam-valores-esquecidos-do-beneficio-bpc\/\" \/>\n<meta property=\"og:site_name\" content=\"Estado de Minas - Em foco\" \/>\n<meta property=\"article:published_time\" content=\"2025-10-23T19:25:00+00:00\" \/>\n<meta property=\"article:modified_time\" content=\"2025-10-22T23:11:30+00:00\" \/>\n<meta property=\"og:image\" content=\"https:\/\/www.em.com.br\/emfoco\/wp-content\/uploads\/2025\/03\/dinheiro-brasil_1741273014100.jpg\" \/>\n\t<meta property=\"og:image:width\" content=\"1280\" \/>\n\t<meta property=\"og:image:height\" content=\"720\" \/>\n\t<meta property=\"og:image:type\" content=\"image\/jpeg\" \/>\n<meta name=\"author\" content=\"Ingrid Diniz\" \/>\n<meta name=\"twitter:card\" content=\"summary_large_image\" \/>\n<meta name=\"twitter:label1\" content=\"Escrito por\" \/>\n\t<meta name=\"twitter:data1\" content=\"Ingrid Diniz\" \/>\n\t<meta name=\"twitter:label2\" content=\"Est. tempo de leitura\" \/>\n\t<meta name=\"twitter:data2\" content=\"4 minutos\" \/>\n<!-- \/ Yoast SEO plugin. -->","yoast_head_json":{"title":"Fam\u00edlias resgatam valores esquecidos do benef\u00edcio BPC - Estado de Minas - Em foco","description":"Pagamento retroativo do BPC \u00e9 garantido para idosos e deficientes. Saiba como funciona e como consultar o valor no Meu INSS.","robots":{"index":"index","follow":"follow","max-snippet":"max-snippet:-1","max-image-preview":"max-image-preview:large","max-video-preview":"max-video-preview:-1"},"canonical":"https:\/\/www.em.com.br\/emfoco\/2025\/10\/23\/familias-resgatam-valores-esquecidos-do-beneficio-bpc\/","og_locale":"pt_BR","og_type":"article","og_title":"Fam\u00edlias resgatam valores esquecidos do benef\u00edcio BPC - Estado de Minas - Em foco","og_description":"Pagamento retroativo do BPC \u00e9 garantido para idosos e deficientes. Saiba como funciona e como consultar o valor no Meu INSS.","og_url":"https:\/\/www.em.com.br\/emfoco\/2025\/10\/23\/familias-resgatam-valores-esquecidos-do-beneficio-bpc\/","og_site_name":"Estado de Minas - Em foco","article_published_time":"2025-10-23T19:25:00+00:00","article_modified_time":"2025-10-22T23:11:30+00:00","og_image":[{"width":1280,"height":720,"url":"https:\/\/www.em.com.br\/emfoco\/wp-content\/uploads\/2025\/03\/dinheiro-brasil_1741273014100.jpg","type":"image\/jpeg"}],"author":"Ingrid Diniz","twitter_card":"summary_large_image","twitter_misc":{"Escrito por":"Ingrid Diniz","Est. tempo de leitura":"4 minutos"},"schema":{"@context":"https:\/\/schema.org","@graph":[{"@type":"WebPage","@id":"https:\/\/www.em.com.br\/emfoco\/2025\/10\/23\/familias-resgatam-valores-esquecidos-do-beneficio-bpc\/","url":"https:\/\/www.em.com.br\/emfoco\/2025\/10\/23\/familias-resgatam-valores-esquecidos-do-beneficio-bpc\/","name":"Fam\u00edlias resgatam valores esquecidos do benef\u00edcio BPC - Estado de Minas - Em foco","isPartOf":{"@id":"https:\/\/www.em.com.br\/emfoco\/#website"},"primaryImageOfPage":{"@id":"https:\/\/www.em.com.br\/emfoco\/2025\/10\/23\/familias-resgatam-valores-esquecidos-do-beneficio-bpc\/#primaryimage"},"image":{"@id":"https:\/\/www.em.com.br\/emfoco\/2025\/10\/23\/familias-resgatam-valores-esquecidos-do-beneficio-bpc\/#primaryimage"},"thumbnailUrl":"https:\/\/www.em.com.br\/emfoco\/wp-content\/uploads\/2025\/03\/dinheiro-brasil_1741273014100.jpg","datePublished":"2025-10-23T19:25:00+00:00","dateModified":"2025-10-22T23:11:30+00:00","author":{"@id":"https:\/\/www.em.com.br\/emfoco\/#\/schema\/person\/649e610b4eb8fff87ff394e54fe17b2b"},"description":"Pagamento retroativo do BPC \u00e9 garantido para idosos e deficientes. Saiba como funciona e como consultar o valor no Meu INSS.","breadcrumb":{"@id":"https:\/\/www.em.com.br\/emfoco\/2025\/10\/23\/familias-resgatam-valores-esquecidos-do-beneficio-bpc\/#breadcrumb"},"inLanguage":"pt-BR","potentialAction":[{"@type":"ReadAction","target":["https:\/\/www.em.com.br\/emfoco\/2025\/10\/23\/familias-resgatam-valores-esquecidos-do-beneficio-bpc\/"]}]},{"@type":"ImageObject","inLanguage":"pt-BR","@id":"https:\/\/www.em.com.br\/emfoco\/2025\/10\/23\/familias-resgatam-valores-esquecidos-do-beneficio-bpc\/#primaryimage","url":"https:\/\/www.em.com.br\/emfoco\/wp-content\/uploads\/2025\/03\/dinheiro-brasil_1741273014100.jpg","contentUrl":"https:\/\/www.em.com.br\/emfoco\/wp-content\/uploads\/2025\/03\/dinheiro-brasil_1741273014100.jpg","width":1280,"height":720,"caption":"Dinheiro - Cr\u00e9ditos: depositphotos.com \/ verganifotografia"},{"@type":"BreadcrumbList","@id":"https:\/\/www.em.com.br\/emfoco\/2025\/10\/23\/familias-resgatam-valores-esquecidos-do-beneficio-bpc\/#breadcrumb","itemListElement":[{"@type":"ListItem","position":1,"name":"In\u00edcio","item":"https:\/\/www.em.com.br\/emfoco\/"},{"@type":"ListItem","position":2,"name":"Fam\u00edlias resgatam valores esquecidos do benef\u00edcio BPC"}]},{"@type":"WebSite","@id":"https:\/\/www.em.com.br\/emfoco\/#website","url":"https:\/\/www.em.com.br\/emfoco\/","name":"Estado de Minas - Em foco","description":"Acompanhe as \u00faltimas not\u00edcias e fique bem informado sobre tudo o que acontece em Minas Gerais, Brasil e no mundo.","potentialAction":[{"@type":"SearchAction","target":{"@type":"EntryPoint","urlTemplate":"https:\/\/www.em.com.br\/emfoco\/?s={search_term_string}"},"query-input":{"@type":"PropertyValueSpecification","valueRequired":true,"valueName":"search_term_string"}}],"inLanguage":"pt-BR"},{"@type":"Person","@id":"https:\/\/www.em.com.br\/emfoco\/#\/schema\/person\/649e610b4eb8fff87ff394e54fe17b2b","name":"Ingrid Diniz","image":{"@type":"ImageObject","inLanguage":"pt-BR","@id":"https:\/\/www.em.com.br\/emfoco\/#\/schema\/person\/image\/","url":"https:\/\/secure.gravatar.com\/avatar\/a3baa1449ec5c39b4c42babc9d4f3951?s=96&d=mm&r=g","contentUrl":"https:\/\/secure.gravatar.com\/avatar\/a3baa1449ec5c39b4c42babc9d4f3951?s=96&d=mm&r=g","caption":"Ingrid Diniz"},"sameAs":["https:\/\/www.em.com.br\/"],"url":"https:\/\/www.em.com.br\/emfoco\/author\/ingridmyth\/"}]}},"_links":{"self":[{"href":"https:\/\/www.em.com.br\/emfoco\/wp-json\/wp\/v2\/posts\/118203","targetHints":{"allow":["GET"]}}],"collection":[{"href":"https:\/\/www.em.com.br\/emfoco\/wp-json\/wp\/v2\/posts"}],"about":[{"href":"https:\/\/www.em.com.br\/emfoco\/wp-json\/wp\/v2\/types\/post"}],"author":[{"embeddable":true,"href":"https:\/\/www.em.com.br\/emfoco\/wp-json\/wp\/v2\/users\/20"}],"replies":[{"embeddable":true,"href":"https:\/\/www.em.com.br\/emfoco\/wp-json\/wp\/v2\/comments?post=118203"}],"version-history":[{"count":2,"href":"https:\/\/www.em.com.br\/emfoco\/wp-json\/wp\/v2\/posts\/118203\/revisions"}],"predecessor-version":[{"id":118385,"href":"https:\/\/www.em.com.br\/emfoco\/wp-json\/wp\/v2\/posts\/118203\/revisions\/118385"}],"wp:featuredmedia":[{"embeddable":true,"href":"https:\/\/www.em.com.br\/emfoco\/wp-json\/wp\/v2\/media\/25669"}],"wp:attachment":[{"href":"https:\/\/www.em.com.br\/emfoco\/wp-json\/wp\/v2\/media?parent=118203"}],"wp:term":[{"taxonomy":"category","embeddable":true,"href":"https:\/\/www.em.com.br\/emfoco\/wp-json\/wp\/v2\/categories?post=118203"},{"taxonomy":"post_tag","embeddable":true,"href":"https:\/\/www.em.com.br\/emfoco\/wp-json\/wp\/v2\/tags?post=118203"}],"curies":[{"name":"wp","href":"https:\/\/api.w.org\/{rel}","templated":true}]}}