{"id":1182,"date":"2024-11-23T09:20:00","date_gmt":"2024-11-23T12:20:00","guid":{"rendered":"https:\/\/www.em.com.br\/emfoco\/?p=1182"},"modified":"2024-11-22T16:38:43","modified_gmt":"2024-11-22T19:38:43","slug":"quem-tem-mais-de-60-anos-esta-em-festa-com-essa-noticia-sobre-a-cnh","status":"publish","type":"post","link":"https:\/\/www.em.com.br\/emfoco\/2024\/11\/23\/quem-tem-mais-de-60-anos-esta-em-festa-com-essa-noticia-sobre-a-cnh\/","title":{"rendered":"Quem tem mais de 60 anos est\u00e1 em festa com essa not\u00edcia sobre a CNH"},"content":{"rendered":"\n<p>Uma mudan\u00e7a legislativa recente trouxe \u00f3timas not\u00edcias para os brasileiros com mais de 60 anos que precisam renovar a <strong><a href=\"https:\/\/www.detran.sp.gov.br\/wps\/portal\/portaldetran\/cidadao\/habilitacao\/home\" target=\"_blank\" rel=\"noreferrer noopener\">Carteira Nacional de Habilita\u00e7\u00e3o<\/a><\/strong> (CNH). A partir de 2024, essas pessoas t\u00eam o direito de renovar sua CNH sem a preocupa\u00e7\u00e3o de pagar taxas, proporcionando um al\u00edvio financeiro e facilitando a mobilidade para muitos idosos. Essa \u00e9 uma iniciativa que visa beneficiar uma parcela significativa da <a href=\"https:\/\/www.em.com.br\/emfoco\/2024\/11\/22\/beneficiarios-do-inss-saiba-quem-vai-receber-o-13o-salario-proporcional\/\" target=\"_blank\" rel=\"noreferrer noopener\"><strong>popula\u00e7\u00e3o<\/strong><\/a>, especialmente em um momento em que o transporte e a autonomia s\u00e3o mais importantes do que nunca.<\/p>\n\n\n\n<p>A nova lei \u00e9 clara: os motoristas que fazem parte do p\u00fablico acima de 60 anos e que est\u00e3o inscritos no Cadastro \u00danico para <strong><a href=\"https:\/\/www.em.com.br\/emfoco\/categoria\/economia\/\" target=\"_blank\" rel=\"noreferrer noopener\">Programas Sociais <\/a><\/strong>do Governo Federal (Cad\u00danico) podem renovar sua CNH sem gastar um centavo com a taxa usual. Essa isen\u00e7\u00e3o de custos representa um passo positivo para garantir que os idosos tenham acesso a direitos b\u00e1sicos que asseguram sua independ\u00eancia e qualidade de vida.<\/p>\n\n\n\n<p>\u00c9 importante destacar que, para usufruir deste benef\u00edcio, a inscri\u00e7\u00e3o no Cad\u00danico \u00e9 uma condi\u00e7\u00e3o necess\u00e1ria. O Cad\u00danico tem como objetivo identificar e registrar fam\u00edlias de baixa renda, proporcionando acesso a diversos programas sociais do governo. Portanto, aqueles que j\u00e1 est\u00e3o cadastrados e se encaixam na faixa et\u00e1ria mencionada podem ficar tranquilos, pois sua isen\u00e7\u00e3o est\u00e1 garantida.<\/p>\n\n\n\n<h2 class=\"wp-block-heading\">Como se Inscrever no Cad\u00danico<\/h2>\n\n\n\n<p>Para aqueles que ainda n\u00e3o est\u00e3o inscritos no Cad\u00danico, o processo \u00e9 simples, mas \u00e9 preciso que haja um respons\u00e1vel pela fam\u00edlia para responder \u00e0s perguntas durante o cadastro. Aqui est\u00e3o os passos necess\u00e1rios para se inscrever:<\/p>\n\n\n\n<ol class=\"wp-block-list\">\n<li><strong>Respons\u00e1vel Familiar:<\/strong>&nbsp;Uma pessoa da fam\u00edlia deve ser designada para ser o respons\u00e1vel pelo cadastro.<\/li>\n\n\n\n<li><strong>Documenta\u00e7\u00e3o do Respons\u00e1vel:<\/strong>&nbsp;Ser\u00e1 necess\u00e1rio apresentar o CPF ou T\u00edtulo de Eleitor do respons\u00e1vel.<\/li>\n\n\n\n<li><strong>Documenta\u00e7\u00e3o dos Membros da Fam\u00edlia:<\/strong>&nbsp;\u00c9 fundamental apresentar pelo menos um dos seguintes documentos de todos os membros da fam\u00edlia:\n<ul class=\"wp-block-list\">\n<li>Certid\u00e3o de Nascimento<\/li>\n\n\n\n<li>Certid\u00e3o de Casamento<\/li>\n\n\n\n<li>CPF<\/li>\n\n\n\n<li>Carteira de Identidade (RG)<\/li>\n\n\n\n<li>Certid\u00e3o Administrativa de Nascimento do Ind\u00edgena (RANI)<\/li>\n\n\n\n<li>Carteira de Trabalho<\/li>\n\n\n\n<li>T\u00edtulo de Eleitor<\/li>\n<\/ul>\n<\/li>\n\n\n\n<li><strong>Comprovante de Resid\u00eancia:<\/strong>&nbsp;Um comprovante de resid\u00eancia atual tamb\u00e9m deve ser apresentado.<\/li>\n<\/ol>\n\n\n\n<p>\u00c9 importante ressaltar que, para fam\u00edlias ind\u00edgenas e quilombolas, pode-se apresentar outros documentos, tornando o processo mais acess\u00edvel.<\/p>\n\n\n\n<h2 class=\"wp-block-heading\">Descontos Para Outros Idosos<\/h2>\n\n\n\n<p>Al\u00e9m da isen\u00e7\u00e3o total da taxa para aqueles acima de 60 anos, a nova lei tamb\u00e9m oferece benef\u00edcios para motoristas com 50 anos ou mais. Estes motoristas receber\u00e3o um desconto de 50% na taxa de renova\u00e7\u00e3o da CNH, um incentivo significativo que pode facilitar a continuidade de suas atividades di\u00e1rias. J\u00e1 os motoristas acima de 70 anos ter\u00e3o direito a um desconto de 30% na renova\u00e7\u00e3o.<\/p>\n\n\n\n<p>Essas medidas est\u00e3o alinhadas com um crescente reconhecimento da import\u00e2ncia de permitir que os idosos mantenham sua autonomia, especialmente em uma sociedade que frequentemente exige mobilidade para acesso a servi\u00e7os de sa\u00fade, lazer e socializa\u00e7\u00e3o.<\/p>\n\n\n\n<h2 class=\"wp-block-heading\">Import\u00e2ncia da Renova\u00e7\u00e3o da CNH<\/h2>\n\n\n\n<figure class=\"wp-block-image size-large\"><img loading=\"lazy\" decoding=\"async\" width=\"1024\" height=\"576\" src=\"https:\/\/www.em.com.br\/emfoco\/wp-content\/uploads\/2024\/11\/CNH-Creditos-depositphotos.com-rafapress-1024x576.jpg\" alt=\"CNH - Cr\u00e9ditos depositphotos.com rafapress\" class=\"wp-image-1201\" srcset=\"https:\/\/www.em.com.br\/emfoco\/wp-content\/uploads\/2024\/11\/CNH-Creditos-depositphotos.com-rafapress-1024x576.jpg 1024w, https:\/\/www.em.com.br\/emfoco\/wp-content\/uploads\/2024\/11\/CNH-Creditos-depositphotos.com-rafapress-300x169.jpg 300w, https:\/\/www.em.com.br\/emfoco\/wp-content\/uploads\/2024\/11\/CNH-Creditos-depositphotos.com-rafapress-768x432.jpg 768w, https:\/\/www.em.com.br\/emfoco\/wp-content\/uploads\/2024\/11\/CNH-Creditos-depositphotos.com-rafapress-750x422.jpg 750w, https:\/\/www.em.com.br\/emfoco\/wp-content\/uploads\/2024\/11\/CNH-Creditos-depositphotos.com-rafapress-1140x641.jpg 1140w, https:\/\/www.em.com.br\/emfoco\/wp-content\/uploads\/2024\/11\/CNH-Creditos-depositphotos.com-rafapress.jpg 1280w\" sizes=\"auto, (max-width: 1024px) 100vw, 1024px\" \/><figcaption class=\"wp-element-caption\">CNH &#8211; Cr\u00e9ditos depositphotos.com rafapress<\/figcaption><\/figure>\n\n\n\n<p>A renova\u00e7\u00e3o da CNH \u00e9 uma quest\u00e3o fundamental n\u00e3o apenas econ\u00f4mica, mas tamb\u00e9m pr\u00e1tica. Para muitos idosos, a capacidade de dirigir \u00e9 sin\u00f4nimo de independ\u00eancia. Significa poder ir a consultas m\u00e9dicas, fazer compras ou simplesmente visitar amigos e familiares sem depender de transporte p\u00fablico ou de terceiros. Diante disso, a isen\u00e7\u00e3o de taxas e os descontos s\u00e3o medidas que promovem autonomia e dignidade, contribuindo para uma melhor qualidade de vida para essa faixa et\u00e1ria.<\/p>\n\n\n\n<h2 class=\"wp-block-heading\">Sobre a lei<\/h2>\n\n\n\n<p>A nova lei que permite a renova\u00e7\u00e3o gratuita da CNH para idosos \u00e9 um exemplo positivo de como pol\u00edticas p\u00fablicas podem impactar diretamente a vida cotidiana das pessoas. \u00c0 medida que a popula\u00e7\u00e3o envelhece, \u00e9 essencial que a legisla\u00e7\u00e3o acompanhe as necessidades desse grupo, oferecendo suporte que garanta sua inclus\u00e3o social e bem-estar.<\/p>\n\n\n\n<p>Com mais de 27 milh\u00f5es de motoristas na faixa et\u00e1ria acima de 50 anos, essa iniciativa do governo demonstra uma preocupa\u00e7\u00e3o com a qualidade de vida dos cidad\u00e3os, promovendo a autonomia e a dignidade na terceira idade. \u00c9 uma vit\u00f3ria que merece ser celebrada, encorajando mais adultos mais velhos a se manterem ativos e engajados na sociedade.<\/p>\n\n\n\n<p>Assim, para quem tem mais de 60 anos, essa not\u00edcia \u00e9 realmente motivo de festa: uma nova fase em que o direito \u00e0 mobilidade \u00e9 garantido e incentivado, reafirmando que a independ\u00eancia n\u00e3o tem idade!<\/p>\n","protected":false},"excerpt":{"rendered":"<p>Uma nova lei garante um benef\u00edcio surpreendente para um p\u00fablico especial, alterando significativamente o processo de renova\u00e7\u00e3o de um documento essencial. Prepare-se para descobrir como isso pode impactar sua vida!<\/p>\n","protected":false},"author":3,"featured_media":1200,"comment_status":"open","ping_status":"open","sticky":false,"template":"","format":"standard","meta":{"jnews-multi-image_gallery":[],"jnews_single_post":{"format":"standard"},"jnews_primary_category":[],"jnews_social_meta":[],"jnews_override_counter":[],"footnotes":""},"categories":[28],"tags":[828,259,614,830,260,715,829],"class_list":["post-1182","post","type-post","status-publish","format-standard","has-post-thumbnail","hentry","category-economia","tag-autonomia","tag-beneficio","tag-cadunico","tag-cnh","tag-idosos","tag-isencao","tag-renovacao"],"yoast_head":"<!-- This site is optimized with the Yoast SEO plugin v23.8 - https:\/\/yoast.com\/wordpress\/plugins\/seo\/ -->\n<title>Quem tem mais de 60 anos est\u00e1 em festa com essa not\u00edcia sobre a CNH - Estado de Minas - Em foco<\/title>\n<meta name=\"description\" content=\"Uma nova lei garante um benef\u00edcio surpreendente para um p\u00fablico especial, alterando significativamente o processo de CNH\" \/>\n<meta name=\"robots\" content=\"index, follow, max-snippet:-1, max-image-preview:large, max-video-preview:-1\" \/>\n<link rel=\"canonical\" href=\"https:\/\/www.em.com.br\/emfoco\/2024\/11\/23\/quem-tem-mais-de-60-anos-esta-em-festa-com-essa-noticia-sobre-a-cnh\/\" \/>\n<meta property=\"og:locale\" content=\"pt_BR\" \/>\n<meta property=\"og:type\" content=\"article\" \/>\n<meta property=\"og:title\" content=\"Quem tem mais de 60 anos est\u00e1 em festa com essa not\u00edcia sobre a CNH - Estado de Minas - Em foco\" \/>\n<meta property=\"og:description\" content=\"Uma nova lei garante um benef\u00edcio surpreendente para um p\u00fablico especial, alterando significativamente o processo de CNH\" \/>\n<meta property=\"og:url\" content=\"https:\/\/www.em.com.br\/emfoco\/2024\/11\/23\/quem-tem-mais-de-60-anos-esta-em-festa-com-essa-noticia-sobre-a-cnh\/\" \/>\n<meta property=\"og:site_name\" content=\"Estado de Minas - Em foco\" \/>\n<meta property=\"article:published_time\" content=\"2024-11-23T12:20:00+00:00\" \/>\n<meta property=\"article:modified_time\" content=\"2024-11-22T19:38:43+00:00\" \/>\n<meta property=\"og:image\" content=\"https:\/\/www.em.com.br\/emfoco\/wp-content\/uploads\/2024\/11\/CNH-Creditos-depositphotos.com-SimpleFoto.jpg\" \/>\n\t<meta property=\"og:image:width\" content=\"1280\" \/>\n\t<meta property=\"og:image:height\" content=\"720\" \/>\n\t<meta property=\"og:image:type\" content=\"image\/jpeg\" \/>\n<meta name=\"author\" content=\"Helen Palma\" \/>\n<meta name=\"twitter:card\" content=\"summary_large_image\" \/>\n<meta name=\"twitter:label1\" content=\"Escrito por\" \/>\n\t<meta name=\"twitter:data1\" content=\"Helen Palma\" \/>\n\t<meta name=\"twitter:label2\" content=\"Est. tempo de leitura\" \/>\n\t<meta name=\"twitter:data2\" content=\"5 minutos\" \/>\n<!-- \/ Yoast SEO plugin. -->","yoast_head_json":{"title":"Quem tem mais de 60 anos est\u00e1 em festa com essa not\u00edcia sobre a CNH - Estado de Minas - Em foco","description":"Uma nova lei garante um benef\u00edcio surpreendente para um p\u00fablico especial, alterando significativamente o processo de CNH","robots":{"index":"index","follow":"follow","max-snippet":"max-snippet:-1","max-image-preview":"max-image-preview:large","max-video-preview":"max-video-preview:-1"},"canonical":"https:\/\/www.em.com.br\/emfoco\/2024\/11\/23\/quem-tem-mais-de-60-anos-esta-em-festa-com-essa-noticia-sobre-a-cnh\/","og_locale":"pt_BR","og_type":"article","og_title":"Quem tem mais de 60 anos est\u00e1 em festa com essa not\u00edcia sobre a CNH - Estado de Minas - Em foco","og_description":"Uma nova lei garante um benef\u00edcio surpreendente para um p\u00fablico especial, alterando significativamente o processo de CNH","og_url":"https:\/\/www.em.com.br\/emfoco\/2024\/11\/23\/quem-tem-mais-de-60-anos-esta-em-festa-com-essa-noticia-sobre-a-cnh\/","og_site_name":"Estado de Minas - Em foco","article_published_time":"2024-11-23T12:20:00+00:00","article_modified_time":"2024-11-22T19:38:43+00:00","og_image":[{"width":1280,"height":720,"url":"https:\/\/www.em.com.br\/emfoco\/wp-content\/uploads\/2024\/11\/CNH-Creditos-depositphotos.com-SimpleFoto.jpg","type":"image\/jpeg"}],"author":"Helen Palma","twitter_card":"summary_large_image","twitter_misc":{"Escrito por":"Helen Palma","Est. tempo de leitura":"5 minutos"},"schema":{"@context":"https:\/\/schema.org","@graph":[{"@type":"WebPage","@id":"https:\/\/www.em.com.br\/emfoco\/2024\/11\/23\/quem-tem-mais-de-60-anos-esta-em-festa-com-essa-noticia-sobre-a-cnh\/","url":"https:\/\/www.em.com.br\/emfoco\/2024\/11\/23\/quem-tem-mais-de-60-anos-esta-em-festa-com-essa-noticia-sobre-a-cnh\/","name":"Quem tem mais de 60 anos est\u00e1 em festa com essa not\u00edcia sobre a CNH - Estado de Minas - Em foco","isPartOf":{"@id":"https:\/\/www.em.com.br\/emfoco\/#website"},"primaryImageOfPage":{"@id":"https:\/\/www.em.com.br\/emfoco\/2024\/11\/23\/quem-tem-mais-de-60-anos-esta-em-festa-com-essa-noticia-sobre-a-cnh\/#primaryimage"},"image":{"@id":"https:\/\/www.em.com.br\/emfoco\/2024\/11\/23\/quem-tem-mais-de-60-anos-esta-em-festa-com-essa-noticia-sobre-a-cnh\/#primaryimage"},"thumbnailUrl":"https:\/\/www.em.com.br\/emfoco\/wp-content\/uploads\/2024\/11\/CNH-Creditos-depositphotos.com-SimpleFoto.jpg","datePublished":"2024-11-23T12:20:00+00:00","dateModified":"2024-11-22T19:38:43+00:00","author":{"@id":"https:\/\/www.em.com.br\/emfoco\/#\/schema\/person\/d79d5c83ee37ab7ca6781d92bd406eac"},"description":"Uma nova lei garante um benef\u00edcio surpreendente para um p\u00fablico especial, alterando significativamente o processo de CNH","breadcrumb":{"@id":"https:\/\/www.em.com.br\/emfoco\/2024\/11\/23\/quem-tem-mais-de-60-anos-esta-em-festa-com-essa-noticia-sobre-a-cnh\/#breadcrumb"},"inLanguage":"pt-BR","potentialAction":[{"@type":"ReadAction","target":["https:\/\/www.em.com.br\/emfoco\/2024\/11\/23\/quem-tem-mais-de-60-anos-esta-em-festa-com-essa-noticia-sobre-a-cnh\/"]}]},{"@type":"ImageObject","inLanguage":"pt-BR","@id":"https:\/\/www.em.com.br\/emfoco\/2024\/11\/23\/quem-tem-mais-de-60-anos-esta-em-festa-com-essa-noticia-sobre-a-cnh\/#primaryimage","url":"https:\/\/www.em.com.br\/emfoco\/wp-content\/uploads\/2024\/11\/CNH-Creditos-depositphotos.com-SimpleFoto.jpg","contentUrl":"https:\/\/www.em.com.br\/emfoco\/wp-content\/uploads\/2024\/11\/CNH-Creditos-depositphotos.com-SimpleFoto.jpg","width":1280,"height":720,"caption":"CNH - Cr\u00e9ditos depositphotos.com SimpleFoto"},{"@type":"BreadcrumbList","@id":"https:\/\/www.em.com.br\/emfoco\/2024\/11\/23\/quem-tem-mais-de-60-anos-esta-em-festa-com-essa-noticia-sobre-a-cnh\/#breadcrumb","itemListElement":[{"@type":"ListItem","position":1,"name":"In\u00edcio","item":"https:\/\/www.em.com.br\/emfoco\/"},{"@type":"ListItem","position":2,"name":"Quem tem mais de 60 anos est\u00e1 em festa com essa not\u00edcia sobre a CNH"}]},{"@type":"WebSite","@id":"https:\/\/www.em.com.br\/emfoco\/#website","url":"https:\/\/www.em.com.br\/emfoco\/","name":"Estado de Minas - Em foco","description":"Acompanhe as \u00faltimas not\u00edcias e fique bem informado sobre tudo o que acontece em Minas Gerais, Brasil e no mundo.","potentialAction":[{"@type":"SearchAction","target":{"@type":"EntryPoint","urlTemplate":"https:\/\/www.em.com.br\/emfoco\/?s={search_term_string}"},"query-input":{"@type":"PropertyValueSpecification","valueRequired":true,"valueName":"search_term_string"}}],"inLanguage":"pt-BR"},{"@type":"Person","@id":"https:\/\/www.em.com.br\/emfoco\/#\/schema\/person\/d79d5c83ee37ab7ca6781d92bd406eac","name":"Helen Palma","image":{"@type":"ImageObject","inLanguage":"pt-BR","@id":"https:\/\/www.em.com.br\/emfoco\/#\/schema\/person\/image\/","url":"https:\/\/secure.gravatar.com\/avatar\/c657d9266c25fd5b35a8a6274fb730cd?s=96&d=mm&r=g","contentUrl":"https:\/\/secure.gravatar.com\/avatar\/c657d9266c25fd5b35a8a6274fb730cd?s=96&d=mm&r=g","caption":"Helen Palma"},"url":"https:\/\/www.em.com.br\/emfoco\/author\/helenmyth\/"}]}},"_links":{"self":[{"href":"https:\/\/www.em.com.br\/emfoco\/wp-json\/wp\/v2\/posts\/1182","targetHints":{"allow":["GET"]}}],"collection":[{"href":"https:\/\/www.em.com.br\/emfoco\/wp-json\/wp\/v2\/posts"}],"about":[{"href":"https:\/\/www.em.com.br\/emfoco\/wp-json\/wp\/v2\/types\/post"}],"author":[{"embeddable":true,"href":"https:\/\/www.em.com.br\/emfoco\/wp-json\/wp\/v2\/users\/3"}],"replies":[{"embeddable":true,"href":"https:\/\/www.em.com.br\/emfoco\/wp-json\/wp\/v2\/comments?post=1182"}],"version-history":[{"count":2,"href":"https:\/\/www.em.com.br\/emfoco\/wp-json\/wp\/v2\/posts\/1182\/revisions"}],"predecessor-version":[{"id":1202,"href":"https:\/\/www.em.com.br\/emfoco\/wp-json\/wp\/v2\/posts\/1182\/revisions\/1202"}],"wp:featuredmedia":[{"embeddable":true,"href":"https:\/\/www.em.com.br\/emfoco\/wp-json\/wp\/v2\/media\/1200"}],"wp:attachment":[{"href":"https:\/\/www.em.com.br\/emfoco\/wp-json\/wp\/v2\/media?parent=1182"}],"wp:term":[{"taxonomy":"category","embeddable":true,"href":"https:\/\/www.em.com.br\/emfoco\/wp-json\/wp\/v2\/categories?post=1182"},{"taxonomy":"post_tag","embeddable":true,"href":"https:\/\/www.em.com.br\/emfoco\/wp-json\/wp\/v2\/tags?post=1182"}],"curies":[{"name":"wp","href":"https:\/\/api.w.org\/{rel}","templated":true}]}}