{"id":118179,"date":"2025-10-23T21:35:00","date_gmt":"2025-10-24T00:35:00","guid":{"rendered":"https:\/\/www.em.com.br\/emfoco\/?p=118179"},"modified":"2025-10-22T19:10:31","modified_gmt":"2025-10-22T22:10:31","slug":"seu-cachorro-rosnou-para-voce-veja-o-que-isso-realmente-quer-dizer","status":"publish","type":"post","link":"https:\/\/www.em.com.br\/emfoco\/2025\/10\/23\/seu-cachorro-rosnou-para-voce-veja-o-que-isso-realmente-quer-dizer\/","title":{"rendered":"Seu cachorro rosnou para voc\u00ea? Veja o que isso realmente quer dizer"},"content":{"rendered":"\n<p>Se o seu&nbsp;<strong>cachorro<\/strong>&nbsp;j\u00e1&nbsp;<strong>rosnou<\/strong>&nbsp;para voc\u00ea, voc\u00ea pode ter se sentido preocupado, assustado ou irritado. Mas o que isso realmente significa? Voc\u00ea deve repreend\u00ea-lo ou ignor\u00e1-lo?<\/p>\n\n\n\n<ul class=\"wp-block-list\">\n<li>Entenda a raz\u00e3o por tr\u00e1s do rosnado.<\/li>\n\n\n\n<li>Saiba como reagir adequadamente.<\/li>\n\n\n\n<li>Fortale\u00e7a o v\u00ednculo com seu cachorro.<\/li>\n<\/ul>\n\n\n\n<h2 class=\"wp-block-heading\">Por que os c\u00e3es rosnaram?<\/h2>\n\n\n\n<p>Segundo\u00a0<strong>Aaron<\/strong>, especialista em adestramento de <a href=\"https:\/\/www.em.com.br\/emfoco\/2025\/10\/12\/esses-cheiros-ajudam-a-despertar-alegria-e-curiosidade-nos-caes\/\" target=\"_blank\" rel=\"noreferrer noopener\">c\u00e3es<\/a>, o\u00a0<strong>rosnar<\/strong>\u00a0n\u00e3o \u00e9 um ato de rebeli\u00e3o ou agress\u00e3o gratuita. Pelo contr\u00e1rio, \u00e9 uma forma de comunica\u00e7\u00e3o que os c\u00e3es usam para expressar desconforto, medo ou irrita\u00e7\u00e3o. &#8220;Rosnar \u00e9 um aviso, uma forma de dizer &#8216;N\u00e3o estou bem com isso'&#8221;, disse o especialista.<\/p>\n\n\n\n<p><strong>Marcos Javier Ib\u00e1\u00f1ez<\/strong>, especialista em comportamento canino, complementa que o c\u00e3o n\u00e3o sabe resolver uma situa\u00e7\u00e3o e recorre a sinais mais intensos. \u00c9 como se estivesse gritando, mas n\u00e3o significa que morder\u00e1 algu\u00e9m posteriormente.<\/p>\n\n\n\n<figure class=\"wp-block-image\"><img decoding=\"async\" src=\"https:\/\/www.em.com.br\/emfoco\/wp-content\/uploads\/2025\/08\/adestramento-cachorro_1755871251219-1024x576.jpg\" alt=\"\"\/><figcaption class=\"wp-element-caption\">A li\u00e7\u00e3o mais importante que todo dono deve aprender com o rosnado &#8211; Cr\u00e9ditos: depositphotos.com \/ hitdelight<\/figcaption><\/figure>\n\n\n\n<h2 class=\"wp-block-heading\">Por que seu cachorro pode rosnar?<\/h2>\n\n\n\n<ul class=\"wp-block-list\">\n<li>Medo ou inseguran\u00e7a diante de uma situa\u00e7\u00e3o nova, ou desconhecida.<\/li>\n\n\n\n<li>Dor ou desconforto f\u00edsico.<\/li>\n\n\n\n<li>Prote\u00e7\u00e3o de recursos, como comida, brinquedos ou espa\u00e7o.<\/li>\n\n\n\n<li>Estresse devido ao excesso de estimula\u00e7\u00e3o ou manipula\u00e7\u00e3o.<\/li>\n<\/ul>\n\n\n\n<p>Aaron explica que, especialmente em&nbsp;<strong>filhotes<\/strong>, rosnar faz parte do&nbsp;<strong>aprendizado<\/strong>&nbsp;e da&nbsp;<strong>socializa\u00e7\u00e3o<\/strong>. &#8220;N\u00e3o \u00e9 um problema de comportamento, mas sim um sinal de que algo n\u00e3o combina com eles ou os deixa desconfort\u00e1veis&#8221;, esclareceu.<\/p>\n\n\n\n<h2 class=\"wp-block-heading\">Como reagir ao rosnado do seu cachorro?<\/h2>\n\n\n\n<p>O treinador recomenda n\u00e3o corrigir ou elevar o tom de voz. Em vez disso, \u00e9 melhor:<\/p>\n\n\n\n<ul class=\"wp-block-list\">\n<li>Afastar-se ou interromper a a\u00e7\u00e3o que causou o rosnado.<\/li>\n\n\n\n<li>Observar o contexto e tentar identificar o que o deixou desconfort\u00e1vel.<\/li>\n\n\n\n<li>Dar-lhe espa\u00e7o e tempo para se acalmar.<\/li>\n\n\n\n<li>Consultar um profissional se o comportamento se repetir ou se intensificar.<\/li>\n<\/ul>\n\n\n\n<p>&#8220;O importante \u00e9 respeitar o aviso e construir confian\u00e7a com o animal&#8221;, disse Aaron. For\u00e7ar a situa\u00e7\u00e3o pode piorar o&nbsp;<strong>v\u00ednculo<\/strong>&nbsp;e aumentar o estresse do c\u00e3o. Em casos mais graves, \u00e9 indicado procurar um adestrador especializado, por exemplo, um profissional credenciado pelo Conselho Brasileiro de Cinofilia ou que tenha experi\u00eancia comprovada em modifica\u00e7\u00f5es comportamentais de c\u00e3es dom\u00e9sticos.<\/p>\n\n\n\n<h2 class=\"wp-block-heading\">Quais as chaves para fortalecer o relacionamento com seu animal de estima\u00e7\u00e3o?<\/h2>\n\n\n\n<ul class=\"wp-block-list\">\n<li>Ou\u00e7a e respeite os sinais: rosnar \u00e9 apenas um deles.<\/li>\n\n\n\n<li>N\u00e3o use puni\u00e7\u00e3o: confie no refor\u00e7o positivo e na paci\u00eancia.<\/li>\n\n\n\n<li>Procure ajuda profissional se n\u00e3o conseguir lidar com a situa\u00e7\u00e3o sozinho.<\/li>\n<\/ul>\n\n\n\n<p>Entender a <a href=\"https:\/\/www.zooplus.pt\/magazine\/caes\/adotar-um-cao\/a-linguagem-dos-caes\" target=\"_blank\" rel=\"noreferrer noopener\">linguagem do seu\u00a0<strong>c\u00e3o<\/strong>\u00a0<\/a>\u00e9 o primeiro passo para uma vida saud\u00e1vel e feliz juntos. Rosnar n\u00e3o \u00e9 o inimigo: \u00e9 uma ferramenta para prevenir problemas e melhorar a comunica\u00e7\u00e3o com seu melhor amigo. Lembre-se de que, em cidades como\u00a0<strong>S\u00e3o Paulo<\/strong>\u00a0ou\u00a0<strong>Rio de Janeiro<\/strong>, h\u00e1 muitos centros de adestramento e profissionais qualificados que podem ajudar a mediar a rela\u00e7\u00e3o com seu pet, promovendo bem-estar para toda a fam\u00edlia.<\/p>\n","protected":false},"excerpt":{"rendered":"<p>Se o seu&nbsp;cachorro&nbsp;j\u00e1&nbsp;rosnou&nbsp;para voc\u00ea, voc\u00ea pode ter se sentido preocupado, assustado ou irritado. Mas o que isso realmente significa? Voc\u00ea deve repreend\u00ea-lo ou ignor\u00e1-lo? Por que os c\u00e3es rosnaram? Segundo\u00a0Aaron, especialista em adestramento de c\u00e3es, o\u00a0rosnar\u00a0n\u00e3o \u00e9 um ato de rebeli\u00e3o ou agress\u00e3o gratuita. Pelo contr\u00e1rio, \u00e9 uma forma de comunica\u00e7\u00e3o que os c\u00e3es usam [&hellip;]<\/p>\n","protected":false},"author":11,"featured_media":118320,"comment_status":"open","ping_status":"open","sticky":false,"template":"","format":"standard","meta":{"jnews-multi-image_gallery":[],"jnews_single_post":{"format":"standard"},"jnews_primary_category":[],"jnews_social_meta":[],"jnews_override_counter":[],"footnotes":""},"categories":[8819,1],"tags":[7332,4983,1469,11536],"class_list":["post-118179","post","type-post","status-publish","format-standard","has-post-thumbnail","hentry","category-curiosidades","category-noticias","tag-cachorro","tag-comportamento","tag-pet","tag-pet-friendly"],"yoast_head":"<!-- This site is optimized with the Yoast SEO plugin v23.8 - https:\/\/yoast.com\/wordpress\/plugins\/seo\/ -->\n<title>Seu cachorro rosnou para voc\u00ea? Veja o que isso realmente quer dizer - Estado de Minas - Em foco<\/title>\n<meta name=\"description\" content=\"Se o seu cachorro rosnou para voc\u00ea, n\u00e3o entre em p\u00e2nico. Entenda o verdadeiro motivo e fortale\u00e7a o v\u00ednculo com seu melhor amigo.\" \/>\n<meta name=\"robots\" content=\"index, follow, max-snippet:-1, max-image-preview:large, max-video-preview:-1\" \/>\n<link rel=\"canonical\" href=\"https:\/\/www.em.com.br\/emfoco\/2025\/10\/23\/seu-cachorro-rosnou-para-voce-veja-o-que-isso-realmente-quer-dizer\/\" \/>\n<meta property=\"og:locale\" content=\"pt_BR\" \/>\n<meta property=\"og:type\" content=\"article\" \/>\n<meta property=\"og:title\" content=\"Seu cachorro rosnou para voc\u00ea? Veja o que isso realmente quer dizer - Estado de Minas - Em foco\" \/>\n<meta property=\"og:description\" content=\"Se o seu cachorro rosnou para voc\u00ea, n\u00e3o entre em p\u00e2nico. Entenda o verdadeiro motivo e fortale\u00e7a o v\u00ednculo com seu melhor amigo.\" \/>\n<meta property=\"og:url\" content=\"https:\/\/www.em.com.br\/emfoco\/2025\/10\/23\/seu-cachorro-rosnou-para-voce-veja-o-que-isso-realmente-quer-dizer\/\" \/>\n<meta property=\"og:site_name\" content=\"Estado de Minas - Em foco\" \/>\n<meta property=\"article:published_time\" content=\"2025-10-24T00:35:00+00:00\" \/>\n<meta property=\"article:modified_time\" content=\"2025-10-22T22:10:31+00:00\" \/>\n<meta property=\"og:image\" content=\"https:\/\/www.em.com.br\/emfoco\/wp-content\/uploads\/2025\/10\/Gemini_Generated_Image_v8rvtcv8rvtcv8rv-1.png\" \/>\n\t<meta property=\"og:image:width\" content=\"1280\" \/>\n\t<meta property=\"og:image:height\" content=\"720\" \/>\n\t<meta property=\"og:image:type\" content=\"image\/png\" \/>\n<meta name=\"author\" content=\"Andre\u0301 Rangel\u00a0\" \/>\n<meta name=\"twitter:card\" content=\"summary_large_image\" \/>\n<meta name=\"twitter:label1\" content=\"Escrito por\" \/>\n\t<meta name=\"twitter:data1\" content=\"Andre\u0301 Rangel\u00a0\" \/>\n\t<meta name=\"twitter:label2\" content=\"Est. tempo de leitura\" \/>\n\t<meta name=\"twitter:data2\" content=\"3 minutos\" \/>\n<!-- \/ Yoast SEO plugin. -->","yoast_head_json":{"title":"Seu cachorro rosnou para voc\u00ea? Veja o que isso realmente quer dizer - Estado de Minas - Em foco","description":"Se o seu cachorro rosnou para voc\u00ea, n\u00e3o entre em p\u00e2nico. Entenda o verdadeiro motivo e fortale\u00e7a o v\u00ednculo com seu melhor amigo.","robots":{"index":"index","follow":"follow","max-snippet":"max-snippet:-1","max-image-preview":"max-image-preview:large","max-video-preview":"max-video-preview:-1"},"canonical":"https:\/\/www.em.com.br\/emfoco\/2025\/10\/23\/seu-cachorro-rosnou-para-voce-veja-o-que-isso-realmente-quer-dizer\/","og_locale":"pt_BR","og_type":"article","og_title":"Seu cachorro rosnou para voc\u00ea? Veja o que isso realmente quer dizer - Estado de Minas - Em foco","og_description":"Se o seu cachorro rosnou para voc\u00ea, n\u00e3o entre em p\u00e2nico. Entenda o verdadeiro motivo e fortale\u00e7a o v\u00ednculo com seu melhor amigo.","og_url":"https:\/\/www.em.com.br\/emfoco\/2025\/10\/23\/seu-cachorro-rosnou-para-voce-veja-o-que-isso-realmente-quer-dizer\/","og_site_name":"Estado de Minas - Em foco","article_published_time":"2025-10-24T00:35:00+00:00","article_modified_time":"2025-10-22T22:10:31+00:00","og_image":[{"width":1280,"height":720,"url":"https:\/\/www.em.com.br\/emfoco\/wp-content\/uploads\/2025\/10\/Gemini_Generated_Image_v8rvtcv8rvtcv8rv-1.png","type":"image\/png"}],"author":"Andre\u0301 Rangel\u00a0","twitter_card":"summary_large_image","twitter_misc":{"Escrito por":"Andre\u0301 Rangel\u00a0","Est. tempo de leitura":"3 minutos"},"schema":{"@context":"https:\/\/schema.org","@graph":[{"@type":"WebPage","@id":"https:\/\/www.em.com.br\/emfoco\/2025\/10\/23\/seu-cachorro-rosnou-para-voce-veja-o-que-isso-realmente-quer-dizer\/","url":"https:\/\/www.em.com.br\/emfoco\/2025\/10\/23\/seu-cachorro-rosnou-para-voce-veja-o-que-isso-realmente-quer-dizer\/","name":"Seu cachorro rosnou para voc\u00ea? Veja o que isso realmente quer dizer - Estado de Minas - Em foco","isPartOf":{"@id":"https:\/\/www.em.com.br\/emfoco\/#website"},"primaryImageOfPage":{"@id":"https:\/\/www.em.com.br\/emfoco\/2025\/10\/23\/seu-cachorro-rosnou-para-voce-veja-o-que-isso-realmente-quer-dizer\/#primaryimage"},"image":{"@id":"https:\/\/www.em.com.br\/emfoco\/2025\/10\/23\/seu-cachorro-rosnou-para-voce-veja-o-que-isso-realmente-quer-dizer\/#primaryimage"},"thumbnailUrl":"https:\/\/www.em.com.br\/emfoco\/wp-content\/uploads\/2025\/10\/Gemini_Generated_Image_v8rvtcv8rvtcv8rv-1.png","datePublished":"2025-10-24T00:35:00+00:00","dateModified":"2025-10-22T22:10:31+00:00","author":{"@id":"https:\/\/www.em.com.br\/emfoco\/#\/schema\/person\/60eda09c1fedf0d6891f4cef4b60b8b8"},"description":"Se o seu cachorro rosnou para voc\u00ea, n\u00e3o entre em p\u00e2nico. Entenda o verdadeiro motivo e fortale\u00e7a o v\u00ednculo com seu melhor amigo.","breadcrumb":{"@id":"https:\/\/www.em.com.br\/emfoco\/2025\/10\/23\/seu-cachorro-rosnou-para-voce-veja-o-que-isso-realmente-quer-dizer\/#breadcrumb"},"inLanguage":"pt-BR","potentialAction":[{"@type":"ReadAction","target":["https:\/\/www.em.com.br\/emfoco\/2025\/10\/23\/seu-cachorro-rosnou-para-voce-veja-o-que-isso-realmente-quer-dizer\/"]}]},{"@type":"ImageObject","inLanguage":"pt-BR","@id":"https:\/\/www.em.com.br\/emfoco\/2025\/10\/23\/seu-cachorro-rosnou-para-voce-veja-o-que-isso-realmente-quer-dizer\/#primaryimage","url":"https:\/\/www.em.com.br\/emfoco\/wp-content\/uploads\/2025\/10\/Gemini_Generated_Image_v8rvtcv8rvtcv8rv-1.png","contentUrl":"https:\/\/www.em.com.br\/emfoco\/wp-content\/uploads\/2025\/10\/Gemini_Generated_Image_v8rvtcv8rvtcv8rv-1.png","width":1280,"height":720,"caption":"O sinal que muitos donos ignoram e pode afetar o v\u00ednculo com o pet"},{"@type":"BreadcrumbList","@id":"https:\/\/www.em.com.br\/emfoco\/2025\/10\/23\/seu-cachorro-rosnou-para-voce-veja-o-que-isso-realmente-quer-dizer\/#breadcrumb","itemListElement":[{"@type":"ListItem","position":1,"name":"In\u00edcio","item":"https:\/\/www.em.com.br\/emfoco\/"},{"@type":"ListItem","position":2,"name":"Seu cachorro rosnou para voc\u00ea? Veja o que isso realmente quer dizer"}]},{"@type":"WebSite","@id":"https:\/\/www.em.com.br\/emfoco\/#website","url":"https:\/\/www.em.com.br\/emfoco\/","name":"Estado de Minas - Em foco","description":"Acompanhe as \u00faltimas not\u00edcias e fique bem informado sobre tudo o que acontece em Minas Gerais, Brasil e no mundo.","potentialAction":[{"@type":"SearchAction","target":{"@type":"EntryPoint","urlTemplate":"https:\/\/www.em.com.br\/emfoco\/?s={search_term_string}"},"query-input":{"@type":"PropertyValueSpecification","valueRequired":true,"valueName":"search_term_string"}}],"inLanguage":"pt-BR"},{"@type":"Person","@id":"https:\/\/www.em.com.br\/emfoco\/#\/schema\/person\/60eda09c1fedf0d6891f4cef4b60b8b8","name":"Andre\u0301 Rangel\u00a0","image":{"@type":"ImageObject","inLanguage":"pt-BR","@id":"https:\/\/www.em.com.br\/emfoco\/#\/schema\/person\/image\/","url":"https:\/\/secure.gravatar.com\/avatar\/6234dc814c77c8ef6d8bba622c787efc?s=96&d=mm&r=g","contentUrl":"https:\/\/secure.gravatar.com\/avatar\/6234dc814c77c8ef6d8bba622c787efc?s=96&d=mm&r=g","caption":"Andre\u0301 Rangel\u00a0"},"url":"https:\/\/www.em.com.br\/emfoco\/author\/luizmyth\/"}]}},"_links":{"self":[{"href":"https:\/\/www.em.com.br\/emfoco\/wp-json\/wp\/v2\/posts\/118179","targetHints":{"allow":["GET"]}}],"collection":[{"href":"https:\/\/www.em.com.br\/emfoco\/wp-json\/wp\/v2\/posts"}],"about":[{"href":"https:\/\/www.em.com.br\/emfoco\/wp-json\/wp\/v2\/types\/post"}],"author":[{"embeddable":true,"href":"https:\/\/www.em.com.br\/emfoco\/wp-json\/wp\/v2\/users\/11"}],"replies":[{"embeddable":true,"href":"https:\/\/www.em.com.br\/emfoco\/wp-json\/wp\/v2\/comments?post=118179"}],"version-history":[{"count":3,"href":"https:\/\/www.em.com.br\/emfoco\/wp-json\/wp\/v2\/posts\/118179\/revisions"}],"predecessor-version":[{"id":118340,"href":"https:\/\/www.em.com.br\/emfoco\/wp-json\/wp\/v2\/posts\/118179\/revisions\/118340"}],"wp:featuredmedia":[{"embeddable":true,"href":"https:\/\/www.em.com.br\/emfoco\/wp-json\/wp\/v2\/media\/118320"}],"wp:attachment":[{"href":"https:\/\/www.em.com.br\/emfoco\/wp-json\/wp\/v2\/media?parent=118179"}],"wp:term":[{"taxonomy":"category","embeddable":true,"href":"https:\/\/www.em.com.br\/emfoco\/wp-json\/wp\/v2\/categories?post=118179"},{"taxonomy":"post_tag","embeddable":true,"href":"https:\/\/www.em.com.br\/emfoco\/wp-json\/wp\/v2\/tags?post=118179"}],"curies":[{"name":"wp","href":"https:\/\/api.w.org\/{rel}","templated":true}]}}