{"id":118109,"date":"2025-10-23T07:15:00","date_gmt":"2025-10-23T10:15:00","guid":{"rendered":"https:\/\/www.em.com.br\/emfoco\/?p=118109"},"modified":"2025-10-22T19:41:02","modified_gmt":"2025-10-22T22:41:02","slug":"quem-tem-60-anos-esta-feliz-com-este-beneficio-liberado-em-todo-o-pais","status":"publish","type":"post","link":"https:\/\/www.em.com.br\/emfoco\/2025\/10\/23\/quem-tem-60-anos-esta-feliz-com-este-beneficio-liberado-em-todo-o-pais\/","title":{"rendered":"Quem tem 60 anos est\u00e1 feliz com este benef\u00edcio liberado em todo o pa\u00eds"},"content":{"rendered":"\n<p>A <strong>Carteira do Idoso<\/strong> \u00e9 um instrumento fundamental que visa garantir os direitos dos cidad\u00e3os com 60 anos ou mais no <strong>Brasil<\/strong>. Este documento, emitido pelo governo federal, tem como objetivo proporcionar benef\u00edcios que favore\u00e7am a inclus\u00e3o social e melhorem a qualidade de vida dos idosos, assegurando-lhes maior autonomia e participa\u00e7\u00e3o na sociedade.<\/p>\n\n\n\n<p>A obten\u00e7\u00e3o da <strong>Carteira do Idoso <\/strong>traz consigo um leque de vantagens que v\u00e3o al\u00e9m de meros descontos. Entre as principais facilidades est\u00e3o o transporte gratuito ou com desconto em viagens interestaduais e acesso facilitado a eventos culturais e esportivos promovidos por entidades governamentais. Al\u00e9m disso, muitos locais, como o estado do <strong>Rio de Janeiro<\/strong>, oferecem tratamento priorit\u00e1rio em filas de estabelecimentos, ampliando assim o conjunto de benef\u00edcios dispon\u00edveis. Programas espec\u00edficos, especialmente em cidades como <strong>S\u00e3o Paulo<\/strong>, demonstram um compromisso mais forte com o bem-estar da popula\u00e7\u00e3o idosa.<\/p>\n\n\n\n<h2 class=\"wp-block-heading\">Como obter a Carteira do Idoso?<\/h2>\n\n\n<div class=\"wp-block-image\">\n<figure class=\"aligncenter size-large\"><img loading=\"lazy\" decoding=\"async\" width=\"1024\" height=\"576\" src=\"https:\/\/www.em.com.br\/emfoco\/wp-content\/uploads\/2025\/07\/documentos_1753313354407-1024x576.jpg\" alt=\"Entenda as novas regras da aposentadoria por tempo de contribui\u00e7\u00e3o ap\u00f3s a reforma\" class=\"wp-image-80575\" srcset=\"https:\/\/www.em.com.br\/emfoco\/wp-content\/uploads\/2025\/07\/documentos_1753313354407-1024x576.jpg 1024w, https:\/\/www.em.com.br\/emfoco\/wp-content\/uploads\/2025\/07\/documentos_1753313354407-300x169.jpg 300w, https:\/\/www.em.com.br\/emfoco\/wp-content\/uploads\/2025\/07\/documentos_1753313354407-768x432.jpg 768w, https:\/\/www.em.com.br\/emfoco\/wp-content\/uploads\/2025\/07\/documentos_1753313354407-750x422.jpg 750w, https:\/\/www.em.com.br\/emfoco\/wp-content\/uploads\/2025\/07\/documentos_1753313354407-1140x641.jpg 1140w, https:\/\/www.em.com.br\/emfoco\/wp-content\/uploads\/2025\/07\/documentos_1753313354407.jpg 1280w\" sizes=\"auto, (max-width: 1024px) 100vw, 1024px\" \/><figcaption class=\"wp-element-caption\">Casal de idosos usando um tablet &#8211; Cr\u00e9ditos: depositphotos.com \/ HayDmitriy<\/figcaption><\/figure><\/div>\n\n\n<p>Para garantir que o benef\u00edcio da <strong>Carteira do Idoso<\/strong> atenda \u00e0s pessoas certas, o governo estipulou crit\u00e9rios de elegibilidade que devem ser seguidos. Os interessados devem ter 60 anos ou mais e precisam estar registrados no <strong>Cadastro \u00danico para Programas Sociais do Governo Federal<\/strong>. Este registro \u00e9 essencial para direcionar o benef\u00edcio a aqueles que mais precisam de apoio para acessar servi\u00e7os b\u00e1sicos.<\/p>\n\n\n\n<p>Al\u00e9m disso, vale destacar que a <strong>Carteira do Idoso<\/strong> \u00e9 voltada especialmente para pessoas que n\u00e3o possuem meios pr\u00f3prios de comprovar renda acima de dois sal\u00e1rios m\u00ednimos e n\u00e3o tenham como pagar viagens interestaduais. O registro no <strong>Cadastro \u00danico<\/strong> deve ser mantido atualizado, pois qualquer inconsist\u00eancia pode impedir o acesso ao documento. \u00d3rg\u00e3os como o <strong>CRAS <\/strong>(Centro de Refer\u00eancia de Assist\u00eancia Social) frequentemente orientam os idosos e seus familiares quanto a esses requisitos, auxiliando em todas as etapas do processo.<\/p>\n\n\n\n<h2 class=\"wp-block-heading\">Quais s\u00e3o os passos para solicitar a Carteira do Idoso online?<\/h2>\n\n\n\n<p>O processo para a obten\u00e7\u00e3o da <strong>Carteira do Idoso<\/strong> \u00e9 simples e pode ser realizado virtualmente, proporcionando comodidade e acessibilidade. Os passos incluem:<\/p>\n\n\n\n<ol class=\"wp-block-list\">\n<li>Acessar o portal de atendimento ao cidad\u00e3o com as credenciais pessoais.<\/li>\n\n\n\n<li>Preencher um formul\u00e1rio de solicita\u00e7\u00e3o com informa\u00e7\u00f5es atualizadas.<\/li>\n\n\n\n<li>Enviar documentos exigidos, como o RG, comprovante de resid\u00eancia e o n\u00famero do <strong>Cadastro \u00danico<\/strong>.<\/li>\n<\/ol>\n\n\n\n<p>Al\u00e9m do procedimento online, tamb\u00e9m \u00e9 poss\u00edvel solicitar a <strong><a href=\"https:\/\/carteiraidoso.cidadania.gov.br\/\" target=\"_blank\" rel=\"noreferrer noopener\">Carteira do Idoso<\/a><\/strong> de forma presencial nos <strong>CRAS <\/strong>de cada munic\u00edpio. Importante salientar que o prazo para emiss\u00e3o pode variar de acordo com a demanda local, mas geralmente ocorre de forma \u00e1gil. Uma vez emitida, a carteira \u00e9 v\u00e1lida em todo o territ\u00f3rio nacional, o que amplia significativamente o acesso do idoso a direitos garantidos por lei, independente de sua localiza\u00e7\u00e3o.<\/p>\n\n\n\n<h2 class=\"wp-block-heading\">Por que a gratuidade na emiss\u00e3o da carteira \u00e9 fundamental?<\/h2>\n\n\n\n<p>O fato de a carteira ser <strong>emitida gratuitamente<\/strong> \u00e9 uma medida de extrema import\u00e2ncia para que todos os idosos, principalmente aqueles em situa\u00e7\u00e3o de vulnerabilidade, possam acessar seus direitos sem enfrentar impedimentos financeiros. Essa pol\u00edtica simboliza o compromisso do governo com a popula\u00e7\u00e3o idosa, promovendo uma sociedade mais equitativa e justa.<\/p>\n\n\n\n<p>A gratuidade tamb\u00e9m incentiva a busca ativa pelo documento, reduzindo desigualdades regionais e sociais. Ao eliminar barreiras econ\u00f4micas, a emiss\u00e3o sem custo estimula idosos de todas as regi\u00f5es do <strong>Brasil <\/strong>a garantirem o acesso a benef\u00edcios essenciais, como transporte e cultura, impactando positivamente a inclus\u00e3o e a cidadania plena dessa parcela da popula\u00e7\u00e3o.<\/p>\n\n\n\n<p>Leia mais: <a href=\"https:\/\/www.em.com.br\/emfoco\/2025\/10\/20\/aposentado-foi-proibido-de-acumular-pensao-de-aposentadoria-e-tera-que-devolver-5-39132-a-previdencia-social\/\" target=\"_blank\" rel=\"noreferrer noopener\">Aposentado foi proibido de acumular pens\u00e3o de aposentadoria e ter\u00e1 que devolver 5.391,32 \u00e0 Previd\u00eancia Social<\/a><\/p>\n\n\n\n<h2 class=\"wp-block-heading\">Quais s\u00e3o os pontos principais sobre a Carteira do Idoso?<\/h2>\n\n\n\n<p>Este documento desempenha um papel crucial na facilita\u00e7\u00e3o do acesso a benef\u00edcios essenciais para o bem-estar dos idosos. Os crit\u00e9rios de elegibilidade s\u00e3o projetados para garantir que apenas aqueles que realmente necessitam sejam beneficiados. Al\u00e9m disso, a simplicidade e a gratuidade do processo de emiss\u00e3o promovem uma inclus\u00e3o social significativa. Importante destacar que a carteira possui reconhecimento em todo o territ\u00f3rio nacional, garantindo validade e efic\u00e1cia em qualquer parte do Brasil.<\/p>\n\n\n\n<p>Vale ressaltar tamb\u00e9m a import\u00e2ncia de que a <strong>Carteira do Idoso<\/strong> n\u00e3o substitui outros documentos de identifica\u00e7\u00e3o, mas funciona como complemento para fins de acesso a benef\u00edcios sociais. A utiliza\u00e7\u00e3o do documento \u00e9 um direito do idoso, e, em caso de recusa nos estabelecimentos, recomenda-se buscar orienta\u00e7\u00e3o junto aos \u00f3rg\u00e3os de defesa do consumidor ou \u00e0 pr\u00f3pria Defensoria P\u00fablica para garantia dos direitos assegurados.<\/p>\n\n\n\n<p>Por fim, a atualiza\u00e7\u00e3o constante do <strong>Cadastro \u00danico<\/strong> \u00e9 um fator chave para evitar problemas durante o processamento dos pedidos. Desta forma, \u00e9 aconselh\u00e1vel verificar periodicamente a validade das informa\u00e7\u00f5es cadastradas para assegurar a continuidade dos benef\u00edcios.<\/p>\n","protected":false},"excerpt":{"rendered":"<p>A Carteira do Idoso \u00e9 um instrumento fundamental que visa garantir os direitos dos cidad\u00e3os com 60 anos ou mais no Brasil. Este documento, emitido pelo governo federal, tem como objetivo proporcionar benef\u00edcios que favore\u00e7am a inclus\u00e3o social e melhorem a qualidade de vida dos idosos, assegurando-lhes maior autonomia e participa\u00e7\u00e3o na sociedade. A obten\u00e7\u00e3o [&hellip;]<\/p>\n","protected":false},"author":20,"featured_media":54992,"comment_status":"open","ping_status":"open","sticky":false,"template":"","format":"standard","meta":{"jnews-multi-image_gallery":[],"jnews_single_post":{"format":"standard"},"jnews_primary_category":[],"jnews_social_meta":[],"jnews_override_counter":[],"footnotes":""},"categories":[28,1],"tags":[256,12081,352],"class_list":["post-118109","post","type-post","status-publish","format-standard","has-post-thumbnail","hentry","category-economia","category-noticias","tag-beneficios","tag-cadastro-unico-2","tag-carteira-do-idoso"],"yoast_head":"<!-- This site is optimized with the Yoast SEO plugin v23.8 - https:\/\/yoast.com\/wordpress\/plugins\/seo\/ -->\n<title>Quem tem 60 anos est\u00e1 feliz com este benef\u00edcio liberado em todo o pa\u00eds - Estado de Minas - Em foco<\/title>\n<meta name=\"description\" content=\"Seguran\u00e7a e bem-estar! Benef\u00edcio garante grandes oportunidades e descontos para quem tem 60 anos ou mais. Saiba como solicitar online.\" \/>\n<meta name=\"robots\" content=\"index, follow, max-snippet:-1, max-image-preview:large, max-video-preview:-1\" \/>\n<link rel=\"canonical\" href=\"https:\/\/www.em.com.br\/emfoco\/2025\/10\/23\/quem-tem-60-anos-esta-feliz-com-este-beneficio-liberado-em-todo-o-pais\/\" \/>\n<meta property=\"og:locale\" content=\"pt_BR\" \/>\n<meta property=\"og:type\" content=\"article\" \/>\n<meta property=\"og:title\" content=\"Quem tem 60 anos est\u00e1 feliz com este benef\u00edcio liberado em todo o pa\u00eds - Estado de Minas - Em foco\" \/>\n<meta property=\"og:description\" content=\"Seguran\u00e7a e bem-estar! Benef\u00edcio garante grandes oportunidades e descontos para quem tem 60 anos ou mais. Saiba como solicitar online.\" \/>\n<meta property=\"og:url\" content=\"https:\/\/www.em.com.br\/emfoco\/2025\/10\/23\/quem-tem-60-anos-esta-feliz-com-este-beneficio-liberado-em-todo-o-pais\/\" \/>\n<meta property=\"og:site_name\" content=\"Estado de Minas - Em foco\" \/>\n<meta property=\"article:published_time\" content=\"2025-10-23T10:15:00+00:00\" \/>\n<meta property=\"article:modified_time\" content=\"2025-10-22T22:41:02+00:00\" \/>\n<meta property=\"og:image\" content=\"https:\/\/www.em.com.br\/emfoco\/wp-content\/uploads\/2025\/06\/idoso-computador_1744372658031.jpg\" \/>\n\t<meta property=\"og:image:width\" content=\"1280\" \/>\n\t<meta property=\"og:image:height\" content=\"720\" \/>\n\t<meta property=\"og:image:type\" content=\"image\/jpeg\" \/>\n<meta name=\"author\" content=\"Ingrid Diniz\" \/>\n<meta name=\"twitter:card\" content=\"summary_large_image\" \/>\n<meta name=\"twitter:label1\" content=\"Escrito por\" \/>\n\t<meta name=\"twitter:data1\" content=\"Ingrid Diniz\" \/>\n\t<meta name=\"twitter:label2\" content=\"Est. tempo de leitura\" \/>\n\t<meta name=\"twitter:data2\" content=\"5 minutos\" \/>\n<!-- \/ Yoast SEO plugin. -->","yoast_head_json":{"title":"Quem tem 60 anos est\u00e1 feliz com este benef\u00edcio liberado em todo o pa\u00eds - Estado de Minas - Em foco","description":"Seguran\u00e7a e bem-estar! Benef\u00edcio garante grandes oportunidades e descontos para quem tem 60 anos ou mais. Saiba como solicitar online.","robots":{"index":"index","follow":"follow","max-snippet":"max-snippet:-1","max-image-preview":"max-image-preview:large","max-video-preview":"max-video-preview:-1"},"canonical":"https:\/\/www.em.com.br\/emfoco\/2025\/10\/23\/quem-tem-60-anos-esta-feliz-com-este-beneficio-liberado-em-todo-o-pais\/","og_locale":"pt_BR","og_type":"article","og_title":"Quem tem 60 anos est\u00e1 feliz com este benef\u00edcio liberado em todo o pa\u00eds - Estado de Minas - Em foco","og_description":"Seguran\u00e7a e bem-estar! Benef\u00edcio garante grandes oportunidades e descontos para quem tem 60 anos ou mais. Saiba como solicitar online.","og_url":"https:\/\/www.em.com.br\/emfoco\/2025\/10\/23\/quem-tem-60-anos-esta-feliz-com-este-beneficio-liberado-em-todo-o-pais\/","og_site_name":"Estado de Minas - Em foco","article_published_time":"2025-10-23T10:15:00+00:00","article_modified_time":"2025-10-22T22:41:02+00:00","og_image":[{"width":1280,"height":720,"url":"https:\/\/www.em.com.br\/emfoco\/wp-content\/uploads\/2025\/06\/idoso-computador_1744372658031.jpg","type":"image\/jpeg"}],"author":"Ingrid Diniz","twitter_card":"summary_large_image","twitter_misc":{"Escrito por":"Ingrid Diniz","Est. tempo de leitura":"5 minutos"},"schema":{"@context":"https:\/\/schema.org","@graph":[{"@type":"WebPage","@id":"https:\/\/www.em.com.br\/emfoco\/2025\/10\/23\/quem-tem-60-anos-esta-feliz-com-este-beneficio-liberado-em-todo-o-pais\/","url":"https:\/\/www.em.com.br\/emfoco\/2025\/10\/23\/quem-tem-60-anos-esta-feliz-com-este-beneficio-liberado-em-todo-o-pais\/","name":"Quem tem 60 anos est\u00e1 feliz com este benef\u00edcio liberado em todo o pa\u00eds - Estado de Minas - Em foco","isPartOf":{"@id":"https:\/\/www.em.com.br\/emfoco\/#website"},"primaryImageOfPage":{"@id":"https:\/\/www.em.com.br\/emfoco\/2025\/10\/23\/quem-tem-60-anos-esta-feliz-com-este-beneficio-liberado-em-todo-o-pais\/#primaryimage"},"image":{"@id":"https:\/\/www.em.com.br\/emfoco\/2025\/10\/23\/quem-tem-60-anos-esta-feliz-com-este-beneficio-liberado-em-todo-o-pais\/#primaryimage"},"thumbnailUrl":"https:\/\/www.em.com.br\/emfoco\/wp-content\/uploads\/2025\/06\/idoso-computador_1744372658031.jpg","datePublished":"2025-10-23T10:15:00+00:00","dateModified":"2025-10-22T22:41:02+00:00","author":{"@id":"https:\/\/www.em.com.br\/emfoco\/#\/schema\/person\/649e610b4eb8fff87ff394e54fe17b2b"},"description":"Seguran\u00e7a e bem-estar! Benef\u00edcio garante grandes oportunidades e descontos para quem tem 60 anos ou mais. Saiba como solicitar online.","breadcrumb":{"@id":"https:\/\/www.em.com.br\/emfoco\/2025\/10\/23\/quem-tem-60-anos-esta-feliz-com-este-beneficio-liberado-em-todo-o-pais\/#breadcrumb"},"inLanguage":"pt-BR","potentialAction":[{"@type":"ReadAction","target":["https:\/\/www.em.com.br\/emfoco\/2025\/10\/23\/quem-tem-60-anos-esta-feliz-com-este-beneficio-liberado-em-todo-o-pais\/"]}]},{"@type":"ImageObject","inLanguage":"pt-BR","@id":"https:\/\/www.em.com.br\/emfoco\/2025\/10\/23\/quem-tem-60-anos-esta-feliz-com-este-beneficio-liberado-em-todo-o-pais\/#primaryimage","url":"https:\/\/www.em.com.br\/emfoco\/wp-content\/uploads\/2025\/06\/idoso-computador_1744372658031.jpg","contentUrl":"https:\/\/www.em.com.br\/emfoco\/wp-content\/uploads\/2025\/06\/idoso-computador_1744372658031.jpg","width":1280,"height":720,"caption":"Novas regras do INSS que podem antecipar sua aposentadoria - Cr\u00e9ditos: depositphotos.com \/ NatashaFedorova"},{"@type":"BreadcrumbList","@id":"https:\/\/www.em.com.br\/emfoco\/2025\/10\/23\/quem-tem-60-anos-esta-feliz-com-este-beneficio-liberado-em-todo-o-pais\/#breadcrumb","itemListElement":[{"@type":"ListItem","position":1,"name":"In\u00edcio","item":"https:\/\/www.em.com.br\/emfoco\/"},{"@type":"ListItem","position":2,"name":"Quem tem 60 anos est\u00e1 feliz com este benef\u00edcio liberado em todo o pa\u00eds"}]},{"@type":"WebSite","@id":"https:\/\/www.em.com.br\/emfoco\/#website","url":"https:\/\/www.em.com.br\/emfoco\/","name":"Estado de Minas - Em foco","description":"Acompanhe as \u00faltimas not\u00edcias e fique bem informado sobre tudo o que acontece em Minas Gerais, Brasil e no mundo.","potentialAction":[{"@type":"SearchAction","target":{"@type":"EntryPoint","urlTemplate":"https:\/\/www.em.com.br\/emfoco\/?s={search_term_string}"},"query-input":{"@type":"PropertyValueSpecification","valueRequired":true,"valueName":"search_term_string"}}],"inLanguage":"pt-BR"},{"@type":"Person","@id":"https:\/\/www.em.com.br\/emfoco\/#\/schema\/person\/649e610b4eb8fff87ff394e54fe17b2b","name":"Ingrid Diniz","image":{"@type":"ImageObject","inLanguage":"pt-BR","@id":"https:\/\/www.em.com.br\/emfoco\/#\/schema\/person\/image\/","url":"https:\/\/secure.gravatar.com\/avatar\/a3baa1449ec5c39b4c42babc9d4f3951?s=96&d=mm&r=g","contentUrl":"https:\/\/secure.gravatar.com\/avatar\/a3baa1449ec5c39b4c42babc9d4f3951?s=96&d=mm&r=g","caption":"Ingrid Diniz"},"sameAs":["https:\/\/www.em.com.br\/"],"url":"https:\/\/www.em.com.br\/emfoco\/author\/ingridmyth\/"}]}},"_links":{"self":[{"href":"https:\/\/www.em.com.br\/emfoco\/wp-json\/wp\/v2\/posts\/118109","targetHints":{"allow":["GET"]}}],"collection":[{"href":"https:\/\/www.em.com.br\/emfoco\/wp-json\/wp\/v2\/posts"}],"about":[{"href":"https:\/\/www.em.com.br\/emfoco\/wp-json\/wp\/v2\/types\/post"}],"author":[{"embeddable":true,"href":"https:\/\/www.em.com.br\/emfoco\/wp-json\/wp\/v2\/users\/20"}],"replies":[{"embeddable":true,"href":"https:\/\/www.em.com.br\/emfoco\/wp-json\/wp\/v2\/comments?post=118109"}],"version-history":[{"count":2,"href":"https:\/\/www.em.com.br\/emfoco\/wp-json\/wp\/v2\/posts\/118109\/revisions"}],"predecessor-version":[{"id":118356,"href":"https:\/\/www.em.com.br\/emfoco\/wp-json\/wp\/v2\/posts\/118109\/revisions\/118356"}],"wp:featuredmedia":[{"embeddable":true,"href":"https:\/\/www.em.com.br\/emfoco\/wp-json\/wp\/v2\/media\/54992"}],"wp:attachment":[{"href":"https:\/\/www.em.com.br\/emfoco\/wp-json\/wp\/v2\/media?parent=118109"}],"wp:term":[{"taxonomy":"category","embeddable":true,"href":"https:\/\/www.em.com.br\/emfoco\/wp-json\/wp\/v2\/categories?post=118109"},{"taxonomy":"post_tag","embeddable":true,"href":"https:\/\/www.em.com.br\/emfoco\/wp-json\/wp\/v2\/tags?post=118109"}],"curies":[{"name":"wp","href":"https:\/\/api.w.org\/{rel}","templated":true}]}}