{"id":118041,"date":"2025-10-23T20:05:24","date_gmt":"2025-10-23T23:05:24","guid":{"rendered":"https:\/\/www.em.com.br\/emfoco\/?p=118041"},"modified":"2025-10-22T20:49:18","modified_gmt":"2025-10-22T23:49:18","slug":"as-plantas-que-amam-o-sol-forte-e-quase-nao-precisam-de-agua","status":"publish","type":"post","link":"https:\/\/www.em.com.br\/emfoco\/2025\/10\/23\/as-plantas-que-amam-o-sol-forte-e-quase-nao-precisam-de-agua\/","title":{"rendered":"As plantas que amam o sol forte e quase n\u00e3o precisam de \u00e1gua"},"content":{"rendered":"\n<p>Encontrar <strong>plantas resistentes ao calor<\/strong> pode ser um verdadeiro desafio, especialmente para quem vive em regi\u00f5es de temperaturas elevadas, como o <strong>Rio de Janeiro<\/strong> e <strong>Cuiab\u00e1<\/strong>. Entretanto, h\u00e1 esp\u00e9cies que n\u00e3o apenas <strong>toleram o calor intenso<\/strong>, como tamb\u00e9m prosperam nessas condi\u00e7\u00f5es adversas, tornando-se escolhas ideais para manter o seu jardim bonito e saud\u00e1vel durante todo o ano.<\/p>\n\n\n\n<ul class=\"wp-block-list\">\n<li><strong>Dicas pr\u00e1ticas<\/strong> para cuidar de plantas em climas quentes.<\/li>\n\n\n\n<li><strong>As melhores esp\u00e9cies<\/strong> de plantas para enfrentar o calor extremo.<\/li>\n\n\n\n<li><strong>Erros comuns<\/strong> ao cultivar plantas expostas ao sol forte.<\/li>\n<\/ul>\n\n\n\n<h2 class=\"wp-block-heading\">Quais plantas s\u00e3o ideais para o calor intenso?<\/h2>\n\n\n\n<p>Ao escolher <strong>plantas para ambientes quentes<\/strong>, \u00e9 fundamental optar por esp\u00e9cies que apresentam grande resist\u00eancia ao <strong>estresse t\u00e9rmico<\/strong>. Assim, elas conseguem crescer de forma vigorosa, mesmo em situa\u00e7\u00f5es desafiadoras, como as vividas nas cidades de <strong>Fortaleza<\/strong> e <strong>Bras\u00edlia<\/strong>, famosas por seus ver\u00f5es longos e r\u00edgidos. Exemplos dessas plantas incluem a <strong>Aloe Vera<\/strong>, que tamb\u00e9m \u00e9 bastante popular em \u00e1reas de clima \u00e1rido devido \u00e0 sua resist\u00eancia.<\/p>\n\n\n\n<h2 class=\"wp-block-heading\">Como cuidar de plantas em ambientes quentes?<\/h2>\n\n\n\n<p>O sucesso no cultivo de <strong>plantas tolerantes ao calor<\/strong> depende diretamente de pr\u00e1ticas adequadas de cuidado. A <strong>regagem correta<\/strong> e o uso de um <strong><a href=\"https:\/\/rehagro.com.br\/blog\/materia-organica-no-solo\/\" target=\"_blank\" rel=\"noopener\">solo<\/a> bem drenado<\/strong> s\u00e3o essenciais, principalmente em regi\u00f5es como o <strong>Piau\u00ed<\/strong>, onde o clima seco se mant\u00e9m durante boa parte do ano. Uma dica importante \u00e9 regar de prefer\u00eancia durante o in\u00edcio da manh\u00e3 ou \u00e0 noite, evitando assim a evapora\u00e7\u00e3o r\u00e1pida da \u00e1gua devido ao calor do sol.<\/p>\n\n\n\n<h2 class=\"wp-block-heading\">Quais plantas resistentes voc\u00ea precisa conhecer?<\/h2>\n\n\n\n<p><strong>Plantas como a Yucca<\/strong> s\u00e3o reconhecidas por sua excepcional capacidade de sobreviver em climas \u00e1ridos e quentes, demandando pouca \u00e1gua. Em regi\u00f5es como o <strong>sert\u00e3o nordestino<\/strong>, a yucca e outras <strong>plantas suculentas<\/strong> desempenham um papel fundamental na paisagem, al\u00e9m de sua utilidade ornamental e at\u00e9 alimentar.<\/p>\n\n\n\n<iframe loading=\"lazy\" src=\"https:\/\/assets.pinterest.com\/ext\/embed.html?id=4574037117563554\" height=\"618\" width=\"345\" frameborder=\"0\" scrolling=\"no\" ><\/iframe>\n\n\n\n<p>Outro excelente exemplo \u00e9 a <strong>Lavanda<\/strong>, que al\u00e9m de resistir bem ao calor, acrescenta elevado valor est\u00e9tico ao jardim gra\u00e7as \u00e0s suas <strong>flores arom\u00e1ticas<\/strong>. A lavanda \u00e9 amplamente cultivada em \u00e1reas de calor intenso como a <strong>Provence<\/strong>, na Fran\u00e7a, que \u00e9 refer\u00eancia mundial na produ\u00e7\u00e3o dessa planta. Outras op\u00e7\u00f5es interessantes s\u00e3o a <strong>Cl\u00fasia<\/strong> e o <strong>Agave<\/strong>, muito utilizados em paisagismo tropical.<\/p>\n\n\n\n<h2 class=\"wp-block-heading\">Aten\u00e7\u00e3o: quais erros comuns devem ser evitados?<\/h2>\n\n\n\n<p>Um erro recorrente \u00e9 o <strong>excesso de rega<\/strong>. <strong>Plantas adaptadas ao calor<\/strong> geralmente necessitam de menos \u00e1gua do que se imagina, principalmente durante per\u00edodos em que ondas de calor atingem cidades como <strong>S\u00e3o Paulo<\/strong>. A umidade excessiva pode causar o apodrecimento das ra\u00edzes e comprometer a sa\u00fade da planta.<\/p>\n\n\n<div class=\"wp-block-image\">\n<figure class=\"aligncenter size-large\"><img loading=\"lazy\" decoding=\"async\" width=\"1024\" height=\"576\" src=\"https:\/\/www.em.com.br\/emfoco\/wp-content\/uploads\/2025\/10\/lavanda-_1760099317271-1024x576.jpg\" alt=\"\" class=\"wp-image-113672\" srcset=\"https:\/\/www.em.com.br\/emfoco\/wp-content\/uploads\/2025\/10\/lavanda-_1760099317271-1024x576.jpg 1024w, https:\/\/www.em.com.br\/emfoco\/wp-content\/uploads\/2025\/10\/lavanda-_1760099317271-300x169.jpg 300w, https:\/\/www.em.com.br\/emfoco\/wp-content\/uploads\/2025\/10\/lavanda-_1760099317271-768x432.jpg 768w, https:\/\/www.em.com.br\/emfoco\/wp-content\/uploads\/2025\/10\/lavanda-_1760099317271-750x422.jpg 750w, https:\/\/www.em.com.br\/emfoco\/wp-content\/uploads\/2025\/10\/lavanda-_1760099317271-1140x641.jpg 1140w, https:\/\/www.em.com.br\/emfoco\/wp-content\/uploads\/2025\/10\/lavanda-_1760099317271.jpg 1280w\" sizes=\"auto, (max-width: 1024px) 100vw, 1024px\" \/><figcaption class=\"wp-element-caption\">O melhor momento para propagar lavanda \u00e9 no ver\u00e3o &#8211; Cr\u00e9ditos: depositphotos.com \/ anskuw<\/figcaption><\/figure><\/div>\n\n\n<p>Evite tamb\u00e9m a utiliza\u00e7\u00e3o de <strong>fertilizantes pesados<\/strong> durante \u00e9pocas de calor extremo, pois isso pode sobrecarregar e estressar ainda mais suas plantas. Para garantir uma <strong>aduba\u00e7\u00e3o equilibrada<\/strong>, recomenda-se buscar informa\u00e7\u00f5es t\u00e9cnicas em sites especializados, como o <strong>Jardim das Ideias<\/strong>, ou consultar um engenheiro-agr\u00f4nomo.<\/p>\n\n\n\n<h2 class=\"wp-block-heading\">Como escolher a planta certa para o seu clima?<\/h2>\n\n\n\n<p>Se voc\u00ea mora em regi\u00f5es de <strong>clima quente<\/strong>, como o <strong>Cear\u00e1<\/strong> ou <strong>Mato Grosso<\/strong>, escolher as esp\u00e9cies certas far\u00e1 toda a diferen\u00e7a no desenvolvimento do jardim. \u00c9 crucial considerar a <strong>adaptabilidade da planta<\/strong> ao ambiente ao seu redor, observando fatores como incid\u00eancia solar, calor e disponibiliza\u00e7\u00e3o de \u00e1gua ao longo do ano.<\/p>\n\n\n\n<p>Leia tamb\u00e9m: <a href=\"https:\/\/www.em.com.br\/emfoco\/2025\/10\/22\/cinco-plantas-que-renovam-sua-cozinha-e-florescem-no-verao\/\" target=\"_blank\" rel=\"noopener\">Cinco plantas que renovam sua cozinha e florescem no ver\u00e3o<\/a><\/p>\n\n\n\n<h2 class=\"wp-block-heading\">Resumo dos principais aprendizados<\/h2>\n\n\n\n<ul class=\"wp-block-list\">\n<li><strong>Escolher plantas que prosperam<\/strong> em climas quentes \u00e9 essencial para um jardim bonito e saud\u00e1vel, especialmente em locais como o <strong>Norte do Brasil<\/strong>.<\/li>\n\n\n\n<li><strong>Cuidados espec\u00edficos<\/strong>, como rega controlada e uso de solo adequado, garantem a longevidade das plantas nessas condi\u00e7\u00f5es.<\/li>\n\n\n\n<li><strong>Evite os erros comuns<\/strong>, entre eles o exagero na rega e o uso excessivo de fertilizantes, que podem comprometer o desenvolvimento das plantas.<\/li>\n<\/ul>\n","protected":false},"excerpt":{"rendered":"<p>Encontrar plantas resistentes ao calor pode ser um verdadeiro desafio, especialmente para quem vive em regi\u00f5es de temperaturas elevadas, como o Rio de Janeiro e Cuiab\u00e1. Entretanto, h\u00e1 esp\u00e9cies que n\u00e3o apenas toleram o calor intenso, como tamb\u00e9m prosperam nessas condi\u00e7\u00f5es adversas, tornando-se escolhas ideais para manter o seu jardim bonito e saud\u00e1vel durante todo [&hellip;]<\/p>\n","protected":false},"author":9,"featured_media":40471,"comment_status":"open","ping_status":"open","sticky":false,"template":"","format":"standard","meta":{"jnews-multi-image_gallery":[],"jnews_single_post":{"format":"standard"},"jnews_primary_category":[],"jnews_social_meta":[],"jnews_override_counter":[],"footnotes":""},"categories":[8819,1],"tags":[705,3139,3324],"class_list":["post-118041","post","type-post","status-publish","format-standard","has-post-thumbnail","hentry","category-curiosidades","category-noticias","tag-calor","tag-cultivo","tag-plantas"],"yoast_head":"<!-- This site is optimized with the Yoast SEO plugin v23.8 - https:\/\/yoast.com\/wordpress\/plugins\/seo\/ -->\n<title>As plantas que amam o sol forte e quase n\u00e3o precisam de \u00e1gua<\/title>\n<meta name=\"description\" content=\"O calor intenso n\u00e3o precisa matar seu jardim. Conhe\u00e7a as esp\u00e9cies que amam o sol e aprenda a regar da forma correta\" \/>\n<meta name=\"robots\" content=\"index, follow, max-snippet:-1, max-image-preview:large, max-video-preview:-1\" \/>\n<link rel=\"canonical\" href=\"https:\/\/www.em.com.br\/emfoco\/2025\/10\/23\/as-plantas-que-amam-o-sol-forte-e-quase-nao-precisam-de-agua\/\" \/>\n<meta property=\"og:locale\" content=\"pt_BR\" \/>\n<meta property=\"og:type\" content=\"article\" \/>\n<meta property=\"og:title\" content=\"As plantas que amam o sol forte e quase n\u00e3o precisam de \u00e1gua\" \/>\n<meta property=\"og:description\" content=\"O calor intenso n\u00e3o precisa matar seu jardim. Conhe\u00e7a as esp\u00e9cies que amam o sol e aprenda a regar da forma correta\" \/>\n<meta property=\"og:url\" content=\"https:\/\/www.em.com.br\/emfoco\/2025\/10\/23\/as-plantas-que-amam-o-sol-forte-e-quase-nao-precisam-de-agua\/\" \/>\n<meta property=\"og:site_name\" content=\"Estado de Minas - Em foco\" \/>\n<meta property=\"article:published_time\" content=\"2025-10-23T23:05:24+00:00\" \/>\n<meta property=\"article:modified_time\" content=\"2025-10-22T23:49:18+00:00\" \/>\n<meta property=\"og:image\" content=\"https:\/\/www.em.com.br\/emfoco\/wp-content\/uploads\/2025\/04\/plantas-garrafa-pet_1745332747644.jpg\" \/>\n\t<meta property=\"og:image:width\" content=\"1279\" \/>\n\t<meta property=\"og:image:height\" content=\"720\" \/>\n\t<meta property=\"og:image:type\" content=\"image\/jpeg\" \/>\n<meta name=\"author\" content=\"Daniely Cardoso\" \/>\n<meta name=\"twitter:card\" content=\"summary_large_image\" \/>\n<meta name=\"twitter:label1\" content=\"Escrito por\" \/>\n\t<meta name=\"twitter:data1\" content=\"Daniely Cardoso\" \/>\n\t<meta name=\"twitter:label2\" content=\"Est. tempo de leitura\" \/>\n\t<meta name=\"twitter:data2\" content=\"4 minutos\" \/>\n<!-- \/ Yoast SEO plugin. -->","yoast_head_json":{"title":"As plantas que amam o sol forte e quase n\u00e3o precisam de \u00e1gua","description":"O calor intenso n\u00e3o precisa matar seu jardim. Conhe\u00e7a as esp\u00e9cies que amam o sol e aprenda a regar da forma correta","robots":{"index":"index","follow":"follow","max-snippet":"max-snippet:-1","max-image-preview":"max-image-preview:large","max-video-preview":"max-video-preview:-1"},"canonical":"https:\/\/www.em.com.br\/emfoco\/2025\/10\/23\/as-plantas-que-amam-o-sol-forte-e-quase-nao-precisam-de-agua\/","og_locale":"pt_BR","og_type":"article","og_title":"As plantas que amam o sol forte e quase n\u00e3o precisam de \u00e1gua","og_description":"O calor intenso n\u00e3o precisa matar seu jardim. Conhe\u00e7a as esp\u00e9cies que amam o sol e aprenda a regar da forma correta","og_url":"https:\/\/www.em.com.br\/emfoco\/2025\/10\/23\/as-plantas-que-amam-o-sol-forte-e-quase-nao-precisam-de-agua\/","og_site_name":"Estado de Minas - Em foco","article_published_time":"2025-10-23T23:05:24+00:00","article_modified_time":"2025-10-22T23:49:18+00:00","og_image":[{"width":1279,"height":720,"url":"https:\/\/www.em.com.br\/emfoco\/wp-content\/uploads\/2025\/04\/plantas-garrafa-pet_1745332747644.jpg","type":"image\/jpeg"}],"author":"Daniely Cardoso","twitter_card":"summary_large_image","twitter_misc":{"Escrito por":"Daniely Cardoso","Est. tempo de leitura":"4 minutos"},"schema":{"@context":"https:\/\/schema.org","@graph":[{"@type":"WebPage","@id":"https:\/\/www.em.com.br\/emfoco\/2025\/10\/23\/as-plantas-que-amam-o-sol-forte-e-quase-nao-precisam-de-agua\/","url":"https:\/\/www.em.com.br\/emfoco\/2025\/10\/23\/as-plantas-que-amam-o-sol-forte-e-quase-nao-precisam-de-agua\/","name":"As plantas que amam o sol forte e quase n\u00e3o precisam de \u00e1gua","isPartOf":{"@id":"https:\/\/www.em.com.br\/emfoco\/#website"},"primaryImageOfPage":{"@id":"https:\/\/www.em.com.br\/emfoco\/2025\/10\/23\/as-plantas-que-amam-o-sol-forte-e-quase-nao-precisam-de-agua\/#primaryimage"},"image":{"@id":"https:\/\/www.em.com.br\/emfoco\/2025\/10\/23\/as-plantas-que-amam-o-sol-forte-e-quase-nao-precisam-de-agua\/#primaryimage"},"thumbnailUrl":"https:\/\/www.em.com.br\/emfoco\/wp-content\/uploads\/2025\/04\/plantas-garrafa-pet_1745332747644.jpg","datePublished":"2025-10-23T23:05:24+00:00","dateModified":"2025-10-22T23:49:18+00:00","author":{"@id":"https:\/\/www.em.com.br\/emfoco\/#\/schema\/person\/0a8186d72f2c3a5c6276d90b41f271a0"},"description":"O calor intenso n\u00e3o precisa matar seu jardim. Conhe\u00e7a as esp\u00e9cies que amam o sol e aprenda a regar da forma correta","breadcrumb":{"@id":"https:\/\/www.em.com.br\/emfoco\/2025\/10\/23\/as-plantas-que-amam-o-sol-forte-e-quase-nao-precisam-de-agua\/#breadcrumb"},"inLanguage":"pt-BR","potentialAction":[{"@type":"ReadAction","target":["https:\/\/www.em.com.br\/emfoco\/2025\/10\/23\/as-plantas-que-amam-o-sol-forte-e-quase-nao-precisam-de-agua\/"]}]},{"@type":"ImageObject","inLanguage":"pt-BR","@id":"https:\/\/www.em.com.br\/emfoco\/2025\/10\/23\/as-plantas-que-amam-o-sol-forte-e-quase-nao-precisam-de-agua\/#primaryimage","url":"https:\/\/www.em.com.br\/emfoco\/wp-content\/uploads\/2025\/04\/plantas-garrafa-pet_1745332747644.jpg","contentUrl":"https:\/\/www.em.com.br\/emfoco\/wp-content\/uploads\/2025\/04\/plantas-garrafa-pet_1745332747644.jpg","width":1279,"height":720,"caption":"Plantas em garrafa pet - Cr\u00e9ditos: depositphotos.com \/ murilomazzo"},{"@type":"BreadcrumbList","@id":"https:\/\/www.em.com.br\/emfoco\/2025\/10\/23\/as-plantas-que-amam-o-sol-forte-e-quase-nao-precisam-de-agua\/#breadcrumb","itemListElement":[{"@type":"ListItem","position":1,"name":"In\u00edcio","item":"https:\/\/www.em.com.br\/emfoco\/"},{"@type":"ListItem","position":2,"name":"As plantas que amam o sol forte e quase n\u00e3o precisam de \u00e1gua"}]},{"@type":"WebSite","@id":"https:\/\/www.em.com.br\/emfoco\/#website","url":"https:\/\/www.em.com.br\/emfoco\/","name":"Estado de Minas - Em foco","description":"Acompanhe as \u00faltimas not\u00edcias e fique bem informado sobre tudo o que acontece em Minas Gerais, Brasil e no mundo.","potentialAction":[{"@type":"SearchAction","target":{"@type":"EntryPoint","urlTemplate":"https:\/\/www.em.com.br\/emfoco\/?s={search_term_string}"},"query-input":{"@type":"PropertyValueSpecification","valueRequired":true,"valueName":"search_term_string"}}],"inLanguage":"pt-BR"},{"@type":"Person","@id":"https:\/\/www.em.com.br\/emfoco\/#\/schema\/person\/0a8186d72f2c3a5c6276d90b41f271a0","name":"Daniely Cardoso","image":{"@type":"ImageObject","inLanguage":"pt-BR","@id":"https:\/\/www.em.com.br\/emfoco\/#\/schema\/person\/image\/","url":"https:\/\/secure.gravatar.com\/avatar\/4b80ddbd124d1f071b626d52d62e5dff?s=96&d=mm&r=g","contentUrl":"https:\/\/secure.gravatar.com\/avatar\/4b80ddbd124d1f071b626d52d62e5dff?s=96&d=mm&r=g","caption":"Daniely Cardoso"},"url":"https:\/\/www.em.com.br\/emfoco\/author\/danielymyth\/"}]}},"_links":{"self":[{"href":"https:\/\/www.em.com.br\/emfoco\/wp-json\/wp\/v2\/posts\/118041","targetHints":{"allow":["GET"]}}],"collection":[{"href":"https:\/\/www.em.com.br\/emfoco\/wp-json\/wp\/v2\/posts"}],"about":[{"href":"https:\/\/www.em.com.br\/emfoco\/wp-json\/wp\/v2\/types\/post"}],"author":[{"embeddable":true,"href":"https:\/\/www.em.com.br\/emfoco\/wp-json\/wp\/v2\/users\/9"}],"replies":[{"embeddable":true,"href":"https:\/\/www.em.com.br\/emfoco\/wp-json\/wp\/v2\/comments?post=118041"}],"version-history":[{"count":4,"href":"https:\/\/www.em.com.br\/emfoco\/wp-json\/wp\/v2\/posts\/118041\/revisions"}],"predecessor-version":[{"id":118414,"href":"https:\/\/www.em.com.br\/emfoco\/wp-json\/wp\/v2\/posts\/118041\/revisions\/118414"}],"wp:featuredmedia":[{"embeddable":true,"href":"https:\/\/www.em.com.br\/emfoco\/wp-json\/wp\/v2\/media\/40471"}],"wp:attachment":[{"href":"https:\/\/www.em.com.br\/emfoco\/wp-json\/wp\/v2\/media?parent=118041"}],"wp:term":[{"taxonomy":"category","embeddable":true,"href":"https:\/\/www.em.com.br\/emfoco\/wp-json\/wp\/v2\/categories?post=118041"},{"taxonomy":"post_tag","embeddable":true,"href":"https:\/\/www.em.com.br\/emfoco\/wp-json\/wp\/v2\/tags?post=118041"}],"curies":[{"name":"wp","href":"https:\/\/api.w.org\/{rel}","templated":true}]}}