{"id":118031,"date":"2025-10-23T15:45:05","date_gmt":"2025-10-23T18:45:05","guid":{"rendered":"https:\/\/www.em.com.br\/emfoco\/?p=118031"},"modified":"2025-10-22T20:40:17","modified_gmt":"2025-10-22T23:40:17","slug":"como-ter-uma-farmacia-natural-no-quintal-para-aliviar-a-tensao-do-dia-a-dia","status":"publish","type":"post","link":"https:\/\/www.em.com.br\/emfoco\/2025\/10\/23\/como-ter-uma-farmacia-natural-no-quintal-para-aliviar-a-tensao-do-dia-a-dia\/","title":{"rendered":"Como ter uma farm\u00e1cia natural no quintal para aliviar a tens\u00e3o do dia a dia"},"content":{"rendered":"\n<p>Descubra como \u00e9 pr\u00e1tico e altamente vantajoso manter seu pr\u00f3prio jardim de <strong>ervas calmantes<\/strong> para ch\u00e1 em casa. O cultivo dessas plantas no quintal traz n\u00e3o s\u00f3 uma experi\u00eancia \u00fanica de <strong>relaxamento<\/strong> e bem-estar, mas tamb\u00e9m garante ingredientes <strong>frescos<\/strong>, <strong>naturais<\/strong> e de alta qualidade para suas infus\u00f5es di\u00e1rias.<\/p>\n\n\n\n<ul class=\"wp-block-list\">\n<li>Quais s\u00e3o as melhores <strong>ervas para ch\u00e1 calmante<\/strong><\/li>\n\n\n\n<li>Passos simples para <strong>cultivo bem-sucedido<\/strong><\/li>\n\n\n\n<li><strong>Benef\u00edcios<\/strong> para a sa\u00fade e bem-estar<\/li>\n<\/ul>\n\n\n\n<h2 class=\"wp-block-heading\">Quais ervas escolher para um ch\u00e1 calmante?<\/h2>\n\n\n\n<p>Existem diversas <strong>ervas<\/strong> reconhecidas por suas propriedades <strong>calmantes<\/strong>, que podem ser facilmente cultivadas em casa, mesmo por quem est\u00e1 come\u00e7ando na jardinagem. Entre as preferidas destacam-se a <strong>camomila<\/strong>, a <strong>erva-cidreira<\/strong> e a <strong>lavanda<\/strong>, todas com comprovada a\u00e7\u00e3o tranquilizante. Al\u00e9m disso, a <strong>passiflora<\/strong> (flor do maracuj\u00e1) se destaca por contribuir para o al\u00edvio do estresse e da ansiedade, complementando seu jardim de ch\u00e1s com aromas e sabores \u00fanicos.<\/p>\n\n\n\n<p>A <strong>camomila<\/strong>, gra\u00e7as \u00e0s suas propriedades sedativas e digestivas, \u00e9 excelente para quem busca uma noite de sono tranquila. A <strong>erva-cidreira<\/strong> \u00e9 muito utilizada para aliviar a tens\u00e3o e promover o <strong>relaxamento mental<\/strong> e f\u00edsico. A <strong>lavanda<\/strong> n\u00e3o s\u00f3 ressalta o sabor dos ch\u00e1s, como tamb\u00e9m melhora significativamente a qualidade do sono e reduz a ansiedade. Se voc\u00ea vive em grandes centros urbanos, como o <strong>Rio de Janeiro<\/strong> ou <strong>S\u00e3o Paulo<\/strong>, saiba que todas essas esp\u00e9cies se adaptam bem ao clima tropical, sendo uma \u00f3tima op\u00e7\u00e3o para cultivo mesmo em pequenos espa\u00e7os urbanos como varandas ou jardineiras.<\/p>\n\n\n<div class=\"wp-block-image\">\n<figure class=\"aligncenter size-large\"><img loading=\"lazy\" decoding=\"async\" width=\"1024\" height=\"576\" src=\"https:\/\/www.em.com.br\/emfoco\/wp-content\/uploads\/2025\/08\/oleo-de-camomila_1756508443427-1024x576.jpg\" alt=\"\" class=\"wp-image-98511\" srcset=\"https:\/\/www.em.com.br\/emfoco\/wp-content\/uploads\/2025\/08\/oleo-de-camomila_1756508443427-1024x576.jpg 1024w, https:\/\/www.em.com.br\/emfoco\/wp-content\/uploads\/2025\/08\/oleo-de-camomila_1756508443427-300x169.jpg 300w, https:\/\/www.em.com.br\/emfoco\/wp-content\/uploads\/2025\/08\/oleo-de-camomila_1756508443427-768x432.jpg 768w, https:\/\/www.em.com.br\/emfoco\/wp-content\/uploads\/2025\/08\/oleo-de-camomila_1756508443427-750x422.jpg 750w, https:\/\/www.em.com.br\/emfoco\/wp-content\/uploads\/2025\/08\/oleo-de-camomila_1756508443427-1140x641.jpg 1140w, https:\/\/www.em.com.br\/emfoco\/wp-content\/uploads\/2025\/08\/oleo-de-camomila_1756508443427.jpg 1280w\" sizes=\"auto, (max-width: 1024px) 100vw, 1024px\" \/><figcaption class=\"wp-element-caption\">O sono desempenha um papel vital na manuten\u00e7\u00e3o da sa\u00fade mental &#8211; Cr\u00e9ditos: depositphotos.com \/ AndrewLozovyi<\/figcaption><\/figure><\/div>\n\n\n<h2 class=\"wp-block-heading\">Como posso cultivar ervas calmantes no quintal?<\/h2>\n\n\n\n<p><strong>Cultivar ervas<\/strong> no seu quintal \u00e9 uma tarefa mais simples do que parece e pode ser adaptada de acordo com o espa\u00e7o dispon\u00edvel. Basta seguir algumas recomenda\u00e7\u00f5es b\u00e1sicas para obter \u00f3timos resultados, mesmo que voc\u00ea seja iniciante na jardinagem.<\/p>\n\n\n\n<ul class=\"wp-block-list\">\n<li>Escolha um <strong>local<\/strong> ensolarado, com pelo menos 4 a 6 horas de luz solar direta di\u00e1ria, e certifique-se de utilizar um <strong>solo bem drenado<\/strong>.<\/li>\n\n\n\n<li>Plante as <strong>sementes<\/strong> ou <strong>mudas<\/strong> respeitando o espa\u00e7amento recomendado para cada esp\u00e9cie, garantindo assim um desenvolvimento saud\u00e1vel.<\/li>\n\n\n\n<li>Mantenha o solo sempre <strong>umedecido<\/strong>, mas evite o excesso de \u00e1gua para n\u00e3o comprometer as ra\u00edzes e prevenir doen\u00e7as f\u00fangicas.<\/li>\n<\/ul>\n\n\n\n<p><strong>Dica r\u00e1pida:<\/strong> Realize a <strong>rota\u00e7\u00e3o de culturas<\/strong> anualmente para manter o <a href=\"https:\/\/rehagro.com.br\/blog\/materia-organica-no-solo\/\" target=\"_blank\" rel=\"noopener\">solo<\/a> f\u00e9rtil. Al\u00e9m disso, utilize mat\u00e9rias org\u00e2nicas, como h\u00famus ou compostagem, para enriquecer o substrato.<\/p>\n\n\n\n<h2 class=\"wp-block-heading\">Quais s\u00e3o os benef\u00edcios de consumir ch\u00e1 de ervas calmantes?<\/h2>\n\n\n\n<p>Observar seu pr\u00f3prio jardim e saber que voc\u00ea pode colher <strong>ingredientes frescos<\/strong> a qualquer momento para um ch\u00e1 relaxante \u00e9 apenas um dos grandes benef\u00edcios do cultivo caseiro.<\/p>\n\n\n\n<p><strong>Ch\u00e1s calmantes<\/strong> contribuem, comprovadamente, para uma melhora relevante na <strong>qualidade do sono<\/strong>, aliviam o <strong>estresse<\/strong> di\u00e1rio e auxiliam o sistema digestivo. Pesquisas do <strong>Minist\u00e9rio da Sa\u00fade<\/strong> refor\u00e7am que o consumo regular dessas ervas pode fortalecer o <strong>sistema imunol\u00f3gico<\/strong> e ainda promover maior sensa\u00e7\u00e3o de bem-estar geral. Um h\u00e1bito simples e natural que pode fazer a diferen\u00e7a no seu dia a dia.<\/p>\n\n\n\n<p><em>Leia tamb\u00e9m:<\/em> <a href=\"https:\/\/www.em.com.br\/emfoco\/2025\/10\/21\/as-melhores-plantas-para-criar-um-jardim-interno-cheio-de-paz-e-harmonia\/\" target=\"_blank\" rel=\"noopener\">As melhores plantas para criar um jardim interno cheio de paz e harmonia<\/a><\/p>\n\n\n\n<h2 class=\"wp-block-heading\">Por que vale a pena cultivar suas pr\u00f3prias ervas calmantes?<\/h2>\n\n\n\n<p><strong>Cultivar um jardim de ervas<\/strong> \u00e9 um convite para renovar o corpo e a mente, criando um espa\u00e7o de tranquilidade, contempla\u00e7\u00e3o e renova\u00e7\u00e3o di\u00e1ria sem sair de casa.<\/p>\n\n\n\n<p>Al\u00e9m do seu potencial efeito relaxante, ter o controle sobre os <strong>ingredientes<\/strong> permite optar por pr\u00e1ticas mais sustent\u00e1veis e <strong>org\u00e2nicas<\/strong>, livres de pesticidas e fertilizantes qu\u00edmicos. Segundo a <strong>Organiza\u00e7\u00e3o Mundial da Sa\u00fade<\/strong>, m\u00e9todos de cultivo dom\u00e9stico reduzem consideravelmente os riscos ligados \u00e0 ingest\u00e3o de subst\u00e2ncias t\u00f3xicas, tornando o consumo mais seguro e saud\u00e1vel para toda a fam\u00edlia.<\/p>\n\n\n\n<h2 class=\"wp-block-heading\">Quais resultados esperar com o cultivo de ervas?<\/h2>\n\n\n\n<ul class=\"wp-block-list\">\n<li>Ter um <strong>jardim de ervas<\/strong> no quintal \u00e9 uma maneira eficiente de combater o <strong>estresse<\/strong> do dia a dia.<\/li>\n\n\n\n<li>Suas pr\u00f3prias ervas garantem <strong>acesso f\u00e1cil e regular<\/strong> a ingredientes frescos e livres de contamina\u00e7\u00e3o.<\/li>\n\n\n\n<li>Com o cultivo caseiro, voc\u00ea pode <strong>personalizar suas misturas de ch\u00e1<\/strong> e experimentar novos sabores inspirados em culturas tradicionais do <strong>Jap\u00e3o<\/strong>, <strong>Marrocos<\/strong> e muitos outros pa\u00edses, tornando cada x\u00edcara ainda mais especial.<\/li>\n<\/ul>\n","protected":false},"excerpt":{"rendered":"<p>Descubra como \u00e9 pr\u00e1tico e altamente vantajoso manter seu pr\u00f3prio jardim de ervas calmantes para ch\u00e1 em casa. O cultivo dessas plantas no quintal traz n\u00e3o s\u00f3 uma experi\u00eancia \u00fanica de relaxamento e bem-estar, mas tamb\u00e9m garante ingredientes frescos, naturais e de alta qualidade para suas infus\u00f5es di\u00e1rias. Quais ervas escolher para um ch\u00e1 calmante? [&hellip;]<\/p>\n","protected":false},"author":9,"featured_media":26774,"comment_status":"open","ping_status":"open","sticky":false,"template":"","format":"standard","meta":{"jnews-multi-image_gallery":[],"jnews_single_post":{"format":"standard"},"jnews_primary_category":[],"jnews_social_meta":[],"jnews_override_counter":[],"footnotes":""},"categories":[8819,1],"tags":[1924,3139,17719],"class_list":["post-118031","post","type-post","status-publish","format-standard","has-post-thumbnail","hentry","category-curiosidades","category-noticias","tag-cha","tag-cultivo","tag-erva-calmante"],"yoast_head":"<!-- This site is optimized with the Yoast SEO plugin v23.8 - https:\/\/yoast.com\/wordpress\/plugins\/seo\/ -->\n<title>Como ter uma farm\u00e1cia natural no quintal para aliviar a tens\u00e3o do dia a dia - Estado de Minas - Em foco<\/title>\n<meta name=\"description\" content=\"Ter um jardim de ervas em casa \u00e9 f\u00e1cil. Garanta ch\u00e1s frescos e naturais para relaxar, aliviar a ansiedade e dormir muito melhor.\" \/>\n<meta name=\"robots\" content=\"index, follow, max-snippet:-1, max-image-preview:large, max-video-preview:-1\" \/>\n<link rel=\"canonical\" href=\"https:\/\/www.em.com.br\/emfoco\/2025\/10\/23\/como-ter-uma-farmacia-natural-no-quintal-para-aliviar-a-tensao-do-dia-a-dia\/\" \/>\n<meta property=\"og:locale\" content=\"pt_BR\" \/>\n<meta property=\"og:type\" content=\"article\" \/>\n<meta property=\"og:title\" content=\"Como ter uma farm\u00e1cia natural no quintal para aliviar a tens\u00e3o do dia a dia - Estado de Minas - Em foco\" \/>\n<meta property=\"og:description\" content=\"Ter um jardim de ervas em casa \u00e9 f\u00e1cil. Garanta ch\u00e1s frescos e naturais para relaxar, aliviar a ansiedade e dormir muito melhor.\" \/>\n<meta property=\"og:url\" content=\"https:\/\/www.em.com.br\/emfoco\/2025\/10\/23\/como-ter-uma-farmacia-natural-no-quintal-para-aliviar-a-tensao-do-dia-a-dia\/\" \/>\n<meta property=\"og:site_name\" content=\"Estado de Minas - Em foco\" \/>\n<meta property=\"article:published_time\" content=\"2025-10-23T18:45:05+00:00\" \/>\n<meta property=\"article:modified_time\" content=\"2025-10-22T23:40:17+00:00\" \/>\n<meta property=\"og:image\" content=\"https:\/\/www.em.com.br\/emfoco\/wp-content\/uploads\/2025\/03\/jardim-comestivel_1741447049825.jpg\" \/>\n\t<meta property=\"og:image:width\" content=\"1280\" \/>\n\t<meta property=\"og:image:height\" content=\"720\" \/>\n\t<meta property=\"og:image:type\" content=\"image\/jpeg\" \/>\n<meta name=\"author\" content=\"Daniely Cardoso\" \/>\n<meta name=\"twitter:card\" content=\"summary_large_image\" \/>\n<meta name=\"twitter:label1\" content=\"Escrito por\" \/>\n\t<meta name=\"twitter:data1\" content=\"Daniely Cardoso\" \/>\n\t<meta name=\"twitter:label2\" content=\"Est. tempo de leitura\" \/>\n\t<meta name=\"twitter:data2\" content=\"5 minutos\" \/>\n<!-- \/ Yoast SEO plugin. -->","yoast_head_json":{"title":"Como ter uma farm\u00e1cia natural no quintal para aliviar a tens\u00e3o do dia a dia - Estado de Minas - Em foco","description":"Ter um jardim de ervas em casa \u00e9 f\u00e1cil. Garanta ch\u00e1s frescos e naturais para relaxar, aliviar a ansiedade e dormir muito melhor.","robots":{"index":"index","follow":"follow","max-snippet":"max-snippet:-1","max-image-preview":"max-image-preview:large","max-video-preview":"max-video-preview:-1"},"canonical":"https:\/\/www.em.com.br\/emfoco\/2025\/10\/23\/como-ter-uma-farmacia-natural-no-quintal-para-aliviar-a-tensao-do-dia-a-dia\/","og_locale":"pt_BR","og_type":"article","og_title":"Como ter uma farm\u00e1cia natural no quintal para aliviar a tens\u00e3o do dia a dia - Estado de Minas - Em foco","og_description":"Ter um jardim de ervas em casa \u00e9 f\u00e1cil. Garanta ch\u00e1s frescos e naturais para relaxar, aliviar a ansiedade e dormir muito melhor.","og_url":"https:\/\/www.em.com.br\/emfoco\/2025\/10\/23\/como-ter-uma-farmacia-natural-no-quintal-para-aliviar-a-tensao-do-dia-a-dia\/","og_site_name":"Estado de Minas - Em foco","article_published_time":"2025-10-23T18:45:05+00:00","article_modified_time":"2025-10-22T23:40:17+00:00","og_image":[{"width":1280,"height":720,"url":"https:\/\/www.em.com.br\/emfoco\/wp-content\/uploads\/2025\/03\/jardim-comestivel_1741447049825.jpg","type":"image\/jpeg"}],"author":"Daniely Cardoso","twitter_card":"summary_large_image","twitter_misc":{"Escrito por":"Daniely Cardoso","Est. tempo de leitura":"5 minutos"},"schema":{"@context":"https:\/\/schema.org","@graph":[{"@type":"WebPage","@id":"https:\/\/www.em.com.br\/emfoco\/2025\/10\/23\/como-ter-uma-farmacia-natural-no-quintal-para-aliviar-a-tensao-do-dia-a-dia\/","url":"https:\/\/www.em.com.br\/emfoco\/2025\/10\/23\/como-ter-uma-farmacia-natural-no-quintal-para-aliviar-a-tensao-do-dia-a-dia\/","name":"Como ter uma farm\u00e1cia natural no quintal para aliviar a tens\u00e3o do dia a dia - Estado de Minas - Em foco","isPartOf":{"@id":"https:\/\/www.em.com.br\/emfoco\/#website"},"primaryImageOfPage":{"@id":"https:\/\/www.em.com.br\/emfoco\/2025\/10\/23\/como-ter-uma-farmacia-natural-no-quintal-para-aliviar-a-tensao-do-dia-a-dia\/#primaryimage"},"image":{"@id":"https:\/\/www.em.com.br\/emfoco\/2025\/10\/23\/como-ter-uma-farmacia-natural-no-quintal-para-aliviar-a-tensao-do-dia-a-dia\/#primaryimage"},"thumbnailUrl":"https:\/\/www.em.com.br\/emfoco\/wp-content\/uploads\/2025\/03\/jardim-comestivel_1741447049825.jpg","datePublished":"2025-10-23T18:45:05+00:00","dateModified":"2025-10-22T23:40:17+00:00","author":{"@id":"https:\/\/www.em.com.br\/emfoco\/#\/schema\/person\/0a8186d72f2c3a5c6276d90b41f271a0"},"description":"Ter um jardim de ervas em casa \u00e9 f\u00e1cil. Garanta ch\u00e1s frescos e naturais para relaxar, aliviar a ansiedade e dormir muito melhor.","breadcrumb":{"@id":"https:\/\/www.em.com.br\/emfoco\/2025\/10\/23\/como-ter-uma-farmacia-natural-no-quintal-para-aliviar-a-tensao-do-dia-a-dia\/#breadcrumb"},"inLanguage":"pt-BR","potentialAction":[{"@type":"ReadAction","target":["https:\/\/www.em.com.br\/emfoco\/2025\/10\/23\/como-ter-uma-farmacia-natural-no-quintal-para-aliviar-a-tensao-do-dia-a-dia\/"]}]},{"@type":"ImageObject","inLanguage":"pt-BR","@id":"https:\/\/www.em.com.br\/emfoco\/2025\/10\/23\/como-ter-uma-farmacia-natural-no-quintal-para-aliviar-a-tensao-do-dia-a-dia\/#primaryimage","url":"https:\/\/www.em.com.br\/emfoco\/wp-content\/uploads\/2025\/03\/jardim-comestivel_1741447049825.jpg","contentUrl":"https:\/\/www.em.com.br\/emfoco\/wp-content\/uploads\/2025\/03\/jardim-comestivel_1741447049825.jpg","width":1280,"height":720,"caption":"Jardim comest\u00edvel - Cr\u00e9ditos: depositphotos.com \/ urban_light"},{"@type":"BreadcrumbList","@id":"https:\/\/www.em.com.br\/emfoco\/2025\/10\/23\/como-ter-uma-farmacia-natural-no-quintal-para-aliviar-a-tensao-do-dia-a-dia\/#breadcrumb","itemListElement":[{"@type":"ListItem","position":1,"name":"In\u00edcio","item":"https:\/\/www.em.com.br\/emfoco\/"},{"@type":"ListItem","position":2,"name":"Como ter uma farm\u00e1cia natural no quintal para aliviar a tens\u00e3o do dia a dia"}]},{"@type":"WebSite","@id":"https:\/\/www.em.com.br\/emfoco\/#website","url":"https:\/\/www.em.com.br\/emfoco\/","name":"Estado de Minas - Em foco","description":"Acompanhe as \u00faltimas not\u00edcias e fique bem informado sobre tudo o que acontece em Minas Gerais, Brasil e no mundo.","potentialAction":[{"@type":"SearchAction","target":{"@type":"EntryPoint","urlTemplate":"https:\/\/www.em.com.br\/emfoco\/?s={search_term_string}"},"query-input":{"@type":"PropertyValueSpecification","valueRequired":true,"valueName":"search_term_string"}}],"inLanguage":"pt-BR"},{"@type":"Person","@id":"https:\/\/www.em.com.br\/emfoco\/#\/schema\/person\/0a8186d72f2c3a5c6276d90b41f271a0","name":"Daniely Cardoso","image":{"@type":"ImageObject","inLanguage":"pt-BR","@id":"https:\/\/www.em.com.br\/emfoco\/#\/schema\/person\/image\/","url":"https:\/\/secure.gravatar.com\/avatar\/4b80ddbd124d1f071b626d52d62e5dff?s=96&d=mm&r=g","contentUrl":"https:\/\/secure.gravatar.com\/avatar\/4b80ddbd124d1f071b626d52d62e5dff?s=96&d=mm&r=g","caption":"Daniely Cardoso"},"url":"https:\/\/www.em.com.br\/emfoco\/author\/danielymyth\/"}]}},"_links":{"self":[{"href":"https:\/\/www.em.com.br\/emfoco\/wp-json\/wp\/v2\/posts\/118031","targetHints":{"allow":["GET"]}}],"collection":[{"href":"https:\/\/www.em.com.br\/emfoco\/wp-json\/wp\/v2\/posts"}],"about":[{"href":"https:\/\/www.em.com.br\/emfoco\/wp-json\/wp\/v2\/types\/post"}],"author":[{"embeddable":true,"href":"https:\/\/www.em.com.br\/emfoco\/wp-json\/wp\/v2\/users\/9"}],"replies":[{"embeddable":true,"href":"https:\/\/www.em.com.br\/emfoco\/wp-json\/wp\/v2\/comments?post=118031"}],"version-history":[{"count":3,"href":"https:\/\/www.em.com.br\/emfoco\/wp-json\/wp\/v2\/posts\/118031\/revisions"}],"predecessor-version":[{"id":118401,"href":"https:\/\/www.em.com.br\/emfoco\/wp-json\/wp\/v2\/posts\/118031\/revisions\/118401"}],"wp:featuredmedia":[{"embeddable":true,"href":"https:\/\/www.em.com.br\/emfoco\/wp-json\/wp\/v2\/media\/26774"}],"wp:attachment":[{"href":"https:\/\/www.em.com.br\/emfoco\/wp-json\/wp\/v2\/media?parent=118031"}],"wp:term":[{"taxonomy":"category","embeddable":true,"href":"https:\/\/www.em.com.br\/emfoco\/wp-json\/wp\/v2\/categories?post=118031"},{"taxonomy":"post_tag","embeddable":true,"href":"https:\/\/www.em.com.br\/emfoco\/wp-json\/wp\/v2\/tags?post=118031"}],"curies":[{"name":"wp","href":"https:\/\/api.w.org\/{rel}","templated":true}]}}