{"id":117738,"date":"2025-10-23T10:15:00","date_gmt":"2025-10-23T13:15:00","guid":{"rendered":"https:\/\/www.em.com.br\/emfoco\/?p=117738"},"modified":"2025-10-21T14:42:21","modified_gmt":"2025-10-21T17:42:21","slug":"o-momento-mais-decisivo-do-ano-chegou-para-esses-3-signos","status":"publish","type":"post","link":"https:\/\/www.em.com.br\/emfoco\/2025\/10\/23\/o-momento-mais-decisivo-do-ano-chegou-para-esses-3-signos\/","title":{"rendered":"O momento mais decisivo do ano chegou para esses 3 signos"},"content":{"rendered":"\n<p>A conjun\u00e7\u00e3o entre <strong>Marte<\/strong> e <strong>Plut\u00e3o<\/strong> traz uma energia poderosa de transforma\u00e7\u00e3o e coragem. Ap\u00f3s meses de indecis\u00e3o, alguns signos finalmente encontrar\u00e3o for\u00e7a para romper padr\u00f5es, fazer escolhas firmes e iniciar uma nova fase de poder pessoal.<\/p>\n\n\n\n<ul class=\"wp-block-list\">\n<li>Marte e Plut\u00e3o impulsionam decis\u00f5es corajosas<\/li>\n\n\n\n<li>Signos ganham for\u00e7a para dizer \u201cchega\u201d<\/li>\n\n\n\n<li>Amor, carreira e mudan\u00e7as entram em foco<\/li>\n<\/ul>\n\n\n\n<h2 class=\"wp-block-heading\">Como a energia de Marte e Plut\u00e3o influencia as decis\u00f5es?<\/h2>\n\n\n\n<p>Quando <strong>Marte<\/strong> e <strong>Plut\u00e3o<\/strong> se unem, surge um impulso transformador que rompe a estagna\u00e7\u00e3o. Essa combina\u00e7\u00e3o astral desperta autoconfian\u00e7a e vontade de agir, encerrando ciclos de d\u00favida que vinham prendendo muitos signos em situa\u00e7\u00f5es desgastantes.<\/p>\n\n\n\n<p><strong>Plut\u00e3o<\/strong> representa a regenera\u00e7\u00e3o e o renascimento, enquanto Marte simboliza a\u00e7\u00e3o e coragem. Juntos, eles formam uma for\u00e7a interior capaz de mudar comportamentos e cortar o que j\u00e1 n\u00e3o faz sentido \u2014 seja um relacionamento, um emprego ou at\u00e9 um modo de pensar limitante.<\/p>\n\n\n\n<figure class=\"wp-block-image size-large\"><img loading=\"lazy\" decoding=\"async\" width=\"1024\" height=\"576\" src=\"https:\/\/www.em.com.br\/emfoco\/wp-content\/uploads\/2025\/10\/Astrologia_1761068266869-1024x576.jpg\" alt=\"O momento mais decisivo do ano chegou para esses 3 signos\" class=\"wp-image-117755\" srcset=\"https:\/\/www.em.com.br\/emfoco\/wp-content\/uploads\/2025\/10\/Astrologia_1761068266869-1024x576.jpg 1024w, https:\/\/www.em.com.br\/emfoco\/wp-content\/uploads\/2025\/10\/Astrologia_1761068266869-300x169.jpg 300w, https:\/\/www.em.com.br\/emfoco\/wp-content\/uploads\/2025\/10\/Astrologia_1761068266869-768x432.jpg 768w, https:\/\/www.em.com.br\/emfoco\/wp-content\/uploads\/2025\/10\/Astrologia_1761068266869-750x422.jpg 750w, https:\/\/www.em.com.br\/emfoco\/wp-content\/uploads\/2025\/10\/Astrologia_1761068266869-1140x641.jpg 1140w, https:\/\/www.em.com.br\/emfoco\/wp-content\/uploads\/2025\/10\/Astrologia_1761068266869.jpg 1280w\" sizes=\"auto, (max-width: 1024px) 100vw, 1024px\" \/><figcaption class=\"wp-element-caption\">Ciclo perfeito para cortar la\u00e7os que bloqueiam o crescimento &#8211; Cr\u00e9ditos: depositphotos.com \/ AndrewLozovyi<\/figcaption><\/figure>\n\n\n\n<h2 class=\"wp-block-heading\">Quais signos v\u00e3o assumir o controle e agir com firmeza?<\/h2>\n\n\n\n<p>Alguns signos sentir\u00e3o com mais intensidade essa virada energ\u00e9tica e ter\u00e3o coragem para finalmente dizer \u201cbasta\u201d a tudo que os prendia. S\u00e3o eles:<\/p>\n\n\n\n<ul class=\"wp-block-list\">\n<li><strong>\u00c1ries<\/strong>: vai recuperar sua ess\u00eancia de lideran\u00e7a e tomar decis\u00f5es r\u00e1pidas, principalmente na vida profissional.<\/li>\n\n\n\n<li><strong>Escorpi\u00e3o<\/strong>: com Plut\u00e3o como regente, entra em um processo profundo de renascimento emocional e liberta\u00e7\u00e3o.<\/li>\n\n\n\n<li><strong>Capric\u00f3rnio<\/strong>: coloca fim \u00e0 indecis\u00e3o e foca em objetivos concretos, especialmente em mudan\u00e7as de cidade ou carreira.<\/li>\n<\/ul>\n\n\n\n<p><em>Leia mais: <a href=\"https:\/\/www.em.com.br\/emfoco\/2025\/10\/21\/os-3-signos-que-vao-viver-uma-reviravolta-amorosa-ainda-neste-mes\/\" target=\"_blank\" rel=\"noreferrer noopener\">Os 3 signos que v\u00e3o viver uma reviravolta amorosa ainda neste m\u00eas<\/a><\/em><\/p>\n\n\n\n<h2 class=\"wp-block-heading\">Por que esse momento marca o fim da indecis\u00e3o?<\/h2>\n\n\n\n<p><strong>A conjun\u00e7\u00e3o de Marte e Plut\u00e3o<\/strong> age como um catalisador emocional e mental, encerrando per\u00edodos de d\u00favida e <a href=\"https:\/\/sebraepr.com.br\/comunidade\/artigo\/como-vencer-a-inseguranca-com-7-habitos-simples-3?srsltid=AfmBOoo-KwPvr16RBhqvvSzSFB_bqUUbQWFOUDnzXYx8MQcr7hpw6_0j\" target=\"_blank\" rel=\"noreferrer noopener\">inseguran\u00e7a<\/a>. Os signos agora enxergam com clareza o que precisam deixar para tr\u00e1s e encontram coragem para agir sem medo do julgamento alheio.<\/p>\n\n\n\n<p>\u00c9 um per\u00edodo de fortalecimento interno e autoconhecimento. Muitos perceber\u00e3o que o verdadeiro poder vem de dizer \u201cn\u00e3o\u201d ao que desgasta e \u201csim\u201d ao que inspira. As decis\u00f5es tomadas agora ter\u00e3o efeitos duradouros e libertadores.<\/p>\n\n\n\n<figure class=\"wp-block-image size-large\"><img loading=\"lazy\" decoding=\"async\" width=\"1024\" height=\"576\" src=\"https:\/\/www.em.com.br\/emfoco\/wp-content\/uploads\/2025\/10\/Astrologia_1761068285529-1024x576.jpg\" alt=\"O momento mais decisivo do ano chegou para esses 3 signos\" class=\"wp-image-117756\" srcset=\"https:\/\/www.em.com.br\/emfoco\/wp-content\/uploads\/2025\/10\/Astrologia_1761068285529-1024x576.jpg 1024w, https:\/\/www.em.com.br\/emfoco\/wp-content\/uploads\/2025\/10\/Astrologia_1761068285529-300x169.jpg 300w, https:\/\/www.em.com.br\/emfoco\/wp-content\/uploads\/2025\/10\/Astrologia_1761068285529-768x432.jpg 768w, https:\/\/www.em.com.br\/emfoco\/wp-content\/uploads\/2025\/10\/Astrologia_1761068285529-750x422.jpg 750w, https:\/\/www.em.com.br\/emfoco\/wp-content\/uploads\/2025\/10\/Astrologia_1761068285529-1140x641.jpg 1140w, https:\/\/www.em.com.br\/emfoco\/wp-content\/uploads\/2025\/10\/Astrologia_1761068285529.jpg 1280w\" sizes=\"auto, (max-width: 1024px) 100vw, 1024px\" \/><figcaption class=\"wp-element-caption\">Energia c\u00f3smica favorece decis\u00f5es firmes e conscientes &#8211; Cr\u00e9ditos: depositphotos.com \/ koi88<\/figcaption><\/figure>\n\n\n\n<h2 class=\"wp-block-heading\">Como aproveitar essa fase de empoderamento pessoal?<\/h2>\n\n\n\n<p>Para canalizar a energia dessa conjun\u00e7\u00e3o de forma positiva, \u00e9 essencial agir com consci\u00eancia e foco. Use esse momento para consolidar planos e cortar v\u00ednculos que impedem seu crescimento.<\/p>\n\n\n\n<ul class=\"wp-block-list\">\n<li>Pratique o autoconhecimento e escute sua intui\u00e7\u00e3o antes de agir.<\/li>\n\n\n\n<li>Evite discuss\u00f5es impulsivas; transforme a raiva em motiva\u00e7\u00e3o.<\/li>\n\n\n\n<li>Inicie projetos pessoais que fortale\u00e7am sua independ\u00eancia emocional e financeira.<\/li>\n<\/ul>\n","protected":false},"excerpt":{"rendered":"<p>A conjun\u00e7\u00e3o entre Marte e Plut\u00e3o traz uma energia poderosa de transforma\u00e7\u00e3o e coragem. Ap\u00f3s meses de indecis\u00e3o, alguns signos finalmente encontrar\u00e3o for\u00e7a para romper padr\u00f5es, fazer escolhas firmes e iniciar uma nova fase de poder pessoal. Como a energia de Marte e Plut\u00e3o influencia as decis\u00f5es? Quando Marte e Plut\u00e3o se unem, surge um [&hellip;]<\/p>\n","protected":false},"author":13,"featured_media":117753,"comment_status":"open","ping_status":"open","sticky":false,"template":"","format":"standard","meta":{"jnews-multi-image_gallery":[],"jnews_single_post":{"format":"standard"},"jnews_primary_category":[],"jnews_social_meta":[],"jnews_override_counter":[],"footnotes":""},"categories":[25],"tags":[17689,297,4217],"class_list":["post-117738","post","type-post","status-publish","format-standard","has-post-thumbnail","hentry","category-signos","tag-assumir-o-controle","tag-astrologia","tag-transformacao"],"yoast_head":"<!-- This site is optimized with the Yoast SEO plugin v23.8 - https:\/\/yoast.com\/wordpress\/plugins\/seo\/ -->\n<title>O momento mais decisivo do ano chegou para esses 3 signos - Estado de Minas - Em foco<\/title>\n<meta name=\"description\" content=\"Com energia intensa e libertadora, 3 signos ganham coragem para dizer basta e iniciar uma nova fase com atitude e clareza.\" \/>\n<meta name=\"robots\" content=\"index, follow, max-snippet:-1, max-image-preview:large, max-video-preview:-1\" \/>\n<link rel=\"canonical\" href=\"https:\/\/www.em.com.br\/emfoco\/2025\/10\/23\/o-momento-mais-decisivo-do-ano-chegou-para-esses-3-signos\/\" \/>\n<meta property=\"og:locale\" content=\"pt_BR\" \/>\n<meta property=\"og:type\" content=\"article\" \/>\n<meta property=\"og:title\" content=\"O momento mais decisivo do ano chegou para esses 3 signos - Estado de Minas - Em foco\" \/>\n<meta property=\"og:description\" content=\"Com energia intensa e libertadora, 3 signos ganham coragem para dizer basta e iniciar uma nova fase com atitude e clareza.\" \/>\n<meta property=\"og:url\" content=\"https:\/\/www.em.com.br\/emfoco\/2025\/10\/23\/o-momento-mais-decisivo-do-ano-chegou-para-esses-3-signos\/\" \/>\n<meta property=\"og:site_name\" content=\"Estado de Minas - Em foco\" \/>\n<meta property=\"article:published_time\" content=\"2025-10-23T13:15:00+00:00\" \/>\n<meta property=\"article:modified_time\" content=\"2025-10-21T17:42:21+00:00\" \/>\n<meta property=\"og:image\" content=\"https:\/\/www.em.com.br\/emfoco\/wp-content\/uploads\/2025\/10\/Astrologia_1761068222303.jpg\" \/>\n\t<meta property=\"og:image:width\" content=\"1280\" \/>\n\t<meta property=\"og:image:height\" content=\"720\" \/>\n\t<meta property=\"og:image:type\" content=\"image\/jpeg\" \/>\n<meta name=\"author\" content=\"Gabriel Martins\" \/>\n<meta name=\"twitter:card\" content=\"summary_large_image\" \/>\n<meta name=\"twitter:label1\" content=\"Escrito por\" \/>\n\t<meta name=\"twitter:data1\" content=\"Gabriel Martins\" \/>\n\t<meta name=\"twitter:label2\" content=\"Est. tempo de leitura\" \/>\n\t<meta name=\"twitter:data2\" content=\"3 minutos\" \/>\n<!-- \/ Yoast SEO plugin. -->","yoast_head_json":{"title":"O momento mais decisivo do ano chegou para esses 3 signos - Estado de Minas - Em foco","description":"Com energia intensa e libertadora, 3 signos ganham coragem para dizer basta e iniciar uma nova fase com atitude e clareza.","robots":{"index":"index","follow":"follow","max-snippet":"max-snippet:-1","max-image-preview":"max-image-preview:large","max-video-preview":"max-video-preview:-1"},"canonical":"https:\/\/www.em.com.br\/emfoco\/2025\/10\/23\/o-momento-mais-decisivo-do-ano-chegou-para-esses-3-signos\/","og_locale":"pt_BR","og_type":"article","og_title":"O momento mais decisivo do ano chegou para esses 3 signos - Estado de Minas - Em foco","og_description":"Com energia intensa e libertadora, 3 signos ganham coragem para dizer basta e iniciar uma nova fase com atitude e clareza.","og_url":"https:\/\/www.em.com.br\/emfoco\/2025\/10\/23\/o-momento-mais-decisivo-do-ano-chegou-para-esses-3-signos\/","og_site_name":"Estado de Minas - Em foco","article_published_time":"2025-10-23T13:15:00+00:00","article_modified_time":"2025-10-21T17:42:21+00:00","og_image":[{"width":1280,"height":720,"url":"https:\/\/www.em.com.br\/emfoco\/wp-content\/uploads\/2025\/10\/Astrologia_1761068222303.jpg","type":"image\/jpeg"}],"author":"Gabriel Martins","twitter_card":"summary_large_image","twitter_misc":{"Escrito por":"Gabriel Martins","Est. tempo de leitura":"3 minutos"},"schema":{"@context":"https:\/\/schema.org","@graph":[{"@type":"WebPage","@id":"https:\/\/www.em.com.br\/emfoco\/2025\/10\/23\/o-momento-mais-decisivo-do-ano-chegou-para-esses-3-signos\/","url":"https:\/\/www.em.com.br\/emfoco\/2025\/10\/23\/o-momento-mais-decisivo-do-ano-chegou-para-esses-3-signos\/","name":"O momento mais decisivo do ano chegou para esses 3 signos - Estado de Minas - Em foco","isPartOf":{"@id":"https:\/\/www.em.com.br\/emfoco\/#website"},"primaryImageOfPage":{"@id":"https:\/\/www.em.com.br\/emfoco\/2025\/10\/23\/o-momento-mais-decisivo-do-ano-chegou-para-esses-3-signos\/#primaryimage"},"image":{"@id":"https:\/\/www.em.com.br\/emfoco\/2025\/10\/23\/o-momento-mais-decisivo-do-ano-chegou-para-esses-3-signos\/#primaryimage"},"thumbnailUrl":"https:\/\/www.em.com.br\/emfoco\/wp-content\/uploads\/2025\/10\/Astrologia_1761068222303.jpg","datePublished":"2025-10-23T13:15:00+00:00","dateModified":"2025-10-21T17:42:21+00:00","author":{"@id":"https:\/\/www.em.com.br\/emfoco\/#\/schema\/person\/1c9ddeab18b98abeffef834667bcf08a"},"description":"Com energia intensa e libertadora, 3 signos ganham coragem para dizer basta e iniciar uma nova fase com atitude e clareza.","breadcrumb":{"@id":"https:\/\/www.em.com.br\/emfoco\/2025\/10\/23\/o-momento-mais-decisivo-do-ano-chegou-para-esses-3-signos\/#breadcrumb"},"inLanguage":"pt-BR","potentialAction":[{"@type":"ReadAction","target":["https:\/\/www.em.com.br\/emfoco\/2025\/10\/23\/o-momento-mais-decisivo-do-ano-chegou-para-esses-3-signos\/"]}]},{"@type":"ImageObject","inLanguage":"pt-BR","@id":"https:\/\/www.em.com.br\/emfoco\/2025\/10\/23\/o-momento-mais-decisivo-do-ano-chegou-para-esses-3-signos\/#primaryimage","url":"https:\/\/www.em.com.br\/emfoco\/wp-content\/uploads\/2025\/10\/Astrologia_1761068222303.jpg","contentUrl":"https:\/\/www.em.com.br\/emfoco\/wp-content\/uploads\/2025\/10\/Astrologia_1761068222303.jpg","width":1280,"height":720,"caption":"Conjun\u00e7\u00e3o ativa for\u00e7a interior e a\u00e7\u00e3o sem medo - Cr\u00e9ditos: depositphotos.com \/ AntonMatyukha"},{"@type":"BreadcrumbList","@id":"https:\/\/www.em.com.br\/emfoco\/2025\/10\/23\/o-momento-mais-decisivo-do-ano-chegou-para-esses-3-signos\/#breadcrumb","itemListElement":[{"@type":"ListItem","position":1,"name":"In\u00edcio","item":"https:\/\/www.em.com.br\/emfoco\/"},{"@type":"ListItem","position":2,"name":"O momento mais decisivo do ano chegou para esses 3 signos"}]},{"@type":"WebSite","@id":"https:\/\/www.em.com.br\/emfoco\/#website","url":"https:\/\/www.em.com.br\/emfoco\/","name":"Estado de Minas - Em foco","description":"Acompanhe as \u00faltimas not\u00edcias e fique bem informado sobre tudo o que acontece em Minas Gerais, Brasil e no mundo.","potentialAction":[{"@type":"SearchAction","target":{"@type":"EntryPoint","urlTemplate":"https:\/\/www.em.com.br\/emfoco\/?s={search_term_string}"},"query-input":{"@type":"PropertyValueSpecification","valueRequired":true,"valueName":"search_term_string"}}],"inLanguage":"pt-BR"},{"@type":"Person","@id":"https:\/\/www.em.com.br\/emfoco\/#\/schema\/person\/1c9ddeab18b98abeffef834667bcf08a","name":"Gabriel Martins","image":{"@type":"ImageObject","inLanguage":"pt-BR","@id":"https:\/\/www.em.com.br\/emfoco\/#\/schema\/person\/image\/","url":"https:\/\/secure.gravatar.com\/avatar\/f0f1e2efdfd88f1ad2cb08c5c2731e50?s=96&d=mm&r=g","contentUrl":"https:\/\/secure.gravatar.com\/avatar\/f0f1e2efdfd88f1ad2cb08c5c2731e50?s=96&d=mm&r=g","caption":"Gabriel Martins"},"sameAs":["https:\/\/www.em.com.br\/emfoco\/"],"url":"https:\/\/www.em.com.br\/emfoco\/author\/gabrielmartinsmyth\/"}]}},"_links":{"self":[{"href":"https:\/\/www.em.com.br\/emfoco\/wp-json\/wp\/v2\/posts\/117738","targetHints":{"allow":["GET"]}}],"collection":[{"href":"https:\/\/www.em.com.br\/emfoco\/wp-json\/wp\/v2\/posts"}],"about":[{"href":"https:\/\/www.em.com.br\/emfoco\/wp-json\/wp\/v2\/types\/post"}],"author":[{"embeddable":true,"href":"https:\/\/www.em.com.br\/emfoco\/wp-json\/wp\/v2\/users\/13"}],"replies":[{"embeddable":true,"href":"https:\/\/www.em.com.br\/emfoco\/wp-json\/wp\/v2\/comments?post=117738"}],"version-history":[{"count":1,"href":"https:\/\/www.em.com.br\/emfoco\/wp-json\/wp\/v2\/posts\/117738\/revisions"}],"predecessor-version":[{"id":117757,"href":"https:\/\/www.em.com.br\/emfoco\/wp-json\/wp\/v2\/posts\/117738\/revisions\/117757"}],"wp:featuredmedia":[{"embeddable":true,"href":"https:\/\/www.em.com.br\/emfoco\/wp-json\/wp\/v2\/media\/117753"}],"wp:attachment":[{"href":"https:\/\/www.em.com.br\/emfoco\/wp-json\/wp\/v2\/media?parent=117738"}],"wp:term":[{"taxonomy":"category","embeddable":true,"href":"https:\/\/www.em.com.br\/emfoco\/wp-json\/wp\/v2\/categories?post=117738"},{"taxonomy":"post_tag","embeddable":true,"href":"https:\/\/www.em.com.br\/emfoco\/wp-json\/wp\/v2\/tags?post=117738"}],"curies":[{"name":"wp","href":"https:\/\/api.w.org\/{rel}","templated":true}]}}