{"id":117736,"date":"2025-10-23T06:55:00","date_gmt":"2025-10-23T09:55:00","guid":{"rendered":"https:\/\/www.em.com.br\/emfoco\/?p=117736"},"modified":"2025-10-22T21:05:42","modified_gmt":"2025-10-23T00:05:42","slug":"5-plantas-aromaticas-que-resistem-ao-calor-e-deixam-a-cozinha-perfumada","status":"publish","type":"post","link":"https:\/\/www.em.com.br\/emfoco\/2025\/10\/23\/5-plantas-aromaticas-que-resistem-ao-calor-e-deixam-a-cozinha-perfumada\/","title":{"rendered":"5 plantas arom\u00e1ticas que resistem ao calor e deixam a cozinha perfumada"},"content":{"rendered":"\n<p>Nem todo calor precisa acabar com o verde \u2014 algumas plantas adoram sol e ainda perfumam a cozinha o dia todo. <strong>Manjeric\u00e3o, alecrim, hortel\u00e3, tomilho<\/strong> e <strong>capim-lim\u00e3o<\/strong> s\u00e3o exemplos perfeitos de esp\u00e9cies que resistem ao calor e exalam aroma constante, mesmo sob altas temperaturas.<\/p>\n\n\n\n<ul class=\"wp-block-list\">\n<li>Plantas resistentes ao calor e de aroma intenso<\/li>\n\n\n\n<li>Ideais para cozinhas bem iluminadas<\/li>\n\n\n\n<li>F\u00e1ceis de cultivar em vasos com boa drenagem<\/li>\n<\/ul>\n\n\n\n<h2 class=\"wp-block-heading\">Por que algumas plantas arom\u00e1ticas resistem t\u00e3o bem ao calor?<\/h2>\n\n\n\n<p>A resist\u00eancia dessas <strong>ervas arom\u00e1ticas<\/strong> vem de suas folhas firmes e \u00f3leos essenciais, que ajudam a reter umidade e suportar altas temperaturas. Essa combina\u00e7\u00e3o faz com que permane\u00e7am vi\u00e7osas mesmo sob sol direto, mantendo o aroma fresco e natural o dia todo.<\/p>\n\n\n\n<p>Al\u00e9m disso, esp\u00e9cies como <strong>alecrim e tomilho<\/strong> s\u00e3o nativas de regi\u00f5es quentes e secas, o que explica sua incr\u00edvel adapta\u00e7\u00e3o. Elas armazenam \u00e1gua em seus tecidos e t\u00eam uma estrutura foliar que evita a perda de umidade, tornando-as ideais para cozinhas ensolaradas.<\/p>\n\n\n\n<figure class=\"wp-block-image size-large\"><img loading=\"lazy\" decoding=\"async\" width=\"1024\" height=\"576\" src=\"https:\/\/www.em.com.br\/emfoco\/wp-content\/uploads\/2025\/04\/thyme_1745497247644-1024x576.jpg\" alt=\"Tomilho fresco o ano todo! Aprenda a cultivar em casa de forma simples\" class=\"wp-image-41112\" srcset=\"https:\/\/www.em.com.br\/emfoco\/wp-content\/uploads\/2025\/04\/thyme_1745497247644-1024x576.jpg 1024w, https:\/\/www.em.com.br\/emfoco\/wp-content\/uploads\/2025\/04\/thyme_1745497247644-300x169.jpg 300w, https:\/\/www.em.com.br\/emfoco\/wp-content\/uploads\/2025\/04\/thyme_1745497247644-768x432.jpg 768w, https:\/\/www.em.com.br\/emfoco\/wp-content\/uploads\/2025\/04\/thyme_1745497247644-750x422.jpg 750w, https:\/\/www.em.com.br\/emfoco\/wp-content\/uploads\/2025\/04\/thyme_1745497247644-1140x641.jpg 1140w, https:\/\/www.em.com.br\/emfoco\/wp-content\/uploads\/2025\/04\/thyme_1745497247644.jpg 1280w\" sizes=\"auto, (max-width: 1024px) 100vw, 1024px\" \/><figcaption class=\"wp-element-caption\">Cultivo de ervas arom\u00e1ticas que enriquecem receitas naturalmente &#8211; Cr\u00e9ditos: depositphotos.com \/ MarusiaBO<\/figcaption><\/figure>\n\n\n\n<h2 class=\"wp-block-heading\">Quais s\u00e3o as plantas mais arom\u00e1ticas e resistentes ao calor?<\/h2>\n\n\n\n<p>Essas plantas combinam beleza, utilidade e aroma marcante, sendo perfeitas para quem deseja um toque verde na cozinha mesmo em dias quentes.<\/p>\n\n\n\n<ul class=\"wp-block-list\">\n<li><strong>Manjeric\u00e3o:<\/strong> adora sol pleno e solo \u00famido, ideal para pratos italianos.<\/li>\n\n\n\n<li><strong>Alecrim:<\/strong> resistente e perfumado, precisa de pouca \u00e1gua.<\/li>\n\n\n\n<li><strong>Hortel\u00e3:<\/strong> refrescante e de aroma intenso, cresce r\u00e1pido e f\u00e1cil.<\/li>\n\n\n\n<li><strong>Tomilho:<\/strong> suporta calor e seca, \u00f3timo para temperos leves.<\/li>\n\n\n\n<li><strong>Capim-lim\u00e3o:<\/strong> exala perfume c\u00edtrico e pr\u00f3spera no sol forte.<\/li>\n<\/ul>\n\n\n\n<p><em>Leia mais: <a href=\"https:\/\/www.em.com.br\/emfoco\/2025\/10\/21\/aprenda-a-plantar-ervas-e-flores-aromaticas-para-deixar-sua-casa-sempre-perfumada\/\" target=\"_blank\" rel=\"noreferrer noopener\">Aprenda a plantar ervas e flores arom\u00e1ticas para deixar sua casa sempre perfumada<\/a><\/em><\/p>\n\n\n\n<h2 class=\"wp-block-heading\">Como garantir que elas cres\u00e7am saud\u00e1veis durante o ver\u00e3o?<\/h2>\n\n\n\n<p>O segredo est\u00e1 no cuidado di\u00e1rio: regas curtas e frequentes ajudam a manter o solo \u00famido sem encharcar. O uso de vasos com boa <strong>drenagem<\/strong> evita o apodrecimento das ra\u00edzes e proporciona um crescimento equilibrado e vigoroso.<\/p>\n\n\n\n<p>Outra dica importante \u00e9 posicionar as plantas em locais com <strong><a href=\"https:\/\/www.hederapaisagismo.com.br\/paisagismo\/importancia-da-exposicao-correta-das-plantas-ao-sol\/\" target=\"_blank\" rel=\"noreferrer noopener\">luz solar direta<\/a><\/strong> por pelo menos seis horas di\u00e1rias. Essa exposi\u00e7\u00e3o estimula a produ\u00e7\u00e3o dos \u00f3leos essenciais respons\u00e1veis pelo aroma e pelo sabor marcante das ervas na culin\u00e1ria.<\/p>\n\n\n\n<figure class=\"wp-block-image size-large\"><img loading=\"lazy\" decoding=\"async\" width=\"1024\" height=\"576\" src=\"https:\/\/www.em.com.br\/emfoco\/wp-content\/uploads\/2025\/04\/basil_1744205629956-1024x576.jpg\" alt=\"Como cultivar manjeric\u00e3o em casa e sempre ter ervas arom\u00e1ticas frescas\" class=\"wp-image-36613\" srcset=\"https:\/\/www.em.com.br\/emfoco\/wp-content\/uploads\/2025\/04\/basil_1744205629956-1024x576.jpg 1024w, https:\/\/www.em.com.br\/emfoco\/wp-content\/uploads\/2025\/04\/basil_1744205629956-300x169.jpg 300w, https:\/\/www.em.com.br\/emfoco\/wp-content\/uploads\/2025\/04\/basil_1744205629956-768x432.jpg 768w, https:\/\/www.em.com.br\/emfoco\/wp-content\/uploads\/2025\/04\/basil_1744205629956-750x422.jpg 750w, https:\/\/www.em.com.br\/emfoco\/wp-content\/uploads\/2025\/04\/basil_1744205629956-1140x641.jpg 1140w, https:\/\/www.em.com.br\/emfoco\/wp-content\/uploads\/2025\/04\/basil_1744205629956.jpg 1280w\" sizes=\"auto, (max-width: 1024px) 100vw, 1024px\" \/><figcaption class=\"wp-element-caption\">Aroma intenso desorienta insetos e reduz a presen\u00e7a de escorpi\u00f5e  &#8211; Cr\u00e9ditos: depositphotos.com \/ maxsol7<\/figcaption><\/figure>\n\n\n\n<h2 class=\"wp-block-heading\">Quais s\u00e3o as melhores dicas para cultivar dentro de casa?<\/h2>\n\n\n\n<p>Mesmo sob altas temperaturas, essas esp\u00e9cies prosperam quando recebem os cuidados certos e um ambiente bem iluminado.<\/p>\n\n\n\n<ul class=\"wp-block-list\">\n<li>Use vasos de cer\u00e2mica com furos para boa ventila\u00e7\u00e3o das ra\u00edzes.<\/li>\n\n\n\n<li>Adube com compostos org\u00e2nicos ricos em pot\u00e1ssio e c\u00e1lcio.<\/li>\n\n\n\n<li>Fa\u00e7a podas leves para estimular novas folhas e intensificar o aroma.<\/li>\n<\/ul>\n\n\n\n<p><strong>Essas plantas n\u00e3o s\u00f3 resistem ao calor \u2014 elas transformam o aroma da casa e o prazer de cozinhar.<\/strong><\/p>\n","protected":false},"excerpt":{"rendered":"<p>Nem todo calor precisa acabar com o verde \u2014 algumas plantas adoram sol e ainda perfumam a cozinha o dia todo. Manjeric\u00e3o, alecrim, hortel\u00e3, tomilho e capim-lim\u00e3o s\u00e3o exemplos perfeitos de esp\u00e9cies que resistem ao calor e exalam aroma constante, mesmo sob altas temperaturas. Por que algumas plantas arom\u00e1ticas resistem t\u00e3o bem ao calor? A [&hellip;]<\/p>\n","protected":false},"author":13,"featured_media":117746,"comment_status":"open","ping_status":"open","sticky":false,"template":"","format":"standard","meta":{"jnews-multi-image_gallery":[],"jnews_single_post":{"format":"standard"},"jnews_primary_category":[],"jnews_social_meta":[],"jnews_override_counter":[],"footnotes":""},"categories":[8819],"tags":[3358,7646,9754],"class_list":["post-117736","post","type-post","status-publish","format-standard","has-post-thumbnail","hentry","category-curiosidades","tag-jardinagem","tag-plantas-aromaticas","tag-plantas-resistentes"],"yoast_head":"<!-- This site is optimized with the Yoast SEO plugin v23.8 - https:\/\/yoast.com\/wordpress\/plugins\/seo\/ -->\n<title>5 plantas arom\u00e1ticas que resistem ao calor e deixam a cozinha perfumada - Estado de Minas - Em foco<\/title>\n<meta name=\"description\" content=\"Plantas arom\u00e1ticas que amam sol deixam sua cozinha perfumada e viva, mesmo com calor intenso, usando cuidados simples e vasos bem drenados.\" \/>\n<meta name=\"robots\" content=\"index, follow, max-snippet:-1, max-image-preview:large, max-video-preview:-1\" \/>\n<link rel=\"canonical\" href=\"https:\/\/www.em.com.br\/emfoco\/2025\/10\/23\/5-plantas-aromaticas-que-resistem-ao-calor-e-deixam-a-cozinha-perfumada\/\" \/>\n<meta property=\"og:locale\" content=\"pt_BR\" \/>\n<meta property=\"og:type\" content=\"article\" \/>\n<meta property=\"og:title\" content=\"5 plantas arom\u00e1ticas que resistem ao calor e deixam a cozinha perfumada - Estado de Minas - Em foco\" \/>\n<meta property=\"og:description\" content=\"Plantas arom\u00e1ticas que amam sol deixam sua cozinha perfumada e viva, mesmo com calor intenso, usando cuidados simples e vasos bem drenados.\" \/>\n<meta property=\"og:url\" content=\"https:\/\/www.em.com.br\/emfoco\/2025\/10\/23\/5-plantas-aromaticas-que-resistem-ao-calor-e-deixam-a-cozinha-perfumada\/\" \/>\n<meta property=\"og:site_name\" content=\"Estado de Minas - Em foco\" \/>\n<meta property=\"article:published_time\" content=\"2025-10-23T09:55:00+00:00\" \/>\n<meta property=\"article:modified_time\" content=\"2025-10-23T00:05:42+00:00\" \/>\n<meta property=\"og:image\" content=\"https:\/\/www.em.com.br\/emfoco\/wp-content\/uploads\/2025\/10\/Plantas-na-cozinha_1761067730513.jpg\" \/>\n\t<meta property=\"og:image:width\" content=\"1280\" \/>\n\t<meta property=\"og:image:height\" content=\"720\" \/>\n\t<meta property=\"og:image:type\" content=\"image\/jpeg\" \/>\n<meta name=\"author\" content=\"Gabriel Martins\" \/>\n<meta name=\"twitter:card\" content=\"summary_large_image\" \/>\n<meta name=\"twitter:label1\" content=\"Escrito por\" \/>\n\t<meta name=\"twitter:data1\" content=\"Gabriel Martins\" \/>\n\t<meta name=\"twitter:label2\" content=\"Est. tempo de leitura\" \/>\n\t<meta name=\"twitter:data2\" content=\"4 minutos\" \/>\n<!-- \/ Yoast SEO plugin. -->","yoast_head_json":{"title":"5 plantas arom\u00e1ticas que resistem ao calor e deixam a cozinha perfumada - Estado de Minas - Em foco","description":"Plantas arom\u00e1ticas que amam sol deixam sua cozinha perfumada e viva, mesmo com calor intenso, usando cuidados simples e vasos bem drenados.","robots":{"index":"index","follow":"follow","max-snippet":"max-snippet:-1","max-image-preview":"max-image-preview:large","max-video-preview":"max-video-preview:-1"},"canonical":"https:\/\/www.em.com.br\/emfoco\/2025\/10\/23\/5-plantas-aromaticas-que-resistem-ao-calor-e-deixam-a-cozinha-perfumada\/","og_locale":"pt_BR","og_type":"article","og_title":"5 plantas arom\u00e1ticas que resistem ao calor e deixam a cozinha perfumada - Estado de Minas - Em foco","og_description":"Plantas arom\u00e1ticas que amam sol deixam sua cozinha perfumada e viva, mesmo com calor intenso, usando cuidados simples e vasos bem drenados.","og_url":"https:\/\/www.em.com.br\/emfoco\/2025\/10\/23\/5-plantas-aromaticas-que-resistem-ao-calor-e-deixam-a-cozinha-perfumada\/","og_site_name":"Estado de Minas - Em foco","article_published_time":"2025-10-23T09:55:00+00:00","article_modified_time":"2025-10-23T00:05:42+00:00","og_image":[{"width":1280,"height":720,"url":"https:\/\/www.em.com.br\/emfoco\/wp-content\/uploads\/2025\/10\/Plantas-na-cozinha_1761067730513.jpg","type":"image\/jpeg"}],"author":"Gabriel Martins","twitter_card":"summary_large_image","twitter_misc":{"Escrito por":"Gabriel Martins","Est. tempo de leitura":"4 minutos"},"schema":{"@context":"https:\/\/schema.org","@graph":[{"@type":"WebPage","@id":"https:\/\/www.em.com.br\/emfoco\/2025\/10\/23\/5-plantas-aromaticas-que-resistem-ao-calor-e-deixam-a-cozinha-perfumada\/","url":"https:\/\/www.em.com.br\/emfoco\/2025\/10\/23\/5-plantas-aromaticas-que-resistem-ao-calor-e-deixam-a-cozinha-perfumada\/","name":"5 plantas arom\u00e1ticas que resistem ao calor e deixam a cozinha perfumada - Estado de Minas - Em foco","isPartOf":{"@id":"https:\/\/www.em.com.br\/emfoco\/#website"},"primaryImageOfPage":{"@id":"https:\/\/www.em.com.br\/emfoco\/2025\/10\/23\/5-plantas-aromaticas-que-resistem-ao-calor-e-deixam-a-cozinha-perfumada\/#primaryimage"},"image":{"@id":"https:\/\/www.em.com.br\/emfoco\/2025\/10\/23\/5-plantas-aromaticas-que-resistem-ao-calor-e-deixam-a-cozinha-perfumada\/#primaryimage"},"thumbnailUrl":"https:\/\/www.em.com.br\/emfoco\/wp-content\/uploads\/2025\/10\/Plantas-na-cozinha_1761067730513.jpg","datePublished":"2025-10-23T09:55:00+00:00","dateModified":"2025-10-23T00:05:42+00:00","author":{"@id":"https:\/\/www.em.com.br\/emfoco\/#\/schema\/person\/1c9ddeab18b98abeffef834667bcf08a"},"description":"Plantas arom\u00e1ticas que amam sol deixam sua cozinha perfumada e viva, mesmo com calor intenso, usando cuidados simples e vasos bem drenados.","breadcrumb":{"@id":"https:\/\/www.em.com.br\/emfoco\/2025\/10\/23\/5-plantas-aromaticas-que-resistem-ao-calor-e-deixam-a-cozinha-perfumada\/#breadcrumb"},"inLanguage":"pt-BR","potentialAction":[{"@type":"ReadAction","target":["https:\/\/www.em.com.br\/emfoco\/2025\/10\/23\/5-plantas-aromaticas-que-resistem-ao-calor-e-deixam-a-cozinha-perfumada\/"]}]},{"@type":"ImageObject","inLanguage":"pt-BR","@id":"https:\/\/www.em.com.br\/emfoco\/2025\/10\/23\/5-plantas-aromaticas-que-resistem-ao-calor-e-deixam-a-cozinha-perfumada\/#primaryimage","url":"https:\/\/www.em.com.br\/emfoco\/wp-content\/uploads\/2025\/10\/Plantas-na-cozinha_1761067730513.jpg","contentUrl":"https:\/\/www.em.com.br\/emfoco\/wp-content\/uploads\/2025\/10\/Plantas-na-cozinha_1761067730513.jpg","width":1280,"height":720,"caption":"Folhas firmes evitam perda de umidade nas altas temperaturas - Cr\u00e9ditos: depositphotos.com \/ manera"},{"@type":"BreadcrumbList","@id":"https:\/\/www.em.com.br\/emfoco\/2025\/10\/23\/5-plantas-aromaticas-que-resistem-ao-calor-e-deixam-a-cozinha-perfumada\/#breadcrumb","itemListElement":[{"@type":"ListItem","position":1,"name":"In\u00edcio","item":"https:\/\/www.em.com.br\/emfoco\/"},{"@type":"ListItem","position":2,"name":"5 plantas arom\u00e1ticas que resistem ao calor e deixam a cozinha perfumada"}]},{"@type":"WebSite","@id":"https:\/\/www.em.com.br\/emfoco\/#website","url":"https:\/\/www.em.com.br\/emfoco\/","name":"Estado de Minas - Em foco","description":"Acompanhe as \u00faltimas not\u00edcias e fique bem informado sobre tudo o que acontece em Minas Gerais, Brasil e no mundo.","potentialAction":[{"@type":"SearchAction","target":{"@type":"EntryPoint","urlTemplate":"https:\/\/www.em.com.br\/emfoco\/?s={search_term_string}"},"query-input":{"@type":"PropertyValueSpecification","valueRequired":true,"valueName":"search_term_string"}}],"inLanguage":"pt-BR"},{"@type":"Person","@id":"https:\/\/www.em.com.br\/emfoco\/#\/schema\/person\/1c9ddeab18b98abeffef834667bcf08a","name":"Gabriel Martins","image":{"@type":"ImageObject","inLanguage":"pt-BR","@id":"https:\/\/www.em.com.br\/emfoco\/#\/schema\/person\/image\/","url":"https:\/\/secure.gravatar.com\/avatar\/f0f1e2efdfd88f1ad2cb08c5c2731e50?s=96&d=mm&r=g","contentUrl":"https:\/\/secure.gravatar.com\/avatar\/f0f1e2efdfd88f1ad2cb08c5c2731e50?s=96&d=mm&r=g","caption":"Gabriel Martins"},"sameAs":["https:\/\/www.em.com.br\/emfoco\/"],"url":"https:\/\/www.em.com.br\/emfoco\/author\/gabrielmartinsmyth\/"}]}},"_links":{"self":[{"href":"https:\/\/www.em.com.br\/emfoco\/wp-json\/wp\/v2\/posts\/117736","targetHints":{"allow":["GET"]}}],"collection":[{"href":"https:\/\/www.em.com.br\/emfoco\/wp-json\/wp\/v2\/posts"}],"about":[{"href":"https:\/\/www.em.com.br\/emfoco\/wp-json\/wp\/v2\/types\/post"}],"author":[{"embeddable":true,"href":"https:\/\/www.em.com.br\/emfoco\/wp-json\/wp\/v2\/users\/13"}],"replies":[{"embeddable":true,"href":"https:\/\/www.em.com.br\/emfoco\/wp-json\/wp\/v2\/comments?post=117736"}],"version-history":[{"count":2,"href":"https:\/\/www.em.com.br\/emfoco\/wp-json\/wp\/v2\/posts\/117736\/revisions"}],"predecessor-version":[{"id":118435,"href":"https:\/\/www.em.com.br\/emfoco\/wp-json\/wp\/v2\/posts\/117736\/revisions\/118435"}],"wp:featuredmedia":[{"embeddable":true,"href":"https:\/\/www.em.com.br\/emfoco\/wp-json\/wp\/v2\/media\/117746"}],"wp:attachment":[{"href":"https:\/\/www.em.com.br\/emfoco\/wp-json\/wp\/v2\/media?parent=117736"}],"wp:term":[{"taxonomy":"category","embeddable":true,"href":"https:\/\/www.em.com.br\/emfoco\/wp-json\/wp\/v2\/categories?post=117736"},{"taxonomy":"post_tag","embeddable":true,"href":"https:\/\/www.em.com.br\/emfoco\/wp-json\/wp\/v2\/tags?post=117736"}],"curies":[{"name":"wp","href":"https:\/\/api.w.org\/{rel}","templated":true}]}}