{"id":117673,"date":"2025-10-22T19:05:00","date_gmt":"2025-10-22T22:05:00","guid":{"rendered":"https:\/\/www.em.com.br\/emfoco\/?p=117673"},"modified":"2025-10-21T18:09:47","modified_gmt":"2025-10-21T21:09:47","slug":"receita-federal-alerta-para-fim-do-prazo-regularizar-debitos-fiscais","status":"publish","type":"post","link":"https:\/\/www.em.com.br\/emfoco\/2025\/10\/22\/receita-federal-alerta-para-fim-do-prazo-regularizar-debitos-fiscais\/","title":{"rendered":"Receita Federal alerta para fim do prazo regularizar d\u00e9bitos fiscais"},"content":{"rendered":"\n<p>O prazo para ades\u00e3o aos <strong>Editais de Transa\u00e7\u00e3o Tribut\u00e1ria da Receita Federal do Brasil<\/strong> termina em 31 de outubro de 2025, oferecendo aos contribuintes oportunidades para regulariza\u00e7\u00e3o de d\u00e9bitos fiscais. Esta \u00e9 uma chance crucial para aqueles que possuem pend\u00eancias tribut\u00e1rias em discuss\u00e3o administrativa, contando com condi\u00e7\u00f5es diferenciadas como descontos expressivos e prazos estendidos para pagamento.<\/p>\n\n\n\n<p>Essas medidas visam facilitar o cumprimento das obriga\u00e7\u00f5es fiscais tanto de pessoas f\u00edsicas quanto jur\u00eddicas, contribuindo para a redu\u00e7\u00e3o de lit\u00edgios tribut\u00e1rios e promovendo maior seguran\u00e7a jur\u00eddica no ambiente econ\u00f4mico nacional.<\/p>\n\n\n\n<h2 class=\"wp-block-heading\">O que s\u00e3o as transa\u00e7\u00f5es tribut\u00e1rias?<\/h2>\n\n\n<div class=\"wp-block-image\">\n<figure class=\"aligncenter size-large\"><img loading=\"lazy\" decoding=\"async\" width=\"1024\" height=\"576\" src=\"https:\/\/www.em.com.br\/emfoco\/wp-content\/uploads\/2025\/06\/documentacao_1749176136212-1024x576.jpg\" alt=\"Crefisa se posiciona sobre suspens\u00e3o parcial do contrato com o INSS\" class=\"wp-image-56661\" srcset=\"https:\/\/www.em.com.br\/emfoco\/wp-content\/uploads\/2025\/06\/documentacao_1749176136212-1024x576.jpg 1024w, https:\/\/www.em.com.br\/emfoco\/wp-content\/uploads\/2025\/06\/documentacao_1749176136212-300x169.jpg 300w, https:\/\/www.em.com.br\/emfoco\/wp-content\/uploads\/2025\/06\/documentacao_1749176136212-768x432.jpg 768w, https:\/\/www.em.com.br\/emfoco\/wp-content\/uploads\/2025\/06\/documentacao_1749176136212-750x422.jpg 750w, https:\/\/www.em.com.br\/emfoco\/wp-content\/uploads\/2025\/06\/documentacao_1749176136212-1140x641.jpg 1140w, https:\/\/www.em.com.br\/emfoco\/wp-content\/uploads\/2025\/06\/documentacao_1749176136212.jpg 1280w\" sizes=\"auto, (max-width: 1024px) 100vw, 1024px\" \/><figcaption class=\"wp-element-caption\">Assinando papelada &#8211; Cr\u00e9ditos: depositphotos.com \/ pressmaster<\/figcaption><\/figure><\/div>\n\n\n<p>Transa\u00e7\u00f5es tribut\u00e1rias s\u00e3o instrumentos legais que permitem ao contribuinte negociar d\u00edvidas fiscais junto \u00e0 <strong>Receita Federal<\/strong>, com condi\u00e7\u00f5es especiais de pagamento. Elas t\u00eam por objetivo viabilizar a regulariza\u00e7\u00e3o de d\u00e9bitos em debate administrativo ou judicial.<\/p>\n\n\n\n<p>Por meio dessas transa\u00e7\u00f5es, os contribuintes podem evitar complica\u00e7\u00f5es como multas adicionais e restri\u00e7\u00f5es de cr\u00e9dito, al\u00e9m de potencialmente economizar valores significativos em descontos ofertados, dependendo do edital e da situa\u00e7\u00e3o do d\u00e9bito.<\/p>\n\n\n\n<h2 class=\"wp-block-heading\">Principais caracter\u00edsticas dos Editais n\u00ba 4\/2025 e 5\/2025<\/h2>\n\n\n\n<p>O <strong><a href=\"https:\/\/www.gov.br\/receitafederal\/pt-br\/acesso-a-informacao\/perguntas-frequentes\/transacao-tributaria\/edital-de-transacao-por-adesao-rfb-no-04-2025\/edital-de-transacao-por-adesao-rfb-04-2025\" target=\"_blank\" rel=\"noreferrer noopener\">Edital de Transa\u00e7\u00e3o RFB n\u00ba 4\/2025<\/a><\/strong> \u00e9 focado em d\u00e9bitos de pequeno valor, destinado a pessoas f\u00edsicas e microempresas, abrangendo d\u00edvidas de at\u00e9 60 sal\u00e1rios m\u00ednimos, com descontos de <strong>at\u00e9 50%<\/strong> e at\u00e9 55 parcelas mensais para quita\u00e7\u00e3o.<\/p>\n\n\n\n<p>J\u00e1 o <strong><a href=\"https:\/\/www.gov.br\/receitafederal\/pt-br\/acesso-a-informacao\/perguntas-frequentes\/transacao-tributaria\/edital-de-transacao-por-adesao-rfb-no-05-2025\/edital-de-transacao-por-adesao-rfb-05-2025\" target=\"_blank\" rel=\"noreferrer noopener\">Edital de Transa\u00e7\u00e3o RFB n\u00ba 5\/2025<\/a><\/strong> abrange disputas fiscais de maiores valores, permitindo a negocia\u00e7\u00e3o de d\u00e9bitos de at\u00e9 50 milh\u00f5es de reais, utiliza\u00e7\u00e3o de preju\u00edzos fiscais e <strong>CSLL<\/strong>, e possibilidade de parcelamento em at\u00e9 135 meses, al\u00e9m de descontos proporcionais ao grau de recuperabilidade do cr\u00e9dito.<\/p>\n\n\n\n<h2 class=\"wp-block-heading\">Condi\u00e7\u00f5es e prazos para ades\u00e3o<\/h2>\n\n\n\n<p>Para aderir ao <strong>Edital n\u00ba 4\/2025<\/strong>, o contribuinte deve acessar o <strong>Portal e-CAC<\/strong> e concluir o processo at\u00e9 as 20h59min do dia 31 de outubro de 2025, utilizando o servi\u00e7o apropriado para parcelamento. O <strong>Edital n\u00ba 5\/2025<\/strong> exige a abertura de processo digital no <strong>e-CAC<\/strong> at\u00e9 as 23h59min do mesmo dia, via &#8220;<strong>Legisla\u00e7\u00e3o e Processo<\/strong>&#8221; e &#8220;<strong>Requerimentos Web<\/strong>&#8220;.<\/p>\n\n\n\n<p>\u00c9 imprescind\u00edvel que os interessados observem rigorosamente todos os requisitos de cada edital e antecipem procedimentos para evitar contratempos de \u00faltima hora, garantindo a valida\u00e7\u00e3o de sua ades\u00e3o no prazo estipulado pela <strong>Receita Federal<\/strong>.<\/p>\n\n\n\n<h2 class=\"wp-block-heading\">Benef\u00edcios e cuidados na regulariza\u00e7\u00e3o fiscal<\/h2>\n\n\n\n<p>A regulariza\u00e7\u00e3o por meio das transa\u00e7\u00f5es tribut\u00e1rias garante al\u00edvio financeiro imediato, previne san\u00e7\u00f5es futuras e refor\u00e7a a credibilidade perante o mercado e o <strong>Fisco<\/strong>. O acesso a condi\u00e7\u00f5es diferenciadas pode ser determinante para a sustentabilidade dos neg\u00f3cios ou para o equil\u00edbrio das finan\u00e7as pessoais.<\/p>\n\n\n\n<p>No entanto, o contribuinte deve analisar cuidadosamente as propostas, avaliar o impacto das condi\u00e7\u00f5es ofertadas e buscar orienta\u00e7\u00f5es t\u00e9cnicas, se necess\u00e1rio, a fim de escolher a melhor forma de regularizar sua situa\u00e7\u00e3o fiscal.<\/p>\n\n\n\n<p>Leia mais: <a href=\"https:\/\/www.em.com.br\/emfoco\/2025\/10\/21\/receita-federal-emite-comunicado-sobre-transacoes-realizadas-via-pix\/\" target=\"_blank\" rel=\"noreferrer noopener\">Receita Federal\u00a0emite comunicado sobre transa\u00e7\u00f5es realizadas via Pix<\/a><\/p>\n\n\n\n<h2 class=\"wp-block-heading\">Onde buscar informa\u00e7\u00f5es e tirar d\u00favidas<\/h2>\n\n\n\n<p>Os interessados podem encontrar mais detalhes sobre editais, orienta\u00e7\u00f5es detalhadas e procedimentos no site oficial da <strong>Receita Federal<\/strong> ou diretamente no <strong>Portal e-CAC<\/strong>. H\u00e1 ainda cartilhas, FAQs e canais de atendimento dedicados a esclarecer d\u00favidas espec\u00edficas sobre as transa\u00e7\u00f5es.<\/p>\n\n\n\n<p>Estar bem informado e atento \u00e0s atualiza\u00e7\u00f5es \u00e9 fundamental para aproveitar plenamente as oportunidades de regulariza\u00e7\u00e3o fiscal, contribuindo para a conformidade e o equil\u00edbrio financeiro a longo prazo.<\/p>\n","protected":false},"excerpt":{"rendered":"<p>O prazo para ades\u00e3o aos Editais de Transa\u00e7\u00e3o Tribut\u00e1ria da Receita Federal do Brasil termina em 31 de outubro de 2025, oferecendo aos contribuintes oportunidades para regulariza\u00e7\u00e3o de d\u00e9bitos fiscais. Esta \u00e9 uma chance crucial para aqueles que possuem pend\u00eancias tribut\u00e1rias em discuss\u00e3o administrativa, contando com condi\u00e7\u00f5es diferenciadas como descontos expressivos e prazos estendidos para [&hellip;]<\/p>\n","protected":false},"author":20,"featured_media":113845,"comment_status":"open","ping_status":"open","sticky":false,"template":"","format":"standard","meta":{"jnews-multi-image_gallery":[],"jnews_single_post":{"format":"standard"},"jnews_primary_category":[],"jnews_social_meta":[],"jnews_override_counter":[],"footnotes":""},"categories":[28,1],"tags":[17682,160,2208],"class_list":["post-117673","post","type-post","status-publish","format-standard","has-post-thumbnail","hentry","category-economia","category-noticias","tag-dividas-tributarias","tag-economia","tag-receita-federal"],"yoast_head":"<!-- This site is optimized with the Yoast SEO plugin v23.8 - https:\/\/yoast.com\/wordpress\/plugins\/seo\/ -->\n<title>Receita Federal alerta para fim do prazo regularizar d\u00e9bitos fiscais - Estado de Minas - Em foco<\/title>\n<meta name=\"description\" content=\"Receita Federal oferece condi\u00e7\u00f5es facilitadas para quitar d\u00edvidas fiscais. Saiba como aderir \u00e0s transa\u00e7\u00f5es tribut\u00e1rias at\u00e9 31 de outubro.\" \/>\n<meta name=\"robots\" content=\"index, follow, max-snippet:-1, max-image-preview:large, max-video-preview:-1\" \/>\n<link rel=\"canonical\" href=\"https:\/\/www.em.com.br\/emfoco\/2025\/10\/22\/receita-federal-alerta-para-fim-do-prazo-regularizar-debitos-fiscais\/\" \/>\n<meta property=\"og:locale\" content=\"pt_BR\" \/>\n<meta property=\"og:type\" content=\"article\" \/>\n<meta property=\"og:title\" content=\"Receita Federal alerta para fim do prazo regularizar d\u00e9bitos fiscais - Estado de Minas - Em foco\" \/>\n<meta property=\"og:description\" content=\"Receita Federal oferece condi\u00e7\u00f5es facilitadas para quitar d\u00edvidas fiscais. Saiba como aderir \u00e0s transa\u00e7\u00f5es tribut\u00e1rias at\u00e9 31 de outubro.\" \/>\n<meta property=\"og:url\" content=\"https:\/\/www.em.com.br\/emfoco\/2025\/10\/22\/receita-federal-alerta-para-fim-do-prazo-regularizar-debitos-fiscais\/\" \/>\n<meta property=\"og:site_name\" content=\"Estado de Minas - Em foco\" \/>\n<meta property=\"article:published_time\" content=\"2025-10-22T22:05:00+00:00\" \/>\n<meta property=\"article:modified_time\" content=\"2025-10-21T21:09:47+00:00\" \/>\n<meta property=\"og:image\" content=\"https:\/\/www.em.com.br\/emfoco\/wp-content\/uploads\/2025\/10\/conta_1757114415771.jpg\" \/>\n\t<meta property=\"og:image:width\" content=\"1280\" \/>\n\t<meta property=\"og:image:height\" content=\"720\" \/>\n\t<meta property=\"og:image:type\" content=\"image\/jpeg\" \/>\n<meta name=\"author\" content=\"Ingrid Diniz\" \/>\n<meta name=\"twitter:card\" content=\"summary_large_image\" \/>\n<meta name=\"twitter:label1\" content=\"Escrito por\" \/>\n\t<meta name=\"twitter:data1\" content=\"Ingrid Diniz\" \/>\n\t<meta name=\"twitter:label2\" content=\"Est. tempo de leitura\" \/>\n\t<meta name=\"twitter:data2\" content=\"4 minutos\" \/>\n<!-- \/ Yoast SEO plugin. -->","yoast_head_json":{"title":"Receita Federal alerta para fim do prazo regularizar d\u00e9bitos fiscais - Estado de Minas - Em foco","description":"Receita Federal oferece condi\u00e7\u00f5es facilitadas para quitar d\u00edvidas fiscais. Saiba como aderir \u00e0s transa\u00e7\u00f5es tribut\u00e1rias at\u00e9 31 de outubro.","robots":{"index":"index","follow":"follow","max-snippet":"max-snippet:-1","max-image-preview":"max-image-preview:large","max-video-preview":"max-video-preview:-1"},"canonical":"https:\/\/www.em.com.br\/emfoco\/2025\/10\/22\/receita-federal-alerta-para-fim-do-prazo-regularizar-debitos-fiscais\/","og_locale":"pt_BR","og_type":"article","og_title":"Receita Federal alerta para fim do prazo regularizar d\u00e9bitos fiscais - Estado de Minas - Em foco","og_description":"Receita Federal oferece condi\u00e7\u00f5es facilitadas para quitar d\u00edvidas fiscais. Saiba como aderir \u00e0s transa\u00e7\u00f5es tribut\u00e1rias at\u00e9 31 de outubro.","og_url":"https:\/\/www.em.com.br\/emfoco\/2025\/10\/22\/receita-federal-alerta-para-fim-do-prazo-regularizar-debitos-fiscais\/","og_site_name":"Estado de Minas - Em foco","article_published_time":"2025-10-22T22:05:00+00:00","article_modified_time":"2025-10-21T21:09:47+00:00","og_image":[{"width":1280,"height":720,"url":"https:\/\/www.em.com.br\/emfoco\/wp-content\/uploads\/2025\/10\/conta_1757114415771.jpg","type":"image\/jpeg"}],"author":"Ingrid Diniz","twitter_card":"summary_large_image","twitter_misc":{"Escrito por":"Ingrid Diniz","Est. tempo de leitura":"4 minutos"},"schema":{"@context":"https:\/\/schema.org","@graph":[{"@type":"WebPage","@id":"https:\/\/www.em.com.br\/emfoco\/2025\/10\/22\/receita-federal-alerta-para-fim-do-prazo-regularizar-debitos-fiscais\/","url":"https:\/\/www.em.com.br\/emfoco\/2025\/10\/22\/receita-federal-alerta-para-fim-do-prazo-regularizar-debitos-fiscais\/","name":"Receita Federal alerta para fim do prazo regularizar d\u00e9bitos fiscais - Estado de Minas - Em foco","isPartOf":{"@id":"https:\/\/www.em.com.br\/emfoco\/#website"},"primaryImageOfPage":{"@id":"https:\/\/www.em.com.br\/emfoco\/2025\/10\/22\/receita-federal-alerta-para-fim-do-prazo-regularizar-debitos-fiscais\/#primaryimage"},"image":{"@id":"https:\/\/www.em.com.br\/emfoco\/2025\/10\/22\/receita-federal-alerta-para-fim-do-prazo-regularizar-debitos-fiscais\/#primaryimage"},"thumbnailUrl":"https:\/\/www.em.com.br\/emfoco\/wp-content\/uploads\/2025\/10\/conta_1757114415771.jpg","datePublished":"2025-10-22T22:05:00+00:00","dateModified":"2025-10-21T21:09:47+00:00","author":{"@id":"https:\/\/www.em.com.br\/emfoco\/#\/schema\/person\/649e610b4eb8fff87ff394e54fe17b2b"},"description":"Receita Federal oferece condi\u00e7\u00f5es facilitadas para quitar d\u00edvidas fiscais. Saiba como aderir \u00e0s transa\u00e7\u00f5es tribut\u00e1rias at\u00e9 31 de outubro.","breadcrumb":{"@id":"https:\/\/www.em.com.br\/emfoco\/2025\/10\/22\/receita-federal-alerta-para-fim-do-prazo-regularizar-debitos-fiscais\/#breadcrumb"},"inLanguage":"pt-BR","potentialAction":[{"@type":"ReadAction","target":["https:\/\/www.em.com.br\/emfoco\/2025\/10\/22\/receita-federal-alerta-para-fim-do-prazo-regularizar-debitos-fiscais\/"]}]},{"@type":"ImageObject","inLanguage":"pt-BR","@id":"https:\/\/www.em.com.br\/emfoco\/2025\/10\/22\/receita-federal-alerta-para-fim-do-prazo-regularizar-debitos-fiscais\/#primaryimage","url":"https:\/\/www.em.com.br\/emfoco\/wp-content\/uploads\/2025\/10\/conta_1757114415771.jpg","contentUrl":"https:\/\/www.em.com.br\/emfoco\/wp-content\/uploads\/2025\/10\/conta_1757114415771.jpg","width":1280,"height":720,"caption":"Como h\u00e1bitos minimalistas transformam sua rotina e finan\u00e7as - Cr\u00e9ditos: depositphotos.com \/ EdZbarzhyvetsky"},{"@type":"BreadcrumbList","@id":"https:\/\/www.em.com.br\/emfoco\/2025\/10\/22\/receita-federal-alerta-para-fim-do-prazo-regularizar-debitos-fiscais\/#breadcrumb","itemListElement":[{"@type":"ListItem","position":1,"name":"In\u00edcio","item":"https:\/\/www.em.com.br\/emfoco\/"},{"@type":"ListItem","position":2,"name":"Receita Federal alerta para fim do prazo regularizar d\u00e9bitos fiscais"}]},{"@type":"WebSite","@id":"https:\/\/www.em.com.br\/emfoco\/#website","url":"https:\/\/www.em.com.br\/emfoco\/","name":"Estado de Minas - Em foco","description":"Acompanhe as \u00faltimas not\u00edcias e fique bem informado sobre tudo o que acontece em Minas Gerais, Brasil e no mundo.","potentialAction":[{"@type":"SearchAction","target":{"@type":"EntryPoint","urlTemplate":"https:\/\/www.em.com.br\/emfoco\/?s={search_term_string}"},"query-input":{"@type":"PropertyValueSpecification","valueRequired":true,"valueName":"search_term_string"}}],"inLanguage":"pt-BR"},{"@type":"Person","@id":"https:\/\/www.em.com.br\/emfoco\/#\/schema\/person\/649e610b4eb8fff87ff394e54fe17b2b","name":"Ingrid Diniz","image":{"@type":"ImageObject","inLanguage":"pt-BR","@id":"https:\/\/www.em.com.br\/emfoco\/#\/schema\/person\/image\/","url":"https:\/\/secure.gravatar.com\/avatar\/a3baa1449ec5c39b4c42babc9d4f3951?s=96&d=mm&r=g","contentUrl":"https:\/\/secure.gravatar.com\/avatar\/a3baa1449ec5c39b4c42babc9d4f3951?s=96&d=mm&r=g","caption":"Ingrid Diniz"},"sameAs":["https:\/\/www.em.com.br\/"],"url":"https:\/\/www.em.com.br\/emfoco\/author\/ingridmyth\/"}]}},"_links":{"self":[{"href":"https:\/\/www.em.com.br\/emfoco\/wp-json\/wp\/v2\/posts\/117673","targetHints":{"allow":["GET"]}}],"collection":[{"href":"https:\/\/www.em.com.br\/emfoco\/wp-json\/wp\/v2\/posts"}],"about":[{"href":"https:\/\/www.em.com.br\/emfoco\/wp-json\/wp\/v2\/types\/post"}],"author":[{"embeddable":true,"href":"https:\/\/www.em.com.br\/emfoco\/wp-json\/wp\/v2\/users\/20"}],"replies":[{"embeddable":true,"href":"https:\/\/www.em.com.br\/emfoco\/wp-json\/wp\/v2\/comments?post=117673"}],"version-history":[{"count":2,"href":"https:\/\/www.em.com.br\/emfoco\/wp-json\/wp\/v2\/posts\/117673\/revisions"}],"predecessor-version":[{"id":117928,"href":"https:\/\/www.em.com.br\/emfoco\/wp-json\/wp\/v2\/posts\/117673\/revisions\/117928"}],"wp:featuredmedia":[{"embeddable":true,"href":"https:\/\/www.em.com.br\/emfoco\/wp-json\/wp\/v2\/media\/113845"}],"wp:attachment":[{"href":"https:\/\/www.em.com.br\/emfoco\/wp-json\/wp\/v2\/media?parent=117673"}],"wp:term":[{"taxonomy":"category","embeddable":true,"href":"https:\/\/www.em.com.br\/emfoco\/wp-json\/wp\/v2\/categories?post=117673"},{"taxonomy":"post_tag","embeddable":true,"href":"https:\/\/www.em.com.br\/emfoco\/wp-json\/wp\/v2\/tags?post=117673"}],"curies":[{"name":"wp","href":"https:\/\/api.w.org\/{rel}","templated":true}]}}