{"id":117644,"date":"2025-10-22T10:25:00","date_gmt":"2025-10-22T13:25:00","guid":{"rendered":"https:\/\/www.em.com.br\/emfoco\/?p=117644"},"modified":"2025-10-21T16:21:52","modified_gmt":"2025-10-21T19:21:52","slug":"especialistas-revelam-o-risco-de-varrer-a-casa-apos-as-21h","status":"publish","type":"post","link":"https:\/\/www.em.com.br\/emfoco\/2025\/10\/22\/especialistas-revelam-o-risco-de-varrer-a-casa-apos-as-21h\/","title":{"rendered":"Especialistas revelam o risco de varrer a casa ap\u00f3s as 21h"},"content":{"rendered":"\n<p>Varrer depois das 21h \u00e9 um tema envolto em misticismo, tanto na&nbsp;<strong>Am\u00e9rica Latina<\/strong>&nbsp;quanto nas pr\u00e1ticas&nbsp;<em>Feng Shui<\/em>. Muitos acreditam que isso pode trazer m\u00e1 sorte. Mas por que \u00e9 t\u00e3o desaconselhado? Inclusive, em pa\u00edses como&nbsp;<strong>Brasil<\/strong>&nbsp;e&nbsp;<strong>M\u00e9xico<\/strong>, essa tradi\u00e7\u00e3o \u00e9 seguida por muitas fam\u00edlias, principalmente as mais antigas.<\/p>\n\n\n\n<ul class=\"wp-block-list\">\n<li>Evite varrer para n\u00e3o afastar a prosperidade financeira.<\/li>\n\n\n\n<li>Manter o fluxo de&nbsp;<strong>energia positiva<\/strong>&nbsp;durante a noite \u00e9 crucial.<\/li>\n\n\n\n<li>Entenda a conex\u00e3o entre pr\u00e1ticas de limpeza e bem-estar dom\u00e9stico.<\/li>\n<\/ul>\n\n\n\n<h2 class=\"wp-block-heading\">Qual \u00e9 a origem da cren\u00e7a em n\u00e3o varrer \u00e0 noite?<\/h2>\n\n\n\n<p>No contexto\u00a0<strong>latino-americano<\/strong>, existem tradi\u00e7\u00f5es que pro\u00edbem varrer \u00e0 noite, acreditando que isso afasta a boa fortuna. Como explicado nas pr\u00e1ticas do\u00a0<strong>Feng Shui<\/strong>, varrer \u00e0 noite tamb\u00e9m afasta energias positivas. V\u00e1rias culturas, como a chinesa, que originou o\u00a0<strong>Feng Shui<\/strong>, t\u00eam registros hist\u00f3ricos desse costume. Inclusive, segundo relatos, essa tradi\u00e7\u00e3o se replicou em v\u00e1rias regi\u00f5es do\u00a0<strong>Brasil<\/strong>\u00a0desde o s\u00e9culo passado.<\/p>\n\n\n\n<h2 class=\"wp-block-heading\">O que diz o Feng Shui sobre limpar \u00e0 noite?<\/h2>\n\n\n\n<p>Segundo o&nbsp;<strong>Feng Shui<\/strong>, a noite \u00e9 um per\u00edodo de descanso. Por isso, varrer \u00e0 noite pode interferir na circula\u00e7\u00e3o de&nbsp;<strong>energia positiva<\/strong>, perturbando o bem-estar dos moradores. Muitos consultores do&nbsp;<strong>Feng Shui Brasil<\/strong>&nbsp;tamb\u00e9m recomendam evitar qualquer atividade de limpeza muito tarde, alegando que isso pode at\u00e9 impactar na qualidade do sono e trazer sensa\u00e7\u00e3o de cansa\u00e7o no outro dia.<\/p>\n\n\n\n<figure class=\"wp-block-image size-large\"><img loading=\"lazy\" decoding=\"async\" width=\"1024\" height=\"576\" src=\"https:\/\/www.em.com.br\/emfoco\/wp-content\/uploads\/2025\/10\/varrer-a-casa_1761077134460-1024x576.jpg\" alt=\"\" class=\"wp-image-117821\" srcset=\"https:\/\/www.em.com.br\/emfoco\/wp-content\/uploads\/2025\/10\/varrer-a-casa_1761077134460-1024x576.jpg 1024w, https:\/\/www.em.com.br\/emfoco\/wp-content\/uploads\/2025\/10\/varrer-a-casa_1761077134460-300x169.jpg 300w, https:\/\/www.em.com.br\/emfoco\/wp-content\/uploads\/2025\/10\/varrer-a-casa_1761077134460-768x432.jpg 768w, https:\/\/www.em.com.br\/emfoco\/wp-content\/uploads\/2025\/10\/varrer-a-casa_1761077134460-750x422.jpg 750w, https:\/\/www.em.com.br\/emfoco\/wp-content\/uploads\/2025\/10\/varrer-a-casa_1761077134460-1140x641.jpg 1140w, https:\/\/www.em.com.br\/emfoco\/wp-content\/uploads\/2025\/10\/varrer-a-casa_1761077134460.jpg 1280w\" sizes=\"auto, (max-width: 1024px) 100vw, 1024px\" \/><figcaption class=\"wp-element-caption\">A supersti\u00e7\u00e3o de varrer \u00e0 noite que pode afastar sua prosperidade &#8211; Cr\u00e9ditos: depositphotos.com \/ F01photo<\/figcaption><\/figure>\n\n\n\n<h2 class=\"wp-block-heading\">Limpeza noturna pode impactar a harmonia familiar?<\/h2>\n\n\n\n<p><a href=\"https:\/\/cpb.com.br\/produto\/11487\/crencas-populares?srsltid=AfmBOopO7d6XBDu3baKWEEUJ6-QG5cQ957lra2NQ9zl8TnDQstymVFIJ\" target=\"_blank\" rel=\"noreferrer noopener\">Cren\u00e7as populares<\/a> afirmam que a poeira levantada \u00e0 noite \u00e9 sin\u00f4nimo de discuss\u00f5es e conflitos. Portanto, manter a harmonia familiar requer aten\u00e7\u00e3o aos hor\u00e1rios de limpeza. Pesquisadores da&nbsp;<strong>Universidade de S\u00e3o Paulo<\/strong>&nbsp;j\u00e1 analisaram como certos h\u00e1bitos influenciam na din\u00e2mica dom\u00e9stica, principalmente em \u00e1reas urbanas.<\/p>\n\n\n\n<h2 class=\"wp-block-heading\">Como proteger a energia positiva em casa?<\/h2>\n\n\n\n<p>Especialistas recomendam realizar as atividades de limpeza mais cedo, preservando assim o descanso dos &#8220;protetores&#8221; da casa. Este cuidado assegura um ambiente harmonioso e pr\u00f3spero. H\u00e1bitos simples, por exemplo, usar <a href=\"https:\/\/www.em.com.br\/emfoco\/2025\/10\/11\/os-3-aromas-que-transformam-qualquer-casa-em-um-ambiente-luxuoso\/\" target=\"_blank\" rel=\"noreferrer noopener\">aromas <\/a>suaves no in\u00edcio da noite tamb\u00e9m ajudam a manter a energia fluindo de forma positiva durante as horas de descanso.<\/p>\n\n\n\n<h2 class=\"wp-block-heading\">Quais s\u00e3o as principais raz\u00f5es para reconsiderar a limpeza noturna?<\/h2>\n\n\n\n<ul class=\"wp-block-list\">\n<li>Preserve o fluxo de&nbsp;<strong>energia positiva<\/strong>&nbsp;acumulado durante o dia.<\/li>\n\n\n\n<li>Evite discutir e garantir a paz familiar pela noite.<\/li>\n\n\n\n<li>Respeite as tradi\u00e7\u00f5es e cren\u00e7as para promover bem-estar.<\/li>\n<\/ul>\n","protected":false},"excerpt":{"rendered":"<p>Varrer depois das 21h \u00e9 um tema envolto em misticismo, tanto na&nbsp;Am\u00e9rica Latina&nbsp;quanto nas pr\u00e1ticas&nbsp;Feng Shui. Muitos acreditam que isso pode trazer m\u00e1 sorte. Mas por que \u00e9 t\u00e3o desaconselhado? Inclusive, em pa\u00edses como&nbsp;Brasil&nbsp;e&nbsp;M\u00e9xico, essa tradi\u00e7\u00e3o \u00e9 seguida por muitas fam\u00edlias, principalmente as mais antigas. Qual \u00e9 a origem da cren\u00e7a em n\u00e3o varrer \u00e0 [&hellip;]<\/p>\n","protected":false},"author":11,"featured_media":117820,"comment_status":"open","ping_status":"open","sticky":false,"template":"","format":"standard","meta":{"jnews-multi-image_gallery":[],"jnews_single_post":{"format":"standard"},"jnews_primary_category":[],"jnews_social_meta":[],"jnews_override_counter":[],"footnotes":""},"categories":[8819,1],"tags":[868,5847,1480,349],"class_list":["post-117644","post","type-post","status-publish","format-standard","has-post-thumbnail","hentry","category-curiosidades","category-noticias","tag-energia","tag-feng-shui","tag-prosperidade","tag-sorte"],"yoast_head":"<!-- This site is optimized with the Yoast SEO plugin v23.8 - https:\/\/yoast.com\/wordpress\/plugins\/seo\/ -->\n<title>Especialistas revelam o risco de varrer a casa ap\u00f3s as 21h - Estado de Minas - Em foco<\/title>\n<meta name=\"description\" content=\"Tradi\u00e7\u00f5es antigas alertam sobre varrer \u00e0 noite e o impacto na harmonia familiar. Descubra os significados por tr\u00e1s disso.\" \/>\n<meta name=\"robots\" content=\"index, follow, max-snippet:-1, max-image-preview:large, max-video-preview:-1\" \/>\n<link rel=\"canonical\" href=\"https:\/\/www.em.com.br\/emfoco\/2025\/10\/22\/especialistas-revelam-o-risco-de-varrer-a-casa-apos-as-21h\/\" \/>\n<meta property=\"og:locale\" content=\"pt_BR\" \/>\n<meta property=\"og:type\" content=\"article\" \/>\n<meta property=\"og:title\" content=\"Especialistas revelam o risco de varrer a casa ap\u00f3s as 21h - Estado de Minas - Em foco\" \/>\n<meta property=\"og:description\" content=\"Tradi\u00e7\u00f5es antigas alertam sobre varrer \u00e0 noite e o impacto na harmonia familiar. Descubra os significados por tr\u00e1s disso.\" \/>\n<meta property=\"og:url\" content=\"https:\/\/www.em.com.br\/emfoco\/2025\/10\/22\/especialistas-revelam-o-risco-de-varrer-a-casa-apos-as-21h\/\" \/>\n<meta property=\"og:site_name\" content=\"Estado de Minas - Em foco\" \/>\n<meta property=\"article:published_time\" content=\"2025-10-22T13:25:00+00:00\" \/>\n<meta property=\"article:modified_time\" content=\"2025-10-21T19:21:52+00:00\" \/>\n<meta property=\"og:image\" content=\"https:\/\/www.em.com.br\/emfoco\/wp-content\/uploads\/2025\/10\/varrer-a-casa_1761077038251.jpg\" \/>\n\t<meta property=\"og:image:width\" content=\"1280\" \/>\n\t<meta property=\"og:image:height\" content=\"720\" \/>\n\t<meta property=\"og:image:type\" content=\"image\/jpeg\" \/>\n<meta name=\"author\" content=\"Andre\u0301 Rangel\u00a0\" \/>\n<meta name=\"twitter:card\" content=\"summary_large_image\" \/>\n<meta name=\"twitter:label1\" content=\"Escrito por\" \/>\n\t<meta name=\"twitter:data1\" content=\"Andre\u0301 Rangel\u00a0\" \/>\n\t<meta name=\"twitter:label2\" content=\"Est. tempo de leitura\" \/>\n\t<meta name=\"twitter:data2\" content=\"3 minutos\" \/>\n<!-- \/ Yoast SEO plugin. -->","yoast_head_json":{"title":"Especialistas revelam o risco de varrer a casa ap\u00f3s as 21h - Estado de Minas - Em foco","description":"Tradi\u00e7\u00f5es antigas alertam sobre varrer \u00e0 noite e o impacto na harmonia familiar. Descubra os significados por tr\u00e1s disso.","robots":{"index":"index","follow":"follow","max-snippet":"max-snippet:-1","max-image-preview":"max-image-preview:large","max-video-preview":"max-video-preview:-1"},"canonical":"https:\/\/www.em.com.br\/emfoco\/2025\/10\/22\/especialistas-revelam-o-risco-de-varrer-a-casa-apos-as-21h\/","og_locale":"pt_BR","og_type":"article","og_title":"Especialistas revelam o risco de varrer a casa ap\u00f3s as 21h - Estado de Minas - Em foco","og_description":"Tradi\u00e7\u00f5es antigas alertam sobre varrer \u00e0 noite e o impacto na harmonia familiar. Descubra os significados por tr\u00e1s disso.","og_url":"https:\/\/www.em.com.br\/emfoco\/2025\/10\/22\/especialistas-revelam-o-risco-de-varrer-a-casa-apos-as-21h\/","og_site_name":"Estado de Minas - Em foco","article_published_time":"2025-10-22T13:25:00+00:00","article_modified_time":"2025-10-21T19:21:52+00:00","og_image":[{"width":1280,"height":720,"url":"https:\/\/www.em.com.br\/emfoco\/wp-content\/uploads\/2025\/10\/varrer-a-casa_1761077038251.jpg","type":"image\/jpeg"}],"author":"Andre\u0301 Rangel\u00a0","twitter_card":"summary_large_image","twitter_misc":{"Escrito por":"Andre\u0301 Rangel\u00a0","Est. tempo de leitura":"3 minutos"},"schema":{"@context":"https:\/\/schema.org","@graph":[{"@type":"WebPage","@id":"https:\/\/www.em.com.br\/emfoco\/2025\/10\/22\/especialistas-revelam-o-risco-de-varrer-a-casa-apos-as-21h\/","url":"https:\/\/www.em.com.br\/emfoco\/2025\/10\/22\/especialistas-revelam-o-risco-de-varrer-a-casa-apos-as-21h\/","name":"Especialistas revelam o risco de varrer a casa ap\u00f3s as 21h - Estado de Minas - Em foco","isPartOf":{"@id":"https:\/\/www.em.com.br\/emfoco\/#website"},"primaryImageOfPage":{"@id":"https:\/\/www.em.com.br\/emfoco\/2025\/10\/22\/especialistas-revelam-o-risco-de-varrer-a-casa-apos-as-21h\/#primaryimage"},"image":{"@id":"https:\/\/www.em.com.br\/emfoco\/2025\/10\/22\/especialistas-revelam-o-risco-de-varrer-a-casa-apos-as-21h\/#primaryimage"},"thumbnailUrl":"https:\/\/www.em.com.br\/emfoco\/wp-content\/uploads\/2025\/10\/varrer-a-casa_1761077038251.jpg","datePublished":"2025-10-22T13:25:00+00:00","dateModified":"2025-10-21T19:21:52+00:00","author":{"@id":"https:\/\/www.em.com.br\/emfoco\/#\/schema\/person\/60eda09c1fedf0d6891f4cef4b60b8b8"},"description":"Tradi\u00e7\u00f5es antigas alertam sobre varrer \u00e0 noite e o impacto na harmonia familiar. Descubra os significados por tr\u00e1s disso.","breadcrumb":{"@id":"https:\/\/www.em.com.br\/emfoco\/2025\/10\/22\/especialistas-revelam-o-risco-de-varrer-a-casa-apos-as-21h\/#breadcrumb"},"inLanguage":"pt-BR","potentialAction":[{"@type":"ReadAction","target":["https:\/\/www.em.com.br\/emfoco\/2025\/10\/22\/especialistas-revelam-o-risco-de-varrer-a-casa-apos-as-21h\/"]}]},{"@type":"ImageObject","inLanguage":"pt-BR","@id":"https:\/\/www.em.com.br\/emfoco\/2025\/10\/22\/especialistas-revelam-o-risco-de-varrer-a-casa-apos-as-21h\/#primaryimage","url":"https:\/\/www.em.com.br\/emfoco\/wp-content\/uploads\/2025\/10\/varrer-a-casa_1761077038251.jpg","contentUrl":"https:\/\/www.em.com.br\/emfoco\/wp-content\/uploads\/2025\/10\/varrer-a-casa_1761077038251.jpg","width":1280,"height":720,"caption":"O truque de 15 minutos que est\u00e1 viralizando entre quem ama organiza\u00e7\u00e3o - Cr\u00e9ditos: depositphotos.com \/ IgorVetushko"},{"@type":"BreadcrumbList","@id":"https:\/\/www.em.com.br\/emfoco\/2025\/10\/22\/especialistas-revelam-o-risco-de-varrer-a-casa-apos-as-21h\/#breadcrumb","itemListElement":[{"@type":"ListItem","position":1,"name":"In\u00edcio","item":"https:\/\/www.em.com.br\/emfoco\/"},{"@type":"ListItem","position":2,"name":"Especialistas revelam o risco de varrer a casa ap\u00f3s as 21h"}]},{"@type":"WebSite","@id":"https:\/\/www.em.com.br\/emfoco\/#website","url":"https:\/\/www.em.com.br\/emfoco\/","name":"Estado de Minas - Em foco","description":"Acompanhe as \u00faltimas not\u00edcias e fique bem informado sobre tudo o que acontece em Minas Gerais, Brasil e no mundo.","potentialAction":[{"@type":"SearchAction","target":{"@type":"EntryPoint","urlTemplate":"https:\/\/www.em.com.br\/emfoco\/?s={search_term_string}"},"query-input":{"@type":"PropertyValueSpecification","valueRequired":true,"valueName":"search_term_string"}}],"inLanguage":"pt-BR"},{"@type":"Person","@id":"https:\/\/www.em.com.br\/emfoco\/#\/schema\/person\/60eda09c1fedf0d6891f4cef4b60b8b8","name":"Andre\u0301 Rangel\u00a0","image":{"@type":"ImageObject","inLanguage":"pt-BR","@id":"https:\/\/www.em.com.br\/emfoco\/#\/schema\/person\/image\/","url":"https:\/\/secure.gravatar.com\/avatar\/6234dc814c77c8ef6d8bba622c787efc?s=96&d=mm&r=g","contentUrl":"https:\/\/secure.gravatar.com\/avatar\/6234dc814c77c8ef6d8bba622c787efc?s=96&d=mm&r=g","caption":"Andre\u0301 Rangel\u00a0"},"url":"https:\/\/www.em.com.br\/emfoco\/author\/luizmyth\/"}]}},"_links":{"self":[{"href":"https:\/\/www.em.com.br\/emfoco\/wp-json\/wp\/v2\/posts\/117644","targetHints":{"allow":["GET"]}}],"collection":[{"href":"https:\/\/www.em.com.br\/emfoco\/wp-json\/wp\/v2\/posts"}],"about":[{"href":"https:\/\/www.em.com.br\/emfoco\/wp-json\/wp\/v2\/types\/post"}],"author":[{"embeddable":true,"href":"https:\/\/www.em.com.br\/emfoco\/wp-json\/wp\/v2\/users\/11"}],"replies":[{"embeddable":true,"href":"https:\/\/www.em.com.br\/emfoco\/wp-json\/wp\/v2\/comments?post=117644"}],"version-history":[{"count":3,"href":"https:\/\/www.em.com.br\/emfoco\/wp-json\/wp\/v2\/posts\/117644\/revisions"}],"predecessor-version":[{"id":117828,"href":"https:\/\/www.em.com.br\/emfoco\/wp-json\/wp\/v2\/posts\/117644\/revisions\/117828"}],"wp:featuredmedia":[{"embeddable":true,"href":"https:\/\/www.em.com.br\/emfoco\/wp-json\/wp\/v2\/media\/117820"}],"wp:attachment":[{"href":"https:\/\/www.em.com.br\/emfoco\/wp-json\/wp\/v2\/media?parent=117644"}],"wp:term":[{"taxonomy":"category","embeddable":true,"href":"https:\/\/www.em.com.br\/emfoco\/wp-json\/wp\/v2\/categories?post=117644"},{"taxonomy":"post_tag","embeddable":true,"href":"https:\/\/www.em.com.br\/emfoco\/wp-json\/wp\/v2\/tags?post=117644"}],"curies":[{"name":"wp","href":"https:\/\/api.w.org\/{rel}","templated":true}]}}