{"id":117608,"date":"2025-10-22T21:25:28","date_gmt":"2025-10-23T00:25:28","guid":{"rendered":"https:\/\/www.em.com.br\/emfoco\/?p=117608"},"modified":"2025-10-21T14:46:19","modified_gmt":"2025-10-21T17:46:19","slug":"terra-em-vasos-ja-foi-conheca-a-tendencia-que-vai-mudar-a-jardinagem-em-2026","status":"publish","type":"post","link":"https:\/\/www.em.com.br\/emfoco\/2025\/10\/22\/terra-em-vasos-ja-foi-conheca-a-tendencia-que-vai-mudar-a-jardinagem-em-2026\/","title":{"rendered":"Terra em vasos j\u00e1 foi, conhe\u00e7a a tend\u00eancia que vai mudar a jardinagem em 2026"},"content":{"rendered":"\n<p>A <strong>jardinagem<\/strong> est\u00e1 em constante evolu\u00e7\u00e3o, sempre buscando alternativas mais <strong>eficientes<\/strong>, <strong>inovadoras<\/strong> e, sobretudo, <strong>ecol\u00f3gicas<\/strong>. Nesse cen\u00e1rio de transforma\u00e7\u00e3o, os <strong>lascas de madeira<\/strong> surgem como uma solu\u00e7\u00e3o realmente revolucion\u00e1ria, transformando a maneira como cultivamos plantas em vasos e outros recipientes. Esta op\u00e7\u00e3o, al\u00e9m de ser significativamente mais <strong>econ\u00f4mica<\/strong> e <strong>sustent\u00e1vel<\/strong>, promete se consolidar como a preferida em <strong>2026<\/strong>, segundo diversos especialistas do setor, devido \u00e0 sua not\u00e1vel <strong>adaptabilidade<\/strong> e aos in\u00fameros <strong>benef\u00edcios ambientais<\/strong> que proporciona \u00e0 <strong>jardinagem contempor\u00e2nea<\/strong>.<\/p>\n\n\n\n<ul class=\"wp-block-list\">\n<li>Proporcionam uma <strong>drenagem superior<\/strong> e evitam a <strong>compacta\u00e7\u00e3o<\/strong> do solo, conversando com as necessidades de diferentes esp\u00e9cies vegetais.<\/li>\n\n\n\n<li>S\u00e3o muito mais <strong>leves<\/strong> e f\u00e1ceis de transportar do que a terra tradicional, tornando todo o processo de manejo mais pr\u00e1tico.<\/li>\n\n\n\n<li>Contribuem para uma <strong>jardinagem mais limpa<\/strong>, organizada, pr\u00e1tica e totalmente <strong>sustent\u00e1vel<\/strong>.<\/li>\n<\/ul>\n\n\n\n<h2 class=\"wp-block-heading\">Por que escolher lascas de madeira em vez de terra?<\/h2>\n\n\n\n<p>As <strong>lascas de madeira<\/strong> oferecem uma <strong>drenagem excepcional<\/strong>, evitando eficazmente o ac\u00famulo de \u00e1gua que pode prejudicar as <strong>ra\u00edzes<\/strong> das plantas e causar apodrecimento. Sua <strong>leveza<\/strong> facilita o manuseio e a mobilidade dos vasos, sendo especialmente ideal para ambientes urbanos, como <strong>varandas<\/strong>, <strong>terra\u00e7os<\/strong> e \u00e1reas compactas, com destaque para grandes centros como <strong>S\u00e3o Paulo<\/strong> e <strong>Rio de Janeiro<\/strong>. Al\u00e9m desses benef\u00edcios, o uso das <strong>lascas de madeira<\/strong> reduz significativamente a prolifera\u00e7\u00e3o de <strong>insetos indesejados<\/strong>, j\u00e1 que o ambiente seco dificulta o aparecimento de <strong>larvas<\/strong> e outros organismos nocivos \u00e0 planta\u00e7\u00e3o, diminuindo a necessidade de pesticidas.<\/p>\n\n\n\n<p>Al\u00e9m de manterem o ambiente mais <strong>limpo<\/strong> e gerarem consideravelmente menos <strong>poeira<\/strong> durante o manuseio, as <strong>lascas de madeira<\/strong> s\u00e3o uma escolha ambientalmente respons\u00e1vel, pois normalmente s\u00e3o produzidos a partir de <strong>materiais reciclados<\/strong> de alta qualidade. Esta pr\u00e1tica <strong>sustent\u00e1vel<\/strong> n\u00e3o s\u00f3 reduz a <strong>pegada ecol\u00f3gica<\/strong> do cultivo, mas tamb\u00e9m posiciona as <b>lascas <\/b>como uma tend\u00eancia crescente para os anos seguintes a <strong>2026<\/strong>, consolidando-se como uma refer\u00eancia mundial em <strong>jardinagem urbana<\/strong> e demonstrando preocupa\u00e7\u00e3o real com o <strong>meio ambiente<\/strong>.<\/p>\n\n\n\n<p>Leia tamb\u00e9m: <a href=\"https:\/\/www.em.com.br\/emfoco\/2025\/10\/21\/as-melhores-plantas-para-criar-um-jardim-interno-cheio-de-paz-e-harmonia\/\" target=\"_blank\" rel=\"noopener\">As melhores plantas para criar um jardim interno cheio de paz e harmonia<\/a><\/p>\n\n\n<div class=\"wp-block-image\">\n<figure class=\"aligncenter size-large\"><img loading=\"lazy\" decoding=\"async\" width=\"1024\" height=\"576\" src=\"https:\/\/www.em.com.br\/emfoco\/wp-content\/uploads\/2025\/10\/lascas-de-madeira_1761068558783-1024x576.jpg\" alt=\"\" class=\"wp-image-117760\" srcset=\"https:\/\/www.em.com.br\/emfoco\/wp-content\/uploads\/2025\/10\/lascas-de-madeira_1761068558783-1024x576.jpg 1024w, https:\/\/www.em.com.br\/emfoco\/wp-content\/uploads\/2025\/10\/lascas-de-madeira_1761068558783-300x169.jpg 300w, https:\/\/www.em.com.br\/emfoco\/wp-content\/uploads\/2025\/10\/lascas-de-madeira_1761068558783-768x432.jpg 768w, https:\/\/www.em.com.br\/emfoco\/wp-content\/uploads\/2025\/10\/lascas-de-madeira_1761068558783-750x422.jpg 750w, https:\/\/www.em.com.br\/emfoco\/wp-content\/uploads\/2025\/10\/lascas-de-madeira_1761068558783-1140x641.jpg 1140w, https:\/\/www.em.com.br\/emfoco\/wp-content\/uploads\/2025\/10\/lascas-de-madeira_1761068558783.jpg 1280w\" sizes=\"auto, (max-width: 1024px) 100vw, 1024px\" \/><figcaption class=\"wp-element-caption\">Lascas de jardim &#8211; Cr\u00e9ditos: depositphotos.com \/ MrShpilka<\/figcaption><\/figure><\/div>\n\n\n<h2 class=\"wp-block-heading\">Como incorporar lascas de madeira ao jardim?<\/h2>\n\n\n\n<p>Incorporar <strong>lascas de madeira<\/strong> aos seus vasos \u00e9 um processo pr\u00e1tico, r\u00e1pido e eficiente. Basta posicion\u00e1-los cuidadosamente na base do recipiente, distribu\u00ed-los ao redor das <strong>ra\u00edzes<\/strong> e cobrir completamente a planta. \u00c9 poss\u00edvel combinar o uso com uma pequena quantidade de <strong>substrato <\/strong><a href=\"https:\/\/rehagro.com.br\/blog\/materia-organica-no-solo\/\" target=\"_blank\" rel=\"noreferrer noopener\">org\u00e2nico <\/a>para potencializar os <strong>nutrientes<\/strong>, mas a tend\u00eancia mundial favorece o uso quase puro das lascas, principalmente pela sua <strong>praticidade<\/strong> e <strong>efici\u00eancia<\/strong>.<\/p>\n\n\n\n<p>Esse m\u00e9todo traz vantagens not\u00e1veis, especialmente para plantas que dependem de uma <strong>drenagem eficiente<\/strong> e n\u00e3o toleram o excesso de \u00e1gua. As <b>lascas <\/b>auxiliam ativamente na preven\u00e7\u00e3o de <strong>fungos<\/strong> e <strong>pragas<\/strong>, mantendo a superf\u00edcie do vaso mais seca, saud\u00e1vel e bem cuidada.<\/p>\n\n\n\n<p><strong>Dica:<\/strong> Realize a integra\u00e7\u00e3o das <strong>lascas de madeira<\/strong> de modo gradual, para monitorar como as suas <strong>plantas<\/strong> se adaptam ao novo <strong>substrato<\/strong>. Observar atentamente a rea\u00e7\u00e3o das diferentes esp\u00e9cies pode ser determinante para o sucesso do cultivo e para obter melhores resultados na <strong>jardinagem<\/strong>.<\/p>\n\n\n\n<h2 class=\"wp-block-heading\">Como as lascas de madeira impulsionam um futuro mais verde?<\/h2>\n\n\n\n<ul class=\"wp-block-list\">\n<li>O uso das <strong>lascas de madeira<\/strong> incentiva um <strong>crescimento saud\u00e1vel<\/strong> e <strong>vigoroso<\/strong> para as plantas de todos os portes, tornando o jardim mais exuberante.<\/li>\n\n\n\n<li>Facilita o <strong>controle de pragas<\/strong> e de <strong>doen\u00e7as f\u00fangicas<\/strong>, reduzindo drasticamente a necessidade de produtos qu\u00edmicos agressivos.<\/li>\n\n\n\n<li>Representa uma escolha mais <strong>sustent\u00e1vel<\/strong> e consciente, contribuindo de maneira efetiva para um futuro <strong>ecologicamente respons\u00e1vel<\/strong> e verde para as pr\u00f3ximas gera\u00e7\u00f5es.<\/li>\n<\/ul>\n","protected":false},"excerpt":{"rendered":"<p>A jardinagem est\u00e1 em constante evolu\u00e7\u00e3o, sempre buscando alternativas mais eficientes, inovadoras e, sobretudo, ecol\u00f3gicas. Nesse cen\u00e1rio de transforma\u00e7\u00e3o, os lascas de madeira surgem como uma solu\u00e7\u00e3o realmente revolucion\u00e1ria, transformando a maneira como cultivamos plantas em vasos e outros recipientes. Esta op\u00e7\u00e3o, al\u00e9m de ser significativamente mais econ\u00f4mica e sustent\u00e1vel, promete se consolidar como a [&hellip;]<\/p>\n","protected":false},"author":9,"featured_media":43786,"comment_status":"open","ping_status":"open","sticky":false,"template":"","format":"standard","meta":{"jnews-multi-image_gallery":[],"jnews_single_post":{"format":"standard"},"jnews_primary_category":[],"jnews_social_meta":[],"jnews_override_counter":[],"footnotes":""},"categories":[8819,1],"tags":[17673,3325,17223],"class_list":["post-117608","post","type-post","status-publish","format-standard","has-post-thumbnail","hentry","category-curiosidades","category-noticias","tag-discas-de-plantio","tag-jardim","tag-madeira"],"yoast_head":"<!-- This site is optimized with the Yoast SEO plugin v23.8 - https:\/\/yoast.com\/wordpress\/plugins\/seo\/ -->\n<title>Terra em vasos j\u00e1 foi, conhe\u00e7a a tend\u00eancia que vai mudar a jardinagem em 2026<\/title>\n<meta name=\"description\" content=\"Use lascas de madeira na jardinagem e descubra como elas deixam suas plantas mais saud\u00e1veis, protegem ra\u00edzes e reduzem pragas.\" \/>\n<meta name=\"robots\" content=\"index, follow, max-snippet:-1, max-image-preview:large, max-video-preview:-1\" \/>\n<link rel=\"canonical\" href=\"https:\/\/www.em.com.br\/emfoco\/2025\/10\/22\/terra-em-vasos-ja-foi-conheca-a-tendencia-que-vai-mudar-a-jardinagem-em-2026\/\" \/>\n<meta property=\"og:locale\" content=\"pt_BR\" \/>\n<meta property=\"og:type\" content=\"article\" \/>\n<meta property=\"og:title\" content=\"Terra em vasos j\u00e1 foi, conhe\u00e7a a tend\u00eancia que vai mudar a jardinagem em 2026\" \/>\n<meta property=\"og:description\" content=\"Use lascas de madeira na jardinagem e descubra como elas deixam suas plantas mais saud\u00e1veis, protegem ra\u00edzes e reduzem pragas.\" \/>\n<meta property=\"og:url\" content=\"https:\/\/www.em.com.br\/emfoco\/2025\/10\/22\/terra-em-vasos-ja-foi-conheca-a-tendencia-que-vai-mudar-a-jardinagem-em-2026\/\" \/>\n<meta property=\"og:site_name\" content=\"Estado de Minas - Em foco\" \/>\n<meta property=\"article:published_time\" content=\"2025-10-23T00:25:28+00:00\" \/>\n<meta property=\"article:modified_time\" content=\"2025-10-21T17:46:19+00:00\" \/>\n<meta property=\"og:image\" content=\"https:\/\/www.em.com.br\/emfoco\/wp-content\/uploads\/2025\/05\/flores-vasos_1746195103079.jpg\" \/>\n\t<meta property=\"og:image:width\" content=\"1280\" \/>\n\t<meta property=\"og:image:height\" content=\"720\" \/>\n\t<meta property=\"og:image:type\" content=\"image\/jpeg\" \/>\n<meta name=\"author\" content=\"Daniely Cardoso\" \/>\n<meta name=\"twitter:card\" content=\"summary_large_image\" \/>\n<meta name=\"twitter:label1\" content=\"Escrito por\" \/>\n\t<meta name=\"twitter:data1\" content=\"Daniely Cardoso\" \/>\n\t<meta name=\"twitter:label2\" content=\"Est. tempo de leitura\" \/>\n\t<meta name=\"twitter:data2\" content=\"4 minutos\" \/>\n<!-- \/ Yoast SEO plugin. -->","yoast_head_json":{"title":"Terra em vasos j\u00e1 foi, conhe\u00e7a a tend\u00eancia que vai mudar a jardinagem em 2026","description":"Use lascas de madeira na jardinagem e descubra como elas deixam suas plantas mais saud\u00e1veis, protegem ra\u00edzes e reduzem pragas.","robots":{"index":"index","follow":"follow","max-snippet":"max-snippet:-1","max-image-preview":"max-image-preview:large","max-video-preview":"max-video-preview:-1"},"canonical":"https:\/\/www.em.com.br\/emfoco\/2025\/10\/22\/terra-em-vasos-ja-foi-conheca-a-tendencia-que-vai-mudar-a-jardinagem-em-2026\/","og_locale":"pt_BR","og_type":"article","og_title":"Terra em vasos j\u00e1 foi, conhe\u00e7a a tend\u00eancia que vai mudar a jardinagem em 2026","og_description":"Use lascas de madeira na jardinagem e descubra como elas deixam suas plantas mais saud\u00e1veis, protegem ra\u00edzes e reduzem pragas.","og_url":"https:\/\/www.em.com.br\/emfoco\/2025\/10\/22\/terra-em-vasos-ja-foi-conheca-a-tendencia-que-vai-mudar-a-jardinagem-em-2026\/","og_site_name":"Estado de Minas - Em foco","article_published_time":"2025-10-23T00:25:28+00:00","article_modified_time":"2025-10-21T17:46:19+00:00","og_image":[{"width":1280,"height":720,"url":"https:\/\/www.em.com.br\/emfoco\/wp-content\/uploads\/2025\/05\/flores-vasos_1746195103079.jpg","type":"image\/jpeg"}],"author":"Daniely Cardoso","twitter_card":"summary_large_image","twitter_misc":{"Escrito por":"Daniely Cardoso","Est. tempo de leitura":"4 minutos"},"schema":{"@context":"https:\/\/schema.org","@graph":[{"@type":"WebPage","@id":"https:\/\/www.em.com.br\/emfoco\/2025\/10\/22\/terra-em-vasos-ja-foi-conheca-a-tendencia-que-vai-mudar-a-jardinagem-em-2026\/","url":"https:\/\/www.em.com.br\/emfoco\/2025\/10\/22\/terra-em-vasos-ja-foi-conheca-a-tendencia-que-vai-mudar-a-jardinagem-em-2026\/","name":"Terra em vasos j\u00e1 foi, conhe\u00e7a a tend\u00eancia que vai mudar a jardinagem em 2026","isPartOf":{"@id":"https:\/\/www.em.com.br\/emfoco\/#website"},"primaryImageOfPage":{"@id":"https:\/\/www.em.com.br\/emfoco\/2025\/10\/22\/terra-em-vasos-ja-foi-conheca-a-tendencia-que-vai-mudar-a-jardinagem-em-2026\/#primaryimage"},"image":{"@id":"https:\/\/www.em.com.br\/emfoco\/2025\/10\/22\/terra-em-vasos-ja-foi-conheca-a-tendencia-que-vai-mudar-a-jardinagem-em-2026\/#primaryimage"},"thumbnailUrl":"https:\/\/www.em.com.br\/emfoco\/wp-content\/uploads\/2025\/05\/flores-vasos_1746195103079.jpg","datePublished":"2025-10-23T00:25:28+00:00","dateModified":"2025-10-21T17:46:19+00:00","author":{"@id":"https:\/\/www.em.com.br\/emfoco\/#\/schema\/person\/0a8186d72f2c3a5c6276d90b41f271a0"},"description":"Use lascas de madeira na jardinagem e descubra como elas deixam suas plantas mais saud\u00e1veis, protegem ra\u00edzes e reduzem pragas.","breadcrumb":{"@id":"https:\/\/www.em.com.br\/emfoco\/2025\/10\/22\/terra-em-vasos-ja-foi-conheca-a-tendencia-que-vai-mudar-a-jardinagem-em-2026\/#breadcrumb"},"inLanguage":"pt-BR","potentialAction":[{"@type":"ReadAction","target":["https:\/\/www.em.com.br\/emfoco\/2025\/10\/22\/terra-em-vasos-ja-foi-conheca-a-tendencia-que-vai-mudar-a-jardinagem-em-2026\/"]}]},{"@type":"ImageObject","inLanguage":"pt-BR","@id":"https:\/\/www.em.com.br\/emfoco\/2025\/10\/22\/terra-em-vasos-ja-foi-conheca-a-tendencia-que-vai-mudar-a-jardinagem-em-2026\/#primaryimage","url":"https:\/\/www.em.com.br\/emfoco\/wp-content\/uploads\/2025\/05\/flores-vasos_1746195103079.jpg","contentUrl":"https:\/\/www.em.com.br\/emfoco\/wp-content\/uploads\/2025\/05\/flores-vasos_1746195103079.jpg","width":1280,"height":720,"caption":"Flores - Cr\u00e9ditos: depositphotos.com \/ brebca"},{"@type":"BreadcrumbList","@id":"https:\/\/www.em.com.br\/emfoco\/2025\/10\/22\/terra-em-vasos-ja-foi-conheca-a-tendencia-que-vai-mudar-a-jardinagem-em-2026\/#breadcrumb","itemListElement":[{"@type":"ListItem","position":1,"name":"In\u00edcio","item":"https:\/\/www.em.com.br\/emfoco\/"},{"@type":"ListItem","position":2,"name":"Terra em vasos j\u00e1 foi, conhe\u00e7a a tend\u00eancia que vai mudar a jardinagem em 2026"}]},{"@type":"WebSite","@id":"https:\/\/www.em.com.br\/emfoco\/#website","url":"https:\/\/www.em.com.br\/emfoco\/","name":"Estado de Minas - Em foco","description":"Acompanhe as \u00faltimas not\u00edcias e fique bem informado sobre tudo o que acontece em Minas Gerais, Brasil e no mundo.","potentialAction":[{"@type":"SearchAction","target":{"@type":"EntryPoint","urlTemplate":"https:\/\/www.em.com.br\/emfoco\/?s={search_term_string}"},"query-input":{"@type":"PropertyValueSpecification","valueRequired":true,"valueName":"search_term_string"}}],"inLanguage":"pt-BR"},{"@type":"Person","@id":"https:\/\/www.em.com.br\/emfoco\/#\/schema\/person\/0a8186d72f2c3a5c6276d90b41f271a0","name":"Daniely Cardoso","image":{"@type":"ImageObject","inLanguage":"pt-BR","@id":"https:\/\/www.em.com.br\/emfoco\/#\/schema\/person\/image\/","url":"https:\/\/secure.gravatar.com\/avatar\/4b80ddbd124d1f071b626d52d62e5dff?s=96&d=mm&r=g","contentUrl":"https:\/\/secure.gravatar.com\/avatar\/4b80ddbd124d1f071b626d52d62e5dff?s=96&d=mm&r=g","caption":"Daniely Cardoso"},"url":"https:\/\/www.em.com.br\/emfoco\/author\/danielymyth\/"}]}},"_links":{"self":[{"href":"https:\/\/www.em.com.br\/emfoco\/wp-json\/wp\/v2\/posts\/117608","targetHints":{"allow":["GET"]}}],"collection":[{"href":"https:\/\/www.em.com.br\/emfoco\/wp-json\/wp\/v2\/posts"}],"about":[{"href":"https:\/\/www.em.com.br\/emfoco\/wp-json\/wp\/v2\/types\/post"}],"author":[{"embeddable":true,"href":"https:\/\/www.em.com.br\/emfoco\/wp-json\/wp\/v2\/users\/9"}],"replies":[{"embeddable":true,"href":"https:\/\/www.em.com.br\/emfoco\/wp-json\/wp\/v2\/comments?post=117608"}],"version-history":[{"count":3,"href":"https:\/\/www.em.com.br\/emfoco\/wp-json\/wp\/v2\/posts\/117608\/revisions"}],"predecessor-version":[{"id":117764,"href":"https:\/\/www.em.com.br\/emfoco\/wp-json\/wp\/v2\/posts\/117608\/revisions\/117764"}],"wp:featuredmedia":[{"embeddable":true,"href":"https:\/\/www.em.com.br\/emfoco\/wp-json\/wp\/v2\/media\/43786"}],"wp:attachment":[{"href":"https:\/\/www.em.com.br\/emfoco\/wp-json\/wp\/v2\/media?parent=117608"}],"wp:term":[{"taxonomy":"category","embeddable":true,"href":"https:\/\/www.em.com.br\/emfoco\/wp-json\/wp\/v2\/categories?post=117608"},{"taxonomy":"post_tag","embeddable":true,"href":"https:\/\/www.em.com.br\/emfoco\/wp-json\/wp\/v2\/tags?post=117608"}],"curies":[{"name":"wp","href":"https:\/\/api.w.org\/{rel}","templated":true}]}}