{"id":117586,"date":"2025-10-22T16:35:05","date_gmt":"2025-10-22T19:35:05","guid":{"rendered":"https:\/\/www.em.com.br\/emfoco\/?p=117586"},"modified":"2025-10-21T18:24:58","modified_gmt":"2025-10-21T21:24:58","slug":"aprenda-a-controlar-a-oleosidade-do-cabelo-e-deixar-igual-de-salao-em-casa","status":"publish","type":"post","link":"https:\/\/www.em.com.br\/emfoco\/2025\/10\/22\/aprenda-a-controlar-a-oleosidade-do-cabelo-e-deixar-igual-de-salao-em-casa\/","title":{"rendered":"Aprenda a controlar a oleosidade do cabelo e deixar igual de sal\u00e3o em casa"},"content":{"rendered":"\n<p>Controlar a <strong>oleosidade dos cabelos<\/strong> pode ser um verdadeiro desafio para quem deseja madeixas leves e saud\u00e1veis. Os <strong>shampoos para cabelos oleosos<\/strong> s\u00e3o especialmente formulados para promover uma <strong>limpeza profunda<\/strong> e equilibrar a produ\u00e7\u00e3o de <strong>sebo<\/strong>, sem agredir o couro cabeludo. Confira abaixo as melhores op\u00e7\u00f5es do mercado para conquistar fios mais soltos, limpos e saud\u00e1veis.<\/p>\n\n\n\n<ul class=\"wp-block-list\">\n<li><strong>Shampoos<\/strong> que oferecem <strong>limpeza profunda<\/strong> e garantem sensa\u00e7\u00e3o de frescor por muito mais tempo.<\/li>\n\n\n\n<li><strong>Ingredientes<\/strong> naturais e tecnol\u00f3gicos que auxiliam no <strong>controle da oleosidade<\/strong>.<\/li>\n\n\n\n<li>Alternativas que tratam o excesso de \u00f3leo sem <strong>ressecar as pontas<\/strong>, mantendo os fios saud\u00e1veis.<\/li>\n<\/ul>\n\n\n\n<h2 class=\"wp-block-heading\">Quais s\u00e3o os shampoos mais recomendados?<\/h2>\n\n\n\n<p>Escolher o <strong>shampoo certo<\/strong> \u00e9 fundamental para transformar sua rotina capilar e combater o excesso de \u00f3leo. Uma escolha adequada pode evitar lavagens constantes e reduzir problemas como cabelos sem volume ou aspecto pesado. Entre as <strong>marcas mais recomendadas<\/strong>, destaque para <strong>L&#8217;Or\u00e9al Paris<\/strong>, <strong>Head &amp; Shoulders<\/strong> e <strong>Vichy<\/strong>, que oferecem linhas espec\u00edficas para <strong>cabelos oleosos<\/strong> e s\u00e3o refer\u00eancias de qualidade no mercado brasileiro e internacional.<\/p>\n\n\n\n<h2 class=\"wp-block-heading\">Quais ingredientes ajudam a controlar a oleosidade?<\/h2>\n\n\n\n<p>Alguns <strong>ingredientes naturais<\/strong> e inovadores s\u00e3o altamente eficazes no controle da <strong>oleosidade<\/strong>. Entre eles, destacam-se o <strong>alecrim<\/strong> e a <strong>menta<\/strong> por possu\u00edrem a\u00e7\u00e3o refrescante e adstringente, limpando sem retirar a umidade essencial dos fios. Al\u00e9m disso, ativos como <strong>argila verde<\/strong> e <strong>extrato de lim\u00e3o<\/strong>, amplamente utilizados por marcas como <strong>Vichy Dercos<\/strong>, ajudam no equil\u00edbrio do couro cabeludo. N\u00e3o deixe de procurar tamb\u00e9m f\u00f3rmulas com <strong>zinco<\/strong>, que auxilia na regula\u00e7\u00e3o das <a href=\"https:\/\/my.clevelandclinic.org\/health\/body\/24538-sebaceous-glands\" target=\"_blank\" rel=\"noreferrer noopener\">gl\u00e2ndulas seb\u00e1ceas<\/a>.<\/p>\n\n\n\n<p><strong>Dica r\u00e1pida:<\/strong> Prefira <strong>shampoos<\/strong> com ingredientes <strong>clareadores<\/strong> e <strong>adstringentes<\/strong> como tea tree e carv\u00e3o ativado para uma limpeza ainda mais eficiente.<\/p>\n\n\n<div class=\"wp-block-image\">\n<figure class=\"aligncenter size-large\"><img loading=\"lazy\" decoding=\"async\" width=\"1024\" height=\"576\" src=\"https:\/\/www.em.com.br\/emfoco\/wp-content\/uploads\/2025\/09\/cabelo-molhado_1758547967253-1024x576.jpg\" alt=\"Truques de beleza simples e acess\u00edveis que nossas av\u00f3s usavam e ainda funcionam\" class=\"wp-image-106836\" srcset=\"https:\/\/www.em.com.br\/emfoco\/wp-content\/uploads\/2025\/09\/cabelo-molhado_1758547967253-1024x576.jpg 1024w, https:\/\/www.em.com.br\/emfoco\/wp-content\/uploads\/2025\/09\/cabelo-molhado_1758547967253-300x169.jpg 300w, https:\/\/www.em.com.br\/emfoco\/wp-content\/uploads\/2025\/09\/cabelo-molhado_1758547967253-768x432.jpg 768w, https:\/\/www.em.com.br\/emfoco\/wp-content\/uploads\/2025\/09\/cabelo-molhado_1758547967253-750x422.jpg 750w, https:\/\/www.em.com.br\/emfoco\/wp-content\/uploads\/2025\/09\/cabelo-molhado_1758547967253-1140x641.jpg 1140w, https:\/\/www.em.com.br\/emfoco\/wp-content\/uploads\/2025\/09\/cabelo-molhado_1758547967253.jpg 1280w\" sizes=\"auto, (max-width: 1024px) 100vw, 1024px\" \/><figcaption class=\"wp-element-caption\">Cabelo &#8211; Cr\u00e9ditos: depositphotos.com \/ HayDmitriy<\/figcaption><\/figure><\/div>\n\n\n<h2 class=\"wp-block-heading\">Como evitar o ressecamento das pontas?<\/h2>\n\n\n\n<p>Ao buscar <strong>combater a oleosidade<\/strong>, \u00e9 essencial proteger as pontas dos fios contra o <strong>ressecamento<\/strong>. Produtos que contam com <strong>\u00f3leos leves<\/strong>, como o \u00f3leo de <strong>jojoba<\/strong> ou argan, proporcionam hidrata\u00e7\u00e3o equilibrada e evitam pontas espigadas. Profissionais de <strong>cl\u00ednicas de est\u00e9tica<\/strong> em cidades como <strong>S\u00e3o Paulo<\/strong> sugerem sempre finalizar com um <strong>leave-in leve<\/strong> ap\u00f3s a lavagem para manter o comprimento nutrido e protegido dos danos ambientais.<\/p>\n\n\n\n<p>Evite o uso excessivo de <strong>shampoos de limpeza profunda<\/strong> ou fragr\u00e2ncias muito intensas, pois eles podem aumentar o risco de ressecar al\u00e9m do necess\u00e1rio e prejudicar a sa\u00fade dos fios.<\/p>\n\n\n\n<h2 class=\"wp-block-heading\">O que considerar ao escolher seu shampoo?<\/h2>\n\n\n\n<ul class=\"wp-block-list\">\n<li>Verifique se o produto oferece o <strong>equil\u00edbrio ideal entre limpeza e hidrata\u00e7\u00e3o<\/strong>.<\/li>\n\n\n\n<li>D\u00ea prefer\u00eancia a <strong>shampoos com f\u00f3rmulas livres de sulfatos<\/strong> para uma limpeza menos agressiva.<\/li>\n\n\n\n<li>Opte por <strong>marcas reconhecidas<\/strong> pela alta efic\u00e1cia contra a <strong>oleosidade<\/strong> e pela presen\u00e7a de ingredientes comprovados.<\/li>\n<\/ul>\n\n\n\n<p><em>Leia tamb\u00e9m:<\/em> <a href=\"https:\/\/www.em.com.br\/emfoco\/2025\/10\/20\/como-fortalecer-o-cabelo-e-reduzir-a-queda-com-esse-ingrediente-natural\/\" target=\"_blank\" rel=\"noopener\">Como fortalecer o cabelo e reduzir a queda com esse ingrediente natural<\/a><\/p>\n\n\n<div class=\"wp-block-image\">\n<figure class=\"aligncenter size-large\"><img loading=\"lazy\" decoding=\"async\" width=\"1024\" height=\"576\" src=\"https:\/\/www.em.com.br\/emfoco\/wp-content\/uploads\/2025\/02\/cabelo-lavar_1739557857845-1024x576.jpg\" alt=\"Cuidados simples e eficazes para proteger seus fios no ver\u00e3o\" class=\"wp-image-19833\" srcset=\"https:\/\/www.em.com.br\/emfoco\/wp-content\/uploads\/2025\/02\/cabelo-lavar_1739557857845-1024x576.jpg 1024w, https:\/\/www.em.com.br\/emfoco\/wp-content\/uploads\/2025\/02\/cabelo-lavar_1739557857845-300x169.jpg 300w, https:\/\/www.em.com.br\/emfoco\/wp-content\/uploads\/2025\/02\/cabelo-lavar_1739557857845-768x432.jpg 768w, https:\/\/www.em.com.br\/emfoco\/wp-content\/uploads\/2025\/02\/cabelo-lavar_1739557857845-750x422.jpg 750w, https:\/\/www.em.com.br\/emfoco\/wp-content\/uploads\/2025\/02\/cabelo-lavar_1739557857845-1140x641.jpg 1140w, https:\/\/www.em.com.br\/emfoco\/wp-content\/uploads\/2025\/02\/cabelo-lavar_1739557857845.jpg 1280w\" sizes=\"auto, (max-width: 1024px) 100vw, 1024px\" \/><figcaption class=\"wp-element-caption\">Imagem ilustrativa de mulher lavando o cabelo &#8211; Cr\u00e9ditos: depositphotos.com \/ serezniy<\/figcaption><\/figure><\/div>\n\n\n<h2 class=\"wp-block-heading\">Quais s\u00e3o os melhores shampoos que voc\u00ea precisa experimentar?<\/h2>\n\n\n\n<p>Ap\u00f3s uma an\u00e1lise detalhada do mercado, selecionei os <strong>principais shampoos<\/strong> que merecem sua aten\u00e7\u00e3o. Muitas dessas op\u00e7\u00f5es j\u00e1 conquistaram pr\u00eamios em eventos prestigiados como o <strong>Beauty Fair<\/strong>, realizados em <strong>S\u00e3o Paulo<\/strong>:<\/p>\n\n\n\n<ol class=\"wp-block-list\">\n<li><strong>L&#8217;Or\u00e9al Paris Pure Resource<\/strong>: ideal para uma limpeza profunda di\u00e1ria com sensa\u00e7\u00e3o de frescor prolongado.<\/li>\n\n\n\n<li><strong> Vichy Dercos Purificante<\/strong>: conta com ingredientes org\u00e2nicos que acalmam e revitalizam o couro cabeludo.<\/li>\n\n\n\n<li><strong>Head &amp; Shoulders Citrus Fresh<\/strong>: op\u00e7\u00e3o econ\u00f4mica e eficiente para quem precisa lavar os fios com frequ\u00eancia.<\/li>\n<\/ol>\n\n\n\n<h2 class=\"wp-block-heading\">Como transformar sua rotina capilar?<\/h2>\n\n\n\n<ul class=\"wp-block-list\">\n<li>Invista em <strong>shampoos com ativos espec\u00edficos<\/strong> para o <strong>controle da oleosidade<\/strong> e observe como eles melhoram a sa\u00fade dos seus fios.<\/li>\n\n\n\n<li>Adote uma <strong>rotina de cuidados constante<\/strong> e tenha paci\u00eancia para notar <strong>resultados duradouros<\/strong>.<\/li>\n\n\n\n<li>Logo na primeira aplica\u00e7\u00e3o, voc\u00ea sentir\u00e1 a <strong>diferen\u00e7a na textura e leveza<\/strong> dos seus cabelos.<\/li>\n<\/ul>\n","protected":false},"excerpt":{"rendered":"<p>Controlar a oleosidade dos cabelos pode ser um verdadeiro desafio para quem deseja madeixas leves e saud\u00e1veis. Os shampoos para cabelos oleosos s\u00e3o especialmente formulados para promover uma limpeza profunda e equilibrar a produ\u00e7\u00e3o de sebo, sem agredir o couro cabeludo. Confira abaixo as melhores op\u00e7\u00f5es do mercado para conquistar fios mais soltos, limpos e [&hellip;]<\/p>\n","protected":false},"author":9,"featured_media":115617,"comment_status":"open","ping_status":"open","sticky":false,"template":"","format":"standard","meta":{"jnews-multi-image_gallery":[],"jnews_single_post":{"format":"standard"},"jnews_primary_category":[],"jnews_social_meta":[],"jnews_override_counter":[],"footnotes":""},"categories":[8691,8819,1],"tags":[7553,17409,5173],"class_list":["post-117586","post","type-post","status-publish","format-standard","has-post-thumbnail","hentry","category-bem-estar","category-curiosidades","category-noticias","tag-cabelo-oleoso","tag-cuidado-capilar","tag-shampoo"],"yoast_head":"<!-- This site is optimized with the Yoast SEO plugin v23.8 - https:\/\/yoast.com\/wordpress\/plugins\/seo\/ -->\n<title>Aprenda a controlar a oleosidade do cabelo e deixar igual de sal\u00e3o em casa<\/title>\n<meta name=\"description\" content=\"Shampoos para cabelos oleosos limpam profundamente, controlam a oleosidade e mant\u00eam fios leves, soltos e saud\u00e1veis sem ressecar.\" \/>\n<meta name=\"robots\" content=\"index, follow, max-snippet:-1, max-image-preview:large, max-video-preview:-1\" \/>\n<link rel=\"canonical\" href=\"https:\/\/www.em.com.br\/emfoco\/2025\/10\/22\/aprenda-a-controlar-a-oleosidade-do-cabelo-e-deixar-igual-de-salao-em-casa\/\" \/>\n<meta property=\"og:locale\" content=\"pt_BR\" \/>\n<meta property=\"og:type\" content=\"article\" \/>\n<meta property=\"og:title\" content=\"Aprenda a controlar a oleosidade do cabelo e deixar igual de sal\u00e3o em casa\" \/>\n<meta property=\"og:description\" content=\"Shampoos para cabelos oleosos limpam profundamente, controlam a oleosidade e mant\u00eam fios leves, soltos e saud\u00e1veis sem ressecar.\" \/>\n<meta property=\"og:url\" content=\"https:\/\/www.em.com.br\/emfoco\/2025\/10\/22\/aprenda-a-controlar-a-oleosidade-do-cabelo-e-deixar-igual-de-salao-em-casa\/\" \/>\n<meta property=\"og:site_name\" content=\"Estado de Minas - Em foco\" \/>\n<meta property=\"article:published_time\" content=\"2025-10-22T19:35:05+00:00\" \/>\n<meta property=\"article:modified_time\" content=\"2025-10-21T21:24:58+00:00\" \/>\n<meta property=\"og:image\" content=\"https:\/\/www.em.com.br\/emfoco\/wp-content\/uploads\/2025\/10\/Serum-capilar_1760544687457.jpg\" \/>\n\t<meta property=\"og:image:width\" content=\"1280\" \/>\n\t<meta property=\"og:image:height\" content=\"720\" \/>\n\t<meta property=\"og:image:type\" content=\"image\/jpeg\" \/>\n<meta name=\"author\" content=\"Daniely Cardoso\" \/>\n<meta name=\"twitter:card\" content=\"summary_large_image\" \/>\n<meta name=\"twitter:label1\" content=\"Escrito por\" \/>\n\t<meta name=\"twitter:data1\" content=\"Daniely Cardoso\" \/>\n\t<meta name=\"twitter:label2\" content=\"Est. tempo de leitura\" \/>\n\t<meta name=\"twitter:data2\" content=\"4 minutos\" \/>\n<!-- \/ Yoast SEO plugin. -->","yoast_head_json":{"title":"Aprenda a controlar a oleosidade do cabelo e deixar igual de sal\u00e3o em casa","description":"Shampoos para cabelos oleosos limpam profundamente, controlam a oleosidade e mant\u00eam fios leves, soltos e saud\u00e1veis sem ressecar.","robots":{"index":"index","follow":"follow","max-snippet":"max-snippet:-1","max-image-preview":"max-image-preview:large","max-video-preview":"max-video-preview:-1"},"canonical":"https:\/\/www.em.com.br\/emfoco\/2025\/10\/22\/aprenda-a-controlar-a-oleosidade-do-cabelo-e-deixar-igual-de-salao-em-casa\/","og_locale":"pt_BR","og_type":"article","og_title":"Aprenda a controlar a oleosidade do cabelo e deixar igual de sal\u00e3o em casa","og_description":"Shampoos para cabelos oleosos limpam profundamente, controlam a oleosidade e mant\u00eam fios leves, soltos e saud\u00e1veis sem ressecar.","og_url":"https:\/\/www.em.com.br\/emfoco\/2025\/10\/22\/aprenda-a-controlar-a-oleosidade-do-cabelo-e-deixar-igual-de-salao-em-casa\/","og_site_name":"Estado de Minas - Em foco","article_published_time":"2025-10-22T19:35:05+00:00","article_modified_time":"2025-10-21T21:24:58+00:00","og_image":[{"width":1280,"height":720,"url":"https:\/\/www.em.com.br\/emfoco\/wp-content\/uploads\/2025\/10\/Serum-capilar_1760544687457.jpg","type":"image\/jpeg"}],"author":"Daniely Cardoso","twitter_card":"summary_large_image","twitter_misc":{"Escrito por":"Daniely Cardoso","Est. tempo de leitura":"4 minutos"},"schema":{"@context":"https:\/\/schema.org","@graph":[{"@type":"WebPage","@id":"https:\/\/www.em.com.br\/emfoco\/2025\/10\/22\/aprenda-a-controlar-a-oleosidade-do-cabelo-e-deixar-igual-de-salao-em-casa\/","url":"https:\/\/www.em.com.br\/emfoco\/2025\/10\/22\/aprenda-a-controlar-a-oleosidade-do-cabelo-e-deixar-igual-de-salao-em-casa\/","name":"Aprenda a controlar a oleosidade do cabelo e deixar igual de sal\u00e3o em casa","isPartOf":{"@id":"https:\/\/www.em.com.br\/emfoco\/#website"},"primaryImageOfPage":{"@id":"https:\/\/www.em.com.br\/emfoco\/2025\/10\/22\/aprenda-a-controlar-a-oleosidade-do-cabelo-e-deixar-igual-de-salao-em-casa\/#primaryimage"},"image":{"@id":"https:\/\/www.em.com.br\/emfoco\/2025\/10\/22\/aprenda-a-controlar-a-oleosidade-do-cabelo-e-deixar-igual-de-salao-em-casa\/#primaryimage"},"thumbnailUrl":"https:\/\/www.em.com.br\/emfoco\/wp-content\/uploads\/2025\/10\/Serum-capilar_1760544687457.jpg","datePublished":"2025-10-22T19:35:05+00:00","dateModified":"2025-10-21T21:24:58+00:00","author":{"@id":"https:\/\/www.em.com.br\/emfoco\/#\/schema\/person\/0a8186d72f2c3a5c6276d90b41f271a0"},"description":"Shampoos para cabelos oleosos limpam profundamente, controlam a oleosidade e mant\u00eam fios leves, soltos e saud\u00e1veis sem ressecar.","breadcrumb":{"@id":"https:\/\/www.em.com.br\/emfoco\/2025\/10\/22\/aprenda-a-controlar-a-oleosidade-do-cabelo-e-deixar-igual-de-salao-em-casa\/#breadcrumb"},"inLanguage":"pt-BR","potentialAction":[{"@type":"ReadAction","target":["https:\/\/www.em.com.br\/emfoco\/2025\/10\/22\/aprenda-a-controlar-a-oleosidade-do-cabelo-e-deixar-igual-de-salao-em-casa\/"]}]},{"@type":"ImageObject","inLanguage":"pt-BR","@id":"https:\/\/www.em.com.br\/emfoco\/2025\/10\/22\/aprenda-a-controlar-a-oleosidade-do-cabelo-e-deixar-igual-de-salao-em-casa\/#primaryimage","url":"https:\/\/www.em.com.br\/emfoco\/wp-content\/uploads\/2025\/10\/Serum-capilar_1760544687457.jpg","contentUrl":"https:\/\/www.em.com.br\/emfoco\/wp-content\/uploads\/2025\/10\/Serum-capilar_1760544687457.jpg","width":1280,"height":720,"caption":"Combinar ampolas, m\u00e1scaras e s\u00e9rum pode maximizar os benef\u00edcios e levar seu cabelo - Cr\u00e9ditos: depositphotos.com \/ Volurol"},{"@type":"BreadcrumbList","@id":"https:\/\/www.em.com.br\/emfoco\/2025\/10\/22\/aprenda-a-controlar-a-oleosidade-do-cabelo-e-deixar-igual-de-salao-em-casa\/#breadcrumb","itemListElement":[{"@type":"ListItem","position":1,"name":"In\u00edcio","item":"https:\/\/www.em.com.br\/emfoco\/"},{"@type":"ListItem","position":2,"name":"Aprenda a controlar a oleosidade do cabelo e deixar igual de sal\u00e3o em casa"}]},{"@type":"WebSite","@id":"https:\/\/www.em.com.br\/emfoco\/#website","url":"https:\/\/www.em.com.br\/emfoco\/","name":"Estado de Minas - Em foco","description":"Acompanhe as \u00faltimas not\u00edcias e fique bem informado sobre tudo o que acontece em Minas Gerais, Brasil e no mundo.","potentialAction":[{"@type":"SearchAction","target":{"@type":"EntryPoint","urlTemplate":"https:\/\/www.em.com.br\/emfoco\/?s={search_term_string}"},"query-input":{"@type":"PropertyValueSpecification","valueRequired":true,"valueName":"search_term_string"}}],"inLanguage":"pt-BR"},{"@type":"Person","@id":"https:\/\/www.em.com.br\/emfoco\/#\/schema\/person\/0a8186d72f2c3a5c6276d90b41f271a0","name":"Daniely Cardoso","image":{"@type":"ImageObject","inLanguage":"pt-BR","@id":"https:\/\/www.em.com.br\/emfoco\/#\/schema\/person\/image\/","url":"https:\/\/secure.gravatar.com\/avatar\/4b80ddbd124d1f071b626d52d62e5dff?s=96&d=mm&r=g","contentUrl":"https:\/\/secure.gravatar.com\/avatar\/4b80ddbd124d1f071b626d52d62e5dff?s=96&d=mm&r=g","caption":"Daniely Cardoso"},"url":"https:\/\/www.em.com.br\/emfoco\/author\/danielymyth\/"}]}},"_links":{"self":[{"href":"https:\/\/www.em.com.br\/emfoco\/wp-json\/wp\/v2\/posts\/117586","targetHints":{"allow":["GET"]}}],"collection":[{"href":"https:\/\/www.em.com.br\/emfoco\/wp-json\/wp\/v2\/posts"}],"about":[{"href":"https:\/\/www.em.com.br\/emfoco\/wp-json\/wp\/v2\/types\/post"}],"author":[{"embeddable":true,"href":"https:\/\/www.em.com.br\/emfoco\/wp-json\/wp\/v2\/users\/9"}],"replies":[{"embeddable":true,"href":"https:\/\/www.em.com.br\/emfoco\/wp-json\/wp\/v2\/comments?post=117586"}],"version-history":[{"count":3,"href":"https:\/\/www.em.com.br\/emfoco\/wp-json\/wp\/v2\/posts\/117586\/revisions"}],"predecessor-version":[{"id":117937,"href":"https:\/\/www.em.com.br\/emfoco\/wp-json\/wp\/v2\/posts\/117586\/revisions\/117937"}],"wp:featuredmedia":[{"embeddable":true,"href":"https:\/\/www.em.com.br\/emfoco\/wp-json\/wp\/v2\/media\/115617"}],"wp:attachment":[{"href":"https:\/\/www.em.com.br\/emfoco\/wp-json\/wp\/v2\/media?parent=117586"}],"wp:term":[{"taxonomy":"category","embeddable":true,"href":"https:\/\/www.em.com.br\/emfoco\/wp-json\/wp\/v2\/categories?post=117586"},{"taxonomy":"post_tag","embeddable":true,"href":"https:\/\/www.em.com.br\/emfoco\/wp-json\/wp\/v2\/tags?post=117586"}],"curies":[{"name":"wp","href":"https:\/\/api.w.org\/{rel}","templated":true}]}}