{"id":11749,"date":"2025-01-19T19:40:00","date_gmt":"2025-01-19T22:40:00","guid":{"rendered":"https:\/\/www.em.com.br\/emfoco\/?p=11749"},"modified":"2025-01-19T02:01:54","modified_gmt":"2025-01-19T05:01:54","slug":"ja-ouviu-falar-de-antonio-prado-de-minas","status":"publish","type":"post","link":"https:\/\/www.em.com.br\/emfoco\/2025\/01\/19\/ja-ouviu-falar-de-antonio-prado-de-minas\/","title":{"rendered":"J\u00e1 ouviu falar de Ant\u00f4nio Prado de Minas?"},"content":{"rendered":"\n<p>Localizado estrategicamente entre os estados de <a href=\"https:\/\/pt.wikipedia.org\/wiki\/Minas_Gerais\" target=\"_blank\" rel=\"noreferrer noopener\">Minas Gerais<\/a> e Rio de Janeiro, Ant\u00f4nio Prado de Minas \u00e9 um <a href=\"https:\/\/www.em.com.br\/emfoco\/2025\/01\/04\/municipios-brasileiros-recebem-incentivo-para-produzir-e-usar-plantas-medicinais\/\" target=\"_blank\" rel=\"noreferrer noopener\">munic\u00edpio <\/a>que se destaca por suas belezas naturais e culturais. Encravada em terras montanhosas, a cidade encanta com suas vistas deslumbrantes e a ic\u00f4nica Pedra Elefantina, o segundo maior bloco de granito do mundo. O visitante que decide explorar esta regi\u00e3o encontra um ref\u00fagio de tranquilidade.<\/p>\n\n\n\n<p>A diversidade das paisagens \u00e9 um dos principais atrativos de Ant\u00f4nio Prado. As cachoeiras, exuberantes e repletas de charme, oferecem n\u00e3o apenas lazer, mas tamb\u00e9m momentos de puro contato com a natureza. O ambiente montanhoso contribui para uma experi\u00eancia \u00fanica, onde \u00e9 poss\u00edvel aproveitar trilhas desafiadoras e vistas panor\u00e2micas de tirar o f\u00f4lego.<\/p>\n\n\n<div class=\"wp-block-image\">\n<figure class=\"aligncenter size-large\"><img loading=\"lazy\" decoding=\"async\" width=\"1024\" height=\"577\" src=\"https:\/\/www.em.com.br\/emfoco\/wp-content\/uploads\/2025\/01\/Rio_do_Prado-1024x577.jpg\" alt=\"\" class=\"wp-image-11752\" srcset=\"https:\/\/www.em.com.br\/emfoco\/wp-content\/uploads\/2025\/01\/Rio_do_Prado-1024x577.jpg 1024w, https:\/\/www.em.com.br\/emfoco\/wp-content\/uploads\/2025\/01\/Rio_do_Prado-300x169.jpg 300w, https:\/\/www.em.com.br\/emfoco\/wp-content\/uploads\/2025\/01\/Rio_do_Prado-768x433.jpg 768w, https:\/\/www.em.com.br\/emfoco\/wp-content\/uploads\/2025\/01\/Rio_do_Prado-750x423.jpg 750w, https:\/\/www.em.com.br\/emfoco\/wp-content\/uploads\/2025\/01\/Rio_do_Prado-1140x642.jpg 1140w, https:\/\/www.em.com.br\/emfoco\/wp-content\/uploads\/2025\/01\/Rio_do_Prado.jpg 1200w\" sizes=\"auto, (max-width: 1024px) 100vw, 1024px\" \/><figcaption class=\"wp-element-caption\">Rio do Prado &#8211; Wikimidia Commons<\/figcaption><\/figure><\/div>\n\n\n<h2 class=\"wp-block-heading\">Arquitetura e Cultura Local<\/h2>\n\n\n\n<p>Al\u00e9m da riqueza natural, Ant\u00f4nio Prado de Minas possui uma <strong>arquitetura \u00fanica<\/strong> que reflete a simplicidade e a beleza de sua hist\u00f3ria. As constru\u00e7\u00f5es preservam tradi\u00e7\u00f5es que remetem a um Brasil de outrora, onde a influ\u00eancia colonial ainda \u00e9 percebida nos detalhes cuidadosos de cada edifica\u00e7\u00e3o. O povo da cidade, conhecido por sua hospitalidade, acolhe visitantes de forma calorosa, proporcionando um ambiente amig\u00e1vel e familiar.<\/p>\n\n\n\n<p>A cultura local tamb\u00e9m se destaca por sua gastronomia t\u00edpica, que combina o sabor regional com a rica tradi\u00e7\u00e3o mineira. Pratos como o feij\u00e3o tropeiro e o p\u00e3o de queijo s\u00e3o apenas uma amostra da deliciosa culin\u00e1ria que aguarda os visitantes. A comida, feita com ingredientes frescos e receitas passadas de gera\u00e7\u00e3o em gera\u00e7\u00e3o, \u00e9 um convite \u00e0 descoberta.<\/p>\n\n\n\n<h2 class=\"wp-block-heading\">Quais s\u00e3o as principais atra\u00e7\u00f5es de Ant\u00f4nio Prado de Minas?<\/h2>\n\n\n\n<p>Um dos eventos mais significativos no calend\u00e1rio local \u00e9 a Tradicional Festa de Julho. Esse evento anual atrai tanto a popula\u00e7\u00e3o local quanto turistas de diversas partes, tornando-se um ponto alto para quem deseja vivenciar aut\u00eanticos festejos pradenses. Durante a festa, a cidade se enche de vida com m\u00fasica, dan\u00e7as e manifesta\u00e7\u00f5es culturais que celebram a identidade \u00fanica da regi\u00e3o.<\/p>\n\n\n\n<p>Outra atra\u00e7\u00e3o indispens\u00e1vel \u00e9 a visita \u00e0s cachoeiras de Ant\u00f4nio Prado. Com v\u00e1rias op\u00e7\u00f5es, as quedas d&#8217;\u00e1gua proporcionam um cen\u00e1rio perfeito para aqueles que buscam paisagens naturais e momentos de serenidade. As \u00e1guas cristalinas e a vegeta\u00e7\u00e3o ao redor fazem dessas cachoeiras uma experi\u00eancia inesquec\u00edvel.<\/p>\n\n\n\n<h2 class=\"wp-block-heading\">Turismo Sustent\u00e1vel em Foco<\/h2>\n\n\n\n<p>O munic\u00edpio tem se destacado como um exemplo de <strong>turismo sustent\u00e1vel<\/strong>, buscando preservar suas belezas naturais e o patrim\u00f4nio cultural. As pr\u00e1ticas de conserva\u00e7\u00e3o s\u00e3o incentivadas para que as futuras gera\u00e7\u00f5es possam continuar desfrutando deste ambiente privilegiado. Incentivar o turismo respons\u00e1vel \u00e9 uma prioridade, combinando desenvolvimento econ\u00f4mico com a prote\u00e7\u00e3o do meio ambiente.<\/p>\n\n\n\n<p>Para os interessados em trilhas ecol\u00f3gicas, Ant\u00f4nio Prado oferece diversas oportunidades para explorar a natureza sem deixar impactos negativos. Guias locais educam visitantes sobre a import\u00e2ncia da preserva\u00e7\u00e3o ambiental, promovendo uma intera\u00e7\u00e3o mais consciente com o meio.<\/p>\n\n\n\n<h2 class=\"wp-block-heading\">Encerramento<\/h2>\n\n\n\n<p>Visitar Ant\u00f4nio Prado de Minas \u00e9 uma oportunidade de conectar-se \u00e0 natureza e \u00e0 cultura local de maneira aut\u00eantica. A cidade, com suas paisagens deslumbrantes e atmosfera acolhedora, promete uma experi\u00eancia rica em descobertas e viv\u00eancias que ficam na mem\u00f3ria. Cada visitante que passa por aqui leva consigo um peda\u00e7o da encantadora vida pradense.<\/p>\n","protected":false},"excerpt":{"rendered":"<p>Localizado estrategicamente entre os estados de Minas Gerais e Rio de Janeiro, Ant\u00f4nio Prado de Minas \u00e9 um munic\u00edpio que se destaca por suas belezas naturais e culturais. Encravada em terras montanhosas, a cidade encanta com suas vistas deslumbrantes e a ic\u00f4nica Pedra Elefantina, o segundo maior bloco de granito do mundo. O visitante que [&hellip;]<\/p>\n","protected":false},"author":7,"featured_media":4481,"comment_status":"open","ping_status":"open","sticky":false,"template":"","format":"standard","meta":{"jnews-multi-image_gallery":[],"jnews_single_post":{"format":"standard"},"jnews_primary_category":[],"jnews_social_meta":[],"jnews_override_counter":[],"footnotes":""},"categories":[26],"tags":[247,159,207,318,325,157],"class_list":["post-11749","post","type-post","status-publish","format-standard","has-post-thumbnail","hentry","category-cidades","tag-arquitetura","tag-cultura","tag-minas-gerais","tag-natureza","tag-sustentabilidade","tag-turismo"],"yoast_head":"<!-- This site is optimized with the Yoast SEO plugin v23.8 - https:\/\/yoast.com\/wordpress\/plugins\/seo\/ -->\n<title>J\u00e1 ouviu falar de Ant\u00f4nio Prado de Minas? - Estado de Minas - Em foco<\/title>\n<meta name=\"description\" content=\"Descubra as belezas naturais e culturais de Ant\u00f4nio Prado de Minas, um munic\u00edpio brasileiro localizado em Minas Gerais, e explore suas atra\u00e7\u00f5es e eventos locais.\" \/>\n<meta name=\"robots\" content=\"index, follow, max-snippet:-1, max-image-preview:large, max-video-preview:-1\" \/>\n<link rel=\"canonical\" href=\"https:\/\/www.em.com.br\/emfoco\/2025\/01\/19\/ja-ouviu-falar-de-antonio-prado-de-minas\/\" \/>\n<meta property=\"og:locale\" content=\"pt_BR\" \/>\n<meta property=\"og:type\" content=\"article\" \/>\n<meta property=\"og:title\" content=\"J\u00e1 ouviu falar de Ant\u00f4nio Prado de Minas? - Estado de Minas - Em foco\" \/>\n<meta property=\"og:description\" content=\"Descubra as belezas naturais e culturais de Ant\u00f4nio Prado de Minas, um munic\u00edpio brasileiro localizado em Minas Gerais, e explore suas atra\u00e7\u00f5es e eventos locais.\" \/>\n<meta property=\"og:url\" content=\"https:\/\/www.em.com.br\/emfoco\/2025\/01\/19\/ja-ouviu-falar-de-antonio-prado-de-minas\/\" \/>\n<meta property=\"og:site_name\" content=\"Estado de Minas - Em foco\" \/>\n<meta property=\"article:published_time\" content=\"2025-01-19T22:40:00+00:00\" \/>\n<meta property=\"article:modified_time\" content=\"2025-01-19T05:01:54+00:00\" \/>\n<meta property=\"og:image\" content=\"https:\/\/www.em.com.br\/emfoco\/wp-content\/uploads\/2024\/12\/Minas-Gerais_1733972426068.jpg\" \/>\n\t<meta property=\"og:image:width\" content=\"1280\" \/>\n\t<meta property=\"og:image:height\" content=\"720\" \/>\n\t<meta property=\"og:image:type\" content=\"image\/jpeg\" \/>\n<meta name=\"author\" content=\"Kelvin\" \/>\n<meta name=\"twitter:card\" content=\"summary_large_image\" \/>\n<meta name=\"twitter:label1\" content=\"Escrito por\" \/>\n\t<meta name=\"twitter:data1\" content=\"Kelvin\" \/>\n\t<meta name=\"twitter:label2\" content=\"Est. tempo de leitura\" \/>\n\t<meta name=\"twitter:data2\" content=\"4 minutos\" \/>\n<!-- \/ Yoast SEO plugin. -->","yoast_head_json":{"title":"J\u00e1 ouviu falar de Ant\u00f4nio Prado de Minas? - Estado de Minas - Em foco","description":"Descubra as belezas naturais e culturais de Ant\u00f4nio Prado de Minas, um munic\u00edpio brasileiro localizado em Minas Gerais, e explore suas atra\u00e7\u00f5es e eventos locais.","robots":{"index":"index","follow":"follow","max-snippet":"max-snippet:-1","max-image-preview":"max-image-preview:large","max-video-preview":"max-video-preview:-1"},"canonical":"https:\/\/www.em.com.br\/emfoco\/2025\/01\/19\/ja-ouviu-falar-de-antonio-prado-de-minas\/","og_locale":"pt_BR","og_type":"article","og_title":"J\u00e1 ouviu falar de Ant\u00f4nio Prado de Minas? - Estado de Minas - Em foco","og_description":"Descubra as belezas naturais e culturais de Ant\u00f4nio Prado de Minas, um munic\u00edpio brasileiro localizado em Minas Gerais, e explore suas atra\u00e7\u00f5es e eventos locais.","og_url":"https:\/\/www.em.com.br\/emfoco\/2025\/01\/19\/ja-ouviu-falar-de-antonio-prado-de-minas\/","og_site_name":"Estado de Minas - Em foco","article_published_time":"2025-01-19T22:40:00+00:00","article_modified_time":"2025-01-19T05:01:54+00:00","og_image":[{"width":1280,"height":720,"url":"https:\/\/www.em.com.br\/emfoco\/wp-content\/uploads\/2024\/12\/Minas-Gerais_1733972426068.jpg","type":"image\/jpeg"}],"author":"Kelvin","twitter_card":"summary_large_image","twitter_misc":{"Escrito por":"Kelvin","Est. tempo de leitura":"4 minutos"},"schema":{"@context":"https:\/\/schema.org","@graph":[{"@type":"WebPage","@id":"https:\/\/www.em.com.br\/emfoco\/2025\/01\/19\/ja-ouviu-falar-de-antonio-prado-de-minas\/","url":"https:\/\/www.em.com.br\/emfoco\/2025\/01\/19\/ja-ouviu-falar-de-antonio-prado-de-minas\/","name":"J\u00e1 ouviu falar de Ant\u00f4nio Prado de Minas? - Estado de Minas - Em foco","isPartOf":{"@id":"https:\/\/www.em.com.br\/emfoco\/#website"},"primaryImageOfPage":{"@id":"https:\/\/www.em.com.br\/emfoco\/2025\/01\/19\/ja-ouviu-falar-de-antonio-prado-de-minas\/#primaryimage"},"image":{"@id":"https:\/\/www.em.com.br\/emfoco\/2025\/01\/19\/ja-ouviu-falar-de-antonio-prado-de-minas\/#primaryimage"},"thumbnailUrl":"https:\/\/www.em.com.br\/emfoco\/wp-content\/uploads\/2024\/12\/Minas-Gerais_1733972426068.jpg","datePublished":"2025-01-19T22:40:00+00:00","dateModified":"2025-01-19T05:01:54+00:00","author":{"@id":"https:\/\/www.em.com.br\/emfoco\/#\/schema\/person\/fb0a7f48c6fbb94b83f413a80f61917d"},"description":"Descubra as belezas naturais e culturais de Ant\u00f4nio Prado de Minas, um munic\u00edpio brasileiro localizado em Minas Gerais, e explore suas atra\u00e7\u00f5es e eventos locais.","breadcrumb":{"@id":"https:\/\/www.em.com.br\/emfoco\/2025\/01\/19\/ja-ouviu-falar-de-antonio-prado-de-minas\/#breadcrumb"},"inLanguage":"pt-BR","potentialAction":[{"@type":"ReadAction","target":["https:\/\/www.em.com.br\/emfoco\/2025\/01\/19\/ja-ouviu-falar-de-antonio-prado-de-minas\/"]}]},{"@type":"ImageObject","inLanguage":"pt-BR","@id":"https:\/\/www.em.com.br\/emfoco\/2025\/01\/19\/ja-ouviu-falar-de-antonio-prado-de-minas\/#primaryimage","url":"https:\/\/www.em.com.br\/emfoco\/wp-content\/uploads\/2024\/12\/Minas-Gerais_1733972426068.jpg","contentUrl":"https:\/\/www.em.com.br\/emfoco\/wp-content\/uploads\/2024\/12\/Minas-Gerais_1733972426068.jpg","width":1280,"height":720,"caption":"Estado de Minas - Cr\u00e9ditos: depositphotos.com \/ ingomenhard"},{"@type":"BreadcrumbList","@id":"https:\/\/www.em.com.br\/emfoco\/2025\/01\/19\/ja-ouviu-falar-de-antonio-prado-de-minas\/#breadcrumb","itemListElement":[{"@type":"ListItem","position":1,"name":"In\u00edcio","item":"https:\/\/www.em.com.br\/emfoco\/"},{"@type":"ListItem","position":2,"name":"J\u00e1 ouviu falar de Ant\u00f4nio Prado de Minas?"}]},{"@type":"WebSite","@id":"https:\/\/www.em.com.br\/emfoco\/#website","url":"https:\/\/www.em.com.br\/emfoco\/","name":"Estado de Minas - Em foco","description":"Acompanhe as \u00faltimas not\u00edcias e fique bem informado sobre tudo o que acontece em Minas Gerais, Brasil e no mundo.","potentialAction":[{"@type":"SearchAction","target":{"@type":"EntryPoint","urlTemplate":"https:\/\/www.em.com.br\/emfoco\/?s={search_term_string}"},"query-input":{"@type":"PropertyValueSpecification","valueRequired":true,"valueName":"search_term_string"}}],"inLanguage":"pt-BR"},{"@type":"Person","@id":"https:\/\/www.em.com.br\/emfoco\/#\/schema\/person\/fb0a7f48c6fbb94b83f413a80f61917d","name":"Kelvin","image":{"@type":"ImageObject","inLanguage":"pt-BR","@id":"https:\/\/www.em.com.br\/emfoco\/#\/schema\/person\/image\/","url":"https:\/\/secure.gravatar.com\/avatar\/e74f84337e6bf6c4c5e88fbdffa05270?s=96&d=mm&r=g","contentUrl":"https:\/\/secure.gravatar.com\/avatar\/e74f84337e6bf6c4c5e88fbdffa05270?s=96&d=mm&r=g","caption":"Kelvin"},"sameAs":["https:\/\/www.em.com.br\/emfoco"],"url":"https:\/\/www.em.com.br\/emfoco\/author\/kelvinmyth\/"}]}},"_links":{"self":[{"href":"https:\/\/www.em.com.br\/emfoco\/wp-json\/wp\/v2\/posts\/11749","targetHints":{"allow":["GET"]}}],"collection":[{"href":"https:\/\/www.em.com.br\/emfoco\/wp-json\/wp\/v2\/posts"}],"about":[{"href":"https:\/\/www.em.com.br\/emfoco\/wp-json\/wp\/v2\/types\/post"}],"author":[{"embeddable":true,"href":"https:\/\/www.em.com.br\/emfoco\/wp-json\/wp\/v2\/users\/7"}],"replies":[{"embeddable":true,"href":"https:\/\/www.em.com.br\/emfoco\/wp-json\/wp\/v2\/comments?post=11749"}],"version-history":[{"count":2,"href":"https:\/\/www.em.com.br\/emfoco\/wp-json\/wp\/v2\/posts\/11749\/revisions"}],"predecessor-version":[{"id":11753,"href":"https:\/\/www.em.com.br\/emfoco\/wp-json\/wp\/v2\/posts\/11749\/revisions\/11753"}],"wp:featuredmedia":[{"embeddable":true,"href":"https:\/\/www.em.com.br\/emfoco\/wp-json\/wp\/v2\/media\/4481"}],"wp:attachment":[{"href":"https:\/\/www.em.com.br\/emfoco\/wp-json\/wp\/v2\/media?parent=11749"}],"wp:term":[{"taxonomy":"category","embeddable":true,"href":"https:\/\/www.em.com.br\/emfoco\/wp-json\/wp\/v2\/categories?post=11749"},{"taxonomy":"post_tag","embeddable":true,"href":"https:\/\/www.em.com.br\/emfoco\/wp-json\/wp\/v2\/tags?post=11749"}],"curies":[{"name":"wp","href":"https:\/\/api.w.org\/{rel}","templated":true}]}}