{"id":117418,"date":"2025-10-22T10:15:00","date_gmt":"2025-10-22T13:15:00","guid":{"rendered":"https:\/\/www.em.com.br\/emfoco\/?p=117418"},"modified":"2025-10-20T15:03:41","modified_gmt":"2025-10-20T18:03:41","slug":"por-que-tantas-pessoas-nao-conseguem-dizer-nao-segundo-a-psicologia","status":"publish","type":"post","link":"https:\/\/www.em.com.br\/emfoco\/2025\/10\/22\/por-que-tantas-pessoas-nao-conseguem-dizer-nao-segundo-a-psicologia\/","title":{"rendered":"Por que tantas pessoas n\u00e3o conseguem dizer n\u00e3o, segundo a psicologia"},"content":{"rendered":"\n<p>Dizer \u201cn\u00e3o\u201d parece simples, mas muitas pessoas sentem culpa ou medo ao recusar pedidos. Segundo a ci\u00eancia do comportamento, o h\u00e1bito de agradar os outros \u2014 o chamado <strong>people-pleasing<\/strong> \u2014 nasce de padr\u00f5es aprendidos de aprova\u00e7\u00e3o e pode prejudicar o bem-estar emocional.<\/p>\n\n\n\n<ul class=\"wp-block-list\">\n<li>Por que o \u201csim autom\u00e1tico\u201d se torna um h\u00e1bito emocional<\/li>\n\n\n\n<li>Como o medo de rejei\u00e7\u00e3o e cren\u00e7as antigas alimentam esse padr\u00e3o<\/li>\n\n\n\n<li>T\u00e9cnicas pr\u00e1ticas para aprender a impor limites com empatia<\/li>\n<\/ul>\n\n\n\n<h2 class=\"wp-block-heading\">Por que tantas pessoas t\u00eam medo de dizer \u201cn\u00e3o\u201d?<\/h2>\n\n\n\n<p>O comportamento de <strong>evitar conflitos<\/strong> e agradar vem, muitas vezes, da inf\u00e2ncia, quando o amor e o reconhecimento eram conquistados com obedi\u00eancia. Assim, o c\u00e9rebro associa o \u201csim\u201d \u00e0 aceita\u00e7\u00e3o e o \u201cn\u00e3o\u201d \u00e0 rejei\u00e7\u00e3o, criando um ciclo de <strong><a href=\"https:\/\/posdigital.pucpr.br\/blog\/autorregulacao-emocional\" target=\"_blank\" rel=\"noreferrer noopener\">autonega\u00e7\u00e3o emocional<\/a><\/strong>.<\/p>\n\n\n\n<p>Pesquisas em psicologia chamam esse padr\u00e3o de <strong>comunh\u00e3o n\u00e3o mitigada<\/strong>: foco excessivo no outro \u00e0 custa de si mesmo. Embora pare\u00e7a altru\u00edsmo, ele costuma gerar exaust\u00e3o, ressentimento e <strong>ansiedade cr\u00f4nica<\/strong> por n\u00e3o conseguir atender a tudo e todos.<\/p>\n\n\n\n<figure class=\"wp-block-image size-large\"><img loading=\"lazy\" decoding=\"async\" width=\"1024\" height=\"576\" src=\"https:\/\/www.em.com.br\/emfoco\/wp-content\/uploads\/2025\/10\/Briga_1760983124773-1024x576.jpg\" alt=\"Por que tantas pessoas n\u00e3o conseguem dizer n\u00e3o, segundo a psicologia\" class=\"wp-image-117445\" srcset=\"https:\/\/www.em.com.br\/emfoco\/wp-content\/uploads\/2025\/10\/Briga_1760983124773-1024x576.jpg 1024w, https:\/\/www.em.com.br\/emfoco\/wp-content\/uploads\/2025\/10\/Briga_1760983124773-300x169.jpg 300w, https:\/\/www.em.com.br\/emfoco\/wp-content\/uploads\/2025\/10\/Briga_1760983124773-768x432.jpg 768w, https:\/\/www.em.com.br\/emfoco\/wp-content\/uploads\/2025\/10\/Briga_1760983124773-750x422.jpg 750w, https:\/\/www.em.com.br\/emfoco\/wp-content\/uploads\/2025\/10\/Briga_1760983124773-1140x641.jpg 1140w, https:\/\/www.em.com.br\/emfoco\/wp-content\/uploads\/2025\/10\/Briga_1760983124773.jpg 1280w\" sizes=\"auto, (max-width: 1024px) 100vw, 1024px\" \/><figcaption class=\"wp-element-caption\">Dizer \u201cn\u00e3o\u201d \u00e9 um ato de autocuidado emocional &#8211; Cr\u00e9ditos: depositphotos.com \/ AlexShadyuk<\/figcaption><\/figure>\n\n\n\n<h2 class=\"wp-block-heading\">Quais sinais mostram que voc\u00ea est\u00e1 caindo no \u201cmodo agradar\u201d?<\/h2>\n\n\n\n<p>Reconhecer os ind\u00edcios \u00e9 o primeiro passo para mudar. O padr\u00e3o do <strong>people-pleaser<\/strong> costuma se revelar em situa\u00e7\u00f5es rotineiras, mas repetidas, em que a pessoa ignora as pr\u00f3prias necessidades para manter a harmonia e ser aceita socialmente.<\/p>\n\n\n\n<ul class=\"wp-block-list\">\n<li><strong>Diz \u201csim\u201d automaticamente<\/strong> a convites, tarefas ou favores sem avaliar disponibilidade<\/li>\n\n\n\n<li><strong>Desculpa-se excessivamente<\/strong> at\u00e9 por situa\u00e7\u00f5es que n\u00e3o exigem culpa<\/li>\n\n\n\n<li><strong>Sente-se mal ao priorizar o pr\u00f3prio tempo<\/strong> ou descansar enquanto outros trabalham<\/li>\n<\/ul>\n\n\n\n<p><em>Leia mais: <a href=\"https:\/\/www.em.com.br\/emfoco\/2025\/10\/19\/o-que-significa-quando-uma-pessoa-so-diz-sim-segundo-a-psicologia\/\" target=\"_blank\" rel=\"noreferrer noopener\">O que significa quando uma pessoa s\u00f3 diz sim, segundo a psicologia<\/a><\/em><\/p>\n\n\n\n<h2 class=\"wp-block-heading\">Como treinar o c\u00e9rebro para impor limites saud\u00e1veis?<\/h2>\n\n\n\n<p>O treino come\u00e7a com a pausa: aprender a pensar antes de responder evita o \u201csim reflexo\u201d. Usar frases curtas e neutras ajuda a comunicar um <strong>n\u00e3o assertivo<\/strong> sem parecer rude. Com o tempo, o c\u00e9rebro aprende que recusar n\u00e3o \u00e9 rejeitar, mas respeitar.<\/p>\n\n\n\n<p>Outra t\u00e9cnica \u00e9 usar a <strong>agenda como barreira f\u00edsica<\/strong>: comprometer-se primeiro consigo mesmo e depois avaliar o que realmente cabe. Refor\u00e7ar valores pessoais \u2014 como descanso, autonomia e foco \u2014 reduz a culpa e fortalece a autoestima.<\/p>\n\n\n\n<figure class=\"wp-block-image size-large\"><img loading=\"lazy\" decoding=\"async\" width=\"1024\" height=\"576\" src=\"https:\/\/www.em.com.br\/emfoco\/wp-content\/uploads\/2025\/10\/Briga_1760983164775-1024x576.jpg\" alt=\"Por que tantas pessoas n\u00e3o conseguem dizer n\u00e3o, segundo a psicologia\" class=\"wp-image-117446\" srcset=\"https:\/\/www.em.com.br\/emfoco\/wp-content\/uploads\/2025\/10\/Briga_1760983164775-1024x576.jpg 1024w, https:\/\/www.em.com.br\/emfoco\/wp-content\/uploads\/2025\/10\/Briga_1760983164775-300x169.jpg 300w, https:\/\/www.em.com.br\/emfoco\/wp-content\/uploads\/2025\/10\/Briga_1760983164775-768x432.jpg 768w, https:\/\/www.em.com.br\/emfoco\/wp-content\/uploads\/2025\/10\/Briga_1760983164775-750x422.jpg 750w, https:\/\/www.em.com.br\/emfoco\/wp-content\/uploads\/2025\/10\/Briga_1760983164775-1140x641.jpg 1140w, https:\/\/www.em.com.br\/emfoco\/wp-content\/uploads\/2025\/10\/Briga_1760983164775.jpg 1280w\" sizes=\"auto, (max-width: 1024px) 100vw, 1024px\" \/><figcaption class=\"wp-element-caption\">O people-pleaser ignora a pr\u00f3pria necessidade para agradar &#8211; Cr\u00e9ditos: depositphotos.com \/ AlexShadyuk<\/figcaption><\/figure>\n\n\n\n<h2 class=\"wp-block-heading\">Como dizer \u201cn\u00e3o\u201d com empatia e sem culpa?<\/h2>\n\n\n\n<p>Aprender a dizer \u201cn\u00e3o\u201d \u00e9 um exerc\u00edcio de <strong>assertividade emocional<\/strong>, que pode ser apoiado por terapia quando o padr\u00e3o vem de traumas ou medo profundo de rejei\u00e7\u00e3o. O importante \u00e9 comunicar limites sem atacar nem se justificar demais.<\/p>\n\n\n\n<ul class=\"wp-block-list\">\n<li>\u201cAgora n\u00e3o consigo, posso te dar um retorno amanh\u00e3?\u201d<\/li>\n\n\n\n<li>\u201cAgrade\u00e7o o convite, mas j\u00e1 tenho outro compromisso.\u201d<\/li>\n\n\n\n<li>\u201cAdoraria ajudar, mas hoje preciso priorizar um tempo para mim.\u201d<\/li>\n<\/ul>\n\n\n\n<p>Essas respostas simples mant\u00eam o v\u00ednculo e mostram respeito m\u00fatuo. O segredo est\u00e1 em praticar <strong>limites firmes com gentileza<\/strong> \u2014 um equil\u00edbrio que protege a sa\u00fade mental e fortalece rela\u00e7\u00f5es mais aut\u00eanticas.<\/p>\n","protected":false},"excerpt":{"rendered":"<p>Dizer \u201cn\u00e3o\u201d parece simples, mas muitas pessoas sentem culpa ou medo ao recusar pedidos. Segundo a ci\u00eancia do comportamento, o h\u00e1bito de agradar os outros \u2014 o chamado people-pleasing \u2014 nasce de padr\u00f5es aprendidos de aprova\u00e7\u00e3o e pode prejudicar o bem-estar emocional. Por que tantas pessoas t\u00eam medo de dizer \u201cn\u00e3o\u201d? O comportamento de evitar [&hellip;]<\/p>\n","protected":false},"author":13,"featured_media":117444,"comment_status":"open","ping_status":"open","sticky":false,"template":"","format":"standard","meta":{"jnews-multi-image_gallery":[],"jnews_single_post":{"format":"standard"},"jnews_primary_category":[],"jnews_social_meta":[],"jnews_override_counter":[],"footnotes":""},"categories":[8819],"tags":[17645,4983,10294,17644],"class_list":["post-117418","post","type-post","status-publish","format-standard","has-post-thumbnail","hentry","category-curiosidades","tag-autonegacao","tag-comportamento","tag-dizer-nao","tag-negacao"],"yoast_head":"<!-- This site is optimized with the Yoast SEO plugin v23.8 - https:\/\/yoast.com\/wordpress\/plugins\/seo\/ -->\n<title>Por que tantas pessoas n\u00e3o conseguem dizer n\u00e3o, segundo a psicologia - Estado de Minas - Em foco<\/title>\n<meta name=\"description\" content=\"Dizer \u201cn\u00e3o\u201d pode ser dif\u00edcil, mas libertador. Aprenda t\u00e9cnicas simples para se proteger emocionalmente e viver com mais leveza.\" \/>\n<meta name=\"robots\" content=\"index, follow, max-snippet:-1, max-image-preview:large, max-video-preview:-1\" \/>\n<link rel=\"canonical\" href=\"https:\/\/www.em.com.br\/emfoco\/2025\/10\/22\/por-que-tantas-pessoas-nao-conseguem-dizer-nao-segundo-a-psicologia\/\" \/>\n<meta property=\"og:locale\" content=\"pt_BR\" \/>\n<meta property=\"og:type\" content=\"article\" \/>\n<meta property=\"og:title\" content=\"Por que tantas pessoas n\u00e3o conseguem dizer n\u00e3o, segundo a psicologia - Estado de Minas - Em foco\" \/>\n<meta property=\"og:description\" content=\"Dizer \u201cn\u00e3o\u201d pode ser dif\u00edcil, mas libertador. Aprenda t\u00e9cnicas simples para se proteger emocionalmente e viver com mais leveza.\" \/>\n<meta property=\"og:url\" content=\"https:\/\/www.em.com.br\/emfoco\/2025\/10\/22\/por-que-tantas-pessoas-nao-conseguem-dizer-nao-segundo-a-psicologia\/\" \/>\n<meta property=\"og:site_name\" content=\"Estado de Minas - Em foco\" \/>\n<meta property=\"article:published_time\" content=\"2025-10-22T13:15:00+00:00\" \/>\n<meta property=\"article:modified_time\" content=\"2025-10-20T18:03:41+00:00\" \/>\n<meta property=\"og:image\" content=\"https:\/\/www.em.com.br\/emfoco\/wp-content\/uploads\/2025\/10\/Dizer-nao_1760983052263.jpg\" \/>\n\t<meta property=\"og:image:width\" content=\"1280\" \/>\n\t<meta property=\"og:image:height\" content=\"720\" \/>\n\t<meta property=\"og:image:type\" content=\"image\/jpeg\" \/>\n<meta name=\"author\" content=\"Gabriel Martins\" \/>\n<meta name=\"twitter:card\" content=\"summary_large_image\" \/>\n<meta name=\"twitter:label1\" content=\"Escrito por\" \/>\n\t<meta name=\"twitter:data1\" content=\"Gabriel Martins\" \/>\n\t<meta name=\"twitter:label2\" content=\"Est. tempo de leitura\" \/>\n\t<meta name=\"twitter:data2\" content=\"4 minutos\" \/>\n<!-- \/ Yoast SEO plugin. -->","yoast_head_json":{"title":"Por que tantas pessoas n\u00e3o conseguem dizer n\u00e3o, segundo a psicologia - Estado de Minas - Em foco","description":"Dizer \u201cn\u00e3o\u201d pode ser dif\u00edcil, mas libertador. Aprenda t\u00e9cnicas simples para se proteger emocionalmente e viver com mais leveza.","robots":{"index":"index","follow":"follow","max-snippet":"max-snippet:-1","max-image-preview":"max-image-preview:large","max-video-preview":"max-video-preview:-1"},"canonical":"https:\/\/www.em.com.br\/emfoco\/2025\/10\/22\/por-que-tantas-pessoas-nao-conseguem-dizer-nao-segundo-a-psicologia\/","og_locale":"pt_BR","og_type":"article","og_title":"Por que tantas pessoas n\u00e3o conseguem dizer n\u00e3o, segundo a psicologia - Estado de Minas - Em foco","og_description":"Dizer \u201cn\u00e3o\u201d pode ser dif\u00edcil, mas libertador. Aprenda t\u00e9cnicas simples para se proteger emocionalmente e viver com mais leveza.","og_url":"https:\/\/www.em.com.br\/emfoco\/2025\/10\/22\/por-que-tantas-pessoas-nao-conseguem-dizer-nao-segundo-a-psicologia\/","og_site_name":"Estado de Minas - Em foco","article_published_time":"2025-10-22T13:15:00+00:00","article_modified_time":"2025-10-20T18:03:41+00:00","og_image":[{"width":1280,"height":720,"url":"https:\/\/www.em.com.br\/emfoco\/wp-content\/uploads\/2025\/10\/Dizer-nao_1760983052263.jpg","type":"image\/jpeg"}],"author":"Gabriel Martins","twitter_card":"summary_large_image","twitter_misc":{"Escrito por":"Gabriel Martins","Est. tempo de leitura":"4 minutos"},"schema":{"@context":"https:\/\/schema.org","@graph":[{"@type":"WebPage","@id":"https:\/\/www.em.com.br\/emfoco\/2025\/10\/22\/por-que-tantas-pessoas-nao-conseguem-dizer-nao-segundo-a-psicologia\/","url":"https:\/\/www.em.com.br\/emfoco\/2025\/10\/22\/por-que-tantas-pessoas-nao-conseguem-dizer-nao-segundo-a-psicologia\/","name":"Por que tantas pessoas n\u00e3o conseguem dizer n\u00e3o, segundo a psicologia - Estado de Minas - Em foco","isPartOf":{"@id":"https:\/\/www.em.com.br\/emfoco\/#website"},"primaryImageOfPage":{"@id":"https:\/\/www.em.com.br\/emfoco\/2025\/10\/22\/por-que-tantas-pessoas-nao-conseguem-dizer-nao-segundo-a-psicologia\/#primaryimage"},"image":{"@id":"https:\/\/www.em.com.br\/emfoco\/2025\/10\/22\/por-que-tantas-pessoas-nao-conseguem-dizer-nao-segundo-a-psicologia\/#primaryimage"},"thumbnailUrl":"https:\/\/www.em.com.br\/emfoco\/wp-content\/uploads\/2025\/10\/Dizer-nao_1760983052263.jpg","datePublished":"2025-10-22T13:15:00+00:00","dateModified":"2025-10-20T18:03:41+00:00","author":{"@id":"https:\/\/www.em.com.br\/emfoco\/#\/schema\/person\/1c9ddeab18b98abeffef834667bcf08a"},"description":"Dizer \u201cn\u00e3o\u201d pode ser dif\u00edcil, mas libertador. Aprenda t\u00e9cnicas simples para se proteger emocionalmente e viver com mais leveza.","breadcrumb":{"@id":"https:\/\/www.em.com.br\/emfoco\/2025\/10\/22\/por-que-tantas-pessoas-nao-conseguem-dizer-nao-segundo-a-psicologia\/#breadcrumb"},"inLanguage":"pt-BR","potentialAction":[{"@type":"ReadAction","target":["https:\/\/www.em.com.br\/emfoco\/2025\/10\/22\/por-que-tantas-pessoas-nao-conseguem-dizer-nao-segundo-a-psicologia\/"]}]},{"@type":"ImageObject","inLanguage":"pt-BR","@id":"https:\/\/www.em.com.br\/emfoco\/2025\/10\/22\/por-que-tantas-pessoas-nao-conseguem-dizer-nao-segundo-a-psicologia\/#primaryimage","url":"https:\/\/www.em.com.br\/emfoco\/wp-content\/uploads\/2025\/10\/Dizer-nao_1760983052263.jpg","contentUrl":"https:\/\/www.em.com.br\/emfoco\/wp-content\/uploads\/2025\/10\/Dizer-nao_1760983052263.jpg","width":1280,"height":720,"caption":"O \u201csim\u201d autom\u00e1tico nasce do medo de rejei\u00e7\u00e3o - Cr\u00e9ditos: depositphotos.com \/ artursfoto1"},{"@type":"BreadcrumbList","@id":"https:\/\/www.em.com.br\/emfoco\/2025\/10\/22\/por-que-tantas-pessoas-nao-conseguem-dizer-nao-segundo-a-psicologia\/#breadcrumb","itemListElement":[{"@type":"ListItem","position":1,"name":"In\u00edcio","item":"https:\/\/www.em.com.br\/emfoco\/"},{"@type":"ListItem","position":2,"name":"Por que tantas pessoas n\u00e3o conseguem dizer n\u00e3o, segundo a psicologia"}]},{"@type":"WebSite","@id":"https:\/\/www.em.com.br\/emfoco\/#website","url":"https:\/\/www.em.com.br\/emfoco\/","name":"Estado de Minas - Em foco","description":"Acompanhe as \u00faltimas not\u00edcias e fique bem informado sobre tudo o que acontece em Minas Gerais, Brasil e no mundo.","potentialAction":[{"@type":"SearchAction","target":{"@type":"EntryPoint","urlTemplate":"https:\/\/www.em.com.br\/emfoco\/?s={search_term_string}"},"query-input":{"@type":"PropertyValueSpecification","valueRequired":true,"valueName":"search_term_string"}}],"inLanguage":"pt-BR"},{"@type":"Person","@id":"https:\/\/www.em.com.br\/emfoco\/#\/schema\/person\/1c9ddeab18b98abeffef834667bcf08a","name":"Gabriel Martins","image":{"@type":"ImageObject","inLanguage":"pt-BR","@id":"https:\/\/www.em.com.br\/emfoco\/#\/schema\/person\/image\/","url":"https:\/\/secure.gravatar.com\/avatar\/f0f1e2efdfd88f1ad2cb08c5c2731e50?s=96&d=mm&r=g","contentUrl":"https:\/\/secure.gravatar.com\/avatar\/f0f1e2efdfd88f1ad2cb08c5c2731e50?s=96&d=mm&r=g","caption":"Gabriel Martins"},"sameAs":["https:\/\/www.em.com.br\/emfoco\/"],"url":"https:\/\/www.em.com.br\/emfoco\/author\/gabrielmartinsmyth\/"}]}},"_links":{"self":[{"href":"https:\/\/www.em.com.br\/emfoco\/wp-json\/wp\/v2\/posts\/117418","targetHints":{"allow":["GET"]}}],"collection":[{"href":"https:\/\/www.em.com.br\/emfoco\/wp-json\/wp\/v2\/posts"}],"about":[{"href":"https:\/\/www.em.com.br\/emfoco\/wp-json\/wp\/v2\/types\/post"}],"author":[{"embeddable":true,"href":"https:\/\/www.em.com.br\/emfoco\/wp-json\/wp\/v2\/users\/13"}],"replies":[{"embeddable":true,"href":"https:\/\/www.em.com.br\/emfoco\/wp-json\/wp\/v2\/comments?post=117418"}],"version-history":[{"count":1,"href":"https:\/\/www.em.com.br\/emfoco\/wp-json\/wp\/v2\/posts\/117418\/revisions"}],"predecessor-version":[{"id":117447,"href":"https:\/\/www.em.com.br\/emfoco\/wp-json\/wp\/v2\/posts\/117418\/revisions\/117447"}],"wp:featuredmedia":[{"embeddable":true,"href":"https:\/\/www.em.com.br\/emfoco\/wp-json\/wp\/v2\/media\/117444"}],"wp:attachment":[{"href":"https:\/\/www.em.com.br\/emfoco\/wp-json\/wp\/v2\/media?parent=117418"}],"wp:term":[{"taxonomy":"category","embeddable":true,"href":"https:\/\/www.em.com.br\/emfoco\/wp-json\/wp\/v2\/categories?post=117418"},{"taxonomy":"post_tag","embeddable":true,"href":"https:\/\/www.em.com.br\/emfoco\/wp-json\/wp\/v2\/tags?post=117418"}],"curies":[{"name":"wp","href":"https:\/\/api.w.org\/{rel}","templated":true}]}}