{"id":117234,"date":"2025-10-21T08:55:00","date_gmt":"2025-10-21T11:55:00","guid":{"rendered":"https:\/\/www.em.com.br\/emfoco\/?p=117234"},"modified":"2025-10-20T13:04:17","modified_gmt":"2025-10-20T16:04:17","slug":"renda-extra-no-natal-com-produtos-personalizados-em-casa","status":"publish","type":"post","link":"https:\/\/www.em.com.br\/emfoco\/2025\/10\/21\/renda-extra-no-natal-com-produtos-personalizados-em-casa\/","title":{"rendered":"Renda extra no Natal com produtos personalizados em casa"},"content":{"rendered":"\n<p>No&nbsp;<strong>Natal<\/strong>, a prepara\u00e7\u00e3o \u00e9 fundamental para quem deseja ganhar uma&nbsp;<strong>renda extra<\/strong>&nbsp;vendendo&nbsp;<strong>produtos personalizados<\/strong>. Segundo a especialista em empreendedorismo criativo&nbsp;<strong>Ju Delamura<\/strong>, \u00e9 essencial se antecipar. Este planejamento deve come\u00e7ar at\u00e9 meados de&nbsp;<strong>outubro<\/strong>&nbsp;e a produ\u00e7\u00e3o deve ser iniciada em&nbsp;<strong>novembro<\/strong>.<\/p>\n\n\n\n<ul class=\"wp-block-list\">\n<li>A prepara\u00e7\u00e3o antecipada abrange testes e cria\u00e7\u00e3o de produtos.<\/li>\n\n\n\n<li>Divulga\u00e7\u00e3o e negocia\u00e7\u00e3o com fornecedores tamb\u00e9m s\u00e3o etapas importantes.<\/li>\n\n\n\n<li>Com organiza\u00e7\u00e3o, \u00e9 poss\u00edvel evitar estresse de \u00faltima hora.<\/li>\n<\/ul>\n\n\n\n<h2 class=\"wp-block-heading\">Como antecipar a prepara\u00e7\u00e3o de produtos natalinos?<\/h2>\n\n\n\n<p>Para transformar&nbsp;<strong>produtos natalinos<\/strong>&nbsp;em uma s\u00f3lida fonte de renda, \u00e9 preciso mudar a mentalidade. Mesmo que o objetivo inicial seja uma renda extra, o&nbsp;<strong>Natal<\/strong>&nbsp;deve ser encarado como um&nbsp;<strong>neg\u00f3cio s\u00e9rio<\/strong>. Segundo Ju Delamura, essa \u00e9 a data mais importante do ano para o com\u00e9rcio, com um potencial significativo de faturamento. Neste per\u00edodo, plataformas como&nbsp;<strong>Instagram<\/strong>&nbsp;e&nbsp;<strong>WhatsApp<\/strong>&nbsp;ganham ainda mais destaque como ferramentas de exposi\u00e7\u00e3o e atendimento.<\/p>\n\n\n\n<h2 class=\"wp-block-heading\">Quais estrat\u00e9gias de divulga\u00e7\u00e3o s\u00e3o mais eficientes?<\/h2>\n\n\n\n<p>Focar em divulga\u00e7\u00f5es\u00a0<strong>locais<\/strong>\u00a0e aut\u00eanticas pode ser uma estrat\u00e9gia eficaz. Amigos e familiares, assim como micro influenciadores locais, s\u00e3o canais valiosos para alcan\u00e7ar clientes. \u201cNo in\u00edcio, o alcance nas\u00a0<strong>redes sociais<\/strong>\u00a0pode ser limitado, mas falar com quem j\u00e1 confia em voc\u00ea \u00e9 essencial para construir uma base s\u00f3lida,\u201d comenta Ju Delamura. Al\u00e9m disso, participar de feiras de artesanato t\u00edpicas de dezembro em cidades como\u00a0<strong>S\u00e3o Paulo<\/strong>\u00a0e\u00a0<strong>Rio de Janeiro<\/strong>\u00a0pode ampliar seu p\u00fablico de forma significativa.<\/p>\n\n\n\n<figure class=\"wp-block-image\"><img decoding=\"async\" src=\"https:\/\/www.em.com.br\/emfoco\/wp-content\/uploads\/2025\/10\/arvore-de-Natal_1759710037361-1024x576.jpg\" alt=\"\"\/><figcaption class=\"wp-element-caption\">A magia do Natal em casa &#8211; A magia do Natal &#8211; Cr\u00e9ditos: depositphotos.com \/ IgorVetushko<\/figcaption><\/figure>\n\n\n\n<h2 class=\"wp-block-heading\">Quais produtos personalizados prometem sucesso?<\/h2>\n\n\n\n<p>Alguns\u00a0<a href=\"https:\/\/weart.com.br\/?srsltid=AfmBOors7RZNlZIfzn4bHl0DslSMIuKHIPZieWl1KOzTuITqIybOthOI\" target=\"_blank\" rel=\"noreferrer noopener\"><strong>produtos personalizados<\/strong>\u00a0<\/a>nunca saem de moda. Bolinhas personalizadas, porta-guardanapos, plaquinhas e adesivos decorativos s\u00e3o exemplos que continuam a ser sucesso garantido. Kits com canecas, velas e tags tamb\u00e9m est\u00e3o entre os itens mais procurados. Em diferentes regi\u00f5es do\u00a0<strong>Brasil<\/strong>, itens como panetones artesanais personalizados ou caixas presente\u00e1veis t\u00eam conquistado cada vez mais clientes, principalmente quando divulgados por meio de\u00a0<strong>micro influenciadores<\/strong>.<\/p>\n\n\n\n<h2 class=\"wp-block-heading\">Quais s\u00e3o itens incontorn\u00e1veis para vendas de Natal?<\/h2>\n\n\n\n<p>Certain&nbsp;<strong>produtos representam uma aposta segura<\/strong>&nbsp;para vendas. Bolinhas personalizadas, topos de bolo e enfeites de \u00e1rvore s\u00e3o itens com apelo emocional que costumam ser comprados tanto para presente quanto para decora\u00e7\u00e3o.<\/p>\n\n\n\n<h2 class=\"wp-block-heading\">Como come\u00e7ar do zero: dicas para iniciantes?<\/h2>\n\n\n\n<p>Para quem&nbsp;<strong>n\u00e3o tem experi\u00eancia<\/strong>, \u00e9 importante testar materiais antes de produzir em grande quantidade. Essa pr\u00e1tica ajuda a entender o que funciona e a ganhar seguran\u00e7a, aumentando o potencial de vendas durante o&nbsp;<strong>Natal<\/strong>. Buscar tutoriais em sites como&nbsp;<strong>YouTube<\/strong>&nbsp;pode ser uma \u00f3tima forma de aprender t\u00e9cnicas e se inspirar com tend\u00eancias do momento.<\/p>\n\n\n\n<h2 class=\"wp-block-heading\">Como organizar produ\u00e7\u00e3o e entregas com efici\u00eancia?<\/h2>\n\n\n\n<p>A organiza\u00e7\u00e3o \u00e9 fundamental na hora de atender clientes e garantir a qualidade dos produtos. \u00c9 importante planejar um&nbsp;<strong>calend\u00e1rio de produ\u00e7\u00e3o<\/strong>&nbsp;com prazos claros, mostrando os bastidores ao p\u00fablico.<\/p>\n\n\n\n<p>Ao entregar, garantir embalagens prontas e atender prazos evita imprevistos e garante a satisfa\u00e7\u00e3o do cliente. Com um bom planejamento, \u00e9 poss\u00edvel vender mais e aproveitar o&nbsp;<strong>Natal<\/strong>&nbsp;sem estresse.<\/p>\n\n\n\n<h2 class=\"wp-block-heading\">Como transformar o Natal em uma oportunidade real de renda extra?<\/h2>\n\n\n\n<ul class=\"wp-block-list\">\n<li>Comece cedo a planejar seus produtos natalinos e evite estresse.<\/li>\n\n\n\n<li>Invista em estrat\u00e9gias de divulga\u00e7\u00e3o locais e aut\u00eanticas.<\/li>\n\n\n\n<li>Aposte em itens cl\u00e1ssicos e personalizados que sempre t\u00eam boa aceita\u00e7\u00e3o.<\/li>\n<\/ul>\n\n\n\n<p>Leia tamb\u00e9m: <a href=\"https:\/\/www.em.com.br\/emfoco\/2025\/10\/15\/4-ideias-praticas-e-faceis-de-como-ganhar-uma-renda-extra-com-artesanato\/\" target=\"_blank\" rel=\"noreferrer noopener\">4 ideias pr\u00e1ticas e f\u00e1ceis de como ganhar uma renda extra com artesanato<\/a><\/p>\n\n\n\n<p><\/p>\n","protected":false},"excerpt":{"rendered":"<p>No&nbsp;Natal, a prepara\u00e7\u00e3o \u00e9 fundamental para quem deseja ganhar uma&nbsp;renda extra&nbsp;vendendo&nbsp;produtos personalizados. Segundo a especialista em empreendedorismo criativo&nbsp;Ju Delamura, \u00e9 essencial se antecipar. Este planejamento deve come\u00e7ar at\u00e9 meados de&nbsp;outubro&nbsp;e a produ\u00e7\u00e3o deve ser iniciada em&nbsp;novembro. Como antecipar a prepara\u00e7\u00e3o de produtos natalinos? Para transformar&nbsp;produtos natalinos&nbsp;em uma s\u00f3lida fonte de renda, \u00e9 preciso mudar a [&hellip;]<\/p>\n","protected":false},"author":11,"featured_media":111844,"comment_status":"open","ping_status":"open","sticky":false,"template":"","format":"standard","meta":{"jnews-multi-image_gallery":[],"jnews_single_post":{"format":"standard"},"jnews_primary_category":[],"jnews_social_meta":[],"jnews_override_counter":[],"footnotes":""},"categories":[8819,1],"tags":[5115,12415,743,2108],"class_list":["post-117234","post","type-post","status-publish","format-standard","has-post-thumbnail","hentry","category-curiosidades","category-noticias","tag-diy","tag-lucro","tag-natal","tag-renda-extra"],"yoast_head":"<!-- This site is optimized with the Yoast SEO plugin v23.8 - https:\/\/yoast.com\/wordpress\/plugins\/seo\/ -->\n<title>Renda extra no Natal com produtos personalizados em casa - Estado de Minas - Em foco<\/title>\n<meta name=\"description\" content=\"Com organiza\u00e7\u00e3o e criatividade, o Natal pode render uma boa renda extra. Veja as ideias que est\u00e3o fazendo sucesso nas vendas.\" \/>\n<meta name=\"robots\" content=\"index, follow, max-snippet:-1, max-image-preview:large, max-video-preview:-1\" \/>\n<link rel=\"canonical\" href=\"https:\/\/www.em.com.br\/emfoco\/2025\/10\/21\/renda-extra-no-natal-com-produtos-personalizados-em-casa\/\" \/>\n<meta property=\"og:locale\" content=\"pt_BR\" \/>\n<meta property=\"og:type\" content=\"article\" \/>\n<meta property=\"og:title\" content=\"Renda extra no Natal com produtos personalizados em casa - Estado de Minas - Em foco\" \/>\n<meta property=\"og:description\" content=\"Com organiza\u00e7\u00e3o e criatividade, o Natal pode render uma boa renda extra. Veja as ideias que est\u00e3o fazendo sucesso nas vendas.\" \/>\n<meta property=\"og:url\" content=\"https:\/\/www.em.com.br\/emfoco\/2025\/10\/21\/renda-extra-no-natal-com-produtos-personalizados-em-casa\/\" \/>\n<meta property=\"og:site_name\" content=\"Estado de Minas - Em foco\" \/>\n<meta property=\"article:published_time\" content=\"2025-10-21T11:55:00+00:00\" \/>\n<meta property=\"article:modified_time\" content=\"2025-10-20T16:04:17+00:00\" \/>\n<meta property=\"og:image\" content=\"https:\/\/www.em.com.br\/emfoco\/wp-content\/uploads\/2025\/10\/arvore-de-Natal_1759709955797.jpg\" \/>\n\t<meta property=\"og:image:width\" content=\"1280\" \/>\n\t<meta property=\"og:image:height\" content=\"720\" \/>\n\t<meta property=\"og:image:type\" content=\"image\/jpeg\" \/>\n<meta name=\"author\" content=\"Andre\u0301 Rangel\u00a0\" \/>\n<meta name=\"twitter:card\" content=\"summary_large_image\" \/>\n<meta name=\"twitter:label1\" content=\"Escrito por\" \/>\n\t<meta name=\"twitter:data1\" content=\"Andre\u0301 Rangel\u00a0\" \/>\n\t<meta name=\"twitter:label2\" content=\"Est. tempo de leitura\" \/>\n\t<meta name=\"twitter:data2\" content=\"4 minutos\" \/>\n<!-- \/ Yoast SEO plugin. -->","yoast_head_json":{"title":"Renda extra no Natal com produtos personalizados em casa - Estado de Minas - Em foco","description":"Com organiza\u00e7\u00e3o e criatividade, o Natal pode render uma boa renda extra. Veja as ideias que est\u00e3o fazendo sucesso nas vendas.","robots":{"index":"index","follow":"follow","max-snippet":"max-snippet:-1","max-image-preview":"max-image-preview:large","max-video-preview":"max-video-preview:-1"},"canonical":"https:\/\/www.em.com.br\/emfoco\/2025\/10\/21\/renda-extra-no-natal-com-produtos-personalizados-em-casa\/","og_locale":"pt_BR","og_type":"article","og_title":"Renda extra no Natal com produtos personalizados em casa - Estado de Minas - Em foco","og_description":"Com organiza\u00e7\u00e3o e criatividade, o Natal pode render uma boa renda extra. Veja as ideias que est\u00e3o fazendo sucesso nas vendas.","og_url":"https:\/\/www.em.com.br\/emfoco\/2025\/10\/21\/renda-extra-no-natal-com-produtos-personalizados-em-casa\/","og_site_name":"Estado de Minas - Em foco","article_published_time":"2025-10-21T11:55:00+00:00","article_modified_time":"2025-10-20T16:04:17+00:00","og_image":[{"width":1280,"height":720,"url":"https:\/\/www.em.com.br\/emfoco\/wp-content\/uploads\/2025\/10\/arvore-de-Natal_1759709955797.jpg","type":"image\/jpeg"}],"author":"Andre\u0301 Rangel\u00a0","twitter_card":"summary_large_image","twitter_misc":{"Escrito por":"Andre\u0301 Rangel\u00a0","Est. tempo de leitura":"4 minutos"},"schema":{"@context":"https:\/\/schema.org","@graph":[{"@type":"WebPage","@id":"https:\/\/www.em.com.br\/emfoco\/2025\/10\/21\/renda-extra-no-natal-com-produtos-personalizados-em-casa\/","url":"https:\/\/www.em.com.br\/emfoco\/2025\/10\/21\/renda-extra-no-natal-com-produtos-personalizados-em-casa\/","name":"Renda extra no Natal com produtos personalizados em casa - Estado de Minas - Em foco","isPartOf":{"@id":"https:\/\/www.em.com.br\/emfoco\/#website"},"primaryImageOfPage":{"@id":"https:\/\/www.em.com.br\/emfoco\/2025\/10\/21\/renda-extra-no-natal-com-produtos-personalizados-em-casa\/#primaryimage"},"image":{"@id":"https:\/\/www.em.com.br\/emfoco\/2025\/10\/21\/renda-extra-no-natal-com-produtos-personalizados-em-casa\/#primaryimage"},"thumbnailUrl":"https:\/\/www.em.com.br\/emfoco\/wp-content\/uploads\/2025\/10\/arvore-de-Natal_1759709955797.jpg","datePublished":"2025-10-21T11:55:00+00:00","dateModified":"2025-10-20T16:04:17+00:00","author":{"@id":"https:\/\/www.em.com.br\/emfoco\/#\/schema\/person\/60eda09c1fedf0d6891f4cef4b60b8b8"},"description":"Com organiza\u00e7\u00e3o e criatividade, o Natal pode render uma boa renda extra. Veja as ideias que est\u00e3o fazendo sucesso nas vendas.","breadcrumb":{"@id":"https:\/\/www.em.com.br\/emfoco\/2025\/10\/21\/renda-extra-no-natal-com-produtos-personalizados-em-casa\/#breadcrumb"},"inLanguage":"pt-BR","potentialAction":[{"@type":"ReadAction","target":["https:\/\/www.em.com.br\/emfoco\/2025\/10\/21\/renda-extra-no-natal-com-produtos-personalizados-em-casa\/"]}]},{"@type":"ImageObject","inLanguage":"pt-BR","@id":"https:\/\/www.em.com.br\/emfoco\/2025\/10\/21\/renda-extra-no-natal-com-produtos-personalizados-em-casa\/#primaryimage","url":"https:\/\/www.em.com.br\/emfoco\/wp-content\/uploads\/2025\/10\/arvore-de-Natal_1759709955797.jpg","contentUrl":"https:\/\/www.em.com.br\/emfoco\/wp-content\/uploads\/2025\/10\/arvore-de-Natal_1759709955797.jpg","width":1280,"height":720,"caption":"A magia do Natal - Cr\u00e9ditos: depositphotos.com \/ IgorVetushko"},{"@type":"BreadcrumbList","@id":"https:\/\/www.em.com.br\/emfoco\/2025\/10\/21\/renda-extra-no-natal-com-produtos-personalizados-em-casa\/#breadcrumb","itemListElement":[{"@type":"ListItem","position":1,"name":"In\u00edcio","item":"https:\/\/www.em.com.br\/emfoco\/"},{"@type":"ListItem","position":2,"name":"Renda extra no Natal com produtos personalizados em casa"}]},{"@type":"WebSite","@id":"https:\/\/www.em.com.br\/emfoco\/#website","url":"https:\/\/www.em.com.br\/emfoco\/","name":"Estado de Minas - Em foco","description":"Acompanhe as \u00faltimas not\u00edcias e fique bem informado sobre tudo o que acontece em Minas Gerais, Brasil e no mundo.","potentialAction":[{"@type":"SearchAction","target":{"@type":"EntryPoint","urlTemplate":"https:\/\/www.em.com.br\/emfoco\/?s={search_term_string}"},"query-input":{"@type":"PropertyValueSpecification","valueRequired":true,"valueName":"search_term_string"}}],"inLanguage":"pt-BR"},{"@type":"Person","@id":"https:\/\/www.em.com.br\/emfoco\/#\/schema\/person\/60eda09c1fedf0d6891f4cef4b60b8b8","name":"Andre\u0301 Rangel\u00a0","image":{"@type":"ImageObject","inLanguage":"pt-BR","@id":"https:\/\/www.em.com.br\/emfoco\/#\/schema\/person\/image\/","url":"https:\/\/secure.gravatar.com\/avatar\/6234dc814c77c8ef6d8bba622c787efc?s=96&d=mm&r=g","contentUrl":"https:\/\/secure.gravatar.com\/avatar\/6234dc814c77c8ef6d8bba622c787efc?s=96&d=mm&r=g","caption":"Andre\u0301 Rangel\u00a0"},"url":"https:\/\/www.em.com.br\/emfoco\/author\/luizmyth\/"}]}},"_links":{"self":[{"href":"https:\/\/www.em.com.br\/emfoco\/wp-json\/wp\/v2\/posts\/117234","targetHints":{"allow":["GET"]}}],"collection":[{"href":"https:\/\/www.em.com.br\/emfoco\/wp-json\/wp\/v2\/posts"}],"about":[{"href":"https:\/\/www.em.com.br\/emfoco\/wp-json\/wp\/v2\/types\/post"}],"author":[{"embeddable":true,"href":"https:\/\/www.em.com.br\/emfoco\/wp-json\/wp\/v2\/users\/11"}],"replies":[{"embeddable":true,"href":"https:\/\/www.em.com.br\/emfoco\/wp-json\/wp\/v2\/comments?post=117234"}],"version-history":[{"count":4,"href":"https:\/\/www.em.com.br\/emfoco\/wp-json\/wp\/v2\/posts\/117234\/revisions"}],"predecessor-version":[{"id":117334,"href":"https:\/\/www.em.com.br\/emfoco\/wp-json\/wp\/v2\/posts\/117234\/revisions\/117334"}],"wp:featuredmedia":[{"embeddable":true,"href":"https:\/\/www.em.com.br\/emfoco\/wp-json\/wp\/v2\/media\/111844"}],"wp:attachment":[{"href":"https:\/\/www.em.com.br\/emfoco\/wp-json\/wp\/v2\/media?parent=117234"}],"wp:term":[{"taxonomy":"category","embeddable":true,"href":"https:\/\/www.em.com.br\/emfoco\/wp-json\/wp\/v2\/categories?post=117234"},{"taxonomy":"post_tag","embeddable":true,"href":"https:\/\/www.em.com.br\/emfoco\/wp-json\/wp\/v2\/tags?post=117234"}],"curies":[{"name":"wp","href":"https:\/\/api.w.org\/{rel}","templated":true}]}}