{"id":117184,"date":"2025-10-21T07:45:00","date_gmt":"2025-10-21T10:45:00","guid":{"rendered":"https:\/\/www.em.com.br\/emfoco\/?p=117184"},"modified":"2025-10-20T09:56:16","modified_gmt":"2025-10-20T12:56:16","slug":"os-3-signos-que-vao-viver-uma-reviravolta-amorosa-ainda-neste-mes","status":"publish","type":"post","link":"https:\/\/www.em.com.br\/emfoco\/2025\/10\/21\/os-3-signos-que-vao-viver-uma-reviravolta-amorosa-ainda-neste-mes\/","title":{"rendered":"Os 3 signos que v\u00e3o viver uma reviravolta amorosa ainda neste m\u00eas"},"content":{"rendered":"\n<p>Os tr\u00e2nsitos de <strong>V\u00eanus<\/strong> e <strong>Marte<\/strong> prometem movimentar o campo afetivo de alguns signos neste m\u00eas. Emo\u00e7\u00f5es intensas, reencontros e reconcilia\u00e7\u00f5es estar\u00e3o em destaque, exigindo equil\u00edbrio e abertura para novas experi\u00eancias amorosas.<\/p>\n\n\n\n<ul class=\"wp-block-list\">\n<li>Influ\u00eancia direta de V\u00eanus e Marte no amor<\/li>\n\n\n\n<li>Signos com maior chance de recome\u00e7os<\/li>\n\n\n\n<li>Dicas para aproveitar essa energia emocional<\/li>\n<\/ul>\n\n\n\n<h2 class=\"wp-block-heading\">Como a energia de V\u00eanus e Marte vai mexer com os relacionamentos?<\/h2>\n\n\n\n<p>A combina\u00e7\u00e3o entre <strong>V\u00eanus<\/strong>, planeta do amor, e <strong>Marte<\/strong>, s\u00edmbolo da paix\u00e3o, cria um cen\u00e1rio favor\u00e1vel a transforma\u00e7\u00f5es afetivas. Rela\u00e7\u00f5es antigas podem ressurgir, enquanto novas conex\u00f5es surgem com intensidade e desejo de estabilidade emocional.<\/p>\n\n\n\n<p>Durante este per\u00edodo, muitos sentir\u00e3o o cora\u00e7\u00e3o acelerar e uma forte necessidade de agir. \u00c9 o momento ideal para equilibrar raz\u00e3o e emo\u00e7\u00e3o, evitando decis\u00f5es impulsivas. <a href=\"https:\/\/www.uniacademia.edu.br\/blog\/o-que-e-autoconhecimento\" target=\"_blank\" rel=\"noreferrer noopener\"><strong>Autoconhecimento<\/strong> <\/a>e sinceridade nos sentimentos ser\u00e3o fundamentais para aproveitar essa fase com maturidade.<\/p>\n\n\n\n<figure class=\"wp-block-image size-large\"><img loading=\"lazy\" decoding=\"async\" width=\"1024\" height=\"576\" src=\"https:\/\/www.em.com.br\/emfoco\/wp-content\/uploads\/2025\/10\/Astrologia_1760964703555-1024x576.jpg\" alt=\"Os 3 signos que v\u00e3o viver uma reviravolta amorosa ainda neste m\u00eas\" class=\"wp-image-117194\" srcset=\"https:\/\/www.em.com.br\/emfoco\/wp-content\/uploads\/2025\/10\/Astrologia_1760964703555-1024x576.jpg 1024w, https:\/\/www.em.com.br\/emfoco\/wp-content\/uploads\/2025\/10\/Astrologia_1760964703555-300x169.jpg 300w, https:\/\/www.em.com.br\/emfoco\/wp-content\/uploads\/2025\/10\/Astrologia_1760964703555-768x432.jpg 768w, https:\/\/www.em.com.br\/emfoco\/wp-content\/uploads\/2025\/10\/Astrologia_1760964703555-750x422.jpg 750w, https:\/\/www.em.com.br\/emfoco\/wp-content\/uploads\/2025\/10\/Astrologia_1760964703555-1140x641.jpg 1140w, https:\/\/www.em.com.br\/emfoco\/wp-content\/uploads\/2025\/10\/Astrologia_1760964703555.jpg 1280w\" sizes=\"auto, (max-width: 1024px) 100vw, 1024px\" \/><figcaption class=\"wp-element-caption\">Energia intensa favorece reencontros e reconcilia\u00e7\u00f5es inesperadas &#8211; Cr\u00e9ditos: depositphotos.com \/ IgorVetushko<\/figcaption><\/figure>\n\n\n\n<h2 class=\"wp-block-heading\">Quais signos sentir\u00e3o a maior reviravolta amorosa?<\/h2>\n\n\n\n<p>Alguns signos ser\u00e3o mais impactados pela uni\u00e3o de <strong>V\u00eanus e Marte<\/strong>, especialmente aqueles guiados por elementos que favorecem emo\u00e7\u00f5es intensas e transforma\u00e7\u00f5es sentimentais.<\/p>\n\n\n\n<ul class=\"wp-block-list\">\n<li><strong>Escorpi\u00e3o<\/strong>: reencontros e reconcilia\u00e7\u00f5es podem reabrir ciclos emocionais, trazendo clareza sobre o passado.<\/li>\n\n\n\n<li><strong>Touro<\/strong>: um novo relacionamento pode florescer, despertando desejo e seguran\u00e7a afetiva.<\/li>\n\n\n\n<li><strong>Le\u00e3o<\/strong>: velhos amores podem retornar, mas o aprendizado ser\u00e1 sobre o valor da independ\u00eancia emocional.<\/li>\n<\/ul>\n\n\n\n<p><em>Leia mais: <a href=\"https:\/\/www.em.com.br\/emfoco\/2025\/10\/20\/3-signos-que-vao-resolver-um-mal-entendido-e-sentir-alivio-nos-proximos-dias\/\" target=\"_blank\" rel=\"noreferrer noopener\">3 signos que v\u00e3o resolver um mal-entendido e sentir al\u00edvio nos pr\u00f3ximos dias<\/a><\/em><\/p>\n\n\n\n<h2 class=\"wp-block-heading\">Por que essa fase favorece reconcilia\u00e7\u00f5es e novos encontros?<\/h2>\n\n\n\n<p>Com a for\u00e7a de <strong>V\u00eanus em movimento direto<\/strong> e Marte estimulando a a\u00e7\u00e3o, o universo impulsiona reencontros e curas emocionais. Velhas feridas podem se fechar, dando espa\u00e7o a uma nova forma de amar baseada na autenticidade e no respeito m\u00fatuo.<\/p>\n\n\n\n<p>Essa combina\u00e7\u00e3o planet\u00e1ria tamb\u00e9m incentiva a coragem de expressar sentimentos. Quem estava afastado de algu\u00e9m especial pode se surpreender com uma reaproxima\u00e7\u00e3o sincera. \u00c9 tempo de deixar o orgulho de lado e abrir o cora\u00e7\u00e3o para o di\u00e1logo e o perd\u00e3o.<\/p>\n\n\n\n<figure class=\"wp-block-image size-large\"><img loading=\"lazy\" decoding=\"async\" width=\"1024\" height=\"576\" src=\"https:\/\/www.em.com.br\/emfoco\/wp-content\/uploads\/2025\/05\/Staring_1747917522494-1024x576.jpg\" alt=\"Voc\u00ea se sente observado? Entenda o que significa olhar fixamente para algu\u00e9m\" class=\"wp-image-49943\" srcset=\"https:\/\/www.em.com.br\/emfoco\/wp-content\/uploads\/2025\/05\/Staring_1747917522494-1024x576.jpg 1024w, https:\/\/www.em.com.br\/emfoco\/wp-content\/uploads\/2025\/05\/Staring_1747917522494-300x169.jpg 300w, https:\/\/www.em.com.br\/emfoco\/wp-content\/uploads\/2025\/05\/Staring_1747917522494-768x432.jpg 768w, https:\/\/www.em.com.br\/emfoco\/wp-content\/uploads\/2025\/05\/Staring_1747917522494-750x422.jpg 750w, https:\/\/www.em.com.br\/emfoco\/wp-content\/uploads\/2025\/05\/Staring_1747917522494-1140x641.jpg 1140w, https:\/\/www.em.com.br\/emfoco\/wp-content\/uploads\/2025\/05\/Staring_1747917522494.jpg 1280w\" sizes=\"auto, (max-width: 1024px) 100vw, 1024px\" \/><figcaption class=\"wp-element-caption\">Emo\u00e7\u00f5es profundas exigem equil\u00edbrio e sinceridade nos sentimentos &#8211; Cr\u00e9ditos: depositphotos.com \/ IgorVetushko<\/figcaption><\/figure>\n\n\n\n<h2 class=\"wp-block-heading\">Como equilibrar as emo\u00e7\u00f5es e aproveitar essa energia?<\/h2>\n\n\n\n<p>Manter o equil\u00edbrio emocional ser\u00e1 essencial para transformar essa fase em crescimento. Use a energia de <strong>Marte<\/strong> para agir com confian\u00e7a, mas deixe <strong>V\u00eanus<\/strong> guiar suas escolhas com empatia e afeto. Cuidar de si \u00e9 o primeiro passo para um amor mais maduro.<\/p>\n\n\n\n<ul class=\"wp-block-list\">\n<li>Pratique a escuta ativa em conversas com o parceiro ou pretendente.<\/li>\n\n\n\n<li>Reserve momentos para refletir sobre o que realmente deseja em uma rela\u00e7\u00e3o.<\/li>\n\n\n\n<li>Evite rea\u00e7\u00f5es impulsivas \u2014 respire antes de tomar decis\u00f5es amorosas.<\/li>\n<\/ul>\n\n\n\n<p>Essa reviravolta emocional pode ser o ponto de virada para quem busca uma conex\u00e3o verdadeira. Aproveite o per\u00edodo para se abrir ao novo e fortalecer os la\u00e7os com quem desperta o melhor em voc\u00ea.<\/p>\n","protected":false},"excerpt":{"rendered":"<p>Os tr\u00e2nsitos de V\u00eanus e Marte prometem movimentar o campo afetivo de alguns signos neste m\u00eas. Emo\u00e7\u00f5es intensas, reencontros e reconcilia\u00e7\u00f5es estar\u00e3o em destaque, exigindo equil\u00edbrio e abertura para novas experi\u00eancias amorosas. Como a energia de V\u00eanus e Marte vai mexer com os relacionamentos? A combina\u00e7\u00e3o entre V\u00eanus, planeta do amor, e Marte, s\u00edmbolo da [&hellip;]<\/p>\n","protected":false},"author":13,"featured_media":108942,"comment_status":"open","ping_status":"open","sticky":false,"template":"","format":"standard","meta":{"jnews-multi-image_gallery":[],"jnews_single_post":{"format":"standard"},"jnews_primary_category":[],"jnews_social_meta":[],"jnews_override_counter":[],"footnotes":""},"categories":[25],"tags":[506,297,667,17619],"class_list":["post-117184","post","type-post","status-publish","format-standard","has-post-thumbnail","hentry","category-signos","tag-amor","tag-astrologia","tag-relacionamentos","tag-reviravolta-amorosa"],"yoast_head":"<!-- This site is optimized with the Yoast SEO plugin v23.8 - https:\/\/yoast.com\/wordpress\/plugins\/seo\/ -->\n<title>Os 3 signos que v\u00e3o viver uma reviravolta amorosa ainda neste m\u00eas - Estado de Minas - Em foco<\/title>\n<meta name=\"description\" content=\"Os astros indicam mudan\u00e7as fortes no amor para alguns signos. Prepare-se para reencontros, surpresas e muita emo\u00e7\u00e3o.\" \/>\n<meta name=\"robots\" content=\"index, follow, max-snippet:-1, max-image-preview:large, max-video-preview:-1\" \/>\n<link rel=\"canonical\" href=\"https:\/\/www.em.com.br\/emfoco\/2025\/10\/21\/os-3-signos-que-vao-viver-uma-reviravolta-amorosa-ainda-neste-mes\/\" \/>\n<meta property=\"og:locale\" content=\"pt_BR\" \/>\n<meta property=\"og:type\" content=\"article\" \/>\n<meta property=\"og:title\" content=\"Os 3 signos que v\u00e3o viver uma reviravolta amorosa ainda neste m\u00eas - Estado de Minas - Em foco\" \/>\n<meta property=\"og:description\" content=\"Os astros indicam mudan\u00e7as fortes no amor para alguns signos. Prepare-se para reencontros, surpresas e muita emo\u00e7\u00e3o.\" \/>\n<meta property=\"og:url\" content=\"https:\/\/www.em.com.br\/emfoco\/2025\/10\/21\/os-3-signos-que-vao-viver-uma-reviravolta-amorosa-ainda-neste-mes\/\" \/>\n<meta property=\"og:site_name\" content=\"Estado de Minas - Em foco\" \/>\n<meta property=\"article:published_time\" content=\"2025-10-21T10:45:00+00:00\" \/>\n<meta property=\"article:modified_time\" content=\"2025-10-20T12:56:16+00:00\" \/>\n<meta property=\"og:image\" content=\"https:\/\/www.em.com.br\/emfoco\/wp-content\/uploads\/2025\/09\/Astrologia-amorosa_1758945994594.jpg\" \/>\n\t<meta property=\"og:image:width\" content=\"1280\" \/>\n\t<meta property=\"og:image:height\" content=\"720\" \/>\n\t<meta property=\"og:image:type\" content=\"image\/jpeg\" \/>\n<meta name=\"author\" content=\"Gabriel Martins\" \/>\n<meta name=\"twitter:card\" content=\"summary_large_image\" \/>\n<meta name=\"twitter:label1\" content=\"Escrito por\" \/>\n\t<meta name=\"twitter:data1\" content=\"Gabriel Martins\" \/>\n\t<meta name=\"twitter:label2\" content=\"Est. tempo de leitura\" \/>\n\t<meta name=\"twitter:data2\" content=\"4 minutos\" \/>\n<!-- \/ Yoast SEO plugin. -->","yoast_head_json":{"title":"Os 3 signos que v\u00e3o viver uma reviravolta amorosa ainda neste m\u00eas - Estado de Minas - Em foco","description":"Os astros indicam mudan\u00e7as fortes no amor para alguns signos. Prepare-se para reencontros, surpresas e muita emo\u00e7\u00e3o.","robots":{"index":"index","follow":"follow","max-snippet":"max-snippet:-1","max-image-preview":"max-image-preview:large","max-video-preview":"max-video-preview:-1"},"canonical":"https:\/\/www.em.com.br\/emfoco\/2025\/10\/21\/os-3-signos-que-vao-viver-uma-reviravolta-amorosa-ainda-neste-mes\/","og_locale":"pt_BR","og_type":"article","og_title":"Os 3 signos que v\u00e3o viver uma reviravolta amorosa ainda neste m\u00eas - Estado de Minas - Em foco","og_description":"Os astros indicam mudan\u00e7as fortes no amor para alguns signos. Prepare-se para reencontros, surpresas e muita emo\u00e7\u00e3o.","og_url":"https:\/\/www.em.com.br\/emfoco\/2025\/10\/21\/os-3-signos-que-vao-viver-uma-reviravolta-amorosa-ainda-neste-mes\/","og_site_name":"Estado de Minas - Em foco","article_published_time":"2025-10-21T10:45:00+00:00","article_modified_time":"2025-10-20T12:56:16+00:00","og_image":[{"width":1280,"height":720,"url":"https:\/\/www.em.com.br\/emfoco\/wp-content\/uploads\/2025\/09\/Astrologia-amorosa_1758945994594.jpg","type":"image\/jpeg"}],"author":"Gabriel Martins","twitter_card":"summary_large_image","twitter_misc":{"Escrito por":"Gabriel Martins","Est. tempo de leitura":"4 minutos"},"schema":{"@context":"https:\/\/schema.org","@graph":[{"@type":"WebPage","@id":"https:\/\/www.em.com.br\/emfoco\/2025\/10\/21\/os-3-signos-que-vao-viver-uma-reviravolta-amorosa-ainda-neste-mes\/","url":"https:\/\/www.em.com.br\/emfoco\/2025\/10\/21\/os-3-signos-que-vao-viver-uma-reviravolta-amorosa-ainda-neste-mes\/","name":"Os 3 signos que v\u00e3o viver uma reviravolta amorosa ainda neste m\u00eas - Estado de Minas - Em foco","isPartOf":{"@id":"https:\/\/www.em.com.br\/emfoco\/#website"},"primaryImageOfPage":{"@id":"https:\/\/www.em.com.br\/emfoco\/2025\/10\/21\/os-3-signos-que-vao-viver-uma-reviravolta-amorosa-ainda-neste-mes\/#primaryimage"},"image":{"@id":"https:\/\/www.em.com.br\/emfoco\/2025\/10\/21\/os-3-signos-que-vao-viver-uma-reviravolta-amorosa-ainda-neste-mes\/#primaryimage"},"thumbnailUrl":"https:\/\/www.em.com.br\/emfoco\/wp-content\/uploads\/2025\/09\/Astrologia-amorosa_1758945994594.jpg","datePublished":"2025-10-21T10:45:00+00:00","dateModified":"2025-10-20T12:56:16+00:00","author":{"@id":"https:\/\/www.em.com.br\/emfoco\/#\/schema\/person\/1c9ddeab18b98abeffef834667bcf08a"},"description":"Os astros indicam mudan\u00e7as fortes no amor para alguns signos. Prepare-se para reencontros, surpresas e muita emo\u00e7\u00e3o.","breadcrumb":{"@id":"https:\/\/www.em.com.br\/emfoco\/2025\/10\/21\/os-3-signos-que-vao-viver-uma-reviravolta-amorosa-ainda-neste-mes\/#breadcrumb"},"inLanguage":"pt-BR","potentialAction":[{"@type":"ReadAction","target":["https:\/\/www.em.com.br\/emfoco\/2025\/10\/21\/os-3-signos-que-vao-viver-uma-reviravolta-amorosa-ainda-neste-mes\/"]}]},{"@type":"ImageObject","inLanguage":"pt-BR","@id":"https:\/\/www.em.com.br\/emfoco\/2025\/10\/21\/os-3-signos-que-vao-viver-uma-reviravolta-amorosa-ainda-neste-mes\/#primaryimage","url":"https:\/\/www.em.com.br\/emfoco\/wp-content\/uploads\/2025\/09\/Astrologia-amorosa_1758945994594.jpg","contentUrl":"https:\/\/www.em.com.br\/emfoco\/wp-content\/uploads\/2025\/09\/Astrologia-amorosa_1758945994594.jpg","width":1280,"height":720,"caption":"Abertura emocional para reconcilia\u00e7\u00f5es sinceras - Cr\u00e9ditos: depositphotos.com \/ livingwithjoy"},{"@type":"BreadcrumbList","@id":"https:\/\/www.em.com.br\/emfoco\/2025\/10\/21\/os-3-signos-que-vao-viver-uma-reviravolta-amorosa-ainda-neste-mes\/#breadcrumb","itemListElement":[{"@type":"ListItem","position":1,"name":"In\u00edcio","item":"https:\/\/www.em.com.br\/emfoco\/"},{"@type":"ListItem","position":2,"name":"Os 3 signos que v\u00e3o viver uma reviravolta amorosa ainda neste m\u00eas"}]},{"@type":"WebSite","@id":"https:\/\/www.em.com.br\/emfoco\/#website","url":"https:\/\/www.em.com.br\/emfoco\/","name":"Estado de Minas - Em foco","description":"Acompanhe as \u00faltimas not\u00edcias e fique bem informado sobre tudo o que acontece em Minas Gerais, Brasil e no mundo.","potentialAction":[{"@type":"SearchAction","target":{"@type":"EntryPoint","urlTemplate":"https:\/\/www.em.com.br\/emfoco\/?s={search_term_string}"},"query-input":{"@type":"PropertyValueSpecification","valueRequired":true,"valueName":"search_term_string"}}],"inLanguage":"pt-BR"},{"@type":"Person","@id":"https:\/\/www.em.com.br\/emfoco\/#\/schema\/person\/1c9ddeab18b98abeffef834667bcf08a","name":"Gabriel Martins","image":{"@type":"ImageObject","inLanguage":"pt-BR","@id":"https:\/\/www.em.com.br\/emfoco\/#\/schema\/person\/image\/","url":"https:\/\/secure.gravatar.com\/avatar\/f0f1e2efdfd88f1ad2cb08c5c2731e50?s=96&d=mm&r=g","contentUrl":"https:\/\/secure.gravatar.com\/avatar\/f0f1e2efdfd88f1ad2cb08c5c2731e50?s=96&d=mm&r=g","caption":"Gabriel Martins"},"sameAs":["https:\/\/www.em.com.br\/emfoco\/"],"url":"https:\/\/www.em.com.br\/emfoco\/author\/gabrielmartinsmyth\/"}]}},"_links":{"self":[{"href":"https:\/\/www.em.com.br\/emfoco\/wp-json\/wp\/v2\/posts\/117184","targetHints":{"allow":["GET"]}}],"collection":[{"href":"https:\/\/www.em.com.br\/emfoco\/wp-json\/wp\/v2\/posts"}],"about":[{"href":"https:\/\/www.em.com.br\/emfoco\/wp-json\/wp\/v2\/types\/post"}],"author":[{"embeddable":true,"href":"https:\/\/www.em.com.br\/emfoco\/wp-json\/wp\/v2\/users\/13"}],"replies":[{"embeddable":true,"href":"https:\/\/www.em.com.br\/emfoco\/wp-json\/wp\/v2\/comments?post=117184"}],"version-history":[{"count":1,"href":"https:\/\/www.em.com.br\/emfoco\/wp-json\/wp\/v2\/posts\/117184\/revisions"}],"predecessor-version":[{"id":117195,"href":"https:\/\/www.em.com.br\/emfoco\/wp-json\/wp\/v2\/posts\/117184\/revisions\/117195"}],"wp:featuredmedia":[{"embeddable":true,"href":"https:\/\/www.em.com.br\/emfoco\/wp-json\/wp\/v2\/media\/108942"}],"wp:attachment":[{"href":"https:\/\/www.em.com.br\/emfoco\/wp-json\/wp\/v2\/media?parent=117184"}],"wp:term":[{"taxonomy":"category","embeddable":true,"href":"https:\/\/www.em.com.br\/emfoco\/wp-json\/wp\/v2\/categories?post=117184"},{"taxonomy":"post_tag","embeddable":true,"href":"https:\/\/www.em.com.br\/emfoco\/wp-json\/wp\/v2\/tags?post=117184"}],"curies":[{"name":"wp","href":"https:\/\/api.w.org\/{rel}","templated":true}]}}