{"id":117150,"date":"2025-10-21T17:35:31","date_gmt":"2025-10-21T20:35:31","guid":{"rendered":"https:\/\/www.em.com.br\/emfoco\/?p=117150"},"modified":"2025-10-20T14:41:43","modified_gmt":"2025-10-20T17:41:43","slug":"as-plantas-aromaticas-faceis-de-cuidar-que-deixam-seu-lar-mais-perfumado","status":"publish","type":"post","link":"https:\/\/www.em.com.br\/emfoco\/2025\/10\/21\/as-plantas-aromaticas-faceis-de-cuidar-que-deixam-seu-lar-mais-perfumado\/","title":{"rendered":"As plantas arom\u00e1ticas f\u00e1ceis de cuidar que deixam seu lar mais perfumado"},"content":{"rendered":"\n<p>Se voc\u00ea est\u00e1 buscando maneiras de deixar sua casa <strong>perfumada<\/strong> sem recorrer a produtos qu\u00edmicos, as <strong>plantas arom\u00e1ticas<\/strong> s\u00e3o a solu\u00e7\u00e3o ideal. Al\u00e9m de oferecerem fragr\u00e2ncias agrad\u00e1veis, elas tamb\u00e9m proporcionam benef\u00edcios \u00e0 sa\u00fade e ao bem-estar. Abaixo, destacamos algumas op\u00e7\u00f5es vers\u00e1teis, de f\u00e1cil cultivo, que podem transformar qualquer ambiente com seus <strong>aromas naturais<\/strong> e frescor:<\/p>\n\n\n\n<ul class=\"wp-block-list\">\n<li><strong>Lavanda<\/strong>: Conhecida por seu efeito <strong>calmante<\/strong> e relaxante, perfuma delicadamente o ambiente.<\/li>\n\n\n\n<li><strong>Manjeric\u00e3o<\/strong>: Al\u00e9m de <strong>aromatizar<\/strong> os espa\u00e7os, \u00e9 excelente para uso culin\u00e1rio, agregando sabor e perfume aos pratos.<\/li>\n\n\n\n<li><strong>Jasmim<\/strong>: Suas <strong>flores<\/strong> exalam um doce perfume, especialmente durante a noite, criando uma atmosfera aconchegante.<\/li>\n<\/ul>\n\n\n\n<h2 class=\"wp-block-heading\">Por que escolher plantas arom\u00e1ticas?<\/h2>\n\n\n\n<p>Optar por <strong>plantas arom\u00e1ticas<\/strong> \u00e9 apostar em <strong>sustentabilidade<\/strong> e qualidade de vida. Elas n\u00e3o s\u00f3 embelezam a casa, mas tamb\u00e9m <strong>purificam o ar naturalmente<\/strong>, substituindo produtos artificiais por alternativas eco-friendly. Escolha esp\u00e9cies que se adaptem ao seu ambiente e estilo de vida, seja em casas, apartamentos ou varandas. Em cidades como <strong>S\u00e3o Paulo<\/strong> e outros grandes centros do <strong>Brasil<\/strong>, essas plantas auxiliam durante todo o ano na melhora da qualidade do ar dom\u00e9stico, combatendo os efeitos da polui\u00e7\u00e3o urbana.<\/p>\n\n\n<div class=\"wp-block-image\">\n<figure class=\"aligncenter size-large\"><img loading=\"lazy\" decoding=\"async\" width=\"1024\" height=\"576\" src=\"https:\/\/www.em.com.br\/emfoco\/wp-content\/uploads\/2025\/10\/lavanda-_1760099517871-1024x576.jpg\" alt=\"\" class=\"wp-image-113673\" srcset=\"https:\/\/www.em.com.br\/emfoco\/wp-content\/uploads\/2025\/10\/lavanda-_1760099517871-1024x576.jpg 1024w, https:\/\/www.em.com.br\/emfoco\/wp-content\/uploads\/2025\/10\/lavanda-_1760099517871-300x169.jpg 300w, https:\/\/www.em.com.br\/emfoco\/wp-content\/uploads\/2025\/10\/lavanda-_1760099517871-768x432.jpg 768w, https:\/\/www.em.com.br\/emfoco\/wp-content\/uploads\/2025\/10\/lavanda-_1760099517871-750x422.jpg 750w, https:\/\/www.em.com.br\/emfoco\/wp-content\/uploads\/2025\/10\/lavanda-_1760099517871-1140x641.jpg 1140w, https:\/\/www.em.com.br\/emfoco\/wp-content\/uploads\/2025\/10\/lavanda-_1760099517871.jpg 1280w\" sizes=\"auto, (max-width: 1024px) 100vw, 1024px\" \/><figcaption class=\"wp-element-caption\">As estacas de lavanda levar\u00e3o cerca de quatro a seis semanas para criar ra\u00edzes na \u00e1gua &#8211; Cr\u00e9ditos: depositphotos.com \/ AlexGukBO<\/figcaption><\/figure><\/div>\n\n\n<h2 class=\"wp-block-heading\">Qual planta escolher para o interior?<\/h2>\n\n\n\n<p>Para ambientes internos, a <strong>lavanda<\/strong> \u00e9 uma excelente op\u00e7\u00e3o. Seu <strong>perfume suave<\/strong> ajuda a reduzir o estresse e a criar uma atmosfera mais relaxante. Al\u00e9m de ser f\u00e1cil de cuidar, adapta-se bem a diferentes tipos de <a href=\"https:\/\/rehagro.com.br\/blog\/materia-organica-no-solo\/\" target=\"_blank\" rel=\"noreferrer noopener\">solo <\/a>e vasos. N\u00e3o \u00e9 \u00e0 toa que muitos moradores do <strong>Rio de Janeiro<\/strong> optam pela lavanda em apartamentos, aproveitando sua <strong>resist\u00eancia<\/strong> e aroma agrad\u00e1vel. Outra alternativa para ambientes internos \u00e9 a <strong>hortel\u00e3<\/strong>, que tamb\u00e9m oferece frescor e \u00e9 simples de cultivar em pequenos espa\u00e7os.<\/p>\n\n\n\n<h2 class=\"wp-block-heading\">Como manter o manjeric\u00e3o sempre saud\u00e1vel?<\/h2>\n\n\n\n<p>O <strong>manjeric\u00e3o<\/strong> \u00e9 uma escolha popular, tanto pelo aroma quanto pela utilidade na cozinha. Mantenha-o em local com luz solar direta e regue regularmente para evitar que as folhas murchem. Durante o ver\u00e3o, especialmente em capitais como <strong>Belo Horizonte<\/strong>, certifique-se de que a terra esteja sempre levemente \u00famida, sem encharcar. Adubar periodicamente e remover flores secas estimula o crescimento e prolonga o aroma fresco das folhas.<\/p>\n\n\n<div class=\"wp-block-image\">\n<figure class=\"aligncenter size-large\"><img loading=\"lazy\" decoding=\"async\" width=\"1024\" height=\"576\" src=\"https:\/\/www.em.com.br\/emfoco\/wp-content\/uploads\/2025\/07\/jasmim_1753807522728-1024x576.jpg\" alt=\"\" class=\"wp-image-83351\" srcset=\"https:\/\/www.em.com.br\/emfoco\/wp-content\/uploads\/2025\/07\/jasmim_1753807522728-1024x576.jpg 1024w, https:\/\/www.em.com.br\/emfoco\/wp-content\/uploads\/2025\/07\/jasmim_1753807522728-300x169.jpg 300w, https:\/\/www.em.com.br\/emfoco\/wp-content\/uploads\/2025\/07\/jasmim_1753807522728-768x432.jpg 768w, https:\/\/www.em.com.br\/emfoco\/wp-content\/uploads\/2025\/07\/jasmim_1753807522728-750x422.jpg 750w, https:\/\/www.em.com.br\/emfoco\/wp-content\/uploads\/2025\/07\/jasmim_1753807522728-1140x641.jpg 1140w, https:\/\/www.em.com.br\/emfoco\/wp-content\/uploads\/2025\/07\/jasmim_1753807522728.jpg 1280w\" sizes=\"auto, (max-width: 1024px) 100vw, 1024px\" \/><figcaption class=\"wp-element-caption\">Jasmim &#8211; Cr\u00e9ditos: depositphotos.com \/ orestligetka.ukr.net<\/figcaption><\/figure><\/div>\n\n\n<h2 class=\"wp-block-heading\">Leia tamb\u00e9m: <a href=\"https:\/\/www.em.com.br\/emfoco\/2025\/10\/16\/a-erva-de-sabor-refrescante-boa-para-saude-e-facil-de-ter-em-casa\/\" target=\"_blank\" rel=\"noreferrer noopener\">A erva de sabor refrescante, boa para sa\u00fade e f\u00e1cil de ter em casa<\/a><\/h2>\n\n\n\n<h2 class=\"wp-block-heading\">Jasmim: a perfumeira noturna<\/h2>\n\n\n\n<p>O <strong>jasmim<\/strong> \u00e9 ideal para jardins ou varandas, perfumando o espa\u00e7o de forma delicada. Suas flores liberam um aroma intenso principalmente \u00e0 noite, criando uma <strong>atmosfera m\u00e1gica<\/strong> e acolhedora. Dica r\u00e1pida: plante-o em solo bem drenado, regue moderadamente e ofere\u00e7a luz indireta abundante. Em regi\u00f5es de <strong>clima ameno<\/strong>, o jasmim pode florescer quase o ano todo. Ele tamb\u00e9m atrai polinizadores, colaborando com o equil\u00edbrio natural do seu jardim.<\/p>\n\n\n\n<h2 class=\"wp-block-heading\">Como transformar seu espa\u00e7o com simplicidade?<\/h2>\n\n\n\n<ul class=\"wp-block-list\">\n<li>Escolha a <strong>planta certa<\/strong> para cada ambiente, maximizando o aroma e o visual.<\/li>\n\n\n\n<li><strong>Cuidado regular<\/strong> \u00e9 fundamental para que as plantas sigam emitindo seus perfumes naturais e continuem saud\u00e1veis.<\/li>\n\n\n\n<li>Incorporar <strong>plantas arom\u00e1ticas<\/strong> \u00e9 uma forma sustent\u00e1vel e barata de perfumar o lar diariamente.<\/li>\n<\/ul>\n\n\n\n<p>Considerar <strong>plantas arom\u00e1ticas<\/strong> n\u00e3o \u00e9 apenas uma quest\u00e3o de est\u00e9tica, mas tamb\u00e9m de conforto, sa\u00fade e qualidade do ar. Trazer bem-estar usando <strong>fragr\u00e2ncias naturais<\/strong> deixa seu ambiente mais acolhedor e saud\u00e1vel. Experimente combinar diferentes esp\u00e9cies, como alecrim e hortel\u00e3, e veja como sua casa pode se transformar com aromas \u00fanicos e naturais, trazendo mais vida e energia para o seu cotidiano.<\/p>\n","protected":false},"excerpt":{"rendered":"<p>Se voc\u00ea est\u00e1 buscando maneiras de deixar sua casa perfumada sem recorrer a produtos qu\u00edmicos, as plantas arom\u00e1ticas s\u00e3o a solu\u00e7\u00e3o ideal. Al\u00e9m de oferecerem fragr\u00e2ncias agrad\u00e1veis, elas tamb\u00e9m proporcionam benef\u00edcios \u00e0 sa\u00fade e ao bem-estar. Abaixo, destacamos algumas op\u00e7\u00f5es vers\u00e1teis, de f\u00e1cil cultivo, que podem transformar qualquer ambiente com seus aromas naturais e frescor: [&hellip;]<\/p>\n","protected":false},"author":9,"featured_media":113672,"comment_status":"open","ping_status":"open","sticky":false,"template":"","format":"standard","meta":{"jnews-multi-image_gallery":[],"jnews_single_post":{"format":"standard"},"jnews_primary_category":[],"jnews_social_meta":[],"jnews_override_counter":[],"footnotes":""},"categories":[8819,1],"tags":[3832,10856,3833,11169],"class_list":["post-117150","post","type-post","status-publish","format-standard","has-post-thumbnail","hentry","category-curiosidades","category-noticias","tag-aloe-vera","tag-aroma","tag-babosa","tag-lar"],"yoast_head":"<!-- This site is optimized with the Yoast SEO plugin v23.8 - https:\/\/yoast.com\/wordpress\/plugins\/seo\/ -->\n<title>As plantas arom\u00e1ticas f\u00e1ceis de cuidar que deixam seu lar mais perfumado<\/title>\n<meta name=\"description\" content=\"Plantas arom\u00e1ticas perfumam a casa de forma natural e saud\u00e1vel trazendo frescor, bem-estar e aromas \u00fanicos para todos os ambientes.\" \/>\n<meta name=\"robots\" content=\"index, follow, max-snippet:-1, max-image-preview:large, max-video-preview:-1\" \/>\n<link rel=\"canonical\" href=\"https:\/\/www.em.com.br\/emfoco\/2025\/10\/21\/as-plantas-aromaticas-faceis-de-cuidar-que-deixam-seu-lar-mais-perfumado\/\" \/>\n<meta property=\"og:locale\" content=\"pt_BR\" \/>\n<meta property=\"og:type\" content=\"article\" \/>\n<meta property=\"og:title\" content=\"As plantas arom\u00e1ticas f\u00e1ceis de cuidar que deixam seu lar mais perfumado\" \/>\n<meta property=\"og:description\" content=\"Plantas arom\u00e1ticas perfumam a casa de forma natural e saud\u00e1vel trazendo frescor, bem-estar e aromas \u00fanicos para todos os ambientes.\" \/>\n<meta property=\"og:url\" content=\"https:\/\/www.em.com.br\/emfoco\/2025\/10\/21\/as-plantas-aromaticas-faceis-de-cuidar-que-deixam-seu-lar-mais-perfumado\/\" \/>\n<meta property=\"og:site_name\" content=\"Estado de Minas - Em foco\" \/>\n<meta property=\"article:published_time\" content=\"2025-10-21T20:35:31+00:00\" \/>\n<meta property=\"article:modified_time\" content=\"2025-10-20T17:41:43+00:00\" \/>\n<meta property=\"og:image\" content=\"https:\/\/www.em.com.br\/emfoco\/wp-content\/uploads\/2025\/10\/lavanda-_1760099317271.jpg\" \/>\n\t<meta property=\"og:image:width\" content=\"1280\" \/>\n\t<meta property=\"og:image:height\" content=\"720\" \/>\n\t<meta property=\"og:image:type\" content=\"image\/jpeg\" \/>\n<meta name=\"author\" content=\"Daniely Cardoso\" \/>\n<meta name=\"twitter:card\" content=\"summary_large_image\" \/>\n<meta name=\"twitter:label1\" content=\"Escrito por\" \/>\n\t<meta name=\"twitter:data1\" content=\"Daniely Cardoso\" \/>\n\t<meta name=\"twitter:label2\" content=\"Est. tempo de leitura\" \/>\n\t<meta name=\"twitter:data2\" content=\"4 minutos\" \/>\n<!-- \/ Yoast SEO plugin. -->","yoast_head_json":{"title":"As plantas arom\u00e1ticas f\u00e1ceis de cuidar que deixam seu lar mais perfumado","description":"Plantas arom\u00e1ticas perfumam a casa de forma natural e saud\u00e1vel trazendo frescor, bem-estar e aromas \u00fanicos para todos os ambientes.","robots":{"index":"index","follow":"follow","max-snippet":"max-snippet:-1","max-image-preview":"max-image-preview:large","max-video-preview":"max-video-preview:-1"},"canonical":"https:\/\/www.em.com.br\/emfoco\/2025\/10\/21\/as-plantas-aromaticas-faceis-de-cuidar-que-deixam-seu-lar-mais-perfumado\/","og_locale":"pt_BR","og_type":"article","og_title":"As plantas arom\u00e1ticas f\u00e1ceis de cuidar que deixam seu lar mais perfumado","og_description":"Plantas arom\u00e1ticas perfumam a casa de forma natural e saud\u00e1vel trazendo frescor, bem-estar e aromas \u00fanicos para todos os ambientes.","og_url":"https:\/\/www.em.com.br\/emfoco\/2025\/10\/21\/as-plantas-aromaticas-faceis-de-cuidar-que-deixam-seu-lar-mais-perfumado\/","og_site_name":"Estado de Minas - Em foco","article_published_time":"2025-10-21T20:35:31+00:00","article_modified_time":"2025-10-20T17:41:43+00:00","og_image":[{"width":1280,"height":720,"url":"https:\/\/www.em.com.br\/emfoco\/wp-content\/uploads\/2025\/10\/lavanda-_1760099317271.jpg","type":"image\/jpeg"}],"author":"Daniely Cardoso","twitter_card":"summary_large_image","twitter_misc":{"Escrito por":"Daniely Cardoso","Est. tempo de leitura":"4 minutos"},"schema":{"@context":"https:\/\/schema.org","@graph":[{"@type":"WebPage","@id":"https:\/\/www.em.com.br\/emfoco\/2025\/10\/21\/as-plantas-aromaticas-faceis-de-cuidar-que-deixam-seu-lar-mais-perfumado\/","url":"https:\/\/www.em.com.br\/emfoco\/2025\/10\/21\/as-plantas-aromaticas-faceis-de-cuidar-que-deixam-seu-lar-mais-perfumado\/","name":"As plantas arom\u00e1ticas f\u00e1ceis de cuidar que deixam seu lar mais perfumado","isPartOf":{"@id":"https:\/\/www.em.com.br\/emfoco\/#website"},"primaryImageOfPage":{"@id":"https:\/\/www.em.com.br\/emfoco\/2025\/10\/21\/as-plantas-aromaticas-faceis-de-cuidar-que-deixam-seu-lar-mais-perfumado\/#primaryimage"},"image":{"@id":"https:\/\/www.em.com.br\/emfoco\/2025\/10\/21\/as-plantas-aromaticas-faceis-de-cuidar-que-deixam-seu-lar-mais-perfumado\/#primaryimage"},"thumbnailUrl":"https:\/\/www.em.com.br\/emfoco\/wp-content\/uploads\/2025\/10\/lavanda-_1760099317271.jpg","datePublished":"2025-10-21T20:35:31+00:00","dateModified":"2025-10-20T17:41:43+00:00","author":{"@id":"https:\/\/www.em.com.br\/emfoco\/#\/schema\/person\/0a8186d72f2c3a5c6276d90b41f271a0"},"description":"Plantas arom\u00e1ticas perfumam a casa de forma natural e saud\u00e1vel trazendo frescor, bem-estar e aromas \u00fanicos para todos os ambientes.","breadcrumb":{"@id":"https:\/\/www.em.com.br\/emfoco\/2025\/10\/21\/as-plantas-aromaticas-faceis-de-cuidar-que-deixam-seu-lar-mais-perfumado\/#breadcrumb"},"inLanguage":"pt-BR","potentialAction":[{"@type":"ReadAction","target":["https:\/\/www.em.com.br\/emfoco\/2025\/10\/21\/as-plantas-aromaticas-faceis-de-cuidar-que-deixam-seu-lar-mais-perfumado\/"]}]},{"@type":"ImageObject","inLanguage":"pt-BR","@id":"https:\/\/www.em.com.br\/emfoco\/2025\/10\/21\/as-plantas-aromaticas-faceis-de-cuidar-que-deixam-seu-lar-mais-perfumado\/#primaryimage","url":"https:\/\/www.em.com.br\/emfoco\/wp-content\/uploads\/2025\/10\/lavanda-_1760099317271.jpg","contentUrl":"https:\/\/www.em.com.br\/emfoco\/wp-content\/uploads\/2025\/10\/lavanda-_1760099317271.jpg","width":1280,"height":720,"caption":"O melhor momento para propagar lavanda \u00e9 no ver\u00e3o - Cr\u00e9ditos: depositphotos.com \/ anskuw"},{"@type":"BreadcrumbList","@id":"https:\/\/www.em.com.br\/emfoco\/2025\/10\/21\/as-plantas-aromaticas-faceis-de-cuidar-que-deixam-seu-lar-mais-perfumado\/#breadcrumb","itemListElement":[{"@type":"ListItem","position":1,"name":"In\u00edcio","item":"https:\/\/www.em.com.br\/emfoco\/"},{"@type":"ListItem","position":2,"name":"As plantas arom\u00e1ticas f\u00e1ceis de cuidar que deixam seu lar mais perfumado"}]},{"@type":"WebSite","@id":"https:\/\/www.em.com.br\/emfoco\/#website","url":"https:\/\/www.em.com.br\/emfoco\/","name":"Estado de Minas - Em foco","description":"Acompanhe as \u00faltimas not\u00edcias e fique bem informado sobre tudo o que acontece em Minas Gerais, Brasil e no mundo.","potentialAction":[{"@type":"SearchAction","target":{"@type":"EntryPoint","urlTemplate":"https:\/\/www.em.com.br\/emfoco\/?s={search_term_string}"},"query-input":{"@type":"PropertyValueSpecification","valueRequired":true,"valueName":"search_term_string"}}],"inLanguage":"pt-BR"},{"@type":"Person","@id":"https:\/\/www.em.com.br\/emfoco\/#\/schema\/person\/0a8186d72f2c3a5c6276d90b41f271a0","name":"Daniely Cardoso","image":{"@type":"ImageObject","inLanguage":"pt-BR","@id":"https:\/\/www.em.com.br\/emfoco\/#\/schema\/person\/image\/","url":"https:\/\/secure.gravatar.com\/avatar\/4b80ddbd124d1f071b626d52d62e5dff?s=96&d=mm&r=g","contentUrl":"https:\/\/secure.gravatar.com\/avatar\/4b80ddbd124d1f071b626d52d62e5dff?s=96&d=mm&r=g","caption":"Daniely Cardoso"},"url":"https:\/\/www.em.com.br\/emfoco\/author\/danielymyth\/"}]}},"_links":{"self":[{"href":"https:\/\/www.em.com.br\/emfoco\/wp-json\/wp\/v2\/posts\/117150","targetHints":{"allow":["GET"]}}],"collection":[{"href":"https:\/\/www.em.com.br\/emfoco\/wp-json\/wp\/v2\/posts"}],"about":[{"href":"https:\/\/www.em.com.br\/emfoco\/wp-json\/wp\/v2\/types\/post"}],"author":[{"embeddable":true,"href":"https:\/\/www.em.com.br\/emfoco\/wp-json\/wp\/v2\/users\/9"}],"replies":[{"embeddable":true,"href":"https:\/\/www.em.com.br\/emfoco\/wp-json\/wp\/v2\/comments?post=117150"}],"version-history":[{"count":4,"href":"https:\/\/www.em.com.br\/emfoco\/wp-json\/wp\/v2\/posts\/117150\/revisions"}],"predecessor-version":[{"id":117428,"href":"https:\/\/www.em.com.br\/emfoco\/wp-json\/wp\/v2\/posts\/117150\/revisions\/117428"}],"wp:featuredmedia":[{"embeddable":true,"href":"https:\/\/www.em.com.br\/emfoco\/wp-json\/wp\/v2\/media\/113672"}],"wp:attachment":[{"href":"https:\/\/www.em.com.br\/emfoco\/wp-json\/wp\/v2\/media?parent=117150"}],"wp:term":[{"taxonomy":"category","embeddable":true,"href":"https:\/\/www.em.com.br\/emfoco\/wp-json\/wp\/v2\/categories?post=117150"},{"taxonomy":"post_tag","embeddable":true,"href":"https:\/\/www.em.com.br\/emfoco\/wp-json\/wp\/v2\/tags?post=117150"}],"curies":[{"name":"wp","href":"https:\/\/api.w.org\/{rel}","templated":true}]}}