{"id":117124,"date":"2025-10-21T15:45:42","date_gmt":"2025-10-21T18:45:42","guid":{"rendered":"https:\/\/www.em.com.br\/emfoco\/?p=117124"},"modified":"2025-10-20T14:40:45","modified_gmt":"2025-10-20T17:40:45","slug":"essas-verduras-podem-estar-te-deixando-com-a-barriga-estufada","status":"publish","type":"post","link":"https:\/\/www.em.com.br\/emfoco\/2025\/10\/21\/essas-verduras-podem-estar-te-deixando-com-a-barriga-estufada\/","title":{"rendered":"Essas verduras podem estar te deixando com a barriga estufada"},"content":{"rendered":"\n<p>O <strong>incha\u00e7o abdominal<\/strong> \u00e9 um tema recorrente quando se fala em <strong>nutri\u00e7\u00e3o<\/strong> e <strong>bem-estar<\/strong>. Surpreendentemente, algumas <strong>verduras<\/strong> podem contribuir para essa sensa\u00e7\u00e3o desconfort\u00e1vel devido a compostos espec\u00edficos e ao modo de preparo. Este guia atualizado ajuda voc\u00ea a entender por que esse fen\u00f4meno acontece, como evit\u00e1-lo, e como promover o melhor equil\u00edbrio entre sa\u00fade digestiva e uma alimenta\u00e7\u00e3o variada.<\/p>\n\n\n\n<ul class=\"wp-block-list\">\n<li>Identifique as <strong>verduras<\/strong> que s\u00e3o mais propensas a causar incha\u00e7o.<\/li>\n\n\n\n<li>Descubra <strong>m\u00e9todos de preparo<\/strong> que ajudam a reduzir os efeitos inflamat\u00f3rios.<\/li>\n\n\n\n<li>Entenda a import\u00e2ncia de um <strong>microbioma intestinal saud\u00e1vel<\/strong> para a digest\u00e3o.<\/li>\n<\/ul>\n\n\n\n<h2 class=\"wp-block-heading\">Quais verduras causam gases e incha\u00e7o?<\/h2>\n\n\n\n<p>\u00c9 poss\u00edvel que certas <strong>verduras<\/strong> provoquem <strong>gases e incha\u00e7o<\/strong> devido ao seu elevado teor de fibras, enxofre ou carboidratos ferment\u00e1veis, bem como pelo modo como s\u00e3o ingeridas (cruas ou cozidas). No entanto, nem todas as pessoas experimentam esses efeitos da mesma maneira, sendo importante considerar a <strong>toler\u00e2ncia individual<\/strong>.<\/p>\n\n\n\n<p>A lista de <strong>verduras<\/strong> que mais comumente causam esses sintomas, principalmente quando consumidas em grandes quantidades ou cruas, inclui:<\/p>\n\n\n\n<ul class=\"wp-block-list\">\n<li><strong>Br\u00f3colis<\/strong><\/li>\n\n\n\n<li><strong>Couve-flor<\/strong><\/li>\n\n\n\n<li><strong>Couve de Bruxelas<\/strong><\/li>\n\n\n\n<li><strong>Repolho<\/strong><\/li>\n\n\n\n<li><strong>Acelga<\/strong><\/li>\n\n\n\n<li><strong>Espinafre<\/strong><\/li>\n\n\n\n<li><strong>Alface<\/strong><\/li>\n\n\n\n<li><strong>Cebola<\/strong><\/li>\n\n\n\n<li><strong>Tomate<\/strong><\/li>\n\n\n\n<li><strong>Alho<\/strong><\/li>\n<\/ul>\n\n\n<div class=\"wp-block-image\">\n<figure class=\"aligncenter size-large\"><img loading=\"lazy\" decoding=\"async\" width=\"1024\" height=\"576\" src=\"https:\/\/www.em.com.br\/emfoco\/wp-content\/uploads\/2025\/05\/brocolis_1746893435709-1024x576.jpg\" alt=\"Conhe\u00e7a o tipo ideal de br\u00f3colis para plantar no quintal de casa\" class=\"wp-image-46270\" srcset=\"https:\/\/www.em.com.br\/emfoco\/wp-content\/uploads\/2025\/05\/brocolis_1746893435709-1024x576.jpg 1024w, https:\/\/www.em.com.br\/emfoco\/wp-content\/uploads\/2025\/05\/brocolis_1746893435709-300x169.jpg 300w, https:\/\/www.em.com.br\/emfoco\/wp-content\/uploads\/2025\/05\/brocolis_1746893435709-768x432.jpg 768w, https:\/\/www.em.com.br\/emfoco\/wp-content\/uploads\/2025\/05\/brocolis_1746893435709-750x422.jpg 750w, https:\/\/www.em.com.br\/emfoco\/wp-content\/uploads\/2025\/05\/brocolis_1746893435709-1140x641.jpg 1140w, https:\/\/www.em.com.br\/emfoco\/wp-content\/uploads\/2025\/05\/brocolis_1746893435709.jpg 1280w\" sizes=\"auto, (max-width: 1024px) 100vw, 1024px\" \/><figcaption class=\"wp-element-caption\">Cozinh\u00e1-lo melhora a digest\u00e3o em pessoas sens\u00edveis &#8211; Cr\u00e9ditos: depositphotos.com \/ nblxer<\/figcaption><\/figure><\/div>\n\n\n<h2 class=\"wp-block-heading\">Devemos evitar essas verduras?<\/h2>\n\n\n\n<p><strong>Evitar<\/strong> totalmente essas verduras n\u00e3o s\u00e3o recomend\u00e1veis. Esses alimentos, especialmente os de folhas verdes, s\u00e3o fontes ricas em<a href=\"https:\/\/www.tuasaude.com\/vitamina-k\/\" target=\"_blank\" rel=\"noreferrer noopener\"> vitamina K<\/a>, <strong>ferro<\/strong> e <strong>magn\u00e9sio<\/strong>, nutrientes fundamentais para a sa\u00fade geral, al\u00e9m de conterem antioxidantes importantes para a preven\u00e7\u00e3o de doen\u00e7as.<\/p>\n\n\n\n<h2 class=\"wp-block-heading\">Como preparar para reduzir o incha\u00e7o?<\/h2>\n\n\n\n<p>Recomenda-se o <strong>cozimento a vapor<\/strong> para diminuir o incha\u00e7o, j\u00e1 que esse m\u00e9todo mant\u00e9m os nutrientes essenciais e auxilia na quebra de compostos que causam gases. Al\u00e9m disso, adicionar <strong>especiarias<\/strong> como cominho ou erva-doce pode favorecer ainda mais a <strong>digest\u00e3o<\/strong>, gra\u00e7as \u00e0s suas propriedades carminativas.<\/p>\n\n\n\n<p>Outro ponto fundamental \u00e9 <strong>mastigar devagar<\/strong>, j\u00e1 que isso facilita a a\u00e7\u00e3o das enzimas digestivas. Evite cozinhar com grandes volumes de \u00e1gua para prevenir a perda de <strong>minerais<\/strong> e <strong>vitaminas<\/strong>; prefira t\u00e9cnicas r\u00e1pidas e suaves.<\/p>\n\n\n\n<h2 class=\"wp-block-heading\">Quais m\u00e9todos r\u00e1pidos de preparo s\u00e3o indicados?<\/h2>\n\n\n\n<p><strong>Saltear<\/strong>, <strong>assar<\/strong> e <strong>escaldar<\/strong> essas <strong>verduras<\/strong> s\u00e3o m\u00e9todos excelentes para facilitar a digest\u00e3o, garantir melhor absor\u00e7\u00e3o de nutrientes e ainda preservar o sabor. Optar por esses processos ajuda a evitar o desconforto intestinal associado ao consumo de vegetais crus.<\/p>\n\n\n\n<h2 class=\"wp-block-heading\">Quais os benef\u00edcios das cores nas verduras?<\/h2>\n\n\n\n<p>Para uma <strong>dieta equilibrada<\/strong>, procure incluir uma <strong>variedade de cores<\/strong> nos vegetais consumidos durante o dia, o que garante o aporte de diferentes <strong>fitonutrientes<\/strong>, <strong>vitaminas<\/strong> e <strong>antioxidantes<\/strong>, essenciais para o funcionamento do organismo e preven\u00e7\u00e3o de doen\u00e7as cr\u00f4nicas.<\/p>\n\n\n<div class=\"wp-block-image\">\n<figure class=\"aligncenter size-large\"><img loading=\"lazy\" decoding=\"async\" width=\"1024\" height=\"576\" src=\"https:\/\/www.em.com.br\/emfoco\/wp-content\/uploads\/2025\/05\/couve-flor_1748439614089-1024x576.jpg\" alt=\"Cultive couve-flor em casa de forma simples e colher cabe\u00e7as perfeitas\" class=\"wp-image-52345\" srcset=\"https:\/\/www.em.com.br\/emfoco\/wp-content\/uploads\/2025\/05\/couve-flor_1748439614089-1024x576.jpg 1024w, https:\/\/www.em.com.br\/emfoco\/wp-content\/uploads\/2025\/05\/couve-flor_1748439614089-300x169.jpg 300w, https:\/\/www.em.com.br\/emfoco\/wp-content\/uploads\/2025\/05\/couve-flor_1748439614089-768x432.jpg 768w, https:\/\/www.em.com.br\/emfoco\/wp-content\/uploads\/2025\/05\/couve-flor_1748439614089-750x422.jpg 750w, https:\/\/www.em.com.br\/emfoco\/wp-content\/uploads\/2025\/05\/couve-flor_1748439614089-1140x641.jpg 1140w, https:\/\/www.em.com.br\/emfoco\/wp-content\/uploads\/2025\/05\/couve-flor_1748439614089.jpg 1280w\" sizes=\"auto, (max-width: 1024px) 100vw, 1024px\" \/><figcaption class=\"wp-element-caption\">Couve flor &#8211; Cr\u00e9ditos: depositphotos.com \/ ArturVerkhovetskiy<\/figcaption><\/figure><\/div>\n\n\n<h2 class=\"wp-block-heading\">Qual a import\u00e2ncia das especiarias?<\/h2>\n\n\n\n<p>Adicionar <strong>especiarias<\/strong>, como o cominho, a\u00e7afr\u00e3o, gengibre ou erva-doce, pode tornar os pratos muito mais saborosos e ainda ajudar na digest\u00e3o das fibras, pois possuem efeito <strong>carminativo<\/strong>, ou seja, facilitam a elimina\u00e7\u00e3o de gases intestinais e reduzem a sensa\u00e7\u00e3o de incha\u00e7o.<\/p>\n\n\n\n<p>Leia tamb\u00e9m: <a href=\"https:\/\/www.em.com.br\/emfoco\/2025\/10\/18\/5-alimentos-aprovados-pela-ciencia-que-elevam-o-humor-e-a-saude-mental\/\" target=\"_blank\" rel=\"noopener\">5 alimentos aprovados pela ci\u00eancia que elevam o humor e a sa\u00fade mental<\/a><\/p>\n\n\n\n<h2 class=\"wp-block-heading\">Como melhorar a toler\u00e2ncia usando queijo cremoso?<\/h2>\n\n\n\n<p>Uma dica interessante \u00e9 misturar essas <strong>verduras<\/strong> com <strong>queijo cremoso<\/strong> com baixo teor de gordura ou inclu\u00ed-las em prepara\u00e7\u00f5es junto com <strong>cenoura cozida<\/strong> e <strong>ab\u00f3bora<\/strong>. Isso melhora a toler\u00e2ncia, suaviza sabores mais intensos e evita o desconforto digestivo, tornando o prato mais vers\u00e1til e nutritivo.<\/p>\n\n\n\n<h2 class=\"wp-block-heading\">O que fazer para ter uma digest\u00e3o saud\u00e1vel?<\/h2>\n\n\n\n<ul class=\"wp-block-list\">\n<li><strong>Inclua especiarias carminativas<\/strong> nos pratos para facilitar a digest\u00e3o.<\/li>\n\n\n\n<li><strong>Escolha m\u00e9todos de preparo<\/strong> adequados para preservar os benef\u00edcios dos alimentos.<\/li>\n\n\n\n<li><strong>Mantenha uma alimenta\u00e7\u00e3o variada<\/strong>, combinando diferentes cores de frutas e verduras para otimizar o aporte de nutrientes e melhorar o equil\u00edbrio intestinal.<\/li>\n<\/ul>\n","protected":false},"excerpt":{"rendered":"<p>O incha\u00e7o abdominal \u00e9 um tema recorrente quando se fala em nutri\u00e7\u00e3o e bem-estar. Surpreendentemente, algumas verduras podem contribuir para essa sensa\u00e7\u00e3o desconfort\u00e1vel devido a compostos espec\u00edficos e ao modo de preparo. Este guia atualizado ajuda voc\u00ea a entender por que esse fen\u00f4meno acontece, como evit\u00e1-lo, e como promover o melhor equil\u00edbrio entre sa\u00fade digestiva [&hellip;]<\/p>\n","protected":false},"author":9,"featured_media":26978,"comment_status":"open","ping_status":"open","sticky":false,"template":"","format":"standard","meta":{"jnews-multi-image_gallery":[],"jnews_single_post":{"format":"standard"},"jnews_primary_category":[],"jnews_social_meta":[],"jnews_override_counter":[],"footnotes":""},"categories":[8691,8819,1],"tags":[15953,4205,12564],"class_list":["post-117124","post","type-post","status-publish","format-standard","has-post-thumbnail","hentry","category-bem-estar","category-curiosidades","category-noticias","tag-abdomen-inchado","tag-digestao","tag-verduras"],"yoast_head":"<!-- This site is optimized with the Yoast SEO plugin v23.8 - https:\/\/yoast.com\/wordpress\/plugins\/seo\/ -->\n<title>Essas verduras podem estar te deixando com a barriga estufada<\/title>\n<meta name=\"description\" content=\"Algumas verduras podem causar incha\u00e7o, mas t\u00e9cnicas de preparo e especiarias ajudam a reduzir gases e melhorar a digest\u00e3o de forma saud\u00e1vel.\" \/>\n<meta name=\"robots\" content=\"index, follow, max-snippet:-1, max-image-preview:large, max-video-preview:-1\" \/>\n<link rel=\"canonical\" href=\"https:\/\/www.em.com.br\/emfoco\/2025\/10\/21\/essas-verduras-podem-estar-te-deixando-com-a-barriga-estufada\/\" \/>\n<meta property=\"og:locale\" content=\"pt_BR\" \/>\n<meta property=\"og:type\" content=\"article\" \/>\n<meta property=\"og:title\" content=\"Essas verduras podem estar te deixando com a barriga estufada\" \/>\n<meta property=\"og:description\" content=\"Algumas verduras podem causar incha\u00e7o, mas t\u00e9cnicas de preparo e especiarias ajudam a reduzir gases e melhorar a digest\u00e3o de forma saud\u00e1vel.\" \/>\n<meta property=\"og:url\" content=\"https:\/\/www.em.com.br\/emfoco\/2025\/10\/21\/essas-verduras-podem-estar-te-deixando-com-a-barriga-estufada\/\" \/>\n<meta property=\"og:site_name\" content=\"Estado de Minas - Em foco\" \/>\n<meta property=\"article:published_time\" content=\"2025-10-21T18:45:42+00:00\" \/>\n<meta property=\"article:modified_time\" content=\"2025-10-20T17:40:45+00:00\" \/>\n<meta property=\"og:image\" content=\"https:\/\/www.em.com.br\/emfoco\/wp-content\/uploads\/2025\/03\/Hortalicas_1741618334278.jpg\" \/>\n\t<meta property=\"og:image:width\" content=\"1280\" \/>\n\t<meta property=\"og:image:height\" content=\"720\" \/>\n\t<meta property=\"og:image:type\" content=\"image\/jpeg\" \/>\n<meta name=\"author\" content=\"Daniely Cardoso\" \/>\n<meta name=\"twitter:card\" content=\"summary_large_image\" \/>\n<meta name=\"twitter:label1\" content=\"Escrito por\" \/>\n\t<meta name=\"twitter:data1\" content=\"Daniely Cardoso\" \/>\n\t<meta name=\"twitter:label2\" content=\"Est. tempo de leitura\" \/>\n\t<meta name=\"twitter:data2\" content=\"4 minutos\" \/>\n<!-- \/ Yoast SEO plugin. -->","yoast_head_json":{"title":"Essas verduras podem estar te deixando com a barriga estufada","description":"Algumas verduras podem causar incha\u00e7o, mas t\u00e9cnicas de preparo e especiarias ajudam a reduzir gases e melhorar a digest\u00e3o de forma saud\u00e1vel.","robots":{"index":"index","follow":"follow","max-snippet":"max-snippet:-1","max-image-preview":"max-image-preview:large","max-video-preview":"max-video-preview:-1"},"canonical":"https:\/\/www.em.com.br\/emfoco\/2025\/10\/21\/essas-verduras-podem-estar-te-deixando-com-a-barriga-estufada\/","og_locale":"pt_BR","og_type":"article","og_title":"Essas verduras podem estar te deixando com a barriga estufada","og_description":"Algumas verduras podem causar incha\u00e7o, mas t\u00e9cnicas de preparo e especiarias ajudam a reduzir gases e melhorar a digest\u00e3o de forma saud\u00e1vel.","og_url":"https:\/\/www.em.com.br\/emfoco\/2025\/10\/21\/essas-verduras-podem-estar-te-deixando-com-a-barriga-estufada\/","og_site_name":"Estado de Minas - Em foco","article_published_time":"2025-10-21T18:45:42+00:00","article_modified_time":"2025-10-20T17:40:45+00:00","og_image":[{"width":1280,"height":720,"url":"https:\/\/www.em.com.br\/emfoco\/wp-content\/uploads\/2025\/03\/Hortalicas_1741618334278.jpg","type":"image\/jpeg"}],"author":"Daniely Cardoso","twitter_card":"summary_large_image","twitter_misc":{"Escrito por":"Daniely Cardoso","Est. tempo de leitura":"4 minutos"},"schema":{"@context":"https:\/\/schema.org","@graph":[{"@type":"WebPage","@id":"https:\/\/www.em.com.br\/emfoco\/2025\/10\/21\/essas-verduras-podem-estar-te-deixando-com-a-barriga-estufada\/","url":"https:\/\/www.em.com.br\/emfoco\/2025\/10\/21\/essas-verduras-podem-estar-te-deixando-com-a-barriga-estufada\/","name":"Essas verduras podem estar te deixando com a barriga estufada","isPartOf":{"@id":"https:\/\/www.em.com.br\/emfoco\/#website"},"primaryImageOfPage":{"@id":"https:\/\/www.em.com.br\/emfoco\/2025\/10\/21\/essas-verduras-podem-estar-te-deixando-com-a-barriga-estufada\/#primaryimage"},"image":{"@id":"https:\/\/www.em.com.br\/emfoco\/2025\/10\/21\/essas-verduras-podem-estar-te-deixando-com-a-barriga-estufada\/#primaryimage"},"thumbnailUrl":"https:\/\/www.em.com.br\/emfoco\/wp-content\/uploads\/2025\/03\/Hortalicas_1741618334278.jpg","datePublished":"2025-10-21T18:45:42+00:00","dateModified":"2025-10-20T17:40:45+00:00","author":{"@id":"https:\/\/www.em.com.br\/emfoco\/#\/schema\/person\/0a8186d72f2c3a5c6276d90b41f271a0"},"description":"Algumas verduras podem causar incha\u00e7o, mas t\u00e9cnicas de preparo e especiarias ajudam a reduzir gases e melhorar a digest\u00e3o de forma saud\u00e1vel.","breadcrumb":{"@id":"https:\/\/www.em.com.br\/emfoco\/2025\/10\/21\/essas-verduras-podem-estar-te-deixando-com-a-barriga-estufada\/#breadcrumb"},"inLanguage":"pt-BR","potentialAction":[{"@type":"ReadAction","target":["https:\/\/www.em.com.br\/emfoco\/2025\/10\/21\/essas-verduras-podem-estar-te-deixando-com-a-barriga-estufada\/"]}]},{"@type":"ImageObject","inLanguage":"pt-BR","@id":"https:\/\/www.em.com.br\/emfoco\/2025\/10\/21\/essas-verduras-podem-estar-te-deixando-com-a-barriga-estufada\/#primaryimage","url":"https:\/\/www.em.com.br\/emfoco\/wp-content\/uploads\/2025\/03\/Hortalicas_1741618334278.jpg","contentUrl":"https:\/\/www.em.com.br\/emfoco\/wp-content\/uploads\/2025\/03\/Hortalicas_1741618334278.jpg","width":1280,"height":720,"caption":"Cesta de hortali\u00e7as - Cr\u00e9ditos: depositphotos.com \/ AndrewLozovyi"},{"@type":"BreadcrumbList","@id":"https:\/\/www.em.com.br\/emfoco\/2025\/10\/21\/essas-verduras-podem-estar-te-deixando-com-a-barriga-estufada\/#breadcrumb","itemListElement":[{"@type":"ListItem","position":1,"name":"In\u00edcio","item":"https:\/\/www.em.com.br\/emfoco\/"},{"@type":"ListItem","position":2,"name":"Essas verduras podem estar te deixando com a barriga estufada"}]},{"@type":"WebSite","@id":"https:\/\/www.em.com.br\/emfoco\/#website","url":"https:\/\/www.em.com.br\/emfoco\/","name":"Estado de Minas - Em foco","description":"Acompanhe as \u00faltimas not\u00edcias e fique bem informado sobre tudo o que acontece em Minas Gerais, Brasil e no mundo.","potentialAction":[{"@type":"SearchAction","target":{"@type":"EntryPoint","urlTemplate":"https:\/\/www.em.com.br\/emfoco\/?s={search_term_string}"},"query-input":{"@type":"PropertyValueSpecification","valueRequired":true,"valueName":"search_term_string"}}],"inLanguage":"pt-BR"},{"@type":"Person","@id":"https:\/\/www.em.com.br\/emfoco\/#\/schema\/person\/0a8186d72f2c3a5c6276d90b41f271a0","name":"Daniely Cardoso","image":{"@type":"ImageObject","inLanguage":"pt-BR","@id":"https:\/\/www.em.com.br\/emfoco\/#\/schema\/person\/image\/","url":"https:\/\/secure.gravatar.com\/avatar\/4b80ddbd124d1f071b626d52d62e5dff?s=96&d=mm&r=g","contentUrl":"https:\/\/secure.gravatar.com\/avatar\/4b80ddbd124d1f071b626d52d62e5dff?s=96&d=mm&r=g","caption":"Daniely Cardoso"},"url":"https:\/\/www.em.com.br\/emfoco\/author\/danielymyth\/"}]}},"_links":{"self":[{"href":"https:\/\/www.em.com.br\/emfoco\/wp-json\/wp\/v2\/posts\/117124","targetHints":{"allow":["GET"]}}],"collection":[{"href":"https:\/\/www.em.com.br\/emfoco\/wp-json\/wp\/v2\/posts"}],"about":[{"href":"https:\/\/www.em.com.br\/emfoco\/wp-json\/wp\/v2\/types\/post"}],"author":[{"embeddable":true,"href":"https:\/\/www.em.com.br\/emfoco\/wp-json\/wp\/v2\/users\/9"}],"replies":[{"embeddable":true,"href":"https:\/\/www.em.com.br\/emfoco\/wp-json\/wp\/v2\/comments?post=117124"}],"version-history":[{"count":4,"href":"https:\/\/www.em.com.br\/emfoco\/wp-json\/wp\/v2\/posts\/117124\/revisions"}],"predecessor-version":[{"id":117427,"href":"https:\/\/www.em.com.br\/emfoco\/wp-json\/wp\/v2\/posts\/117124\/revisions\/117427"}],"wp:featuredmedia":[{"embeddable":true,"href":"https:\/\/www.em.com.br\/emfoco\/wp-json\/wp\/v2\/media\/26978"}],"wp:attachment":[{"href":"https:\/\/www.em.com.br\/emfoco\/wp-json\/wp\/v2\/media?parent=117124"}],"wp:term":[{"taxonomy":"category","embeddable":true,"href":"https:\/\/www.em.com.br\/emfoco\/wp-json\/wp\/v2\/categories?post=117124"},{"taxonomy":"post_tag","embeddable":true,"href":"https:\/\/www.em.com.br\/emfoco\/wp-json\/wp\/v2\/tags?post=117124"}],"curies":[{"name":"wp","href":"https:\/\/api.w.org\/{rel}","templated":true}]}}