{"id":117116,"date":"2025-10-21T10:45:11","date_gmt":"2025-10-21T13:45:11","guid":{"rendered":"https:\/\/www.em.com.br\/emfoco\/?p=117116"},"modified":"2025-10-20T09:09:40","modified_gmt":"2025-10-20T12:09:40","slug":"aprenda-a-plantar-ervas-e-flores-aromaticas-para-deixar-sua-casa-sempre-perfumada","status":"publish","type":"post","link":"https:\/\/www.em.com.br\/emfoco\/2025\/10\/21\/aprenda-a-plantar-ervas-e-flores-aromaticas-para-deixar-sua-casa-sempre-perfumada\/","title":{"rendered":"Aprenda a plantar ervas e flores arom\u00e1ticas para deixar sua casa sempre perfumada"},"content":{"rendered":"\n<p>O <strong>aroma natural de plantas<\/strong> pode transformar ambientes de forma \u00fanica e marcante. Esp\u00e9cies como <strong>jasmim<\/strong>, <strong>gard\u00eania<\/strong> e <strong>lavanda<\/strong> s\u00e3o reconhecidas por seus <strong>perfumes intensos<\/strong> e envolventes, criando atmosferas acolhedoras e sofisticadas. Al\u00e9m disso, <strong>ervas arom\u00e1ticas<\/strong>, como o <strong>manjeric\u00e3o<\/strong> e a <strong>hortel\u00e3<\/strong>, adicionam um <strong>frescor<\/strong> irresist\u00edvel ao serem tocadas ou levemente amassadas, sendo excelentes op\u00e7\u00f5es para quem busca um toque de natureza em casa.<\/p>\n\n\n\n<ul class=\"wp-block-list\">\n<li><strong>Aromas c\u00edtricos<\/strong> de <strong>limoeiros<\/strong> e <strong>laranjeiras<\/strong> trazem <strong>vitalidade<\/strong> e energia positiva aos espa\u00e7os.<\/li>\n\n\n\n<li><strong>Ajustes na ilumina\u00e7\u00e3o<\/strong> e <strong>umidade<\/strong> podem otimizar as <strong>fragr\u00e2ncias naturais<\/strong> das plantas, potencializando seu efeito ambiental.<\/li>\n\n\n\n<li>O <strong>manuseio<\/strong> das folhas ajuda a liberar o verdadeiro <strong>potencial olfativo<\/strong> das esp\u00e9cies, intensificando a experi\u00eancia sensorial.<\/li>\n<\/ul>\n\n\n\n<h2 class=\"wp-block-heading\">Como plantar suas plantas arom\u00e1ticas?<\/h2>\n\n\n\n<p>Para come\u00e7ar o<strong> cultivo de plantas arom\u00e1ticas em casa<\/strong>, escolha <strong>vasos<\/strong> com furos para garantir a drenagem da \u00e1gua. Utilize um substrato rico em<a href=\"https:\/\/rehagro.com.br\/blog\/materia-organica-no-solo\/\" target=\"_blank\" rel=\"noopener\"> mat\u00e9ria org\u00e2nica<\/a>, favorecendo o desenvolvimento das ra\u00edzes. Semeie as <strong>sementes<\/strong> ou <strong>plante<\/strong> <strong>mudas<\/strong> a uma profundidade adequada (em geral, duas vezes o tamanho da semente). Regue suavemente ap\u00f3s o <strong>plantio<\/strong> e posicione os vasos em locais bem <strong>iluminados<\/strong>, evitando exposi\u00e7\u00e3o solar direta das mudas mais sens\u00edveis nas primeiras semanas.<\/p>\n\n\n\n<p>Al\u00e9m disso, <strong>cultive esp\u00e9cies<\/strong> compat\u00edveis pr\u00f3ximas uma das outras, proporcionando <strong>microclimas<\/strong> <strong>favor\u00e1veis<\/strong> ao desenvolvimento. \u00c9 importante tamb\u00e9m respeitar o espa\u00e7amento entre as plantas para que o aroma se desenvolva plenamente. Para quem disp\u00f5e de jardim, vale optar por canteiros elevados, facilitando o <strong>manejo<\/strong> e promovendo um <strong>crescimento vigoroso<\/strong>. O uso de <strong>adubos<\/strong> <strong>naturais<\/strong>, como h\u00famus de minhoca, contribui para folhas mais arom\u00e1ticas e flores vistosas.<\/p>\n\n\n\n<p>Uma <strong>poda estrat\u00e9gica<\/strong> incentiva o <strong>crescimento robusto<\/strong> e renovado das folhas, destacando ainda mais a <strong>intensidade da fragr\u00e2ncia<\/strong>. Fachadas verdes e <strong>jardineiras dentro de casa<\/strong> n\u00e3o s\u00f3 intensificam, como tamb\u00e9m difundem o aroma, criando uma <strong>atmosfera envolvente<\/strong> e relaxante.<\/p>\n\n\n<div class=\"wp-block-image\">\n<figure class=\"aligncenter size-large\"><img loading=\"lazy\" decoding=\"async\" width=\"1024\" height=\"576\" src=\"https:\/\/www.em.com.br\/emfoco\/wp-content\/uploads\/2025\/09\/camelia-_1757426126204-1024x576.jpg\" alt=\"\" class=\"wp-image-102206\" srcset=\"https:\/\/www.em.com.br\/emfoco\/wp-content\/uploads\/2025\/09\/camelia-_1757426126204-1024x576.jpg 1024w, https:\/\/www.em.com.br\/emfoco\/wp-content\/uploads\/2025\/09\/camelia-_1757426126204-300x169.jpg 300w, https:\/\/www.em.com.br\/emfoco\/wp-content\/uploads\/2025\/09\/camelia-_1757426126204-768x432.jpg 768w, https:\/\/www.em.com.br\/emfoco\/wp-content\/uploads\/2025\/09\/camelia-_1757426126204-750x422.jpg 750w, https:\/\/www.em.com.br\/emfoco\/wp-content\/uploads\/2025\/09\/camelia-_1757426126204-1140x641.jpg 1140w, https:\/\/www.em.com.br\/emfoco\/wp-content\/uploads\/2025\/09\/camelia-_1757426126204.jpg 1280w\" sizes=\"auto, (max-width: 1024px) 100vw, 1024px\" \/><figcaption class=\"wp-element-caption\">Cam\u00e9lia &#8211; Cr\u00e9ditos: depositphotos.com \/ Raydar<\/figcaption><\/figure><\/div>\n\n\n<h2 class=\"wp-block-heading\">Como escolher plantas ideais para diferentes ambientes?<\/h2>\n\n\n\n<p>Para <strong>quartos<\/strong>, esp\u00e9cies como <strong>lavanda<\/strong> e <strong>cam\u00e9lia<\/strong> s\u00e3o ideais devido \u00e0s suas propriedades <strong>relaxantes<\/strong>, favorecendo um sono tranquilo. J\u00e1 em <strong>salas de estar<\/strong>, plantas como a <strong>verbena<\/strong> e as <strong>c\u00edtricas<\/strong> proporcionam uma <strong>fragr\u00e2ncia revigorante<\/strong> que estimula e alegra o ambiente.<\/p>\n\n\n\n<p>Em <strong>cozinhas<\/strong>, op\u00e7\u00f5es como <strong>manjeric\u00e3o<\/strong> e <strong>hortel\u00e3<\/strong> se destacam n\u00e3o apenas pelo perfume, mas tamb\u00e9m por serem <strong>funcionais<\/strong> e pr\u00e1ticas para uso culin\u00e1rio di\u00e1rio, tornando o espa\u00e7o mais saud\u00e1vel e agrad\u00e1vel.<\/p>\n\n\n\n<h2 class=\"wp-block-heading\">Quais s\u00e3o os principais mitos sobre plantas arom\u00e1ticas?<\/h2>\n\n\n\n<p>Um dos grandes mitos \u00e9 acreditar que somente <strong>flores<\/strong> possuem <strong>aromas not\u00e1veis<\/strong>. Na realidade, <strong>folhas<\/strong> e <strong>frutos<\/strong> tamb\u00e9m podem liberar <strong>fragr\u00e2ncias potentes<\/strong> e marcantes. Outro equ\u00edvoco \u00e9 imaginar que cuidar dessas plantas \u00e9 complicado; com um <strong>manejo simples<\/strong> e rotina constante, \u00e9 poss\u00edvel manter as esp\u00e9cies sempre vi\u00e7osas e perfumadas.<\/p>\n\n\n\n<p>Embora <strong>difusores sint\u00e9ticos<\/strong> sejam populares atualmente, as <strong>plantas naturais<\/strong> oferecem vantagens incompar\u00e1veis, como <strong>purifica\u00e7\u00e3o do ar<\/strong> e uma <strong>conex\u00e3o direta com a natureza<\/strong>. Em diferentes culturas, a valoriza\u00e7\u00e3o dessas esp\u00e9cies \u00e9 tradi\u00e7\u00e3o: o uso de <strong>lavanda na Fran\u00e7a<\/strong> e de <strong>ch\u00e1-verde no Jap\u00e3o<\/strong> ilustram o papel importante dessas plantas em rituais de <strong>bem-estar<\/strong> e pr\u00e1ticas familiares.<\/p>\n\n\n\n<p>Leia tamb\u00e9m: <a href=\"https:\/\/www.em.com.br\/emfoco\/2025\/10\/18\/as-5-flores-mais-perfumadas-da-primavera-para-cultivar-no-jardim\/\" target=\"_blank\" rel=\"noopener\">As 5 flores mais perfumadas da primavera para cultivar no jardim<\/a><\/p>\n\n\n<div class=\"wp-block-image\">\n<figure class=\"aligncenter size-large\"><img loading=\"lazy\" decoding=\"async\" width=\"1024\" height=\"576\" src=\"https:\/\/www.em.com.br\/emfoco\/wp-content\/uploads\/2025\/10\/lavanda-_1760099317271-1024x576.jpg\" alt=\"\" class=\"wp-image-113672\" srcset=\"https:\/\/www.em.com.br\/emfoco\/wp-content\/uploads\/2025\/10\/lavanda-_1760099317271-1024x576.jpg 1024w, https:\/\/www.em.com.br\/emfoco\/wp-content\/uploads\/2025\/10\/lavanda-_1760099317271-300x169.jpg 300w, https:\/\/www.em.com.br\/emfoco\/wp-content\/uploads\/2025\/10\/lavanda-_1760099317271-768x432.jpg 768w, https:\/\/www.em.com.br\/emfoco\/wp-content\/uploads\/2025\/10\/lavanda-_1760099317271-750x422.jpg 750w, https:\/\/www.em.com.br\/emfoco\/wp-content\/uploads\/2025\/10\/lavanda-_1760099317271-1140x641.jpg 1140w, https:\/\/www.em.com.br\/emfoco\/wp-content\/uploads\/2025\/10\/lavanda-_1760099317271.jpg 1280w\" sizes=\"auto, (max-width: 1024px) 100vw, 1024px\" \/><figcaption class=\"wp-element-caption\">O melhor momento para propagar lavanda \u00e9 no ver\u00e3o &#8211; Cr\u00e9ditos: depositphotos.com \/ anskuw<\/figcaption><\/figure><\/div>\n\n\n<h2 class=\"wp-block-heading\">Como escolher corretamente as plantas para o seu espa\u00e7o?<\/h2>\n\n\n\n<p>O sucesso no cultivo est\u00e1 em harmonizar o <strong>espa\u00e7o dispon\u00edvel<\/strong> com a <strong>intensidade da fragr\u00e2ncia<\/strong> desejada. Para <strong>\u00e1reas pequenas<\/strong>, esp\u00e9cies de <strong>cheiro sutil<\/strong>, como a <strong>lavanda<\/strong>, s\u00e3o op\u00e7\u00f5es pr\u00e1ticas. J\u00e1 em <strong>ambientes externos<\/strong>, como jardins e varandas, o <strong>jasmim<\/strong> e a <strong>gard\u00eania<\/strong> transformam o local com seu <strong>perfil olfativo rico<\/strong> e inspirador.<\/p>\n\n\n\n<p>Al\u00e9m de potencializar a <strong>decora\u00e7\u00e3o<\/strong>, essas plantas contribuem significativamente para o <strong>bem-estar<\/strong> de todos que usufruem do espa\u00e7o. Muitas cidades, como <strong>Curitiba<\/strong> e <strong>Lisboa<\/strong>, inclusive incentivam o <strong>cultivo de esp\u00e9cies arom\u00e1ticas<\/strong> em \u00e1reas urbanas, tornando o cotidiano ainda mais agrad\u00e1vel e saud\u00e1vel.<\/p>\n\n\n\n<h2 class=\"wp-block-heading\">Por que investir em plantas arom\u00e1ticas no lar?<\/h2>\n\n\n\n<ul class=\"wp-block-list\">\n<li><strong>Integra\u00e7\u00e3o entre natureza e lar<\/strong> gera um ambiente pac\u00edfico, saud\u00e1vel e relaxante.<\/li>\n\n\n\n<li>Qualquer espa\u00e7o pode se tornar mais <strong>atraente<\/strong> e <strong>convidativo<\/strong> ao incorporar essas plantas.<\/li>\n\n\n\n<li><strong>Aromas naturais<\/strong> proporcionam <strong>experi\u00eancias sensoriais<\/strong> \u00fanicas, muitas vezes superando os efeitos dos difusores artificiais.<\/li>\n<\/ul>\n\n\n\n<p>Inserir <strong>plantas arom\u00e1ticas<\/strong> no cotidiano \u00e9 uma maneira engenhosa de introduzir <strong>fragr\u00e2ncias aut\u00eanticas<\/strong> e <strong>enriquecer a qualidade de vida<\/strong> no ambiente dom\u00e9stico. Com a presen\u00e7a dessas esp\u00e9cies, os espa\u00e7os ganham charme semelhante ao de lugares ic\u00f4nicos como a <strong>Proven\u00e7a<\/strong> ou o <strong>Vale do Loire<\/strong>, na Fran\u00e7a, conhecidos por seus <strong>jardins perfumados<\/strong> e <strong>cen\u00e1rios inspiradores<\/strong>.<\/p>\n","protected":false},"excerpt":{"rendered":"<p>O aroma natural de plantas pode transformar ambientes de forma \u00fanica e marcante. Esp\u00e9cies como jasmim, gard\u00eania e lavanda s\u00e3o reconhecidas por seus perfumes intensos e envolventes, criando atmosferas acolhedoras e sofisticadas. Al\u00e9m disso, ervas arom\u00e1ticas, como o manjeric\u00e3o e a hortel\u00e3, adicionam um frescor irresist\u00edvel ao serem tocadas ou levemente amassadas, sendo excelentes op\u00e7\u00f5es [&hellip;]<\/p>\n","protected":false},"author":9,"featured_media":44474,"comment_status":"open","ping_status":"open","sticky":false,"template":"","format":"standard","meta":{"jnews-multi-image_gallery":[],"jnews_single_post":{"format":"standard"},"jnews_primary_category":[],"jnews_social_meta":[],"jnews_override_counter":[],"footnotes":""},"categories":[8691,8819,1],"tags":[11046,3108,7634],"class_list":["post-117116","post","type-post","status-publish","format-standard","has-post-thumbnail","hentry","category-bem-estar","category-curiosidades","category-noticias","tag-erva","tag-limao","tag-planta-aromatica"],"yoast_head":"<!-- This site is optimized with the Yoast SEO plugin v23.8 - https:\/\/yoast.com\/wordpress\/plugins\/seo\/ -->\n<title>Aprenda a plantar ervas e flores arom\u00e1ticas para deixar sua casa sempre perfumada<\/title>\n<meta name=\"description\" content=\"As plantas arom\u00e1ticas est\u00e3o em alta e prometem deixar seu lar perfumado e acolhedor de forma natural e duradoura.\" \/>\n<meta name=\"robots\" content=\"index, follow, max-snippet:-1, max-image-preview:large, max-video-preview:-1\" \/>\n<link rel=\"canonical\" href=\"https:\/\/www.em.com.br\/emfoco\/2025\/10\/21\/aprenda-a-plantar-ervas-e-flores-aromaticas-para-deixar-sua-casa-sempre-perfumada\/\" \/>\n<meta property=\"og:locale\" content=\"pt_BR\" \/>\n<meta property=\"og:type\" content=\"article\" \/>\n<meta property=\"og:title\" content=\"Aprenda a plantar ervas e flores arom\u00e1ticas para deixar sua casa sempre perfumada\" \/>\n<meta property=\"og:description\" content=\"As plantas arom\u00e1ticas est\u00e3o em alta e prometem deixar seu lar perfumado e acolhedor de forma natural e duradoura.\" \/>\n<meta property=\"og:url\" content=\"https:\/\/www.em.com.br\/emfoco\/2025\/10\/21\/aprenda-a-plantar-ervas-e-flores-aromaticas-para-deixar-sua-casa-sempre-perfumada\/\" \/>\n<meta property=\"og:site_name\" content=\"Estado de Minas - Em foco\" \/>\n<meta property=\"article:published_time\" content=\"2025-10-21T13:45:11+00:00\" \/>\n<meta property=\"article:modified_time\" content=\"2025-10-20T12:09:40+00:00\" \/>\n<meta property=\"og:image\" content=\"https:\/\/www.em.com.br\/emfoco\/wp-content\/uploads\/2025\/05\/casa-plantas-fachada_1746451621834.jpg\" \/>\n\t<meta property=\"og:image:width\" content=\"1280\" \/>\n\t<meta property=\"og:image:height\" content=\"720\" \/>\n\t<meta property=\"og:image:type\" content=\"image\/jpeg\" \/>\n<meta name=\"author\" content=\"Daniely Cardoso\" \/>\n<meta name=\"twitter:card\" content=\"summary_large_image\" \/>\n<meta name=\"twitter:label1\" content=\"Escrito por\" \/>\n\t<meta name=\"twitter:data1\" content=\"Daniely Cardoso\" \/>\n\t<meta name=\"twitter:label2\" content=\"Est. tempo de leitura\" \/>\n\t<meta name=\"twitter:data2\" content=\"5 minutos\" \/>\n<!-- \/ Yoast SEO plugin. -->","yoast_head_json":{"title":"Aprenda a plantar ervas e flores arom\u00e1ticas para deixar sua casa sempre perfumada","description":"As plantas arom\u00e1ticas est\u00e3o em alta e prometem deixar seu lar perfumado e acolhedor de forma natural e duradoura.","robots":{"index":"index","follow":"follow","max-snippet":"max-snippet:-1","max-image-preview":"max-image-preview:large","max-video-preview":"max-video-preview:-1"},"canonical":"https:\/\/www.em.com.br\/emfoco\/2025\/10\/21\/aprenda-a-plantar-ervas-e-flores-aromaticas-para-deixar-sua-casa-sempre-perfumada\/","og_locale":"pt_BR","og_type":"article","og_title":"Aprenda a plantar ervas e flores arom\u00e1ticas para deixar sua casa sempre perfumada","og_description":"As plantas arom\u00e1ticas est\u00e3o em alta e prometem deixar seu lar perfumado e acolhedor de forma natural e duradoura.","og_url":"https:\/\/www.em.com.br\/emfoco\/2025\/10\/21\/aprenda-a-plantar-ervas-e-flores-aromaticas-para-deixar-sua-casa-sempre-perfumada\/","og_site_name":"Estado de Minas - Em foco","article_published_time":"2025-10-21T13:45:11+00:00","article_modified_time":"2025-10-20T12:09:40+00:00","og_image":[{"width":1280,"height":720,"url":"https:\/\/www.em.com.br\/emfoco\/wp-content\/uploads\/2025\/05\/casa-plantas-fachada_1746451621834.jpg","type":"image\/jpeg"}],"author":"Daniely Cardoso","twitter_card":"summary_large_image","twitter_misc":{"Escrito por":"Daniely Cardoso","Est. tempo de leitura":"5 minutos"},"schema":{"@context":"https:\/\/schema.org","@graph":[{"@type":"WebPage","@id":"https:\/\/www.em.com.br\/emfoco\/2025\/10\/21\/aprenda-a-plantar-ervas-e-flores-aromaticas-para-deixar-sua-casa-sempre-perfumada\/","url":"https:\/\/www.em.com.br\/emfoco\/2025\/10\/21\/aprenda-a-plantar-ervas-e-flores-aromaticas-para-deixar-sua-casa-sempre-perfumada\/","name":"Aprenda a plantar ervas e flores arom\u00e1ticas para deixar sua casa sempre perfumada","isPartOf":{"@id":"https:\/\/www.em.com.br\/emfoco\/#website"},"primaryImageOfPage":{"@id":"https:\/\/www.em.com.br\/emfoco\/2025\/10\/21\/aprenda-a-plantar-ervas-e-flores-aromaticas-para-deixar-sua-casa-sempre-perfumada\/#primaryimage"},"image":{"@id":"https:\/\/www.em.com.br\/emfoco\/2025\/10\/21\/aprenda-a-plantar-ervas-e-flores-aromaticas-para-deixar-sua-casa-sempre-perfumada\/#primaryimage"},"thumbnailUrl":"https:\/\/www.em.com.br\/emfoco\/wp-content\/uploads\/2025\/05\/casa-plantas-fachada_1746451621834.jpg","datePublished":"2025-10-21T13:45:11+00:00","dateModified":"2025-10-20T12:09:40+00:00","author":{"@id":"https:\/\/www.em.com.br\/emfoco\/#\/schema\/person\/0a8186d72f2c3a5c6276d90b41f271a0"},"description":"As plantas arom\u00e1ticas est\u00e3o em alta e prometem deixar seu lar perfumado e acolhedor de forma natural e duradoura.","breadcrumb":{"@id":"https:\/\/www.em.com.br\/emfoco\/2025\/10\/21\/aprenda-a-plantar-ervas-e-flores-aromaticas-para-deixar-sua-casa-sempre-perfumada\/#breadcrumb"},"inLanguage":"pt-BR","potentialAction":[{"@type":"ReadAction","target":["https:\/\/www.em.com.br\/emfoco\/2025\/10\/21\/aprenda-a-plantar-ervas-e-flores-aromaticas-para-deixar-sua-casa-sempre-perfumada\/"]}]},{"@type":"ImageObject","inLanguage":"pt-BR","@id":"https:\/\/www.em.com.br\/emfoco\/2025\/10\/21\/aprenda-a-plantar-ervas-e-flores-aromaticas-para-deixar-sua-casa-sempre-perfumada\/#primaryimage","url":"https:\/\/www.em.com.br\/emfoco\/wp-content\/uploads\/2025\/05\/casa-plantas-fachada_1746451621834.jpg","contentUrl":"https:\/\/www.em.com.br\/emfoco\/wp-content\/uploads\/2025\/05\/casa-plantas-fachada_1746451621834.jpg","width":1280,"height":720,"caption":"Plantas na fachada - Cr\u00e9ditos: depositphotos.com \/ velirina"},{"@type":"BreadcrumbList","@id":"https:\/\/www.em.com.br\/emfoco\/2025\/10\/21\/aprenda-a-plantar-ervas-e-flores-aromaticas-para-deixar-sua-casa-sempre-perfumada\/#breadcrumb","itemListElement":[{"@type":"ListItem","position":1,"name":"In\u00edcio","item":"https:\/\/www.em.com.br\/emfoco\/"},{"@type":"ListItem","position":2,"name":"Aprenda a plantar ervas e flores arom\u00e1ticas para deixar sua casa sempre perfumada"}]},{"@type":"WebSite","@id":"https:\/\/www.em.com.br\/emfoco\/#website","url":"https:\/\/www.em.com.br\/emfoco\/","name":"Estado de Minas - Em foco","description":"Acompanhe as \u00faltimas not\u00edcias e fique bem informado sobre tudo o que acontece em Minas Gerais, Brasil e no mundo.","potentialAction":[{"@type":"SearchAction","target":{"@type":"EntryPoint","urlTemplate":"https:\/\/www.em.com.br\/emfoco\/?s={search_term_string}"},"query-input":{"@type":"PropertyValueSpecification","valueRequired":true,"valueName":"search_term_string"}}],"inLanguage":"pt-BR"},{"@type":"Person","@id":"https:\/\/www.em.com.br\/emfoco\/#\/schema\/person\/0a8186d72f2c3a5c6276d90b41f271a0","name":"Daniely Cardoso","image":{"@type":"ImageObject","inLanguage":"pt-BR","@id":"https:\/\/www.em.com.br\/emfoco\/#\/schema\/person\/image\/","url":"https:\/\/secure.gravatar.com\/avatar\/4b80ddbd124d1f071b626d52d62e5dff?s=96&d=mm&r=g","contentUrl":"https:\/\/secure.gravatar.com\/avatar\/4b80ddbd124d1f071b626d52d62e5dff?s=96&d=mm&r=g","caption":"Daniely Cardoso"},"url":"https:\/\/www.em.com.br\/emfoco\/author\/danielymyth\/"}]}},"_links":{"self":[{"href":"https:\/\/www.em.com.br\/emfoco\/wp-json\/wp\/v2\/posts\/117116","targetHints":{"allow":["GET"]}}],"collection":[{"href":"https:\/\/www.em.com.br\/emfoco\/wp-json\/wp\/v2\/posts"}],"about":[{"href":"https:\/\/www.em.com.br\/emfoco\/wp-json\/wp\/v2\/types\/post"}],"author":[{"embeddable":true,"href":"https:\/\/www.em.com.br\/emfoco\/wp-json\/wp\/v2\/users\/9"}],"replies":[{"embeddable":true,"href":"https:\/\/www.em.com.br\/emfoco\/wp-json\/wp\/v2\/comments?post=117116"}],"version-history":[{"count":2,"href":"https:\/\/www.em.com.br\/emfoco\/wp-json\/wp\/v2\/posts\/117116\/revisions"}],"predecessor-version":[{"id":117181,"href":"https:\/\/www.em.com.br\/emfoco\/wp-json\/wp\/v2\/posts\/117116\/revisions\/117181"}],"wp:featuredmedia":[{"embeddable":true,"href":"https:\/\/www.em.com.br\/emfoco\/wp-json\/wp\/v2\/media\/44474"}],"wp:attachment":[{"href":"https:\/\/www.em.com.br\/emfoco\/wp-json\/wp\/v2\/media?parent=117116"}],"wp:term":[{"taxonomy":"category","embeddable":true,"href":"https:\/\/www.em.com.br\/emfoco\/wp-json\/wp\/v2\/categories?post=117116"},{"taxonomy":"post_tag","embeddable":true,"href":"https:\/\/www.em.com.br\/emfoco\/wp-json\/wp\/v2\/tags?post=117116"}],"curies":[{"name":"wp","href":"https:\/\/api.w.org\/{rel}","templated":true}]}}