{"id":117114,"date":"2025-10-21T09:55:51","date_gmt":"2025-10-21T12:55:51","guid":{"rendered":"https:\/\/www.em.com.br\/emfoco\/?p=117114"},"modified":"2025-10-20T08:52:42","modified_gmt":"2025-10-20T11:52:42","slug":"a-mistura-mais-usada-pelos-jardineiros-para-proteger-folhas-e-frutos-do-limoeiro","status":"publish","type":"post","link":"https:\/\/www.em.com.br\/emfoco\/2025\/10\/21\/a-mistura-mais-usada-pelos-jardineiros-para-proteger-folhas-e-frutos-do-limoeiro\/","title":{"rendered":"A mistura mais usada pelos jardineiros para proteger folhas e frutos do limoeiro"},"content":{"rendered":"\n<p>O <strong>limoeiro<\/strong> \u00e9 uma das esp\u00e9cies preferidas por <strong>jardineiros<\/strong> gra\u00e7as aos seus saborosos <strong>frutos<\/strong> e \u00e0 sua incr\u00edvel capacidade de <strong>embelezar ambientes<\/strong> residenciais e urbanos. Embora seja uma planta relativamente r\u00fastica, exige alguns <strong>cuidados<\/strong> especiais para garantir vitalidade e boa produ\u00e7\u00e3o durante o ano todo. \u00c9 importante ficar atento, pois certas <strong>pragas<\/strong> e <strong>doen\u00e7as f\u00fangicas<\/strong> podem comprometer a <strong>sa\u00fade<\/strong> da \u00e1rvore caso n\u00e3o haja interven\u00e7\u00e3o r\u00e1pida e adequada.<\/p>\n\n\n\n<ul class=\"wp-block-list\">\n<li><strong>M\u00e9todos caseiros<\/strong> cada vez mais eficazes contra <strong>fungos<\/strong>.<\/li>\n\n\n\n<li>Import\u00e2ncia da <strong>preven\u00e7\u00e3o<\/strong> das <strong>pragas mais comuns<\/strong> nos limoeiros.<\/li>\n\n\n\n<li>Necessidade do <strong>cuidado cont\u00ednuo<\/strong> ao longo de todas as esta\u00e7\u00f5es.<\/li>\n<\/ul>\n\n\n\n<h2 class=\"wp-block-heading\">Como proteger as folhas do limoeiro?<\/h2>\n\n\n\n<p>Para <strong>combater<\/strong> pragas como a perigosa <strong>negrinha<\/strong> (tamb\u00e9m chamada de \u201cmosca-negrinha-dos-citros\u201d), um fungo que prejudica a <strong>fotoss\u00edntese<\/strong> e o desenvolvimento das folhas, recomenda-se realizar um <strong>tratamento caseiro<\/strong> simples utilizando <strong>\u00e1gua e sab\u00e3o neutro<\/strong>. Trata-se de uma solu\u00e7\u00e3o eficiente e <strong>econ\u00f4mica<\/strong>, capaz de <strong>remover fungos<\/strong>, restaurando a <strong>vitalidade<\/strong> da planta sem agredir seu sistema natural. Vale ressaltar que o uso do sab\u00e3o deve ser sempre neutro, evitando produtos qu\u00edmicos agressivos.<\/p>\n\n\n\n<p>Para obter melhores resultados, \u00e9 fundamental aplicar a <strong>mistura de \u00e1gua morna e sab\u00e3o neutro<\/strong> a cada quinze dias, de prefer\u00eancia nas horas de menor intensidade solar, como ao entardecer. Esse cuidado evita que os <strong>raios solares<\/strong> causem danos \u00e0s folhas ap\u00f3s o tratamento e potencializa a <strong>efic\u00e1cia<\/strong> do m\u00e9todo.<\/p>\n\n\n<div class=\"wp-block-image\">\n<figure class=\"aligncenter size-large\"><img loading=\"lazy\" decoding=\"async\" width=\"1024\" height=\"576\" src=\"https:\/\/www.em.com.br\/emfoco\/wp-content\/uploads\/2025\/07\/Limao-siciliano-planta_1753197225095-1024x576.jpg\" alt=\"\" class=\"wp-image-79889\" srcset=\"https:\/\/www.em.com.br\/emfoco\/wp-content\/uploads\/2025\/07\/Limao-siciliano-planta_1753197225095-1024x576.jpg 1024w, https:\/\/www.em.com.br\/emfoco\/wp-content\/uploads\/2025\/07\/Limao-siciliano-planta_1753197225095-300x169.jpg 300w, https:\/\/www.em.com.br\/emfoco\/wp-content\/uploads\/2025\/07\/Limao-siciliano-planta_1753197225095-768x432.jpg 768w, https:\/\/www.em.com.br\/emfoco\/wp-content\/uploads\/2025\/07\/Limao-siciliano-planta_1753197225095-750x422.jpg 750w, https:\/\/www.em.com.br\/emfoco\/wp-content\/uploads\/2025\/07\/Limao-siciliano-planta_1753197225095-1140x641.jpg 1140w, https:\/\/www.em.com.br\/emfoco\/wp-content\/uploads\/2025\/07\/Limao-siciliano-planta_1753197225095.jpg 1280w\" sizes=\"auto, (max-width: 1024px) 100vw, 1024px\" \/><figcaption class=\"wp-element-caption\">Lim\u00e3o siciliano &#8211; Cr\u00e9ditos: depositphotos.com \/ foto-pixel.web.de<\/figcaption><\/figure><\/div>\n\n\n<h2 class=\"wp-block-heading\">Como eliminar pragas do limoeiro sem prejudic\u00e1-lo?<\/h2>\n\n\n\n<p>O <strong>\u00f3leo de neem<\/strong> \u00e9 uma das solu\u00e7\u00f5es <strong>org\u00e2nicas<\/strong> mais eficientes para eliminar <strong>insetos nocivos<\/strong> do limoeiro, atuando como repelente e controlador biol\u00f3gico. Outra alternativa natural s\u00e3o as infus\u00f5es de <strong>alho<\/strong> ou <strong>tabaco<\/strong>, cujos aromas atuam eficazmente afastando <strong>pragas<\/strong> e evitando a reinfesta\u00e7\u00e3o. O uso desses m\u00e9todos preserva a <strong>sa\u00fade<\/strong> do limoeiro, sem introduzir res\u00edduos t\u00f3xicos no ambiente.<\/p>\n\n\n\n<h2 class=\"wp-block-heading\">Por que \u00e9 importante prevenir e monitorar?<\/h2>\n\n\n\n<p>Realizar uma <strong>revis\u00e3o peri\u00f3dica<\/strong> e manter uma boa <strong>ventila\u00e7\u00e3o<\/strong> entre os galhos s\u00e3o passos essenciais para um <strong>cuidado eficiente<\/strong> do limoeiro. A <strong>remo\u00e7\u00e3o precoce<\/strong> de eventuais pragas com panos \u00famidos ou ferramentas adequadas evita um agravamento do problema. Al\u00e9m disso, <strong>inspecionar<\/strong> regularmente as folhas, principalmente durante a <strong>esta\u00e7\u00e3o das chuvas<\/strong>, \u00e9 necess\u00e1rio, pois nesse per\u00edodo h\u00e1 uma maior <strong>prolifera\u00e7\u00e3o de fungos e pragas<\/strong>.<\/p>\n\n\n\n<p>Leia tamb\u00e9m: <a href=\"https:\/\/www.em.com.br\/emfoco\/2025\/10\/18\/as-5-flores-mais-perfumadas-da-primavera-para-cultivar-no-jardim\/\" target=\"_blank\" rel=\"noopener\">As 5 flores mais perfumadas da primavera para cultivar no jardim<\/a><\/p>\n\n\n\n<h2 class=\"wp-block-heading\">Como manter seu limoeiro saud\u00e1vel?<\/h2>\n\n\n\n<ul class=\"wp-block-list\">\n<li>Utilize sempre <strong>m\u00e9todos caseiros<\/strong> comprovados para o combate a fungos e pragas.<\/li>\n\n\n\n<li>Adote <strong>pr\u00e1ticas regulares de preven\u00e7\u00e3o<\/strong>, como podas de limpeza e retirada de folhas doentes.<\/li>\n\n\n\n<li>Considere <strong>tratamentos org\u00e2nicos<\/strong> para evitar danos resultantes do uso de produtos qu\u00edmicos industriais.<\/li>\n<\/ul>\n\n\n\n<p>Com essas <strong>recomenda\u00e7\u00f5es<\/strong>, seu <strong>limoeiro<\/strong> permanecer\u00e1 saud\u00e1vel, vigoroso e produtivo, proporcionando n\u00e3o apenas <strong>frutos saborosos<\/strong>, mas tamb\u00e9m <strong>beleza<\/strong> e frescor ao seu jardim. Se houver d\u00favidas ou sintomas mais graves, n\u00e3o hesite em consultar um <strong>especialista<\/strong> ou \u00f3rg\u00e3os como a <a href=\"https:\/\/www.embrapa.br\/\" target=\"_blank\" rel=\"noreferrer noopener\">Embrapa <\/a>para orienta\u00e7\u00f5es t\u00e9cnicas de manejo. Em cidades como <strong>S\u00e3o Paulo<\/strong> e <strong>Rio de Janeiro<\/strong>, existem grupos de <strong>jardinagem<\/strong> que oferecem <strong>suporte<\/strong> e dicas pr\u00e1ticas, compartilhando experi\u00eancias valiosas para aprimorar ainda mais o cultivo do seu limoeiro.<\/p>\n","protected":false},"excerpt":{"rendered":"<p>O limoeiro \u00e9 uma das esp\u00e9cies preferidas por jardineiros gra\u00e7as aos seus saborosos frutos e \u00e0 sua incr\u00edvel capacidade de embelezar ambientes residenciais e urbanos. Embora seja uma planta relativamente r\u00fastica, exige alguns cuidados especiais para garantir vitalidade e boa produ\u00e7\u00e3o durante o ano todo. \u00c9 importante ficar atento, pois certas pragas e doen\u00e7as f\u00fangicas [&hellip;]<\/p>\n","protected":false},"author":9,"featured_media":40842,"comment_status":"open","ping_status":"open","sticky":false,"template":"","format":"standard","meta":{"jnews-multi-image_gallery":[],"jnews_single_post":{"format":"standard"},"jnews_primary_category":[],"jnews_social_meta":[],"jnews_override_counter":[],"footnotes":""},"categories":[8691,8819,1],"tags":[3325,3108,415],"class_list":["post-117114","post","type-post","status-publish","format-standard","has-post-thumbnail","hentry","category-bem-estar","category-curiosidades","category-noticias","tag-jardim","tag-limao","tag-saude"],"yoast_head":"<!-- This site is optimized with the Yoast SEO plugin v23.8 - https:\/\/yoast.com\/wordpress\/plugins\/seo\/ -->\n<title>A mistura mais usada pelos jardineiros para proteger folhas e frutos do limoeiro<\/title>\n<meta name=\"description\" content=\"Essas solu\u00e7\u00f5es naturais s\u00e3o o segredo para um limoeiro bonito, produtivo e protegido contra fungos e insetos.\" \/>\n<meta name=\"robots\" content=\"index, follow, max-snippet:-1, max-image-preview:large, max-video-preview:-1\" \/>\n<link rel=\"canonical\" href=\"https:\/\/www.em.com.br\/emfoco\/2025\/10\/21\/a-mistura-mais-usada-pelos-jardineiros-para-proteger-folhas-e-frutos-do-limoeiro\/\" \/>\n<meta property=\"og:locale\" content=\"pt_BR\" \/>\n<meta property=\"og:type\" content=\"article\" \/>\n<meta property=\"og:title\" content=\"A mistura mais usada pelos jardineiros para proteger folhas e frutos do limoeiro\" \/>\n<meta property=\"og:description\" content=\"Essas solu\u00e7\u00f5es naturais s\u00e3o o segredo para um limoeiro bonito, produtivo e protegido contra fungos e insetos.\" \/>\n<meta property=\"og:url\" content=\"https:\/\/www.em.com.br\/emfoco\/2025\/10\/21\/a-mistura-mais-usada-pelos-jardineiros-para-proteger-folhas-e-frutos-do-limoeiro\/\" \/>\n<meta property=\"og:site_name\" content=\"Estado de Minas - Em foco\" \/>\n<meta property=\"article:published_time\" content=\"2025-10-21T12:55:51+00:00\" \/>\n<meta property=\"article:modified_time\" content=\"2025-10-20T11:52:42+00:00\" \/>\n<meta property=\"og:image\" content=\"https:\/\/www.em.com.br\/emfoco\/wp-content\/uploads\/2025\/04\/limao-Taiti_1745418895870.jpg\" \/>\n\t<meta property=\"og:image:width\" content=\"1280\" \/>\n\t<meta property=\"og:image:height\" content=\"720\" \/>\n\t<meta property=\"og:image:type\" content=\"image\/jpeg\" \/>\n<meta name=\"author\" content=\"Daniely Cardoso\" \/>\n<meta name=\"twitter:card\" content=\"summary_large_image\" \/>\n<meta name=\"twitter:label1\" content=\"Escrito por\" \/>\n\t<meta name=\"twitter:data1\" content=\"Daniely Cardoso\" \/>\n\t<meta name=\"twitter:label2\" content=\"Est. tempo de leitura\" \/>\n\t<meta name=\"twitter:data2\" content=\"4 minutos\" \/>\n<!-- \/ Yoast SEO plugin. -->","yoast_head_json":{"title":"A mistura mais usada pelos jardineiros para proteger folhas e frutos do limoeiro","description":"Essas solu\u00e7\u00f5es naturais s\u00e3o o segredo para um limoeiro bonito, produtivo e protegido contra fungos e insetos.","robots":{"index":"index","follow":"follow","max-snippet":"max-snippet:-1","max-image-preview":"max-image-preview:large","max-video-preview":"max-video-preview:-1"},"canonical":"https:\/\/www.em.com.br\/emfoco\/2025\/10\/21\/a-mistura-mais-usada-pelos-jardineiros-para-proteger-folhas-e-frutos-do-limoeiro\/","og_locale":"pt_BR","og_type":"article","og_title":"A mistura mais usada pelos jardineiros para proteger folhas e frutos do limoeiro","og_description":"Essas solu\u00e7\u00f5es naturais s\u00e3o o segredo para um limoeiro bonito, produtivo e protegido contra fungos e insetos.","og_url":"https:\/\/www.em.com.br\/emfoco\/2025\/10\/21\/a-mistura-mais-usada-pelos-jardineiros-para-proteger-folhas-e-frutos-do-limoeiro\/","og_site_name":"Estado de Minas - Em foco","article_published_time":"2025-10-21T12:55:51+00:00","article_modified_time":"2025-10-20T11:52:42+00:00","og_image":[{"width":1280,"height":720,"url":"https:\/\/www.em.com.br\/emfoco\/wp-content\/uploads\/2025\/04\/limao-Taiti_1745418895870.jpg","type":"image\/jpeg"}],"author":"Daniely Cardoso","twitter_card":"summary_large_image","twitter_misc":{"Escrito por":"Daniely Cardoso","Est. tempo de leitura":"4 minutos"},"schema":{"@context":"https:\/\/schema.org","@graph":[{"@type":"WebPage","@id":"https:\/\/www.em.com.br\/emfoco\/2025\/10\/21\/a-mistura-mais-usada-pelos-jardineiros-para-proteger-folhas-e-frutos-do-limoeiro\/","url":"https:\/\/www.em.com.br\/emfoco\/2025\/10\/21\/a-mistura-mais-usada-pelos-jardineiros-para-proteger-folhas-e-frutos-do-limoeiro\/","name":"A mistura mais usada pelos jardineiros para proteger folhas e frutos do limoeiro","isPartOf":{"@id":"https:\/\/www.em.com.br\/emfoco\/#website"},"primaryImageOfPage":{"@id":"https:\/\/www.em.com.br\/emfoco\/2025\/10\/21\/a-mistura-mais-usada-pelos-jardineiros-para-proteger-folhas-e-frutos-do-limoeiro\/#primaryimage"},"image":{"@id":"https:\/\/www.em.com.br\/emfoco\/2025\/10\/21\/a-mistura-mais-usada-pelos-jardineiros-para-proteger-folhas-e-frutos-do-limoeiro\/#primaryimage"},"thumbnailUrl":"https:\/\/www.em.com.br\/emfoco\/wp-content\/uploads\/2025\/04\/limao-Taiti_1745418895870.jpg","datePublished":"2025-10-21T12:55:51+00:00","dateModified":"2025-10-20T11:52:42+00:00","author":{"@id":"https:\/\/www.em.com.br\/emfoco\/#\/schema\/person\/0a8186d72f2c3a5c6276d90b41f271a0"},"description":"Essas solu\u00e7\u00f5es naturais s\u00e3o o segredo para um limoeiro bonito, produtivo e protegido contra fungos e insetos.","breadcrumb":{"@id":"https:\/\/www.em.com.br\/emfoco\/2025\/10\/21\/a-mistura-mais-usada-pelos-jardineiros-para-proteger-folhas-e-frutos-do-limoeiro\/#breadcrumb"},"inLanguage":"pt-BR","potentialAction":[{"@type":"ReadAction","target":["https:\/\/www.em.com.br\/emfoco\/2025\/10\/21\/a-mistura-mais-usada-pelos-jardineiros-para-proteger-folhas-e-frutos-do-limoeiro\/"]}]},{"@type":"ImageObject","inLanguage":"pt-BR","@id":"https:\/\/www.em.com.br\/emfoco\/2025\/10\/21\/a-mistura-mais-usada-pelos-jardineiros-para-proteger-folhas-e-frutos-do-limoeiro\/#primaryimage","url":"https:\/\/www.em.com.br\/emfoco\/wp-content\/uploads\/2025\/04\/limao-Taiti_1745418895870.jpg","contentUrl":"https:\/\/www.em.com.br\/emfoco\/wp-content\/uploads\/2025\/04\/limao-Taiti_1745418895870.jpg","width":1280,"height":720,"caption":"Lim\u00e3o - Cr\u00e9ditos: depositphotos.com \/ Kerdkanno"},{"@type":"BreadcrumbList","@id":"https:\/\/www.em.com.br\/emfoco\/2025\/10\/21\/a-mistura-mais-usada-pelos-jardineiros-para-proteger-folhas-e-frutos-do-limoeiro\/#breadcrumb","itemListElement":[{"@type":"ListItem","position":1,"name":"In\u00edcio","item":"https:\/\/www.em.com.br\/emfoco\/"},{"@type":"ListItem","position":2,"name":"A mistura mais usada pelos jardineiros para proteger folhas e frutos do limoeiro"}]},{"@type":"WebSite","@id":"https:\/\/www.em.com.br\/emfoco\/#website","url":"https:\/\/www.em.com.br\/emfoco\/","name":"Estado de Minas - Em foco","description":"Acompanhe as \u00faltimas not\u00edcias e fique bem informado sobre tudo o que acontece em Minas Gerais, Brasil e no mundo.","potentialAction":[{"@type":"SearchAction","target":{"@type":"EntryPoint","urlTemplate":"https:\/\/www.em.com.br\/emfoco\/?s={search_term_string}"},"query-input":{"@type":"PropertyValueSpecification","valueRequired":true,"valueName":"search_term_string"}}],"inLanguage":"pt-BR"},{"@type":"Person","@id":"https:\/\/www.em.com.br\/emfoco\/#\/schema\/person\/0a8186d72f2c3a5c6276d90b41f271a0","name":"Daniely Cardoso","image":{"@type":"ImageObject","inLanguage":"pt-BR","@id":"https:\/\/www.em.com.br\/emfoco\/#\/schema\/person\/image\/","url":"https:\/\/secure.gravatar.com\/avatar\/4b80ddbd124d1f071b626d52d62e5dff?s=96&d=mm&r=g","contentUrl":"https:\/\/secure.gravatar.com\/avatar\/4b80ddbd124d1f071b626d52d62e5dff?s=96&d=mm&r=g","caption":"Daniely Cardoso"},"url":"https:\/\/www.em.com.br\/emfoco\/author\/danielymyth\/"}]}},"_links":{"self":[{"href":"https:\/\/www.em.com.br\/emfoco\/wp-json\/wp\/v2\/posts\/117114","targetHints":{"allow":["GET"]}}],"collection":[{"href":"https:\/\/www.em.com.br\/emfoco\/wp-json\/wp\/v2\/posts"}],"about":[{"href":"https:\/\/www.em.com.br\/emfoco\/wp-json\/wp\/v2\/types\/post"}],"author":[{"embeddable":true,"href":"https:\/\/www.em.com.br\/emfoco\/wp-json\/wp\/v2\/users\/9"}],"replies":[{"embeddable":true,"href":"https:\/\/www.em.com.br\/emfoco\/wp-json\/wp\/v2\/comments?post=117114"}],"version-history":[{"count":2,"href":"https:\/\/www.em.com.br\/emfoco\/wp-json\/wp\/v2\/posts\/117114\/revisions"}],"predecessor-version":[{"id":117180,"href":"https:\/\/www.em.com.br\/emfoco\/wp-json\/wp\/v2\/posts\/117114\/revisions\/117180"}],"wp:featuredmedia":[{"embeddable":true,"href":"https:\/\/www.em.com.br\/emfoco\/wp-json\/wp\/v2\/media\/40842"}],"wp:attachment":[{"href":"https:\/\/www.em.com.br\/emfoco\/wp-json\/wp\/v2\/media?parent=117114"}],"wp:term":[{"taxonomy":"category","embeddable":true,"href":"https:\/\/www.em.com.br\/emfoco\/wp-json\/wp\/v2\/categories?post=117114"},{"taxonomy":"post_tag","embeddable":true,"href":"https:\/\/www.em.com.br\/emfoco\/wp-json\/wp\/v2\/tags?post=117114"}],"curies":[{"name":"wp","href":"https:\/\/api.w.org\/{rel}","templated":true}]}}