{"id":11711,"date":"2025-01-19T09:40:00","date_gmt":"2025-01-19T12:40:00","guid":{"rendered":"https:\/\/www.em.com.br\/emfoco\/?p=11711"},"modified":"2025-01-19T04:29:13","modified_gmt":"2025-01-19T07:29:13","slug":"qual-cena-da-marvel-te-deixou-sem-folego","status":"publish","type":"post","link":"https:\/\/www.em.com.br\/emfoco\/2025\/01\/19\/qual-cena-da-marvel-te-deixou-sem-folego\/","title":{"rendered":"Qual cena da Marvel te deixou sem f\u00f4lego?"},"content":{"rendered":"\n<p>O Universo Cinematogr\u00e1fico Marvel (<a href=\"https:\/\/pt.wikipedia.org\/wiki\/Universo_Cinematogr%C3%A1fico_Marvel\" target=\"_blank\" rel=\"noreferrer noopener\">UCM<\/a>) \u00e9 famoso n\u00e3o apenas por suas grandiosas batalhas e incr\u00edveis efeitos especiais, mas <a href=\"https:\/\/www.em.com.br\/emfoco\/2024\/11\/27\/veja-se-a-sua-cidade-tambem-esta-se-preparando-para-o-feriado-do-dia-8-de-dezembro\/\" target=\"_blank\" rel=\"noreferrer noopener\">tamb\u00e9m <\/a>por apresentar momentos que permanecem na mente dos f\u00e3s. Essas cenas muitas vezes trazem reviravoltas emocionantes que os espectadores n\u00e3o conseguem esquecer facilmente. Desde vit\u00f3rias surpreendentes at\u00e9 perdas devastadoras, os filmes da Marvel entregam uma gama de emo\u00e7\u00f5es que continuam a impactar aqueles que os assistem.<\/p>\n\n\n\n<p>Os seguidores das aventuras dos super-her\u00f3is nas telonas j\u00e1 se depararam com muitos momentos de tens\u00e3o e surpresas. A partir de reviravoltas dram\u00e1ticas at\u00e9 cenas de a\u00e7\u00e3o eletrizantes, o UCM tem expandido o universo dos quadrinhos de formas inesperadas. Contudo, alguns eventos em particular se destacam como especialmente traum\u00e1ticos para os f\u00e3s.<\/p>\n\n\n<div class=\"wp-block-image\">\n<figure class=\"aligncenter size-large\"><img loading=\"lazy\" decoding=\"async\" width=\"1024\" height=\"708\" src=\"https:\/\/www.em.com.br\/emfoco\/wp-content\/uploads\/2024\/12\/peter-parker-movie-marvel-comics-tom-holland-spider-man-home-1024x708.jpg\" alt=\"\" class=\"wp-image-4398\" srcset=\"https:\/\/www.em.com.br\/emfoco\/wp-content\/uploads\/2024\/12\/peter-parker-movie-marvel-comics-tom-holland-spider-man-home-1024x708.jpg 1024w, https:\/\/www.em.com.br\/emfoco\/wp-content\/uploads\/2024\/12\/peter-parker-movie-marvel-comics-tom-holland-spider-man-home-300x208.jpg 300w, https:\/\/www.em.com.br\/emfoco\/wp-content\/uploads\/2024\/12\/peter-parker-movie-marvel-comics-tom-holland-spider-man-home-768x531.jpg 768w, https:\/\/www.em.com.br\/emfoco\/wp-content\/uploads\/2024\/12\/peter-parker-movie-marvel-comics-tom-holland-spider-man-home-750x519.jpg 750w, https:\/\/www.em.com.br\/emfoco\/wp-content\/uploads\/2024\/12\/peter-parker-movie-marvel-comics-tom-holland-spider-man-home-1140x789.jpg 1140w, https:\/\/www.em.com.br\/emfoco\/wp-content\/uploads\/2024\/12\/peter-parker-movie-marvel-comics-tom-holland-spider-man-home.jpg 1200w\" sizes=\"auto, (max-width: 1024px) 100vw, 1024px\" \/><figcaption class=\"wp-element-caption\">Homen-Aranhha &#8211; https:\/\/www.goodfon.com\/<\/figcaption><\/figure><\/div>\n\n\n<h2 class=\"wp-block-heading\">Quais foram os momentos mais traum\u00e1ticos nos filmes da Marvel?<\/h2>\n\n\n\n<p>Ao longo da chamada Saga do Infinito, os espectadores vivenciaram cenas que desafiavam suas expectativas, incluindo eventos que alteraram o percurso de seus personagens favoritos. Entre as in\u00fameras hist\u00f3rias, destaca-se o confronto com Thanos, o poderoso vil\u00e3o que se tornou uma amea\u00e7a constante para nossos her\u00f3is. O filme <strong>Vingadores: Guerra Infinita<\/strong> (2018) trouxe um dos momentos mais devastadores com o famoso estalo de Thanos.<\/p>\n\n\n\n<h2 class=\"wp-block-heading\">O Impacto do Estalo de Thanos<\/h2>\n\n\n\n<p>No filme <em>Vingadores: Guerra Infinita<\/em>, Thanos finalmente re\u00fane todas as Joias do Infinito e completa sua Manopla. O resultado \u00e9 uma &#8220;vit\u00f3ria&#8221; do vil\u00e3o, que, ao estalar seus dedos, consegue eliminar metade da vida no universo. Essa cena desencadeou um sentimento de impot\u00eancia, pois muitos dos amados personagens dos f\u00e3s, como Doutor Estranho, Pantera Negra e Homem-Aranha, s\u00e3o transformados em p\u00f3. Foi um momento de choque que deixou plateias em todo o mundo at\u00f4nitas e criou um forte impacto emocional sobre o p\u00fablico.<\/p>\n\n\n\n<h2 class=\"wp-block-heading\">Um Sacrif\u00edcio Heroico: A Morte do Homem de Ferro<\/h2>\n\n\n\n<p>Outra cena ic\u00f4nica que marcou profundamente os f\u00e3s foi a morte de Tony Stark, o Homem de Ferro, em <em>Vingadores: Ultimato<\/em> (2019). Stark, ciente de que estava arriscando sua pr\u00f3pria vida, realiza o estalo decisivo para eliminar Thanos e seus ex\u00e9rcitos, salvando assim o universo. O sacrif\u00edcio de Tony Stark n\u00e3o apenas encerrou sua jornada de hero\u00edsmo com honra, mas tamb\u00e9m serviu como um ponto de inflex\u00e3o para a s\u00e9rie de filmes, criando um legado permanente e emocionante para o personagem interpretado por Robert Downey Jr.<\/p>\n\n\n\n<ul class=\"wp-block-list\">\n<li><strong>Estalo de Thanos:<\/strong> Eliminou metade da vida no universo.<\/li>\n\n\n\n<li><strong>Morte do Homem de Ferro:<\/strong> Tony Stark sacrifica-se para derrotar Thanos.<\/li>\n\n\n\n<li><strong>Prel\u00fadio ao futuro:<\/strong> Prepara o caminho para uma nova fase do UCM.<\/li>\n<\/ul>\n\n\n\n<p>Esses momentos traum\u00e1ticos refletem como o UCM consegue capturar a ess\u00eancia dos quadrinhos, oferecendo aos espectadores hist\u00f3rias emocionantes e duradouras. A habilidade de balancear momentos de exalta\u00e7\u00e3o com trag\u00e9dias intensas \u00e9 o que torna essas hist\u00f3rias t\u00e3o cativantes e relevantes. Os filmes da Marvel prometem continuar a entregar experi\u00eancias marcantes que permanecem na mem\u00f3ria de seus f\u00e3s por muitos anos.<\/p>\n","protected":false},"excerpt":{"rendered":"<p>O Universo Cinematogr\u00e1fico Marvel (UCM) \u00e9 famoso n\u00e3o apenas por suas grandiosas batalhas e incr\u00edveis efeitos especiais, mas tamb\u00e9m por apresentar momentos que permanecem na mente dos f\u00e3s. Essas cenas muitas vezes trazem reviravoltas emocionantes que os espectadores n\u00e3o conseguem esquecer facilmente. Desde vit\u00f3rias surpreendentes at\u00e9 perdas devastadoras, os filmes da Marvel entregam uma gama [&hellip;]<\/p>\n","protected":false},"author":7,"featured_media":11714,"comment_status":"open","ping_status":"open","sticky":false,"template":"","format":"standard","meta":{"jnews-multi-image_gallery":[],"jnews_single_post":{"format":"standard"},"jnews_primary_category":[],"jnews_social_meta":[],"jnews_override_counter":[],"footnotes":""},"categories":[29,137],"tags":[3708,999,3707,1467,3277],"class_list":["post-11711","post","type-post","status-publish","format-standard","has-post-thumbnail","hentry","category-entretenimento","category-filmes","tag-heartbreaking","tag-marvel","tag-mcu","tag-superhero","tag-trauma"],"yoast_head":"<!-- This site is optimized with the Yoast SEO plugin v23.8 - https:\/\/yoast.com\/wordpress\/plugins\/seo\/ -->\n<title>Qual cena da Marvel te deixou sem f\u00f4lego? - Estado de Minas - Em foco<\/title>\n<meta name=\"description\" content=\"Explore os momentos traum\u00e1ticos retratados nos filmes do Universo Cinematogr\u00e1fico da Marvel.\" \/>\n<meta name=\"robots\" content=\"index, follow, max-snippet:-1, max-image-preview:large, max-video-preview:-1\" \/>\n<link rel=\"canonical\" href=\"https:\/\/www.em.com.br\/emfoco\/2025\/01\/19\/qual-cena-da-marvel-te-deixou-sem-folego\/\" \/>\n<meta property=\"og:locale\" content=\"pt_BR\" \/>\n<meta property=\"og:type\" content=\"article\" \/>\n<meta property=\"og:title\" content=\"Qual cena da Marvel te deixou sem f\u00f4lego? - Estado de Minas - Em foco\" \/>\n<meta property=\"og:description\" content=\"Explore os momentos traum\u00e1ticos retratados nos filmes do Universo Cinematogr\u00e1fico da Marvel.\" \/>\n<meta property=\"og:url\" content=\"https:\/\/www.em.com.br\/emfoco\/2025\/01\/19\/qual-cena-da-marvel-te-deixou-sem-folego\/\" \/>\n<meta property=\"og:site_name\" content=\"Estado de Minas - Em foco\" \/>\n<meta property=\"article:published_time\" content=\"2025-01-19T12:40:00+00:00\" \/>\n<meta property=\"article:modified_time\" content=\"2025-01-19T07:29:13+00:00\" \/>\n<meta property=\"og:image\" content=\"https:\/\/www.em.com.br\/emfoco\/wp-content\/uploads\/2025\/01\/Marvel_1737260430750.jpg\" \/>\n\t<meta property=\"og:image:width\" content=\"1280\" \/>\n\t<meta property=\"og:image:height\" content=\"720\" \/>\n\t<meta property=\"og:image:type\" content=\"image\/jpeg\" \/>\n<meta name=\"author\" content=\"Kelvin\" \/>\n<meta name=\"twitter:card\" content=\"summary_large_image\" \/>\n<meta name=\"twitter:label1\" content=\"Escrito por\" \/>\n\t<meta name=\"twitter:data1\" content=\"Kelvin\" \/>\n\t<meta name=\"twitter:label2\" content=\"Est. tempo de leitura\" \/>\n\t<meta name=\"twitter:data2\" content=\"3 minutos\" \/>\n<!-- \/ Yoast SEO plugin. -->","yoast_head_json":{"title":"Qual cena da Marvel te deixou sem f\u00f4lego? - Estado de Minas - Em foco","description":"Explore os momentos traum\u00e1ticos retratados nos filmes do Universo Cinematogr\u00e1fico da Marvel.","robots":{"index":"index","follow":"follow","max-snippet":"max-snippet:-1","max-image-preview":"max-image-preview:large","max-video-preview":"max-video-preview:-1"},"canonical":"https:\/\/www.em.com.br\/emfoco\/2025\/01\/19\/qual-cena-da-marvel-te-deixou-sem-folego\/","og_locale":"pt_BR","og_type":"article","og_title":"Qual cena da Marvel te deixou sem f\u00f4lego? - Estado de Minas - Em foco","og_description":"Explore os momentos traum\u00e1ticos retratados nos filmes do Universo Cinematogr\u00e1fico da Marvel.","og_url":"https:\/\/www.em.com.br\/emfoco\/2025\/01\/19\/qual-cena-da-marvel-te-deixou-sem-folego\/","og_site_name":"Estado de Minas - Em foco","article_published_time":"2025-01-19T12:40:00+00:00","article_modified_time":"2025-01-19T07:29:13+00:00","og_image":[{"width":1280,"height":720,"url":"https:\/\/www.em.com.br\/emfoco\/wp-content\/uploads\/2025\/01\/Marvel_1737260430750.jpg","type":"image\/jpeg"}],"author":"Kelvin","twitter_card":"summary_large_image","twitter_misc":{"Escrito por":"Kelvin","Est. tempo de leitura":"3 minutos"},"schema":{"@context":"https:\/\/schema.org","@graph":[{"@type":"WebPage","@id":"https:\/\/www.em.com.br\/emfoco\/2025\/01\/19\/qual-cena-da-marvel-te-deixou-sem-folego\/","url":"https:\/\/www.em.com.br\/emfoco\/2025\/01\/19\/qual-cena-da-marvel-te-deixou-sem-folego\/","name":"Qual cena da Marvel te deixou sem f\u00f4lego? - Estado de Minas - Em foco","isPartOf":{"@id":"https:\/\/www.em.com.br\/emfoco\/#website"},"primaryImageOfPage":{"@id":"https:\/\/www.em.com.br\/emfoco\/2025\/01\/19\/qual-cena-da-marvel-te-deixou-sem-folego\/#primaryimage"},"image":{"@id":"https:\/\/www.em.com.br\/emfoco\/2025\/01\/19\/qual-cena-da-marvel-te-deixou-sem-folego\/#primaryimage"},"thumbnailUrl":"https:\/\/www.em.com.br\/emfoco\/wp-content\/uploads\/2025\/01\/Marvel_1737260430750.jpg","datePublished":"2025-01-19T12:40:00+00:00","dateModified":"2025-01-19T07:29:13+00:00","author":{"@id":"https:\/\/www.em.com.br\/emfoco\/#\/schema\/person\/fb0a7f48c6fbb94b83f413a80f61917d"},"description":"Explore os momentos traum\u00e1ticos retratados nos filmes do Universo Cinematogr\u00e1fico da Marvel.","breadcrumb":{"@id":"https:\/\/www.em.com.br\/emfoco\/2025\/01\/19\/qual-cena-da-marvel-te-deixou-sem-folego\/#breadcrumb"},"inLanguage":"pt-BR","potentialAction":[{"@type":"ReadAction","target":["https:\/\/www.em.com.br\/emfoco\/2025\/01\/19\/qual-cena-da-marvel-te-deixou-sem-folego\/"]}]},{"@type":"ImageObject","inLanguage":"pt-BR","@id":"https:\/\/www.em.com.br\/emfoco\/2025\/01\/19\/qual-cena-da-marvel-te-deixou-sem-folego\/#primaryimage","url":"https:\/\/www.em.com.br\/emfoco\/wp-content\/uploads\/2025\/01\/Marvel_1737260430750.jpg","contentUrl":"https:\/\/www.em.com.br\/emfoco\/wp-content\/uploads\/2025\/01\/Marvel_1737260430750.jpg","width":1280,"height":720,"caption":"Marvel - Cr\u00e9ditos: depositphotos.com \/ Primakov"},{"@type":"BreadcrumbList","@id":"https:\/\/www.em.com.br\/emfoco\/2025\/01\/19\/qual-cena-da-marvel-te-deixou-sem-folego\/#breadcrumb","itemListElement":[{"@type":"ListItem","position":1,"name":"In\u00edcio","item":"https:\/\/www.em.com.br\/emfoco\/"},{"@type":"ListItem","position":2,"name":"Qual cena da Marvel te deixou sem f\u00f4lego?"}]},{"@type":"WebSite","@id":"https:\/\/www.em.com.br\/emfoco\/#website","url":"https:\/\/www.em.com.br\/emfoco\/","name":"Estado de Minas - Em foco","description":"Acompanhe as \u00faltimas not\u00edcias e fique bem informado sobre tudo o que acontece em Minas Gerais, Brasil e no mundo.","potentialAction":[{"@type":"SearchAction","target":{"@type":"EntryPoint","urlTemplate":"https:\/\/www.em.com.br\/emfoco\/?s={search_term_string}"},"query-input":{"@type":"PropertyValueSpecification","valueRequired":true,"valueName":"search_term_string"}}],"inLanguage":"pt-BR"},{"@type":"Person","@id":"https:\/\/www.em.com.br\/emfoco\/#\/schema\/person\/fb0a7f48c6fbb94b83f413a80f61917d","name":"Kelvin","image":{"@type":"ImageObject","inLanguage":"pt-BR","@id":"https:\/\/www.em.com.br\/emfoco\/#\/schema\/person\/image\/","url":"https:\/\/secure.gravatar.com\/avatar\/e74f84337e6bf6c4c5e88fbdffa05270?s=96&d=mm&r=g","contentUrl":"https:\/\/secure.gravatar.com\/avatar\/e74f84337e6bf6c4c5e88fbdffa05270?s=96&d=mm&r=g","caption":"Kelvin"},"sameAs":["https:\/\/www.em.com.br\/emfoco"],"url":"https:\/\/www.em.com.br\/emfoco\/author\/kelvinmyth\/"}]}},"_links":{"self":[{"href":"https:\/\/www.em.com.br\/emfoco\/wp-json\/wp\/v2\/posts\/11711","targetHints":{"allow":["GET"]}}],"collection":[{"href":"https:\/\/www.em.com.br\/emfoco\/wp-json\/wp\/v2\/posts"}],"about":[{"href":"https:\/\/www.em.com.br\/emfoco\/wp-json\/wp\/v2\/types\/post"}],"author":[{"embeddable":true,"href":"https:\/\/www.em.com.br\/emfoco\/wp-json\/wp\/v2\/users\/7"}],"replies":[{"embeddable":true,"href":"https:\/\/www.em.com.br\/emfoco\/wp-json\/wp\/v2\/comments?post=11711"}],"version-history":[{"count":2,"href":"https:\/\/www.em.com.br\/emfoco\/wp-json\/wp\/v2\/posts\/11711\/revisions"}],"predecessor-version":[{"id":11715,"href":"https:\/\/www.em.com.br\/emfoco\/wp-json\/wp\/v2\/posts\/11711\/revisions\/11715"}],"wp:featuredmedia":[{"embeddable":true,"href":"https:\/\/www.em.com.br\/emfoco\/wp-json\/wp\/v2\/media\/11714"}],"wp:attachment":[{"href":"https:\/\/www.em.com.br\/emfoco\/wp-json\/wp\/v2\/media?parent=11711"}],"wp:term":[{"taxonomy":"category","embeddable":true,"href":"https:\/\/www.em.com.br\/emfoco\/wp-json\/wp\/v2\/categories?post=11711"},{"taxonomy":"post_tag","embeddable":true,"href":"https:\/\/www.em.com.br\/emfoco\/wp-json\/wp\/v2\/tags?post=11711"}],"curies":[{"name":"wp","href":"https:\/\/api.w.org\/{rel}","templated":true}]}}