{"id":117108,"date":"2025-10-21T06:25:05","date_gmt":"2025-10-21T09:25:05","guid":{"rendered":"https:\/\/www.em.com.br\/emfoco\/?p=117108"},"modified":"2025-10-20T14:31:49","modified_gmt":"2025-10-20T17:31:49","slug":"as-melhores-plantas-para-criar-um-jardim-interno-cheio-de-paz-e-harmonia","status":"publish","type":"post","link":"https:\/\/www.em.com.br\/emfoco\/2025\/10\/21\/as-melhores-plantas-para-criar-um-jardim-interno-cheio-de-paz-e-harmonia\/","title":{"rendered":"As melhores plantas para criar um jardim interno cheio de paz e harmonia"},"content":{"rendered":"\n<p>Ter um <strong>jardim interno<\/strong> vai muito al\u00e9m da <strong>est\u00e9tica<\/strong>; trata-se de uma experi\u00eancia transformadora capaz de trazer benef\u00edcios emocionais, cognitivos e mentais. Essa pr\u00e1tica pode <strong>melhorar o humor<\/strong>, potencializar o <strong>foco<\/strong> nas atividades di\u00e1rias e diminuir significativamente os n\u00edveis de <strong>estresse<\/strong>. Tamb\u00e9m proporciona uma conex\u00e3o com a natureza que estimula a sensa\u00e7\u00e3o de acolhimento dentro do pr\u00f3prio lar.<\/p>\n\n\n\n<ul class=\"wp-block-list\">\n<li>Descubra quais <strong>plantas<\/strong> selecionar para promover <strong>tranquilidade<\/strong>.<\/li>\n\n\n\n<li>Aprenda a <strong>organizar seu espa\u00e7o<\/strong> de forma estrat\u00e9gica para maximizar o <strong>conforto<\/strong> e a harmonia do ambiente.<\/li>\n\n\n\n<li>Conhe\u00e7a os <strong>cuidados di\u00e1rios<\/strong> essenciais que garantem um jardim sempre <strong>saud\u00e1vel<\/strong>.<\/li>\n<\/ul>\n\n\n\n<h2 class=\"wp-block-heading\">Por que escolher plantas espec\u00edficas para um jardim relaxante \u00e9 importante?<\/h2>\n\n\n\n<p>Selecionar as <strong>plantas corretas<\/strong> \u00e9 crucial para criar um aut\u00eantico ambiente de <strong>paz<\/strong> e bem-estar. Esp\u00e9cies como a <strong>lavanda<\/strong>, o <strong>jasmim<\/strong> e as <strong>samambaias<\/strong> s\u00e3o renomadas por seus efeitos <strong>calmantes<\/strong> e <strong>arom\u00e1ticos<\/strong>, promovendo relaxamento instant\u00e2neo. Experimente combinar diferentes tonalidades de verde e aromas suaves para fortalecer esse efeito relaxante.<\/p>\n\n\n\n<p>Al\u00e9m disso, as resistentes <strong>suculentas<\/strong> e <strong>cactos<\/strong> demandam menos \u00e1gua e manuten\u00e7\u00e3o, sendo uma escolha inteligente para quem valoriza a <strong>praticidade<\/strong>. Muitas pessoas se inspiram em <strong>jardins urbanos<\/strong> de cidades como <strong>Nova York<\/strong> para compor ambientes contempor\u00e2neos, utilizando esp\u00e9cies que se adaptam facilmente ao ambiente <strong>interno<\/strong>. Adicionar plantas com propriedades de purifica\u00e7\u00e3o do ar, como a <strong>espada de s\u00e3o jorge<\/strong>, potencializa ainda mais os benef\u00edcios do seu jardim.<\/p>\n\n\n<div class=\"wp-block-image\">\n<figure class=\"aligncenter size-large\"><img loading=\"lazy\" decoding=\"async\" width=\"1024\" height=\"576\" src=\"https:\/\/www.em.com.br\/emfoco\/wp-content\/uploads\/2025\/10\/lavanda-_1760099317271-1024x576.jpg\" alt=\"\" class=\"wp-image-113672\" srcset=\"https:\/\/www.em.com.br\/emfoco\/wp-content\/uploads\/2025\/10\/lavanda-_1760099317271-1024x576.jpg 1024w, https:\/\/www.em.com.br\/emfoco\/wp-content\/uploads\/2025\/10\/lavanda-_1760099317271-300x169.jpg 300w, https:\/\/www.em.com.br\/emfoco\/wp-content\/uploads\/2025\/10\/lavanda-_1760099317271-768x432.jpg 768w, https:\/\/www.em.com.br\/emfoco\/wp-content\/uploads\/2025\/10\/lavanda-_1760099317271-750x422.jpg 750w, https:\/\/www.em.com.br\/emfoco\/wp-content\/uploads\/2025\/10\/lavanda-_1760099317271-1140x641.jpg 1140w, https:\/\/www.em.com.br\/emfoco\/wp-content\/uploads\/2025\/10\/lavanda-_1760099317271.jpg 1280w\" sizes=\"auto, (max-width: 1024px) 100vw, 1024px\" \/><figcaption class=\"wp-element-caption\">O melhor momento para propagar lavanda \u00e9 no ver\u00e3o &#8211; Cr\u00e9ditos: depositphotos.com \/ anskuw<\/figcaption><\/figure><\/div>\n\n\n<h2 class=\"wp-block-heading\">Como a organiza\u00e7\u00e3o do espa\u00e7o pode impactar sua paz interior?<\/h2>\n\n\n\n<p>A disposi\u00e7\u00e3o das <strong>plantas<\/strong> tem influ\u00eancia direta na sensa\u00e7\u00e3o de <strong>tranquilidade<\/strong> do ambiente. Posicionar vasos pr\u00f3ximos a <strong>janelas<\/strong> permite melhor entrada de <strong>luz natural<\/strong> e circula\u00e7\u00e3o de ar, elementos essenciais para a vitalidade das plantas e para o bem-estar dos moradores.<\/p>\n\n\n\n<p>Misture <strong>elementos de diferentes alturas<\/strong> e <strong>texturas<\/strong>, e complemente a decora\u00e7\u00e3o com <strong>objetos naturais<\/strong>, como pedras, troncos ou pequenos recipientes de \u00e1gua, para criar dimens\u00e3o, equil\u00edbrio e harmonia visual. Em <strong>apartamentos<\/strong> de cidades grandes, como <strong>S\u00e3o Paulo<\/strong>, utilizar prateleiras verticais, suportes e jardins suspensos s\u00e3o estrat\u00e9gias ainda mais valiosas para criar <strong>recantos serenos<\/strong> sem ocupar muito espa\u00e7o.<\/p>\n\n\n\n<h2 class=\"wp-block-heading\">Quais s\u00e3o as pr\u00e1ticas di\u00e1rias necess\u00e1rias para manter seu jardim?<\/h2>\n\n\n\n<p><strong>Regar de maneira adequada<\/strong>, nutrir o <strong>solo<\/strong> periodicamente e remover <strong>folhas mortas<\/strong> s\u00e3o cuidados essenciais para manter suas plantas sempre <strong>saud\u00e1veis<\/strong>. Manter uma rotina de aten\u00e7\u00e3o contribui para prolongar a beleza e os benef\u00edcios relaxantes do seu jardim interno.<\/p>\n\n\n\n<p>Verifique se as <strong>plantas recebem luz<\/strong> e <strong>ventila\u00e7\u00e3o suficientes<\/strong> para evitar doen\u00e7as e estimular um <strong>crescimento vigoroso<\/strong>. Ferramentas digitais e aplicativos&nbsp;podem ajudar a identificar as necessidades espec\u00edficas de cada esp\u00e9cie. Al\u00e9m disso, considere alternar a posi\u00e7\u00e3o dos vasos para explorar melhor a luminosidade ao longo do dia.<\/p>\n\n\n\n<h2 class=\"wp-block-heading\">Como elevar ainda mais a atmosfera tranquila do seu jardim?<\/h2>\n\n\n\n<p>Combine o seu jardim com <strong>luzes suaves<\/strong>, como lumin\u00e1rias de LED de baixa intensidade, para valorizar o ambiente no per\u00edodo noturno. Sons relaxantes da <strong>natureza<\/strong> ou uma <strong>m\u00fasica ambiente<\/strong> podem, comprovadamente, ampliar a sensa\u00e7\u00e3o de calma e bem-estar. O uso de <strong>ess\u00eancias arom\u00e1ticas<\/strong> naturais, como \u00f3leos essenciais, refor\u00e7a essa atmosfera acolhedora e terap\u00eautica.<\/p>\n\n\n\n<p>Crie um pequeno <strong>canto de repouso<\/strong> ao lado do jardim, utilizando m\u00f3veis confort\u00e1veis, almofadas ou um <strong>tapete<\/strong> macio, transformando o espa\u00e7o em um ref\u00fagio perfeito para <strong>leitura<\/strong> ou <strong>medita\u00e7\u00e3o<\/strong>. Para quem aprecia tecnologia, dispositivos inteligentes como a <strong>Alexa Echo Dot<\/strong> podem deixar o ambiente ainda mais agrad\u00e1vel ao tocar automaticamente <strong>playlists relaxantes<\/strong> e controlar a ilumina\u00e7\u00e3o por comando de voz.<\/p>\n\n\n<div class=\"wp-block-image\">\n<figure class=\"aligncenter size-large\"><img loading=\"lazy\" decoding=\"async\" width=\"1024\" height=\"576\" src=\"https:\/\/www.em.com.br\/emfoco\/wp-content\/uploads\/2025\/07\/jasmim_1753807522728-1024x576.jpg\" alt=\"\" class=\"wp-image-83351\" srcset=\"https:\/\/www.em.com.br\/emfoco\/wp-content\/uploads\/2025\/07\/jasmim_1753807522728-1024x576.jpg 1024w, https:\/\/www.em.com.br\/emfoco\/wp-content\/uploads\/2025\/07\/jasmim_1753807522728-300x169.jpg 300w, https:\/\/www.em.com.br\/emfoco\/wp-content\/uploads\/2025\/07\/jasmim_1753807522728-768x432.jpg 768w, https:\/\/www.em.com.br\/emfoco\/wp-content\/uploads\/2025\/07\/jasmim_1753807522728-750x422.jpg 750w, https:\/\/www.em.com.br\/emfoco\/wp-content\/uploads\/2025\/07\/jasmim_1753807522728-1140x641.jpg 1140w, https:\/\/www.em.com.br\/emfoco\/wp-content\/uploads\/2025\/07\/jasmim_1753807522728.jpg 1280w\" sizes=\"auto, (max-width: 1024px) 100vw, 1024px\" \/><figcaption class=\"wp-element-caption\">Jasmim &#8211; Cr\u00e9ditos: depositphotos.com \/ orestligetka.ukr.net<\/figcaption><\/figure><\/div>\n\n\n<p>Leia tamb\u00e9m: <a href=\"https:\/\/www.em.com.br\/emfoco\/2025\/10\/18\/as-5-flores-mais-perfumadas-da-primavera-para-cultivar-no-jardim\/\" target=\"_blank\" rel=\"noopener\">As 5 flores mais perfumadas da primavera para cultivar no jardim<\/a><\/p>\n\n\n\n<h2 class=\"wp-block-heading\">Qual o impacto de um jardim interno no seu estilo de vida di\u00e1rio?<\/h2>\n\n\n\n<p>Um <strong>jardim interno<\/strong> incentiva <strong>h\u00e1bitos de vida saud\u00e1vel<\/strong> e pode impactar positivamente o <strong>ciclo do sono<\/strong>. Pesquisas apontam que a conviv\u00eancia regular com <strong>plantas<\/strong> diminui a <strong>tens\u00e3o<\/strong>, estimula a <strong>criatividade<\/strong> e a <strong>concentra\u00e7\u00e3o<\/strong>. Estudos recentes da <strong><a href=\"https:\/\/news.stanford.edu\/stories\/2015\/06\/hiking-mental-health-063015#:~:text=Natural%20vs.&amp;text=Before%20and%20after%2C%20the%20researchers,professor%20of%20psychology%20at%20Stanford.\" target=\"_blank\" rel=\"noreferrer noopener\">Universidade de Stanford<\/a><\/strong> refor\u00e7am como a presen\u00e7a de plantas no ambiente promove benef\u00edcios concretos ao <strong>bem-estar mental<\/strong> e auxilia na recupera\u00e7\u00e3o do estresse cotidiano.<\/p>\n\n\n\n<p>Al\u00e9m disso, transformar sua casa em um lugar mais <strong>acolhedor<\/strong> e vibrante, ao mesmo tempo, em que cria um ponto de conex\u00e3o e <strong>intera\u00e7\u00e3o familiar<\/strong>, integra a <strong>natureza<\/strong> \u00e0 rotina urbana. Em metr\u00f3poles como o <strong>Rio de Janeiro<\/strong> ou em qualquer grande centro, essa conviv\u00eancia com o verde contribui para o <strong>equil\u00edbrio emocional<\/strong> de toda a fam\u00edlia.<\/p>\n\n\n\n<h2 class=\"wp-block-heading\">Quais os principais aprendizados sobre jardins internos?<\/h2>\n\n\n\n<ul class=\"wp-block-list\">\n<li><strong>Interagir com a natureza<\/strong> todos os dias traz <strong>equil\u00edbrio<\/strong> entre corpo e mente e eleva a qualidade de vida.<\/li>\n\n\n\n<li>O <strong>cuidado com plantas<\/strong> traz ganhos <strong>f\u00edsicos<\/strong>, <strong>emocionais<\/strong> e <strong>cognitivos<\/strong> comprovados cientificamente.<\/li>\n\n\n\n<li>Com <strong>planejamento<\/strong> e dedica\u00e7\u00e3o, \u00e9 poss\u00edvel transformar qualquer espa\u00e7o em um verdadeiro <strong>ref\u00fagio verde<\/strong> e revitalizante.<\/li>\n<\/ul>\n","protected":false},"excerpt":{"rendered":"<p>Ter um jardim interno vai muito al\u00e9m da est\u00e9tica; trata-se de uma experi\u00eancia transformadora capaz de trazer benef\u00edcios emocionais, cognitivos e mentais. Essa pr\u00e1tica pode melhorar o humor, potencializar o foco nas atividades di\u00e1rias e diminuir significativamente os n\u00edveis de estresse. Tamb\u00e9m proporciona uma conex\u00e3o com a natureza que estimula a sensa\u00e7\u00e3o de acolhimento dentro [&hellip;]<\/p>\n","protected":false},"author":9,"featured_media":30388,"comment_status":"open","ping_status":"open","sticky":false,"template":"","format":"standard","meta":{"jnews-multi-image_gallery":[],"jnews_single_post":{"format":"standard"},"jnews_primary_category":[],"jnews_social_meta":[],"jnews_override_counter":[],"footnotes":""},"categories":[8691,1],"tags":[4947,8956,3325],"class_list":["post-117108","post","type-post","status-publish","format-standard","has-post-thumbnail","hentry","category-bem-estar","category-noticias","tag-ansiedade","tag-humor","tag-jardim"],"yoast_head":"<!-- This site is optimized with the Yoast SEO plugin v23.8 - https:\/\/yoast.com\/wordpress\/plugins\/seo\/ -->\n<title>As melhores plantas para criar um jardim interno cheio de paz e harmonia<\/title>\n<meta name=\"description\" content=\"Um jardim interno traz equil\u00edbrio, bem-estar e beleza natural. Aprenda a montar o seu e sinta os benef\u00edcios no dia a dia.\" \/>\n<meta name=\"robots\" content=\"index, follow, max-snippet:-1, max-image-preview:large, max-video-preview:-1\" \/>\n<link rel=\"canonical\" href=\"https:\/\/www.em.com.br\/emfoco\/2025\/10\/21\/as-melhores-plantas-para-criar-um-jardim-interno-cheio-de-paz-e-harmonia\/\" \/>\n<meta property=\"og:locale\" content=\"pt_BR\" \/>\n<meta property=\"og:type\" content=\"article\" \/>\n<meta property=\"og:title\" content=\"As melhores plantas para criar um jardim interno cheio de paz e harmonia\" \/>\n<meta property=\"og:description\" content=\"Um jardim interno traz equil\u00edbrio, bem-estar e beleza natural. Aprenda a montar o seu e sinta os benef\u00edcios no dia a dia.\" \/>\n<meta property=\"og:url\" content=\"https:\/\/www.em.com.br\/emfoco\/2025\/10\/21\/as-melhores-plantas-para-criar-um-jardim-interno-cheio-de-paz-e-harmonia\/\" \/>\n<meta property=\"og:site_name\" content=\"Estado de Minas - Em foco\" \/>\n<meta property=\"article:published_time\" content=\"2025-10-21T09:25:05+00:00\" \/>\n<meta property=\"article:modified_time\" content=\"2025-10-20T17:31:49+00:00\" \/>\n<meta property=\"og:image\" content=\"https:\/\/www.em.com.br\/emfoco\/wp-content\/uploads\/2025\/03\/jardim-vertical_1742401987630.jpg\" \/>\n\t<meta property=\"og:image:width\" content=\"1280\" \/>\n\t<meta property=\"og:image:height\" content=\"720\" \/>\n\t<meta property=\"og:image:type\" content=\"image\/jpeg\" \/>\n<meta name=\"author\" content=\"Daniely Cardoso\" \/>\n<meta name=\"twitter:card\" content=\"summary_large_image\" \/>\n<meta name=\"twitter:label1\" content=\"Escrito por\" \/>\n\t<meta name=\"twitter:data1\" content=\"Daniely Cardoso\" \/>\n\t<meta name=\"twitter:label2\" content=\"Est. tempo de leitura\" \/>\n\t<meta name=\"twitter:data2\" content=\"5 minutos\" \/>\n<!-- \/ Yoast SEO plugin. -->","yoast_head_json":{"title":"As melhores plantas para criar um jardim interno cheio de paz e harmonia","description":"Um jardim interno traz equil\u00edbrio, bem-estar e beleza natural. Aprenda a montar o seu e sinta os benef\u00edcios no dia a dia.","robots":{"index":"index","follow":"follow","max-snippet":"max-snippet:-1","max-image-preview":"max-image-preview:large","max-video-preview":"max-video-preview:-1"},"canonical":"https:\/\/www.em.com.br\/emfoco\/2025\/10\/21\/as-melhores-plantas-para-criar-um-jardim-interno-cheio-de-paz-e-harmonia\/","og_locale":"pt_BR","og_type":"article","og_title":"As melhores plantas para criar um jardim interno cheio de paz e harmonia","og_description":"Um jardim interno traz equil\u00edbrio, bem-estar e beleza natural. Aprenda a montar o seu e sinta os benef\u00edcios no dia a dia.","og_url":"https:\/\/www.em.com.br\/emfoco\/2025\/10\/21\/as-melhores-plantas-para-criar-um-jardim-interno-cheio-de-paz-e-harmonia\/","og_site_name":"Estado de Minas - Em foco","article_published_time":"2025-10-21T09:25:05+00:00","article_modified_time":"2025-10-20T17:31:49+00:00","og_image":[{"width":1280,"height":720,"url":"https:\/\/www.em.com.br\/emfoco\/wp-content\/uploads\/2025\/03\/jardim-vertical_1742401987630.jpg","type":"image\/jpeg"}],"author":"Daniely Cardoso","twitter_card":"summary_large_image","twitter_misc":{"Escrito por":"Daniely Cardoso","Est. tempo de leitura":"5 minutos"},"schema":{"@context":"https:\/\/schema.org","@graph":[{"@type":"WebPage","@id":"https:\/\/www.em.com.br\/emfoco\/2025\/10\/21\/as-melhores-plantas-para-criar-um-jardim-interno-cheio-de-paz-e-harmonia\/","url":"https:\/\/www.em.com.br\/emfoco\/2025\/10\/21\/as-melhores-plantas-para-criar-um-jardim-interno-cheio-de-paz-e-harmonia\/","name":"As melhores plantas para criar um jardim interno cheio de paz e harmonia","isPartOf":{"@id":"https:\/\/www.em.com.br\/emfoco\/#website"},"primaryImageOfPage":{"@id":"https:\/\/www.em.com.br\/emfoco\/2025\/10\/21\/as-melhores-plantas-para-criar-um-jardim-interno-cheio-de-paz-e-harmonia\/#primaryimage"},"image":{"@id":"https:\/\/www.em.com.br\/emfoco\/2025\/10\/21\/as-melhores-plantas-para-criar-um-jardim-interno-cheio-de-paz-e-harmonia\/#primaryimage"},"thumbnailUrl":"https:\/\/www.em.com.br\/emfoco\/wp-content\/uploads\/2025\/03\/jardim-vertical_1742401987630.jpg","datePublished":"2025-10-21T09:25:05+00:00","dateModified":"2025-10-20T17:31:49+00:00","author":{"@id":"https:\/\/www.em.com.br\/emfoco\/#\/schema\/person\/0a8186d72f2c3a5c6276d90b41f271a0"},"description":"Um jardim interno traz equil\u00edbrio, bem-estar e beleza natural. Aprenda a montar o seu e sinta os benef\u00edcios no dia a dia.","breadcrumb":{"@id":"https:\/\/www.em.com.br\/emfoco\/2025\/10\/21\/as-melhores-plantas-para-criar-um-jardim-interno-cheio-de-paz-e-harmonia\/#breadcrumb"},"inLanguage":"pt-BR","potentialAction":[{"@type":"ReadAction","target":["https:\/\/www.em.com.br\/emfoco\/2025\/10\/21\/as-melhores-plantas-para-criar-um-jardim-interno-cheio-de-paz-e-harmonia\/"]}]},{"@type":"ImageObject","inLanguage":"pt-BR","@id":"https:\/\/www.em.com.br\/emfoco\/2025\/10\/21\/as-melhores-plantas-para-criar-um-jardim-interno-cheio-de-paz-e-harmonia\/#primaryimage","url":"https:\/\/www.em.com.br\/emfoco\/wp-content\/uploads\/2025\/03\/jardim-vertical_1742401987630.jpg","contentUrl":"https:\/\/www.em.com.br\/emfoco\/wp-content\/uploads\/2025\/03\/jardim-vertical_1742401987630.jpg","width":1280,"height":720,"caption":"Jardim - Cr\u00e9ditos: depositphotos.com \/ fotolismthai"},{"@type":"BreadcrumbList","@id":"https:\/\/www.em.com.br\/emfoco\/2025\/10\/21\/as-melhores-plantas-para-criar-um-jardim-interno-cheio-de-paz-e-harmonia\/#breadcrumb","itemListElement":[{"@type":"ListItem","position":1,"name":"In\u00edcio","item":"https:\/\/www.em.com.br\/emfoco\/"},{"@type":"ListItem","position":2,"name":"As melhores plantas para criar um jardim interno cheio de paz e harmonia"}]},{"@type":"WebSite","@id":"https:\/\/www.em.com.br\/emfoco\/#website","url":"https:\/\/www.em.com.br\/emfoco\/","name":"Estado de Minas - Em foco","description":"Acompanhe as \u00faltimas not\u00edcias e fique bem informado sobre tudo o que acontece em Minas Gerais, Brasil e no mundo.","potentialAction":[{"@type":"SearchAction","target":{"@type":"EntryPoint","urlTemplate":"https:\/\/www.em.com.br\/emfoco\/?s={search_term_string}"},"query-input":{"@type":"PropertyValueSpecification","valueRequired":true,"valueName":"search_term_string"}}],"inLanguage":"pt-BR"},{"@type":"Person","@id":"https:\/\/www.em.com.br\/emfoco\/#\/schema\/person\/0a8186d72f2c3a5c6276d90b41f271a0","name":"Daniely Cardoso","image":{"@type":"ImageObject","inLanguage":"pt-BR","@id":"https:\/\/www.em.com.br\/emfoco\/#\/schema\/person\/image\/","url":"https:\/\/secure.gravatar.com\/avatar\/4b80ddbd124d1f071b626d52d62e5dff?s=96&d=mm&r=g","contentUrl":"https:\/\/secure.gravatar.com\/avatar\/4b80ddbd124d1f071b626d52d62e5dff?s=96&d=mm&r=g","caption":"Daniely Cardoso"},"url":"https:\/\/www.em.com.br\/emfoco\/author\/danielymyth\/"}]}},"_links":{"self":[{"href":"https:\/\/www.em.com.br\/emfoco\/wp-json\/wp\/v2\/posts\/117108","targetHints":{"allow":["GET"]}}],"collection":[{"href":"https:\/\/www.em.com.br\/emfoco\/wp-json\/wp\/v2\/posts"}],"about":[{"href":"https:\/\/www.em.com.br\/emfoco\/wp-json\/wp\/v2\/types\/post"}],"author":[{"embeddable":true,"href":"https:\/\/www.em.com.br\/emfoco\/wp-json\/wp\/v2\/users\/9"}],"replies":[{"embeddable":true,"href":"https:\/\/www.em.com.br\/emfoco\/wp-json\/wp\/v2\/comments?post=117108"}],"version-history":[{"count":3,"href":"https:\/\/www.em.com.br\/emfoco\/wp-json\/wp\/v2\/posts\/117108\/revisions"}],"predecessor-version":[{"id":117413,"href":"https:\/\/www.em.com.br\/emfoco\/wp-json\/wp\/v2\/posts\/117108\/revisions\/117413"}],"wp:featuredmedia":[{"embeddable":true,"href":"https:\/\/www.em.com.br\/emfoco\/wp-json\/wp\/v2\/media\/30388"}],"wp:attachment":[{"href":"https:\/\/www.em.com.br\/emfoco\/wp-json\/wp\/v2\/media?parent=117108"}],"wp:term":[{"taxonomy":"category","embeddable":true,"href":"https:\/\/www.em.com.br\/emfoco\/wp-json\/wp\/v2\/categories?post=117108"},{"taxonomy":"post_tag","embeddable":true,"href":"https:\/\/www.em.com.br\/emfoco\/wp-json\/wp\/v2\/tags?post=117108"}],"curies":[{"name":"wp","href":"https:\/\/api.w.org\/{rel}","templated":true}]}}