{"id":1171,"date":"2024-11-22T06:41:18","date_gmt":"2024-11-22T09:41:18","guid":{"rendered":"https:\/\/www.em.com.br\/emfoco\/?p=1171"},"modified":"2024-11-22T08:17:18","modified_gmt":"2024-11-22T11:17:18","slug":"onix-2025-chega-chutando-a-porta-com-motor-turbinado-e-preco-top","status":"publish","type":"post","link":"https:\/\/www.em.com.br\/emfoco\/2024\/11\/22\/onix-2025-chega-chutando-a-porta-com-motor-turbinado-e-preco-top\/","title":{"rendered":"Onix 2025 chega chutando a porta com motor turbinado e pre\u00e7o top"},"content":{"rendered":"\n<p>A Chevrolet surpreendeu os entusiastas do Onix ao anunciar uma s\u00e9rie de atualiza\u00e7\u00f5es para o modelo. Inicialmente vistas como mudan\u00e7as est\u00e9ticas simples, essas altera\u00e7\u00f5es se revelam como uma evolu\u00e7\u00e3o abrangente que abrange mec\u00e2nica e tecnologia. Com um pre\u00e7o estimado em torno de R$ 90 mil, o Onix promete ser um competidor ainda mais robusto em seu segmento automotivo.<\/p>\n\n\n\n<p>A transforma\u00e7\u00e3o mais marcante est\u00e1 no motor, que acompanhar\u00e1 as novas diretrizes do Proconve L8, integrando o sistema de inje\u00e7\u00e3o direta ao motor 1.0 turbo de tr\u00eas cilindros. Essa inova\u00e7\u00e3o tecnol\u00f3gica n\u00e3o somente atende \u00e0s normas ambientais, mas tamb\u00e9m melhora a performance do ve\u00edculo, indicando um futuro promissor para o Onix no mercado brasileiro.<\/p>\n\n\n\n<h2 class=\"wp-block-heading\">Quais s\u00e3o as mudan\u00e7as esperadas no motor do Onix?<\/h2>\n\n\n\n<p>O motor do Chevrolet Onix passar\u00e1 por significativas atualiza\u00e7\u00f5es, introduzindo um sistema de inje\u00e7\u00e3o direta. Com essa mudan\u00e7a, a pot\u00eancia do motor aumentar\u00e1 de 116 cv para 121 cv, oferecendo mais vigor nas estradas. Embora o novo torque ainda n\u00e3o tenha sido divulgado, especula-se que ele ser\u00e1 consideravelmente superior ao atual, melhorando a capacidade de acelera\u00e7\u00e3o e desempenho em ultrapassagens.<\/p>\n\n\n\n<p>A t\u00edtulo de compara\u00e7\u00e3o, modelos similares no mercado chin\u00eas j\u00e1 demonstram capacidades de 125 cv e 18,3 kgfm de torque, superando os 16,8 kgfm atuais do Onix no Brasil. O foco da atualiza\u00e7\u00e3o \u00e9 garantir que o torque m\u00e1ximo seja alcan\u00e7ado em rota\u00e7\u00f5es mais baixas, o que proporcionar\u00e1 um condu\u00e7\u00e3o mais \u00e1gil e eficiente.<\/p>\n\n\n\n<figure class=\"wp-block-image size-full\"><img loading=\"lazy\" decoding=\"async\" width=\"750\" height=\"375\" src=\"https:\/\/www.em.com.br\/emfoco\/wp-content\/uploads\/2024\/11\/481a18b6-16c6-4fb7-ab4d-e44b3c7a7512.png\" alt=\"Onix 2025 chega chutando a porta com motor turbinado e pre\u00e7o top\" class=\"wp-image-1172\" srcset=\"https:\/\/www.em.com.br\/emfoco\/wp-content\/uploads\/2024\/11\/481a18b6-16c6-4fb7-ab4d-e44b3c7a7512.png 750w, https:\/\/www.em.com.br\/emfoco\/wp-content\/uploads\/2024\/11\/481a18b6-16c6-4fb7-ab4d-e44b3c7a7512-300x150.png 300w, https:\/\/www.em.com.br\/emfoco\/wp-content\/uploads\/2024\/11\/481a18b6-16c6-4fb7-ab4d-e44b3c7a7512-360x180.png 360w\" sizes=\"auto, (max-width: 750px) 100vw, 750px\" \/><figcaption class=\"wp-element-caption\">Onix 2025 chega chutando a porta com motor turbinado e pre\u00e7o top Foto: Divulga\u00e7\u00e3o \/ Chevrolet<\/figcaption><\/figure>\n\n\n\n<h2 class=\"wp-block-heading\">Quando as atualiza\u00e7\u00f5es entrar\u00e3o em vigor?<\/h2>\n\n\n\n<p>Apesar de a reestiliza\u00e7\u00e3o completa do Onix estar programada para 2025, as melhorias no motor com a introdu\u00e7\u00e3o da inje\u00e7\u00e3o direta devem ser implementadas previamente. Isso indica que a Chevrolet est\u00e1 comprometida em modernizar a efici\u00eancia do Onix o quanto antes, preparando o terreno para as mudan\u00e7as mais abrangentes que chegar\u00e3o nos pr\u00f3ximos anos.<\/p>\n\n\n\n<h2 class=\"wp-block-heading\">Design renovado e inova\u00e7\u00f5es tecnol\u00f3gicas<\/h2>\n\n\n\n<p>No campo est\u00e9tico e tecnol\u00f3gico, o Onix se alinhar\u00e1 \u00e0 nova identidade visual da General Motors prevista para 2025. Notadamente, a frente do carro ser\u00e1 redesenhada, recebendo uma grade trapezoidal e uma barra horizontal junto ao logo, proporcionando uma apar\u00eancia moderna. Os far\u00f3is, por sua vez, ser\u00e3o reconfigurados em um formato mais fino e incluir\u00e3o ilumina\u00e7\u00e3o full-LED nas vers\u00f5es mais premium.<\/p>\n\n\n\n<p>Internamente, o Onix incorporar\u00e1 novas tecnologias presentes em outros modelos da fabricante, como o Tracker e o Spin. Isso incluir\u00e1 a ado\u00e7\u00e3o do Virtual Cockpit System, com uma tela digital de 8 polegadas para instrumentos e uma central multim\u00eddia de 11 polegadas. Essa combina\u00e7\u00e3o de displays aumentar\u00e1 a intera\u00e7\u00e3o e facilitar\u00e1 a opera\u00e7\u00e3o, oferecendo uma experi\u00eancia em linha com as tend\u00eancias atuais de conectividade e controle.<\/p>\n\n\n\n<h2 class=\"wp-block-heading\">Um olhar para o futuro do Onix<\/h2>\n\n\n\n<p>As novidades no <a href=\"https:\/\/www.em.com.br\/emfoco\/categoria\/carros\/\" target=\"_blank\" rel=\"noreferrer noopener\">Chevrolet Onix<\/a> mostram como a montadora est\u00e1 determinada a inovar, oferecendo ao consumidor um produto que n\u00e3o apenas atende \u00e0s regula\u00e7\u00f5es ambientais, mas tamb\u00e9m ao desejo por mais pot\u00eancia e modernidade. Com essas mudan\u00e7as t\u00e9cnicas e estil\u00edsticas, o Onix consolida sua posi\u00e7\u00e3o como uma op\u00e7\u00e3o competitiva e atrativa no mercado brasileiro, antecipando-se \u00e0s necessidades dos motoristas contempor\u00e2neos e \u00e0s demandas do setor automotivo global.<\/p>\n","protected":false},"excerpt":{"rendered":"<p>A Chevrolet surpreendeu os entusiastas do Onix ao anunciar uma s\u00e9rie de atualiza\u00e7\u00f5es para o modelo. Inicialmente vistas como mudan\u00e7as<\/p>\n","protected":false},"author":2,"featured_media":1172,"comment_status":"open","ping_status":"open","sticky":false,"template":"","format":"standard","meta":{"jnews-multi-image_gallery":[],"jnews_single_post":{"format":"standard"},"jnews_primary_category":[],"jnews_social_meta":[],"jnews_override_counter":[],"footnotes":""},"categories":[27,1],"tags":[818,817,821,820,819,822],"class_list":["post-1171","post","type-post","status-publish","format-standard","has-post-thumbnail","hentry","category-carros","category-noticias","tag-carro","tag-chevrolet","tag-design","tag-inovacoes-tecnologicas","tag-motor","tag-onix"],"yoast_head":"<!-- This site is optimized with the Yoast SEO plugin v23.8 - https:\/\/yoast.com\/wordpress\/plugins\/seo\/ -->\n<title>Onix 2025 chega chutando a porta com motor turbinado e pre\u00e7o top - Estado de Minas - Em foco<\/title>\n<meta name=\"description\" content=\"A Chevrolet surpreendeu os entusiastas do Onix ao anunciar uma s\u00e9rie de atualiza\u00e7\u00f5es para o modelo. Inicialmente vistas como mudan\u00e7as\" \/>\n<meta name=\"robots\" content=\"index, follow, max-snippet:-1, max-image-preview:large, max-video-preview:-1\" \/>\n<link rel=\"canonical\" href=\"https:\/\/www.em.com.br\/emfoco\/2024\/11\/22\/onix-2025-chega-chutando-a-porta-com-motor-turbinado-e-preco-top\/\" \/>\n<meta property=\"og:locale\" content=\"pt_BR\" \/>\n<meta property=\"og:type\" content=\"article\" \/>\n<meta property=\"og:title\" content=\"Onix 2025 chega chutando a porta com motor turbinado e pre\u00e7o top - Estado de Minas - Em foco\" \/>\n<meta property=\"og:description\" content=\"A Chevrolet surpreendeu os entusiastas do Onix ao anunciar uma s\u00e9rie de atualiza\u00e7\u00f5es para o modelo. Inicialmente vistas como mudan\u00e7as\" \/>\n<meta property=\"og:url\" content=\"https:\/\/www.em.com.br\/emfoco\/2024\/11\/22\/onix-2025-chega-chutando-a-porta-com-motor-turbinado-e-preco-top\/\" \/>\n<meta property=\"og:site_name\" content=\"Estado de Minas - Em foco\" \/>\n<meta property=\"article:published_time\" content=\"2024-11-22T09:41:18+00:00\" \/>\n<meta property=\"article:modified_time\" content=\"2024-11-22T11:17:18+00:00\" \/>\n<meta property=\"og:image\" content=\"https:\/\/www.em.com.br\/emfoco\/wp-content\/uploads\/2024\/11\/481a18b6-16c6-4fb7-ab4d-e44b3c7a7512.png\" \/>\n\t<meta property=\"og:image:width\" content=\"750\" \/>\n\t<meta property=\"og:image:height\" content=\"375\" \/>\n\t<meta property=\"og:image:type\" content=\"image\/png\" \/>\n<meta name=\"author\" content=\"Guilherme\" \/>\n<meta name=\"twitter:card\" content=\"summary_large_image\" \/>\n<meta name=\"twitter:label1\" content=\"Escrito por\" \/>\n\t<meta name=\"twitter:data1\" content=\"Guilherme\" \/>\n\t<meta name=\"twitter:label2\" content=\"Est. tempo de leitura\" \/>\n\t<meta name=\"twitter:data2\" content=\"4 minutos\" \/>\n<!-- \/ Yoast SEO plugin. -->","yoast_head_json":{"title":"Onix 2025 chega chutando a porta com motor turbinado e pre\u00e7o top - Estado de Minas - Em foco","description":"A Chevrolet surpreendeu os entusiastas do Onix ao anunciar uma s\u00e9rie de atualiza\u00e7\u00f5es para o modelo. Inicialmente vistas como mudan\u00e7as","robots":{"index":"index","follow":"follow","max-snippet":"max-snippet:-1","max-image-preview":"max-image-preview:large","max-video-preview":"max-video-preview:-1"},"canonical":"https:\/\/www.em.com.br\/emfoco\/2024\/11\/22\/onix-2025-chega-chutando-a-porta-com-motor-turbinado-e-preco-top\/","og_locale":"pt_BR","og_type":"article","og_title":"Onix 2025 chega chutando a porta com motor turbinado e pre\u00e7o top - Estado de Minas - Em foco","og_description":"A Chevrolet surpreendeu os entusiastas do Onix ao anunciar uma s\u00e9rie de atualiza\u00e7\u00f5es para o modelo. Inicialmente vistas como mudan\u00e7as","og_url":"https:\/\/www.em.com.br\/emfoco\/2024\/11\/22\/onix-2025-chega-chutando-a-porta-com-motor-turbinado-e-preco-top\/","og_site_name":"Estado de Minas - Em foco","article_published_time":"2024-11-22T09:41:18+00:00","article_modified_time":"2024-11-22T11:17:18+00:00","og_image":[{"width":750,"height":375,"url":"https:\/\/www.em.com.br\/emfoco\/wp-content\/uploads\/2024\/11\/481a18b6-16c6-4fb7-ab4d-e44b3c7a7512.png","type":"image\/png"}],"author":"Guilherme","twitter_card":"summary_large_image","twitter_misc":{"Escrito por":"Guilherme","Est. tempo de leitura":"4 minutos"},"schema":{"@context":"https:\/\/schema.org","@graph":[{"@type":"WebPage","@id":"https:\/\/www.em.com.br\/emfoco\/2024\/11\/22\/onix-2025-chega-chutando-a-porta-com-motor-turbinado-e-preco-top\/","url":"https:\/\/www.em.com.br\/emfoco\/2024\/11\/22\/onix-2025-chega-chutando-a-porta-com-motor-turbinado-e-preco-top\/","name":"Onix 2025 chega chutando a porta com motor turbinado e pre\u00e7o top - Estado de Minas - Em foco","isPartOf":{"@id":"https:\/\/www.em.com.br\/emfoco\/#website"},"primaryImageOfPage":{"@id":"https:\/\/www.em.com.br\/emfoco\/2024\/11\/22\/onix-2025-chega-chutando-a-porta-com-motor-turbinado-e-preco-top\/#primaryimage"},"image":{"@id":"https:\/\/www.em.com.br\/emfoco\/2024\/11\/22\/onix-2025-chega-chutando-a-porta-com-motor-turbinado-e-preco-top\/#primaryimage"},"thumbnailUrl":"https:\/\/www.em.com.br\/emfoco\/wp-content\/uploads\/2024\/11\/481a18b6-16c6-4fb7-ab4d-e44b3c7a7512.png","datePublished":"2024-11-22T09:41:18+00:00","dateModified":"2024-11-22T11:17:18+00:00","author":{"@id":"https:\/\/www.em.com.br\/emfoco\/#\/schema\/person\/097c4a57cc4dc96be3b74aaf7185dd84"},"description":"A Chevrolet surpreendeu os entusiastas do Onix ao anunciar uma s\u00e9rie de atualiza\u00e7\u00f5es para o modelo. Inicialmente vistas como mudan\u00e7as","breadcrumb":{"@id":"https:\/\/www.em.com.br\/emfoco\/2024\/11\/22\/onix-2025-chega-chutando-a-porta-com-motor-turbinado-e-preco-top\/#breadcrumb"},"inLanguage":"pt-BR","potentialAction":[{"@type":"ReadAction","target":["https:\/\/www.em.com.br\/emfoco\/2024\/11\/22\/onix-2025-chega-chutando-a-porta-com-motor-turbinado-e-preco-top\/"]}]},{"@type":"ImageObject","inLanguage":"pt-BR","@id":"https:\/\/www.em.com.br\/emfoco\/2024\/11\/22\/onix-2025-chega-chutando-a-porta-com-motor-turbinado-e-preco-top\/#primaryimage","url":"https:\/\/www.em.com.br\/emfoco\/wp-content\/uploads\/2024\/11\/481a18b6-16c6-4fb7-ab4d-e44b3c7a7512.png","contentUrl":"https:\/\/www.em.com.br\/emfoco\/wp-content\/uploads\/2024\/11\/481a18b6-16c6-4fb7-ab4d-e44b3c7a7512.png","width":750,"height":375,"caption":"Onix 2025 chega chutando a porta com motor turbinado e pre\u00e7o top Foto: Divulga\u00e7\u00e3o \/ Chevrolet"},{"@type":"BreadcrumbList","@id":"https:\/\/www.em.com.br\/emfoco\/2024\/11\/22\/onix-2025-chega-chutando-a-porta-com-motor-turbinado-e-preco-top\/#breadcrumb","itemListElement":[{"@type":"ListItem","position":1,"name":"In\u00edcio","item":"https:\/\/www.em.com.br\/emfoco\/"},{"@type":"ListItem","position":2,"name":"Onix 2025 chega chutando a porta com motor turbinado e pre\u00e7o top"}]},{"@type":"WebSite","@id":"https:\/\/www.em.com.br\/emfoco\/#website","url":"https:\/\/www.em.com.br\/emfoco\/","name":"Estado de Minas - Em foco","description":"Acompanhe as \u00faltimas not\u00edcias e fique bem informado sobre tudo o que acontece em Minas Gerais, Brasil e no mundo.","potentialAction":[{"@type":"SearchAction","target":{"@type":"EntryPoint","urlTemplate":"https:\/\/www.em.com.br\/emfoco\/?s={search_term_string}"},"query-input":{"@type":"PropertyValueSpecification","valueRequired":true,"valueName":"search_term_string"}}],"inLanguage":"pt-BR"},{"@type":"Person","@id":"https:\/\/www.em.com.br\/emfoco\/#\/schema\/person\/097c4a57cc4dc96be3b74aaf7185dd84","name":"Guilherme","image":{"@type":"ImageObject","inLanguage":"pt-BR","@id":"https:\/\/www.em.com.br\/emfoco\/#\/schema\/person\/image\/","url":"https:\/\/secure.gravatar.com\/avatar\/6a059d20d980bdeb1d1d6b0fa2b4633c?s=96&d=mm&r=g","contentUrl":"https:\/\/secure.gravatar.com\/avatar\/6a059d20d980bdeb1d1d6b0fa2b4633c?s=96&d=mm&r=g","caption":"Guilherme"},"url":"https:\/\/www.em.com.br\/emfoco\/author\/guilhermemyth\/"}]}},"_links":{"self":[{"href":"https:\/\/www.em.com.br\/emfoco\/wp-json\/wp\/v2\/posts\/1171","targetHints":{"allow":["GET"]}}],"collection":[{"href":"https:\/\/www.em.com.br\/emfoco\/wp-json\/wp\/v2\/posts"}],"about":[{"href":"https:\/\/www.em.com.br\/emfoco\/wp-json\/wp\/v2\/types\/post"}],"author":[{"embeddable":true,"href":"https:\/\/www.em.com.br\/emfoco\/wp-json\/wp\/v2\/users\/2"}],"replies":[{"embeddable":true,"href":"https:\/\/www.em.com.br\/emfoco\/wp-json\/wp\/v2\/comments?post=1171"}],"version-history":[{"count":3,"href":"https:\/\/www.em.com.br\/emfoco\/wp-json\/wp\/v2\/posts\/1171\/revisions"}],"predecessor-version":[{"id":1175,"href":"https:\/\/www.em.com.br\/emfoco\/wp-json\/wp\/v2\/posts\/1171\/revisions\/1175"}],"wp:featuredmedia":[{"embeddable":true,"href":"https:\/\/www.em.com.br\/emfoco\/wp-json\/wp\/v2\/media\/1172"}],"wp:attachment":[{"href":"https:\/\/www.em.com.br\/emfoco\/wp-json\/wp\/v2\/media?parent=1171"}],"wp:term":[{"taxonomy":"category","embeddable":true,"href":"https:\/\/www.em.com.br\/emfoco\/wp-json\/wp\/v2\/categories?post=1171"},{"taxonomy":"post_tag","embeddable":true,"href":"https:\/\/www.em.com.br\/emfoco\/wp-json\/wp\/v2\/tags?post=1171"}],"curies":[{"name":"wp","href":"https:\/\/api.w.org\/{rel}","templated":true}]}}