{"id":11707,"date":"2025-01-19T09:20:00","date_gmt":"2025-01-19T12:20:00","guid":{"rendered":"https:\/\/www.em.com.br\/emfoco\/?p=11707"},"modified":"2025-01-19T04:29:11","modified_gmt":"2025-01-19T07:29:11","slug":"seu-seguro-desemprego-vai-aumentar","status":"publish","type":"post","link":"https:\/\/www.em.com.br\/emfoco\/2025\/01\/19\/seu-seguro-desemprego-vai-aumentar\/","title":{"rendered":"Seu seguro-desemprego vai aumentar?"},"content":{"rendered":"\n<p>O <a href=\"https:\/\/www.gov.br\/pt-br\" target=\"_blank\" rel=\"noreferrer noopener\">governo <\/a>brasileiro decidiu implementar <a href=\"https:\/\/www.em.com.br\/emfoco\/2025\/01\/09\/a-cidade-que-desafia-as-mudancas-climaticas-com-solucoes-inovadoras\/\" target=\"_blank\" rel=\"noreferrer noopener\">mudan\u00e7as <\/a>significativas no c\u00e1lculo dos <strong>valores do seguro-desemprego<\/strong>. A partir de 2025, um novo teto e um valor m\u00ednimo foram estabelecidos, com o objetivo de oferecer maior suporte financeiro aos trabalhadores que perderam seus empregos sem justa causa. O <em>teto m\u00e1ximo<\/em> agora ser\u00e1 de R$ 2.424,11, enquanto o m\u00ednimo corresponder\u00e1 ao sal\u00e1rio m\u00ednimo vigente, que \u00e9 de R$ 1.518,00.<\/p>\n\n\n\n<p>Essas mudan\u00e7as procuram alinhar o benef\u00edcio \u00e0s condi\u00e7\u00f5es econ\u00f4micas atuais, ampliando o apoio aos trabalhadores que anteriormente recebiam sal\u00e1rios mais altos. Assim, a nova medida garante que todos os benefici\u00e1rios mantenham ou aumentem seu poder de compra, um ponto cr\u00edtico durante o tempo de procura de novo emprego.<\/p>\n\n\n<div class=\"wp-block-image\">\n<figure class=\"aligncenter size-large\"><img loading=\"lazy\" decoding=\"async\" width=\"1024\" height=\"576\" src=\"https:\/\/www.em.com.br\/emfoco\/wp-content\/uploads\/2024\/12\/Brazil-Money_1734624688333-1024x576.jpg\" alt=\"\" class=\"wp-image-5727\" srcset=\"https:\/\/www.em.com.br\/emfoco\/wp-content\/uploads\/2024\/12\/Brazil-Money_1734624688333-1024x576.jpg 1024w, https:\/\/www.em.com.br\/emfoco\/wp-content\/uploads\/2024\/12\/Brazil-Money_1734624688333-300x169.jpg 300w, https:\/\/www.em.com.br\/emfoco\/wp-content\/uploads\/2024\/12\/Brazil-Money_1734624688333-768x432.jpg 768w, https:\/\/www.em.com.br\/emfoco\/wp-content\/uploads\/2024\/12\/Brazil-Money_1734624688333-750x422.jpg 750w, https:\/\/www.em.com.br\/emfoco\/wp-content\/uploads\/2024\/12\/Brazil-Money_1734624688333-1140x641.jpg 1140w, https:\/\/www.em.com.br\/emfoco\/wp-content\/uploads\/2024\/12\/Brazil-Money_1734624688333.jpg 1280w\" sizes=\"auto, (max-width: 1024px) 100vw, 1024px\" \/><figcaption class=\"wp-element-caption\">Dinheiro &#8211; Cr\u00e9ditos: depositphotos.com \/ sidneydealmeida<\/figcaption><\/figure><\/div>\n\n\n<h2 class=\"wp-block-heading\">Quais Foram as Principais Altera\u00e7\u00f5es no Benef\u00edcio?<\/h2>\n\n\n\n<p>O reajuste introduziu diversas mudan\u00e7as importantes para os trabalhadores que perderam o emprego. Confira a seguir as principais altera\u00e7\u00f5es:<\/p>\n\n\n\n<ul class=\"wp-block-list\">\n<li><strong>Eleva\u00e7\u00e3o do valor m\u00e1ximo:<\/strong> O ajuste elevou o teto do seguro-desemprego, permitindo que aqueles com sal\u00e1rios mais altos antes de serem demitidos possam receber um benef\u00edcio mais representativo de sua remunera\u00e7\u00e3o anterior.<\/li>\n\n\n\n<li><strong>Atualiza\u00e7\u00e3o do valor m\u00ednimo:<\/strong> Independentemente de sua classe salarial anterior, nenhum trabalhador receber\u00e1 menos do que o sal\u00e1rio m\u00ednimo em vigor.<\/li>\n\n\n\n<li><strong>Nova tabela de c\u00e1lculo:<\/strong> O c\u00e1lculo do seguro-desemprego passa a considerar faixas salariais espec\u00edficas e percentuais proporcionais ao que o trabalhador recebia, promovendo um maior equil\u00edbrio financeiro para quem busca recoloca\u00e7\u00e3o.<\/li>\n<\/ul>\n\n\n\n<h2 class=\"wp-block-heading\">Quem Est\u00e1 Eleg\u00edvel para o Seguro-Desemprego?<\/h2>\n\n\n\n<p>\u00c9 importante entender quem pode, de fato, requisitar o <em>seguro-desemprego<\/em>. Os crit\u00e9rios s\u00e3o claros e visam assegurar que o benef\u00edcio atenda \u00e0s necessidades b\u00e1sicas do trabalhador desempregado:<\/p>\n\n\n\n<ol class=\"wp-block-list\">\n<li>Ter sido demitido sem justa causa.<\/li>\n\n\n\n<li>Estar sem emprego no momento da solicita\u00e7\u00e3o.<\/li>\n\n\n\n<li>Comprovar que trabalhou com carteira assinada por, pelo menos, 12 meses nos \u00faltimos 18 meses.<\/li>\n\n\n\n<li>No momento do pedido, n\u00e3o possuir outra fonte de renda.<\/li>\n\n\n\n<li>N\u00e3o estar recebendo outro benef\u00edcio previdenci\u00e1rio, como pens\u00e3o ou aux\u00edlio-acidente.<\/li>\n<\/ol>\n\n\n\n<h2 class=\"wp-block-heading\">Como Solicitar o Seguro-Desemprego?<\/h2>\n\n\n\n<p>O interessado pode solicitar o seguro-desemprego de forma presencial ou pela internet. As op\u00e7\u00f5es vigentes incluem:<\/p>\n\n\n\n<ul class=\"wp-block-list\">\n<li>Dirigir-se a uma das Superintend\u00eancias Regionais do Trabalho e Emprego (SRTEs) ou a uma unidade do Sistema Nacional de Emprego (SINE).<\/li>\n\n\n\n<li>Utilizar o Portal Gov.br ou o aplicativo Carteira de Trabalho Digital para efetuar o pedido online.<\/li>\n<\/ul>\n\n\n\n<h2 class=\"wp-block-heading\">O Que Motivou o Reajuste do Seguro-Desemprego?<\/h2>\n\n\n\n<p>Os ajustes no seguro-desemprego visam n\u00e3o apenas oferecer uma renda m\u00ednima b\u00e1sica aos demitidos, mas tamb\u00e9m t\u00eam um efeito colateral positivo: estimular a economia. Os <strong>benefici\u00e1rios<\/strong> com maior poder de compra tendem a manter o consumo no mercado, impulsionando atividades econ\u00f4micas locais e promovendo crescimento econ\u00f4mico sustentado.<\/p>\n\n\n\n<p>Acompanhar e adaptar-se \u00e0s mudan\u00e7as econ\u00f4micas \u00e9 essencial para que o <em>benef\u00edcio<\/em> continue a atender seu prop\u00f3sito prim\u00e1rio: fornecer seguran\u00e7a financeira b\u00e1sica durante o <strong>desemprego<\/strong>.<\/p>\n","protected":false},"excerpt":{"rendered":"<p>O governo brasileiro decidiu implementar mudan\u00e7as significativas no c\u00e1lculo dos valores do seguro-desemprego. A partir de 2025, um novo teto e um valor m\u00ednimo foram estabelecidos, com o objetivo de oferecer maior suporte financeiro aos trabalhadores que perderam seus empregos sem justa causa. O teto m\u00e1ximo agora ser\u00e1 de R$ 2.424,11, enquanto o m\u00ednimo corresponder\u00e1 [&hellip;]<\/p>\n","protected":false},"author":7,"featured_media":6111,"comment_status":"open","ping_status":"open","sticky":false,"template":"","format":"standard","meta":{"jnews-multi-image_gallery":[],"jnews_single_post":{"format":"standard"},"jnews_primary_category":[],"jnews_social_meta":[],"jnews_override_counter":[],"footnotes":""},"categories":[28],"tags":[1833,1779,1832,264],"class_list":["post-11707","post","type-post","status-publish","format-standard","has-post-thumbnail","hentry","category-economia","tag-desemprego","tag-reajuste","tag-seguro-desemprego","tag-trabalhadores"],"yoast_head":"<!-- This site is optimized with the Yoast SEO plugin v23.8 - https:\/\/yoast.com\/wordpress\/plugins\/seo\/ -->\n<title>Seu seguro-desemprego vai aumentar? - Estado de Minas - Em foco<\/title>\n<meta name=\"description\" content=\"Entenda as novas regras do seguro-desemprego no Brasil.\" \/>\n<meta name=\"robots\" content=\"index, follow, max-snippet:-1, max-image-preview:large, max-video-preview:-1\" \/>\n<link rel=\"canonical\" href=\"https:\/\/www.em.com.br\/emfoco\/2025\/01\/19\/seu-seguro-desemprego-vai-aumentar\/\" \/>\n<meta property=\"og:locale\" content=\"pt_BR\" \/>\n<meta property=\"og:type\" content=\"article\" \/>\n<meta property=\"og:title\" content=\"Seu seguro-desemprego vai aumentar? - Estado de Minas - Em foco\" \/>\n<meta property=\"og:description\" content=\"Entenda as novas regras do seguro-desemprego no Brasil.\" \/>\n<meta property=\"og:url\" content=\"https:\/\/www.em.com.br\/emfoco\/2025\/01\/19\/seu-seguro-desemprego-vai-aumentar\/\" \/>\n<meta property=\"og:site_name\" content=\"Estado de Minas - Em foco\" \/>\n<meta property=\"article:published_time\" content=\"2025-01-19T12:20:00+00:00\" \/>\n<meta property=\"article:modified_time\" content=\"2025-01-19T07:29:11+00:00\" \/>\n<meta property=\"og:image\" content=\"https:\/\/www.em.com.br\/emfoco\/wp-content\/uploads\/2024\/12\/CLT_1734802341009.jpg\" \/>\n\t<meta property=\"og:image:width\" content=\"1280\" \/>\n\t<meta property=\"og:image:height\" content=\"720\" \/>\n\t<meta property=\"og:image:type\" content=\"image\/jpeg\" \/>\n<meta name=\"author\" content=\"Kelvin\" \/>\n<meta name=\"twitter:card\" content=\"summary_large_image\" \/>\n<meta name=\"twitter:label1\" content=\"Escrito por\" \/>\n\t<meta name=\"twitter:data1\" content=\"Kelvin\" \/>\n\t<meta name=\"twitter:label2\" content=\"Est. tempo de leitura\" \/>\n\t<meta name=\"twitter:data2\" content=\"3 minutos\" \/>\n<!-- \/ Yoast SEO plugin. -->","yoast_head_json":{"title":"Seu seguro-desemprego vai aumentar? - Estado de Minas - Em foco","description":"Entenda as novas regras do seguro-desemprego no Brasil.","robots":{"index":"index","follow":"follow","max-snippet":"max-snippet:-1","max-image-preview":"max-image-preview:large","max-video-preview":"max-video-preview:-1"},"canonical":"https:\/\/www.em.com.br\/emfoco\/2025\/01\/19\/seu-seguro-desemprego-vai-aumentar\/","og_locale":"pt_BR","og_type":"article","og_title":"Seu seguro-desemprego vai aumentar? - Estado de Minas - Em foco","og_description":"Entenda as novas regras do seguro-desemprego no Brasil.","og_url":"https:\/\/www.em.com.br\/emfoco\/2025\/01\/19\/seu-seguro-desemprego-vai-aumentar\/","og_site_name":"Estado de Minas - Em foco","article_published_time":"2025-01-19T12:20:00+00:00","article_modified_time":"2025-01-19T07:29:11+00:00","og_image":[{"width":1280,"height":720,"url":"https:\/\/www.em.com.br\/emfoco\/wp-content\/uploads\/2024\/12\/CLT_1734802341009.jpg","type":"image\/jpeg"}],"author":"Kelvin","twitter_card":"summary_large_image","twitter_misc":{"Escrito por":"Kelvin","Est. tempo de leitura":"3 minutos"},"schema":{"@context":"https:\/\/schema.org","@graph":[{"@type":"WebPage","@id":"https:\/\/www.em.com.br\/emfoco\/2025\/01\/19\/seu-seguro-desemprego-vai-aumentar\/","url":"https:\/\/www.em.com.br\/emfoco\/2025\/01\/19\/seu-seguro-desemprego-vai-aumentar\/","name":"Seu seguro-desemprego vai aumentar? - Estado de Minas - Em foco","isPartOf":{"@id":"https:\/\/www.em.com.br\/emfoco\/#website"},"primaryImageOfPage":{"@id":"https:\/\/www.em.com.br\/emfoco\/2025\/01\/19\/seu-seguro-desemprego-vai-aumentar\/#primaryimage"},"image":{"@id":"https:\/\/www.em.com.br\/emfoco\/2025\/01\/19\/seu-seguro-desemprego-vai-aumentar\/#primaryimage"},"thumbnailUrl":"https:\/\/www.em.com.br\/emfoco\/wp-content\/uploads\/2024\/12\/CLT_1734802341009.jpg","datePublished":"2025-01-19T12:20:00+00:00","dateModified":"2025-01-19T07:29:11+00:00","author":{"@id":"https:\/\/www.em.com.br\/emfoco\/#\/schema\/person\/fb0a7f48c6fbb94b83f413a80f61917d"},"description":"Entenda as novas regras do seguro-desemprego no Brasil.","breadcrumb":{"@id":"https:\/\/www.em.com.br\/emfoco\/2025\/01\/19\/seu-seguro-desemprego-vai-aumentar\/#breadcrumb"},"inLanguage":"pt-BR","potentialAction":[{"@type":"ReadAction","target":["https:\/\/www.em.com.br\/emfoco\/2025\/01\/19\/seu-seguro-desemprego-vai-aumentar\/"]}]},{"@type":"ImageObject","inLanguage":"pt-BR","@id":"https:\/\/www.em.com.br\/emfoco\/2025\/01\/19\/seu-seguro-desemprego-vai-aumentar\/#primaryimage","url":"https:\/\/www.em.com.br\/emfoco\/wp-content\/uploads\/2024\/12\/CLT_1734802341009.jpg","contentUrl":"https:\/\/www.em.com.br\/emfoco\/wp-content\/uploads\/2024\/12\/CLT_1734802341009.jpg","width":1280,"height":720,"caption":"CLT - Cr\u00e9ditos: depositphotos.com \/ rafapress"},{"@type":"BreadcrumbList","@id":"https:\/\/www.em.com.br\/emfoco\/2025\/01\/19\/seu-seguro-desemprego-vai-aumentar\/#breadcrumb","itemListElement":[{"@type":"ListItem","position":1,"name":"In\u00edcio","item":"https:\/\/www.em.com.br\/emfoco\/"},{"@type":"ListItem","position":2,"name":"Seu seguro-desemprego vai aumentar?"}]},{"@type":"WebSite","@id":"https:\/\/www.em.com.br\/emfoco\/#website","url":"https:\/\/www.em.com.br\/emfoco\/","name":"Estado de Minas - Em foco","description":"Acompanhe as \u00faltimas not\u00edcias e fique bem informado sobre tudo o que acontece em Minas Gerais, Brasil e no mundo.","potentialAction":[{"@type":"SearchAction","target":{"@type":"EntryPoint","urlTemplate":"https:\/\/www.em.com.br\/emfoco\/?s={search_term_string}"},"query-input":{"@type":"PropertyValueSpecification","valueRequired":true,"valueName":"search_term_string"}}],"inLanguage":"pt-BR"},{"@type":"Person","@id":"https:\/\/www.em.com.br\/emfoco\/#\/schema\/person\/fb0a7f48c6fbb94b83f413a80f61917d","name":"Kelvin","image":{"@type":"ImageObject","inLanguage":"pt-BR","@id":"https:\/\/www.em.com.br\/emfoco\/#\/schema\/person\/image\/","url":"https:\/\/secure.gravatar.com\/avatar\/e74f84337e6bf6c4c5e88fbdffa05270?s=96&d=mm&r=g","contentUrl":"https:\/\/secure.gravatar.com\/avatar\/e74f84337e6bf6c4c5e88fbdffa05270?s=96&d=mm&r=g","caption":"Kelvin"},"sameAs":["https:\/\/www.em.com.br\/emfoco"],"url":"https:\/\/www.em.com.br\/emfoco\/author\/kelvinmyth\/"}]}},"_links":{"self":[{"href":"https:\/\/www.em.com.br\/emfoco\/wp-json\/wp\/v2\/posts\/11707","targetHints":{"allow":["GET"]}}],"collection":[{"href":"https:\/\/www.em.com.br\/emfoco\/wp-json\/wp\/v2\/posts"}],"about":[{"href":"https:\/\/www.em.com.br\/emfoco\/wp-json\/wp\/v2\/types\/post"}],"author":[{"embeddable":true,"href":"https:\/\/www.em.com.br\/emfoco\/wp-json\/wp\/v2\/users\/7"}],"replies":[{"embeddable":true,"href":"https:\/\/www.em.com.br\/emfoco\/wp-json\/wp\/v2\/comments?post=11707"}],"version-history":[{"count":2,"href":"https:\/\/www.em.com.br\/emfoco\/wp-json\/wp\/v2\/posts\/11707\/revisions"}],"predecessor-version":[{"id":11710,"href":"https:\/\/www.em.com.br\/emfoco\/wp-json\/wp\/v2\/posts\/11707\/revisions\/11710"}],"wp:featuredmedia":[{"embeddable":true,"href":"https:\/\/www.em.com.br\/emfoco\/wp-json\/wp\/v2\/media\/6111"}],"wp:attachment":[{"href":"https:\/\/www.em.com.br\/emfoco\/wp-json\/wp\/v2\/media?parent=11707"}],"wp:term":[{"taxonomy":"category","embeddable":true,"href":"https:\/\/www.em.com.br\/emfoco\/wp-json\/wp\/v2\/categories?post=11707"},{"taxonomy":"post_tag","embeddable":true,"href":"https:\/\/www.em.com.br\/emfoco\/wp-json\/wp\/v2\/tags?post=11707"}],"curies":[{"name":"wp","href":"https:\/\/api.w.org\/{rel}","templated":true}]}}