{"id":116867,"date":"2025-10-19T20:45:44","date_gmt":"2025-10-19T23:45:44","guid":{"rendered":"https:\/\/www.em.com.br\/emfoco\/?p=116867"},"modified":"2025-10-18T13:54:10","modified_gmt":"2025-10-18T16:54:10","slug":"labios-ressecados-este-hidratante-pouco-conhecido-pode-resolver-tudo","status":"publish","type":"post","link":"https:\/\/www.em.com.br\/emfoco\/2025\/10\/19\/labios-ressecados-este-hidratante-pouco-conhecido-pode-resolver-tudo\/","title":{"rendered":"L\u00e1bios ressecados? Este hidratante pouco conhecido pode resolver tudo"},"content":{"rendered":"\n<p>O <strong>inverno<\/strong> est\u00e1 se aproximando, trazendo consigo uma s\u00e9rie de desconfortos para a pele, e entre os problemas mais frequentes surgem os <strong>l\u00e1bios secos e rachados<\/strong>. Se voc\u00ea j\u00e1 notou que os tradicionais protetores labiais n\u00e3o t\u00eam sido suficientes, a <strong>manteiga de abacate<\/strong> pode ser a alternativa revolucion\u00e1ria e ainda pouco conhecida que seu ritual de cuidados precisa.<\/p>\n\n\n\n<ul class=\"wp-block-list\">\n<li>A <strong>manteiga de abacate<\/strong> \u00e9 um poderoso <strong>emoliente natural<\/strong>.<\/li>\n\n\n\n<li>\u00c9 extremamente <strong>rica em \u00e1cidos graxos essenciais<\/strong> e <strong>antioxidantes<\/strong>.<\/li>\n\n\n\n<li>De <strong>f\u00e1cil aplica\u00e7\u00e3o<\/strong>, pode ser usada v\u00e1rias vezes ao dia sem complica\u00e7\u00f5es.<\/li>\n<\/ul>\n\n\n\n<h2 class=\"wp-block-heading\">O que \u00e9 a manteiga de abacate?<\/h2>\n\n\n\n<p>Extra\u00edda diretamente da <strong>polpa do abacate<\/strong>, a <strong>manteiga de abacate<\/strong> \u00e9 um emoliente natural bastante utilizado em <strong>cuidados labiais<\/strong> e corporais. De acordo com diversos estudos, ela n\u00e3o s\u00f3 atua como potente <strong>agente hidratante<\/strong>, mas tamb\u00e9m como <strong>espessante e reparador<\/strong> das \u00e1reas ressecadas da pele.<\/p>\n\n\n\n<h2 class=\"wp-block-heading\">Por que usar a manteiga de abacate?<\/h2>\n\n\n\n<p>Este <strong>superingrediente<\/strong> \u00e9 <strong>rico em \u00e1cidos graxos<\/strong> como o <a href=\"https:\/\/brasil.pochteca.net\/produtos\/acido-oleico\/\" target=\"_blank\" rel=\"noreferrer noopener\">\u00e1cido oleico<\/a> e <strong>\u00e1cido linoleico<\/strong>, al\u00e9m de conter <strong>antioxidantes<\/strong> altamente ben\u00e9ficos para a sa\u00fade da pele. Tais componentes fortalecem a <strong>barreira cut\u00e2nea<\/strong>, diminuem <strong>inflama\u00e7\u00f5es<\/strong> e promovem uma maior <strong>cicatriza\u00e7\u00e3o<\/strong> de \u00e1reas danificadas \u2014 perfeito para <strong>l\u00e1bios expostos ao frio ou vento<\/strong>. Outro benef\u00edcio importante \u00e9 que, ao contr\u00e1rio de algumas solu\u00e7\u00f5es industrializadas, ela \u00e9 livre de parabenos, silicones e fragr\u00e2ncias artificiais, tornando-se ideal para quem busca uma alternativa natural e suave, inclusive para peles sens\u00edveis.<\/p>\n\n\n<div class=\"wp-block-image\">\n<figure class=\"aligncenter size-large\"><img loading=\"lazy\" decoding=\"async\" width=\"1024\" height=\"576\" src=\"https:\/\/www.em.com.br\/emfoco\/wp-content\/uploads\/2025\/06\/Labios-hidratante_1748699414307-1024x576.jpg\" alt=\"\" class=\"wp-image-53818\" srcset=\"https:\/\/www.em.com.br\/emfoco\/wp-content\/uploads\/2025\/06\/Labios-hidratante_1748699414307-1024x576.jpg 1024w, https:\/\/www.em.com.br\/emfoco\/wp-content\/uploads\/2025\/06\/Labios-hidratante_1748699414307-300x169.jpg 300w, https:\/\/www.em.com.br\/emfoco\/wp-content\/uploads\/2025\/06\/Labios-hidratante_1748699414307-768x432.jpg 768w, https:\/\/www.em.com.br\/emfoco\/wp-content\/uploads\/2025\/06\/Labios-hidratante_1748699414307-750x422.jpg 750w, https:\/\/www.em.com.br\/emfoco\/wp-content\/uploads\/2025\/06\/Labios-hidratante_1748699414307-1140x641.jpg 1140w, https:\/\/www.em.com.br\/emfoco\/wp-content\/uploads\/2025\/06\/Labios-hidratante_1748699414307.jpg 1280w\" sizes=\"auto, (max-width: 1024px) 100vw, 1024px\" \/><figcaption class=\"wp-element-caption\">L\u00e1bios hidratados &#8211; Cr\u00e9ditos: depositphotos.com \/ makistock<\/figcaption><\/figure><\/div>\n\n\n<p>Leia tamb\u00e9m: <a href=\"https:\/\/www.em.com.br\/emfoco\/2025\/10\/17\/o-oleo-capilar-que-esta-transformando-cabelos-secos-e-sem-vida\/\" target=\"_blank\" rel=\"noopener\">O \u00f3leo capilar que est\u00e1 transformando cabelos secos e sem vida<\/a><\/p>\n\n\n\n<h2 class=\"wp-block-heading\">Como utilizar a manteiga de abacate?<\/h2>\n\n\n\n<p>\u00c9 poss\u00edvel adquirir <strong>manteiga de abacate org\u00e2nica<\/strong> em lojas especializadas em produtos naturais, mas tamb\u00e9m d\u00e1 para prepar\u00e1-la em casa batendo a <strong>polpa do abacate<\/strong> no liquidificador at\u00e9 obter uma textura cremosa. Aplique uma pequena quantidade nos l\u00e1bios utilizando o dedo limpo ou um cotonete, sempre que sentir seus l\u00e1bios <strong>ressecados<\/strong> ou precisar de prote\u00e7\u00e3o extra. Alternar o uso noturno e diurno potencializa ainda mais os resultados, promovendo a repara\u00e7\u00e3o enquanto voc\u00ea dorme.<\/p>\n\n\n\n<h2 class=\"wp-block-heading\">Como transformar os l\u00e1bios neste pr\u00f3ximo inverno?<\/h2>\n\n\n\n<ul class=\"wp-block-list\">\n<li>A <strong>manteiga de abacate<\/strong> \u00e9 uma solu\u00e7\u00e3o natural e poderosa contra <strong>l\u00e1bios rachados<\/strong>.<\/li>\n\n\n\n<li>Pode ser utilizada diversas vezes ao dia, garantindo <strong>hidrata\u00e7\u00e3o cont\u00ednua<\/strong>.<\/li>\n\n\n\n<li>Oferece uma sensa\u00e7\u00e3o <strong>rica e eficiente<\/strong>, sem deixar os l\u00e1bios pegajosos.<\/li>\n<\/ul>\n\n\n\n<p><strong>Natural<\/strong>, <strong>eficaz<\/strong> e extremamente <strong>delicada<\/strong>, a manteiga de abacate \u00e9 o mais novo aliado indispens\u00e1vel para seus l\u00e1bios neste inverno. Incorporar esse gesto simples \u00e0 sua rotina pode ser o diferencial no combate ao <strong>ressecamento<\/strong> e \u00e0s <strong>rachaduras<\/strong>, proporcionando l\u00e1bios sempre bonitos e saud\u00e1veis. <\/p>\n","protected":false},"excerpt":{"rendered":"<p>O inverno est\u00e1 se aproximando, trazendo consigo uma s\u00e9rie de desconfortos para a pele, e entre os problemas mais frequentes surgem os l\u00e1bios secos e rachados. Se voc\u00ea j\u00e1 notou que os tradicionais protetores labiais n\u00e3o t\u00eam sido suficientes, a manteiga de abacate pode ser a alternativa revolucion\u00e1ria e ainda pouco conhecida que seu ritual [&hellip;]<\/p>\n","protected":false},"author":9,"featured_media":96273,"comment_status":"open","ping_status":"open","sticky":false,"template":"","format":"standard","meta":{"jnews-multi-image_gallery":[],"jnews_single_post":{"format":"standard"},"jnews_primary_category":[],"jnews_social_meta":[],"jnews_override_counter":[],"footnotes":""},"categories":[8691,8819,1],"tags":[2868,1221,9586],"class_list":["post-116867","post","type-post","status-publish","format-standard","has-post-thumbnail","hentry","category-bem-estar","category-curiosidades","category-noticias","tag-abacate","tag-inverno","tag-labios"],"yoast_head":"<!-- This site is optimized with the Yoast SEO plugin v23.8 - https:\/\/yoast.com\/wordpress\/plugins\/seo\/ -->\n<title>L\u00e1bios ressecados? Este hidratante pouco conhecido pode resolver tudo<\/title>\n<meta name=\"description\" content=\"L\u00e1bios secos e rachados? Use manteiga de abacate natural para hidrata\u00e7\u00e3o intensa, repara\u00e7\u00e3o e prote\u00e7\u00e3o contra frio e vento.\" \/>\n<meta name=\"robots\" content=\"index, follow, max-snippet:-1, max-image-preview:large, max-video-preview:-1\" \/>\n<link rel=\"canonical\" href=\"https:\/\/www.em.com.br\/emfoco\/2025\/10\/19\/labios-ressecados-este-hidratante-pouco-conhecido-pode-resolver-tudo\/\" \/>\n<meta property=\"og:locale\" content=\"pt_BR\" \/>\n<meta property=\"og:type\" content=\"article\" \/>\n<meta property=\"og:title\" content=\"L\u00e1bios ressecados? Este hidratante pouco conhecido pode resolver tudo\" \/>\n<meta property=\"og:description\" content=\"L\u00e1bios secos e rachados? Use manteiga de abacate natural para hidrata\u00e7\u00e3o intensa, repara\u00e7\u00e3o e prote\u00e7\u00e3o contra frio e vento.\" \/>\n<meta property=\"og:url\" content=\"https:\/\/www.em.com.br\/emfoco\/2025\/10\/19\/labios-ressecados-este-hidratante-pouco-conhecido-pode-resolver-tudo\/\" \/>\n<meta property=\"og:site_name\" content=\"Estado de Minas - Em foco\" \/>\n<meta property=\"article:published_time\" content=\"2025-10-19T23:45:44+00:00\" \/>\n<meta property=\"article:modified_time\" content=\"2025-10-18T16:54:10+00:00\" \/>\n<meta property=\"og:image\" content=\"https:\/\/www.em.com.br\/emfoco\/wp-content\/uploads\/2025\/08\/gloss-labios_1756130782586.jpg\" \/>\n\t<meta property=\"og:image:width\" content=\"1280\" \/>\n\t<meta property=\"og:image:height\" content=\"720\" \/>\n\t<meta property=\"og:image:type\" content=\"image\/jpeg\" \/>\n<meta name=\"author\" content=\"Daniely Cardoso\" \/>\n<meta name=\"twitter:card\" content=\"summary_large_image\" \/>\n<meta name=\"twitter:label1\" content=\"Escrito por\" \/>\n\t<meta name=\"twitter:data1\" content=\"Daniely Cardoso\" \/>\n\t<meta name=\"twitter:label2\" content=\"Est. tempo de leitura\" \/>\n\t<meta name=\"twitter:data2\" content=\"3 minutos\" \/>\n<!-- \/ Yoast SEO plugin. -->","yoast_head_json":{"title":"L\u00e1bios ressecados? Este hidratante pouco conhecido pode resolver tudo","description":"L\u00e1bios secos e rachados? Use manteiga de abacate natural para hidrata\u00e7\u00e3o intensa, repara\u00e7\u00e3o e prote\u00e7\u00e3o contra frio e vento.","robots":{"index":"index","follow":"follow","max-snippet":"max-snippet:-1","max-image-preview":"max-image-preview:large","max-video-preview":"max-video-preview:-1"},"canonical":"https:\/\/www.em.com.br\/emfoco\/2025\/10\/19\/labios-ressecados-este-hidratante-pouco-conhecido-pode-resolver-tudo\/","og_locale":"pt_BR","og_type":"article","og_title":"L\u00e1bios ressecados? Este hidratante pouco conhecido pode resolver tudo","og_description":"L\u00e1bios secos e rachados? Use manteiga de abacate natural para hidrata\u00e7\u00e3o intensa, repara\u00e7\u00e3o e prote\u00e7\u00e3o contra frio e vento.","og_url":"https:\/\/www.em.com.br\/emfoco\/2025\/10\/19\/labios-ressecados-este-hidratante-pouco-conhecido-pode-resolver-tudo\/","og_site_name":"Estado de Minas - Em foco","article_published_time":"2025-10-19T23:45:44+00:00","article_modified_time":"2025-10-18T16:54:10+00:00","og_image":[{"width":1280,"height":720,"url":"https:\/\/www.em.com.br\/emfoco\/wp-content\/uploads\/2025\/08\/gloss-labios_1756130782586.jpg","type":"image\/jpeg"}],"author":"Daniely Cardoso","twitter_card":"summary_large_image","twitter_misc":{"Escrito por":"Daniely Cardoso","Est. tempo de leitura":"3 minutos"},"schema":{"@context":"https:\/\/schema.org","@graph":[{"@type":"WebPage","@id":"https:\/\/www.em.com.br\/emfoco\/2025\/10\/19\/labios-ressecados-este-hidratante-pouco-conhecido-pode-resolver-tudo\/","url":"https:\/\/www.em.com.br\/emfoco\/2025\/10\/19\/labios-ressecados-este-hidratante-pouco-conhecido-pode-resolver-tudo\/","name":"L\u00e1bios ressecados? Este hidratante pouco conhecido pode resolver tudo","isPartOf":{"@id":"https:\/\/www.em.com.br\/emfoco\/#website"},"primaryImageOfPage":{"@id":"https:\/\/www.em.com.br\/emfoco\/2025\/10\/19\/labios-ressecados-este-hidratante-pouco-conhecido-pode-resolver-tudo\/#primaryimage"},"image":{"@id":"https:\/\/www.em.com.br\/emfoco\/2025\/10\/19\/labios-ressecados-este-hidratante-pouco-conhecido-pode-resolver-tudo\/#primaryimage"},"thumbnailUrl":"https:\/\/www.em.com.br\/emfoco\/wp-content\/uploads\/2025\/08\/gloss-labios_1756130782586.jpg","datePublished":"2025-10-19T23:45:44+00:00","dateModified":"2025-10-18T16:54:10+00:00","author":{"@id":"https:\/\/www.em.com.br\/emfoco\/#\/schema\/person\/0a8186d72f2c3a5c6276d90b41f271a0"},"description":"L\u00e1bios secos e rachados? Use manteiga de abacate natural para hidrata\u00e7\u00e3o intensa, repara\u00e7\u00e3o e prote\u00e7\u00e3o contra frio e vento.","breadcrumb":{"@id":"https:\/\/www.em.com.br\/emfoco\/2025\/10\/19\/labios-ressecados-este-hidratante-pouco-conhecido-pode-resolver-tudo\/#breadcrumb"},"inLanguage":"pt-BR","potentialAction":[{"@type":"ReadAction","target":["https:\/\/www.em.com.br\/emfoco\/2025\/10\/19\/labios-ressecados-este-hidratante-pouco-conhecido-pode-resolver-tudo\/"]}]},{"@type":"ImageObject","inLanguage":"pt-BR","@id":"https:\/\/www.em.com.br\/emfoco\/2025\/10\/19\/labios-ressecados-este-hidratante-pouco-conhecido-pode-resolver-tudo\/#primaryimage","url":"https:\/\/www.em.com.br\/emfoco\/wp-content\/uploads\/2025\/08\/gloss-labios_1756130782586.jpg","contentUrl":"https:\/\/www.em.com.br\/emfoco\/wp-content\/uploads\/2025\/08\/gloss-labios_1756130782586.jpg","width":1280,"height":720,"caption":"Manteiga- Cr\u00e9ditos: depositphotos.com \/ AllaSerebrina"},{"@type":"BreadcrumbList","@id":"https:\/\/www.em.com.br\/emfoco\/2025\/10\/19\/labios-ressecados-este-hidratante-pouco-conhecido-pode-resolver-tudo\/#breadcrumb","itemListElement":[{"@type":"ListItem","position":1,"name":"In\u00edcio","item":"https:\/\/www.em.com.br\/emfoco\/"},{"@type":"ListItem","position":2,"name":"L\u00e1bios ressecados? Este hidratante pouco conhecido pode resolver tudo"}]},{"@type":"WebSite","@id":"https:\/\/www.em.com.br\/emfoco\/#website","url":"https:\/\/www.em.com.br\/emfoco\/","name":"Estado de Minas - Em foco","description":"Acompanhe as \u00faltimas not\u00edcias e fique bem informado sobre tudo o que acontece em Minas Gerais, Brasil e no mundo.","potentialAction":[{"@type":"SearchAction","target":{"@type":"EntryPoint","urlTemplate":"https:\/\/www.em.com.br\/emfoco\/?s={search_term_string}"},"query-input":{"@type":"PropertyValueSpecification","valueRequired":true,"valueName":"search_term_string"}}],"inLanguage":"pt-BR"},{"@type":"Person","@id":"https:\/\/www.em.com.br\/emfoco\/#\/schema\/person\/0a8186d72f2c3a5c6276d90b41f271a0","name":"Daniely Cardoso","image":{"@type":"ImageObject","inLanguage":"pt-BR","@id":"https:\/\/www.em.com.br\/emfoco\/#\/schema\/person\/image\/","url":"https:\/\/secure.gravatar.com\/avatar\/4b80ddbd124d1f071b626d52d62e5dff?s=96&d=mm&r=g","contentUrl":"https:\/\/secure.gravatar.com\/avatar\/4b80ddbd124d1f071b626d52d62e5dff?s=96&d=mm&r=g","caption":"Daniely Cardoso"},"url":"https:\/\/www.em.com.br\/emfoco\/author\/danielymyth\/"}]}},"_links":{"self":[{"href":"https:\/\/www.em.com.br\/emfoco\/wp-json\/wp\/v2\/posts\/116867","targetHints":{"allow":["GET"]}}],"collection":[{"href":"https:\/\/www.em.com.br\/emfoco\/wp-json\/wp\/v2\/posts"}],"about":[{"href":"https:\/\/www.em.com.br\/emfoco\/wp-json\/wp\/v2\/types\/post"}],"author":[{"embeddable":true,"href":"https:\/\/www.em.com.br\/emfoco\/wp-json\/wp\/v2\/users\/9"}],"replies":[{"embeddable":true,"href":"https:\/\/www.em.com.br\/emfoco\/wp-json\/wp\/v2\/comments?post=116867"}],"version-history":[{"count":2,"href":"https:\/\/www.em.com.br\/emfoco\/wp-json\/wp\/v2\/posts\/116867\/revisions"}],"predecessor-version":[{"id":116919,"href":"https:\/\/www.em.com.br\/emfoco\/wp-json\/wp\/v2\/posts\/116867\/revisions\/116919"}],"wp:featuredmedia":[{"embeddable":true,"href":"https:\/\/www.em.com.br\/emfoco\/wp-json\/wp\/v2\/media\/96273"}],"wp:attachment":[{"href":"https:\/\/www.em.com.br\/emfoco\/wp-json\/wp\/v2\/media?parent=116867"}],"wp:term":[{"taxonomy":"category","embeddable":true,"href":"https:\/\/www.em.com.br\/emfoco\/wp-json\/wp\/v2\/categories?post=116867"},{"taxonomy":"post_tag","embeddable":true,"href":"https:\/\/www.em.com.br\/emfoco\/wp-json\/wp\/v2\/tags?post=116867"}],"curies":[{"name":"wp","href":"https:\/\/api.w.org\/{rel}","templated":true}]}}