{"id":116857,"date":"2025-10-19T17:35:06","date_gmt":"2025-10-19T20:35:06","guid":{"rendered":"https:\/\/www.em.com.br\/emfoco\/?p=116857"},"modified":"2025-10-18T18:02:12","modified_gmt":"2025-10-18T21:02:12","slug":"as-plantas-mais-faceis-de-cuidar-para-quem-quer-cor-e-aroma-no-terraco","status":"publish","type":"post","link":"https:\/\/www.em.com.br\/emfoco\/2025\/10\/19\/as-plantas-mais-faceis-de-cuidar-para-quem-quer-cor-e-aroma-no-terraco\/","title":{"rendered":"As plantas mais f\u00e1ceis de cuidar para quem quer cor e aroma no terra\u00e7o"},"content":{"rendered":"\n<p>Quer dar uma nova cara a seu terra\u00e7o neste <strong>outubro<\/strong>? Agora \u00e9 o momento perfeito para adicionar cor e movimento ao seu espa\u00e7o. Com a primavera em pleno andamento, muitas plantas iniciam seu ciclo de crescimento, e come\u00e7ar agora garante um ver\u00e3o cheio de vida e flores.<\/p>\n\n\n\n<ul class=\"wp-block-list\">\n<li>Pet\u00fanias: cores vibrantes que perfumam o ambiente<\/li>\n\n\n\n<li>Ger\u00e2nios: cl\u00e1ssicos resistentes e f\u00e1ceis de cuidar<\/li>\n\n\n\n<li>Lavanda: aroma relaxante e atra\u00e7\u00e3o para mariposas<\/li>\n<\/ul>\n\n\n\n<h2 class=\"wp-block-heading\">Por que escolher pet\u00fanias para seu terra\u00e7o?<\/h2>\n\n\n\n<p>Com flores em tons de roxo ao f\u00facsia, as <strong>pet\u00fanias<\/strong> s\u00e3o ideais para vasos <strong>suspensos <\/strong>ou <strong>jardineiras<\/strong>. Elas florescem abundantemente na esta\u00e7\u00e3o quente e necessitam de rega moderada e boa exposi\u00e7\u00e3o solar. Al\u00e9m disso, seu aroma leve pode perfumar seu terra\u00e7o de forma natural. No Brasil, especialmente em cidades como <strong>S\u00e3o Paulo<\/strong>, as pet\u00fanias tamb\u00e9m atraem diversas esp\u00e9cies de mariposas, conferindo ainda mais biodiversidade ao espa\u00e7o.<\/p>\n\n\n\n<iframe loading=\"lazy\" src=\"https:\/\/assets.pinterest.com\/ext\/embed.html?id=1055599908161447\" height=\"714\" width=\"345\" frameborder=\"0\" scrolling=\"no\" ><\/iframe>\n\n\n\n<h2 class=\"wp-block-heading\">Quais s\u00e3o os benef\u00edcios dos ger\u00e2nios para seu terra\u00e7o?<\/h2>\n\n\n\n<p>Os <strong>ger\u00e2nios<\/strong> s\u00e3o uma escolha cl\u00e1ssica que nunca decepciona. Adaptam-se bem a diversas condi\u00e7\u00f5es e oferecem flores duradouras em cores intensas, como vermelho, rosa e branco. Perfeitos para quem procura uma planta resistente que exige poucos cuidados, basta garantir que r<strong>ecebam v\u00e1rias horas de luz solar direta por dia<\/strong>. Inclusive, em regi\u00f5es como o <strong>Rio de Janeiro<\/strong>, os ger\u00e2nios se mostraram bastante eficientes no combate a pragas urbanas comuns.<\/p>\n\n\n\n<iframe loading=\"lazy\" src=\"https:\/\/assets.pinterest.com\/ext\/embed.html?id=13299761395869523\" height=\"618\" width=\"345\" frameborder=\"0\" scrolling=\"no\" ><\/iframe>\n\n\n\n<h2 class=\"wp-block-heading\">Como as cal\u00eandulas iluminam e protegem seu espa\u00e7o?<\/h2>\n\n\n\n<p>Com suas flores alaranjadas e amarelas, as <strong>cal\u00eandulas<\/strong> iluminam qualquer espa\u00e7o e ainda <strong>afastam alguns insetos<\/strong>. Adequadas para vasos e jardineiras, elas necessitam de rega regular e sol abundante. Al\u00e9m disso, \u00e9 f\u00e1cil colher suas sementes para plantar na pr\u00f3xima temporada. Em muitos eventos de jardinagem do <strong>Brasil<\/strong>, a cal\u00eandula \u00e9 destaque tamb\u00e9m pelo seu uso medicinal e potencial para atrair polinizadores.<\/p>\n\n\n\n<iframe loading=\"lazy\" src=\"https:\/\/assets.pinterest.com\/ext\/embed.html?id=94786767152267989\" height=\"560\" width=\"345\" frameborder=\"0\" scrolling=\"no\" ><\/iframe>\n\n\n\n<h2 class=\"wp-block-heading\">Qual o diferencial da lavanda na aromatiza\u00e7\u00e3o e atra\u00e7\u00e3o de vida?<\/h2>\n\n\n\n<p>Buscando aroma e beleza? A <strong>lavanda<\/strong> \u00e9 sua aliada. Com seu perfume inconfund\u00edvel e flores roxas, traz um toque mediterr\u00e2neo m\u00e1gico para seu terra\u00e7o. Exige rega moderada, sol em abund\u00e2ncia e ainda atrai mariposas e abelhas, trazendo ainda mais vida para o espa\u00e7o. Em plataformas online como o <strong>Instagram<\/strong>, \u00e9 poss\u00edvel encontrar <strong>inspira\u00e7\u00f5es de jardins urbanos repletos de lavanda<\/strong>, criando verdadeiros ref\u00fagios de tranquilidade em apartamentos.<\/p>\n\n\n\n<iframe loading=\"lazy\" src=\"https:\/\/assets.pinterest.com\/ext\/embed.html?id=492649954114991\" height=\"713\" width=\"345\" frameborder=\"0\" scrolling=\"no\" ><\/iframe>\n\n\n\n<h2 class=\"wp-block-heading\">Craveiros combinam eleg\u00e2ncia e variedade de cores?<\/h2>\n\n\n\n<p>Conhecidos por sua durabilidade, os <strong>craveiros <\/strong>s\u00e3o perfeitos para quem deseja flores por todo o ver\u00e3o. Preferem sol pleno e precisam de regas regulares, sem excesso de \u00e1gua. Adaptam-se bem tanto em vasos quanto em canteiros, adicionando eleg\u00e2ncia a qualquer ambiente. N\u00e3o \u00e9 \u00e0 toa que durante a <a href=\"https:\/\/visite.museus.gov.br\/primavera-dos-museus\/\" target=\"_blank\" rel=\"noopener\">Primavera dos Museus<\/a>, os claveles costumam compor arranjos em institui\u00e7\u00f5es culturais do pa\u00eds.<\/p>\n\n\n\n<iframe loading=\"lazy\" src=\"https:\/\/assets.pinterest.com\/ext\/embed.html?id=13862711348556718\" height=\"619\" width=\"345\" frameborder=\"0\" scrolling=\"no\" ><\/iframe>\n\n\n\n<h2 class=\"wp-block-heading\">Como garantir um terra\u00e7o cheio de cor e vida no ver\u00e3o?<\/h2>\n\n\n\n<ul class=\"wp-block-list\">\n<li>Invista em plantas de f\u00e1cil manuten\u00e7\u00e3o para garantir sucesso<\/li>\n\n\n\n<li>Combine diferentes cores e aromas para um espa\u00e7o harmonioso<\/li>\n\n\n\n<li>Desfrute do processo e veja seu terra\u00e7o se transformar<\/li>\n<\/ul>\n\n\n\n<p>Come\u00e7ar a plantar agora garante que, quando o calor chegar<strong>, seu terra\u00e7o esteja cheio de cor e movimento<\/strong>. Com estas cinco op\u00e7\u00f5es, at\u00e9 os menores espa\u00e7os podem se transformar em um o\u00e1sis floral, perfeito para relaxar, aproveitar uma bebida ou receber amigos em um ambiente alegre e repleto de vida. N\u00e3o \u00e9 necess\u00e1rio ser um especialista: com um pouco de sol, \u00e1gua e paci\u00eancia, seu espa\u00e7o exterior pode ser transformado completamente.<\/p>\n\n\n\n<p>Leia tamb\u00e9m: <a href=\"https:\/\/www.em.com.br\/emfoco\/2025\/10\/18\/as-5-flores-mais-perfumadas-da-primavera-para-cultivar-no-jardim\/\" target=\"_blank\" rel=\"noopener\">As 5 flores mais perfumadas da primavera para cultivar no jardim<\/a><\/p>\n\n\n\n<p><\/p>\n","protected":false},"excerpt":{"rendered":"<p>Quer dar uma nova cara a seu terra\u00e7o neste outubro? Agora \u00e9 o momento perfeito para adicionar cor e movimento ao seu espa\u00e7o. Com a primavera em pleno andamento, muitas plantas iniciam seu ciclo de crescimento, e come\u00e7ar agora garante um ver\u00e3o cheio de vida e flores. Por que escolher pet\u00fanias para seu terra\u00e7o? Com [&hellip;]<\/p>\n","protected":false},"author":9,"featured_media":70930,"comment_status":"open","ping_status":"open","sticky":false,"template":"","format":"standard","meta":{"jnews-multi-image_gallery":[],"jnews_single_post":{"format":"standard"},"jnews_primary_category":[],"jnews_social_meta":[],"jnews_override_counter":[],"footnotes":""},"categories":[8819,1],"tags":[12868,3357,3324],"class_list":["post-116857","post","type-post","status-publish","format-standard","has-post-thumbnail","hentry","category-curiosidades","category-noticias","tag-dicas-de-plantio","tag-flores","tag-plantas"],"yoast_head":"<!-- This site is optimized with the Yoast SEO plugin v23.8 - https:\/\/yoast.com\/wordpress\/plugins\/seo\/ -->\n<title>As plantas mais f\u00e1ceis de cuidar para quem quer cor e aroma no terra\u00e7o<\/title>\n<meta name=\"description\" content=\"Transforme sua terra\u00e7a neste ver\u00e3o. Conhe\u00e7a 5 flores f\u00e1ceis de cuidar, resistentes ao sol e que enchem o ambiente de cor, aroma e vida.\" \/>\n<meta name=\"robots\" content=\"index, follow, max-snippet:-1, max-image-preview:large, max-video-preview:-1\" \/>\n<link rel=\"canonical\" href=\"https:\/\/www.em.com.br\/emfoco\/2025\/10\/19\/as-plantas-mais-faceis-de-cuidar-para-quem-quer-cor-e-aroma-no-terraco\/\" \/>\n<meta property=\"og:locale\" content=\"pt_BR\" \/>\n<meta property=\"og:type\" content=\"article\" \/>\n<meta property=\"og:title\" content=\"As plantas mais f\u00e1ceis de cuidar para quem quer cor e aroma no terra\u00e7o\" \/>\n<meta property=\"og:description\" content=\"Transforme sua terra\u00e7a neste ver\u00e3o. Conhe\u00e7a 5 flores f\u00e1ceis de cuidar, resistentes ao sol e que enchem o ambiente de cor, aroma e vida.\" \/>\n<meta property=\"og:url\" content=\"https:\/\/www.em.com.br\/emfoco\/2025\/10\/19\/as-plantas-mais-faceis-de-cuidar-para-quem-quer-cor-e-aroma-no-terraco\/\" \/>\n<meta property=\"og:site_name\" content=\"Estado de Minas - Em foco\" \/>\n<meta property=\"article:published_time\" content=\"2025-10-19T20:35:06+00:00\" \/>\n<meta property=\"article:modified_time\" content=\"2025-10-18T21:02:12+00:00\" \/>\n<meta property=\"og:image\" content=\"https:\/\/www.em.com.br\/emfoco\/wp-content\/uploads\/2025\/07\/petunias_1751566799273.jpg\" \/>\n\t<meta property=\"og:image:width\" content=\"1280\" \/>\n\t<meta property=\"og:image:height\" content=\"720\" \/>\n\t<meta property=\"og:image:type\" content=\"image\/jpeg\" \/>\n<meta name=\"author\" content=\"Daniely Cardoso\" \/>\n<meta name=\"twitter:card\" content=\"summary_large_image\" \/>\n<meta name=\"twitter:label1\" content=\"Escrito por\" \/>\n\t<meta name=\"twitter:data1\" content=\"Daniely Cardoso\" \/>\n\t<meta name=\"twitter:label2\" content=\"Est. tempo de leitura\" \/>\n\t<meta name=\"twitter:data2\" content=\"4 minutos\" \/>\n<!-- \/ Yoast SEO plugin. -->","yoast_head_json":{"title":"As plantas mais f\u00e1ceis de cuidar para quem quer cor e aroma no terra\u00e7o","description":"Transforme sua terra\u00e7a neste ver\u00e3o. Conhe\u00e7a 5 flores f\u00e1ceis de cuidar, resistentes ao sol e que enchem o ambiente de cor, aroma e vida.","robots":{"index":"index","follow":"follow","max-snippet":"max-snippet:-1","max-image-preview":"max-image-preview:large","max-video-preview":"max-video-preview:-1"},"canonical":"https:\/\/www.em.com.br\/emfoco\/2025\/10\/19\/as-plantas-mais-faceis-de-cuidar-para-quem-quer-cor-e-aroma-no-terraco\/","og_locale":"pt_BR","og_type":"article","og_title":"As plantas mais f\u00e1ceis de cuidar para quem quer cor e aroma no terra\u00e7o","og_description":"Transforme sua terra\u00e7a neste ver\u00e3o. Conhe\u00e7a 5 flores f\u00e1ceis de cuidar, resistentes ao sol e que enchem o ambiente de cor, aroma e vida.","og_url":"https:\/\/www.em.com.br\/emfoco\/2025\/10\/19\/as-plantas-mais-faceis-de-cuidar-para-quem-quer-cor-e-aroma-no-terraco\/","og_site_name":"Estado de Minas - Em foco","article_published_time":"2025-10-19T20:35:06+00:00","article_modified_time":"2025-10-18T21:02:12+00:00","og_image":[{"width":1280,"height":720,"url":"https:\/\/www.em.com.br\/emfoco\/wp-content\/uploads\/2025\/07\/petunias_1751566799273.jpg","type":"image\/jpeg"}],"author":"Daniely Cardoso","twitter_card":"summary_large_image","twitter_misc":{"Escrito por":"Daniely Cardoso","Est. tempo de leitura":"4 minutos"},"schema":{"@context":"https:\/\/schema.org","@graph":[{"@type":"WebPage","@id":"https:\/\/www.em.com.br\/emfoco\/2025\/10\/19\/as-plantas-mais-faceis-de-cuidar-para-quem-quer-cor-e-aroma-no-terraco\/","url":"https:\/\/www.em.com.br\/emfoco\/2025\/10\/19\/as-plantas-mais-faceis-de-cuidar-para-quem-quer-cor-e-aroma-no-terraco\/","name":"As plantas mais f\u00e1ceis de cuidar para quem quer cor e aroma no terra\u00e7o","isPartOf":{"@id":"https:\/\/www.em.com.br\/emfoco\/#website"},"primaryImageOfPage":{"@id":"https:\/\/www.em.com.br\/emfoco\/2025\/10\/19\/as-plantas-mais-faceis-de-cuidar-para-quem-quer-cor-e-aroma-no-terraco\/#primaryimage"},"image":{"@id":"https:\/\/www.em.com.br\/emfoco\/2025\/10\/19\/as-plantas-mais-faceis-de-cuidar-para-quem-quer-cor-e-aroma-no-terraco\/#primaryimage"},"thumbnailUrl":"https:\/\/www.em.com.br\/emfoco\/wp-content\/uploads\/2025\/07\/petunias_1751566799273.jpg","datePublished":"2025-10-19T20:35:06+00:00","dateModified":"2025-10-18T21:02:12+00:00","author":{"@id":"https:\/\/www.em.com.br\/emfoco\/#\/schema\/person\/0a8186d72f2c3a5c6276d90b41f271a0"},"description":"Transforme sua terra\u00e7a neste ver\u00e3o. Conhe\u00e7a 5 flores f\u00e1ceis de cuidar, resistentes ao sol e que enchem o ambiente de cor, aroma e vida.","breadcrumb":{"@id":"https:\/\/www.em.com.br\/emfoco\/2025\/10\/19\/as-plantas-mais-faceis-de-cuidar-para-quem-quer-cor-e-aroma-no-terraco\/#breadcrumb"},"inLanguage":"pt-BR","potentialAction":[{"@type":"ReadAction","target":["https:\/\/www.em.com.br\/emfoco\/2025\/10\/19\/as-plantas-mais-faceis-de-cuidar-para-quem-quer-cor-e-aroma-no-terraco\/"]}]},{"@type":"ImageObject","inLanguage":"pt-BR","@id":"https:\/\/www.em.com.br\/emfoco\/2025\/10\/19\/as-plantas-mais-faceis-de-cuidar-para-quem-quer-cor-e-aroma-no-terraco\/#primaryimage","url":"https:\/\/www.em.com.br\/emfoco\/wp-content\/uploads\/2025\/07\/petunias_1751566799273.jpg","contentUrl":"https:\/\/www.em.com.br\/emfoco\/wp-content\/uploads\/2025\/07\/petunias_1751566799273.jpg","width":1280,"height":720,"caption":"Pet\u00fania - Cr\u00e9ditos: depositphotos.com \/ ArenaCreative"},{"@type":"BreadcrumbList","@id":"https:\/\/www.em.com.br\/emfoco\/2025\/10\/19\/as-plantas-mais-faceis-de-cuidar-para-quem-quer-cor-e-aroma-no-terraco\/#breadcrumb","itemListElement":[{"@type":"ListItem","position":1,"name":"In\u00edcio","item":"https:\/\/www.em.com.br\/emfoco\/"},{"@type":"ListItem","position":2,"name":"As plantas mais f\u00e1ceis de cuidar para quem quer cor e aroma no terra\u00e7o"}]},{"@type":"WebSite","@id":"https:\/\/www.em.com.br\/emfoco\/#website","url":"https:\/\/www.em.com.br\/emfoco\/","name":"Estado de Minas - Em foco","description":"Acompanhe as \u00faltimas not\u00edcias e fique bem informado sobre tudo o que acontece em Minas Gerais, Brasil e no mundo.","potentialAction":[{"@type":"SearchAction","target":{"@type":"EntryPoint","urlTemplate":"https:\/\/www.em.com.br\/emfoco\/?s={search_term_string}"},"query-input":{"@type":"PropertyValueSpecification","valueRequired":true,"valueName":"search_term_string"}}],"inLanguage":"pt-BR"},{"@type":"Person","@id":"https:\/\/www.em.com.br\/emfoco\/#\/schema\/person\/0a8186d72f2c3a5c6276d90b41f271a0","name":"Daniely Cardoso","image":{"@type":"ImageObject","inLanguage":"pt-BR","@id":"https:\/\/www.em.com.br\/emfoco\/#\/schema\/person\/image\/","url":"https:\/\/secure.gravatar.com\/avatar\/4b80ddbd124d1f071b626d52d62e5dff?s=96&d=mm&r=g","contentUrl":"https:\/\/secure.gravatar.com\/avatar\/4b80ddbd124d1f071b626d52d62e5dff?s=96&d=mm&r=g","caption":"Daniely Cardoso"},"url":"https:\/\/www.em.com.br\/emfoco\/author\/danielymyth\/"}]}},"_links":{"self":[{"href":"https:\/\/www.em.com.br\/emfoco\/wp-json\/wp\/v2\/posts\/116857","targetHints":{"allow":["GET"]}}],"collection":[{"href":"https:\/\/www.em.com.br\/emfoco\/wp-json\/wp\/v2\/posts"}],"about":[{"href":"https:\/\/www.em.com.br\/emfoco\/wp-json\/wp\/v2\/types\/post"}],"author":[{"embeddable":true,"href":"https:\/\/www.em.com.br\/emfoco\/wp-json\/wp\/v2\/users\/9"}],"replies":[{"embeddable":true,"href":"https:\/\/www.em.com.br\/emfoco\/wp-json\/wp\/v2\/comments?post=116857"}],"version-history":[{"count":4,"href":"https:\/\/www.em.com.br\/emfoco\/wp-json\/wp\/v2\/posts\/116857\/revisions"}],"predecessor-version":[{"id":117063,"href":"https:\/\/www.em.com.br\/emfoco\/wp-json\/wp\/v2\/posts\/116857\/revisions\/117063"}],"wp:featuredmedia":[{"embeddable":true,"href":"https:\/\/www.em.com.br\/emfoco\/wp-json\/wp\/v2\/media\/70930"}],"wp:attachment":[{"href":"https:\/\/www.em.com.br\/emfoco\/wp-json\/wp\/v2\/media?parent=116857"}],"wp:term":[{"taxonomy":"category","embeddable":true,"href":"https:\/\/www.em.com.br\/emfoco\/wp-json\/wp\/v2\/categories?post=116857"},{"taxonomy":"post_tag","embeddable":true,"href":"https:\/\/www.em.com.br\/emfoco\/wp-json\/wp\/v2\/tags?post=116857"}],"curies":[{"name":"wp","href":"https:\/\/api.w.org\/{rel}","templated":true}]}}