{"id":116840,"date":"2025-10-19T13:25:29","date_gmt":"2025-10-19T16:25:29","guid":{"rendered":"https:\/\/www.em.com.br\/emfoco\/?p=116840"},"modified":"2025-10-18T14:22:16","modified_gmt":"2025-10-18T17:22:16","slug":"o-segredo-dos-viveiros-para-fazer-seu-limoeiro-dar-frutos-ja-no-primeiro-ano","status":"publish","type":"post","link":"https:\/\/www.em.com.br\/emfoco\/2025\/10\/19\/o-segredo-dos-viveiros-para-fazer-seu-limoeiro-dar-frutos-ja-no-primeiro-ano\/","title":{"rendered":"O segredo dos viveiros para fazer seu limoeiro dar frutos j\u00e1 no primeiro ano"},"content":{"rendered":"\n<p>Voc\u00ea sabia que \u00e9 poss\u00edvel ter um <strong>limoeiro<\/strong> produzindo <strong>frutos<\/strong> j\u00e1 no primeiro ano de plantio? Cultivar esse popular <strong>c\u00edtrico<\/strong> pode apresentar desafios, mas com a <strong>t\u00e9cnica adequada<\/strong>, \u00e9 totalmente vi\u00e1vel colher lim\u00f5es rapidamente, surpreendendo at\u00e9 mesmo jardineiros experientes. Neste artigo, vamos explorar em detalhes uma abordagem eficiente que faz a diferen\u00e7a nos primeiros meses de cultivo. Inclusive, muitos produtores de regi\u00f5es como <strong>S\u00e3o Paulo<\/strong> e <strong>Minas Gerais<\/strong> j\u00e1 utilizam essas pr\u00e1ticas para obter safras antecipadas.<\/p>\n\n\n\n<ul class=\"wp-block-list\">\n<li>Entenda a <strong>import\u00e2ncia do enxerto <\/strong>para estimular a frutifica\u00e7\u00e3o precoce.<\/li>\n\n\n\n<li>Descubra as <strong>t\u00e9cnicas mais eficazes<\/strong> de enxertia e saiba como aplic\u00e1-las na pr\u00e1tica.<\/li>\n\n\n\n<li>Receba <strong>dicas de especialistas<\/strong> para garantir o sucesso e a sa\u00fade do seu limoeiro.<\/li>\n<\/ul>\n\n\n\n<h2 class=\"wp-block-heading\">O que \u00e9 o enxerto e por que ele \u00e9 essencial para o limoeiro?<\/h2>\n\n\n\n<p>O enxerto \u00e9 uma t\u00e9cnica fundamental na fruticultura que consiste em unir uma parte produtiva e selecionada de um limoeiro (chamada de enxerto ou garfo) a uma base vigorosa e resistente (porta-enxerto). Esse m\u00e9todo n\u00e3o apenas potencializa a <strong>produ\u00e7\u00e3o de frutos<\/strong>, mas tamb\u00e9m contribui para o vigor da planta, aumenta sua longevidade e proporciona maior resist\u00eancia a <strong>pragas<\/strong> e <strong>doen\u00e7as do solo<\/strong>. Al\u00e9m disso, o uso do enxerto permite escolher variedades de lim\u00f5es mais produtivas, saborosas e adaptadas ao seu clima.<\/p>\n\n\n\n<h2 class=\"wp-block-heading\">Como fazer um enxerto em limoeiro?<\/h2>\n\n\n\n<p>Atualmente, existem duas formas bastante difundidas de enxerto: o <strong>escudete<\/strong> (ou enxertia em T) e o enxerto <strong>de parche<\/strong> (ou enxertia em placa). O enxerto de escudete \u00e9 conhecido por sua simplicidade e alta taxa de sucesso, sendo realizado atrav\u00e9s da introdu\u00e7\u00e3o de uma \u00e1rea de casca com gema em uma incis\u00e3o em forma de \u201cT\u201d no porta-enxerto.<\/p>\n\n\n<div class=\"wp-block-image\">\n<figure class=\"aligncenter size-large\"><img loading=\"lazy\" decoding=\"async\" width=\"1024\" height=\"576\" src=\"https:\/\/www.em.com.br\/emfoco\/wp-content\/uploads\/2025\/07\/Limao-siciliano-planta_1753197346858-1024x576.jpg\" alt=\"\" class=\"wp-image-79890\" srcset=\"https:\/\/www.em.com.br\/emfoco\/wp-content\/uploads\/2025\/07\/Limao-siciliano-planta_1753197346858-1024x576.jpg 1024w, https:\/\/www.em.com.br\/emfoco\/wp-content\/uploads\/2025\/07\/Limao-siciliano-planta_1753197346858-300x169.jpg 300w, https:\/\/www.em.com.br\/emfoco\/wp-content\/uploads\/2025\/07\/Limao-siciliano-planta_1753197346858-768x432.jpg 768w, https:\/\/www.em.com.br\/emfoco\/wp-content\/uploads\/2025\/07\/Limao-siciliano-planta_1753197346858-750x422.jpg 750w, https:\/\/www.em.com.br\/emfoco\/wp-content\/uploads\/2025\/07\/Limao-siciliano-planta_1753197346858-1140x642.jpg 1140w, https:\/\/www.em.com.br\/emfoco\/wp-content\/uploads\/2025\/07\/Limao-siciliano-planta_1753197346858.jpg 1279w\" sizes=\"auto, (max-width: 1024px) 100vw, 1024px\" \/><figcaption class=\"wp-element-caption\">Utilizar um fertilizante caseiro garante que a \u00e1rvore receba os nutrientes essenciais &#8211; Cr\u00e9ditos: depositphotos.com \/ vvoennyy<\/figcaption><\/figure><\/div>\n\n\n<p>Por sua vez, o enxerto de parche se destaca como alternativa eficaz quando o escudete n\u00e3o \u00e9 poss\u00edvel, geralmente pela espessura da casca. Ele envolve substituir uma pequena \u00e1rea da casca do<strong> porta-enxerto <\/strong>por uma similar da \u00e1rvore doadora, facilitando a uni\u00e3o das partes. Ambas as t\u00e9cnicas incentivam a matura\u00e7\u00e3o sexual antecipada do limoeiro, o que resulta em frutifica\u00e7\u00e3o mais precoce.<\/p>\n\n\n\n<h2 class=\"wp-block-heading\">Quando e como realizar o enxerto perfeito?<\/h2>\n\n\n\n<p>A <strong>melhor \u00e9poca para realizar o enxerto \u00e9 entre a primavera e o outono<\/strong>, per\u00edodo no qual a casca descola facilmente e a \u00e1rvore apresenta crescimento ativo devido ao fluxo intenso de seiva. Esse ambiente favorece o enxerto e o desenvolvimento saud\u00e1vel da nova planta.<\/p>\n\n\n\n<p>\u00c9 imprescind\u00edvel certificar-se de que o limoeiro doador est\u00e1 saud\u00e1vel, livre de pragas e doen\u00e7as, garantindo a transmiss\u00e3o de boas caracter\u00edsticas para sua nova muda. Aten\u00e7\u00e3o especial deve ser dada \u00e0 <strong>higiene <\/strong>das ferramentas de corte para evitar contamina\u00e7\u00f5es. <\/p>\n\n\n\n<p>O <strong>sucesso <\/strong>pode depender da esta\u00e7\u00e3o: o <a href=\"https:\/\/www.embrapa.br\/agencia-de-informacao-tecnologica\/cultivos\/pessego\/producao\/mudas\/enxertia\" target=\"_blank\" rel=\"noopener\">enxerto<\/a> realizado na <strong>primavera<\/strong> estimula o brotamento dos lim\u00f5es em poucas semanas. J\u00e1 o realizado no outono (gema dormente) tem seu desenvolvimento iniciado apenas na primavera seguinte, dependendo do vigor e do clima local.<\/p>\n\n\n\n<h2 class=\"wp-block-heading\">Quais os cuidados p\u00f3s-enxerto para garantir o sucesso?<\/h2>\n\n\n\n<p><strong>Horticultores <\/strong>experientes recomendam, <strong>ap\u00f3s 15 a 20 dias do procedimento<\/strong>, retirar com cuidado a fita usada para amarra\u00e7\u00e3o do enxerto, observando se a gema permanece <em>verde<\/em> e bem fixada. Isso representa sinal de sucesso no processo. Ap\u00f3s o pegamento, \u00e9 essencial manter a \u00e1rea limpa e monitorar frequentemente as condi\u00e7\u00f5es de umidade, al\u00e9m de proteger a planta de pragas, ventos fortes e sol intenso at\u00e9 que o enxerto esteja completamente consolidado. <\/p>\n\n\n\n<h2 class=\"wp-block-heading\">Quais s\u00e3o os principais aprendizados sobre a frutifica\u00e7\u00e3o do limoeiro?<\/h2>\n\n\n\n<ul class=\"wp-block-list\">\n<li>O enxerto&nbsp;\u00e9 uma das pr\u00e1ticas mais importantes para acelerar e garantir a frutifica\u00e7\u00e3o precoce do limoeiro.<\/li>\n\n\n\n<li>As <strong>t\u00e9cnicas de escudete e placa <\/strong>s\u00e3o comprovadamente eficazes e podem aumentar significativamente a produ\u00e7\u00e3o de frutos.<\/li>\n\n\n\n<li>Realizar o enxerto na esta\u00e7\u00e3o correta e com \u00e1rvores doadoras saud\u00e1veis \u00e9 crucial para o \u00eaxito do plantio, gerando limoeiros vigorosos, produtivos e resistentes.<\/li>\n<\/ul>\n\n\n\n<p>Leia tamb\u00e9m: <a href=\"https:\/\/www.em.com.br\/emfoco\/2025\/10\/15\/sobremesa-de-limao-sem-gluten-e-sem-assar-com-apenas-5-ingredientes\/\" target=\"_blank\" rel=\"noopener\">Sobremesa de lim\u00e3o sem gl\u00faten e sem assar com apenas 5 ingredientes<\/a><\/p>\n","protected":false},"excerpt":{"rendered":"<p>Voc\u00ea sabia que \u00e9 poss\u00edvel ter um limoeiro produzindo frutos j\u00e1 no primeiro ano de plantio? Cultivar esse popular c\u00edtrico pode apresentar desafios, mas com a t\u00e9cnica adequada, \u00e9 totalmente vi\u00e1vel colher lim\u00f5es rapidamente, surpreendendo at\u00e9 mesmo jardineiros experientes. Neste artigo, vamos explorar em detalhes uma abordagem eficiente que faz a diferen\u00e7a nos primeiros meses [&hellip;]<\/p>\n","protected":false},"author":9,"featured_media":40842,"comment_status":"open","ping_status":"open","sticky":false,"template":"","format":"standard","meta":{"jnews-multi-image_gallery":[],"jnews_single_post":{"format":"standard"},"jnews_primary_category":[],"jnews_social_meta":[],"jnews_override_counter":[],"footnotes":""},"categories":[8819,1],"tags":[17583,1988,3108],"class_list":["post-116840","post","type-post","status-publish","format-standard","has-post-thumbnail","hentry","category-curiosidades","category-noticias","tag-como-planta-limao","tag-fruta","tag-limao"],"yoast_head":"<!-- This site is optimized with the Yoast SEO plugin v23.8 - https:\/\/yoast.com\/wordpress\/plugins\/seo\/ -->\n<title>O segredo dos viveiros para fazer seu limoeiro dar frutos j\u00e1 no primeiro ano<\/title>\n<meta name=\"description\" content=\"Colha lim\u00f5es do seu limoeiro j\u00e1 no primeiro ano. Uma t\u00e9cnica especial acelera a frutifica\u00e7\u00e3o e garante uma planta forte e saud\u00e1vel.\" \/>\n<meta name=\"robots\" content=\"index, follow, max-snippet:-1, max-image-preview:large, max-video-preview:-1\" \/>\n<link rel=\"canonical\" href=\"https:\/\/www.em.com.br\/emfoco\/2025\/10\/19\/o-segredo-dos-viveiros-para-fazer-seu-limoeiro-dar-frutos-ja-no-primeiro-ano\/\" \/>\n<meta property=\"og:locale\" content=\"pt_BR\" \/>\n<meta property=\"og:type\" content=\"article\" \/>\n<meta property=\"og:title\" content=\"O segredo dos viveiros para fazer seu limoeiro dar frutos j\u00e1 no primeiro ano\" \/>\n<meta property=\"og:description\" content=\"Colha lim\u00f5es do seu limoeiro j\u00e1 no primeiro ano. Uma t\u00e9cnica especial acelera a frutifica\u00e7\u00e3o e garante uma planta forte e saud\u00e1vel.\" \/>\n<meta property=\"og:url\" content=\"https:\/\/www.em.com.br\/emfoco\/2025\/10\/19\/o-segredo-dos-viveiros-para-fazer-seu-limoeiro-dar-frutos-ja-no-primeiro-ano\/\" \/>\n<meta property=\"og:site_name\" content=\"Estado de Minas - Em foco\" \/>\n<meta property=\"article:published_time\" content=\"2025-10-19T16:25:29+00:00\" \/>\n<meta property=\"article:modified_time\" content=\"2025-10-18T17:22:16+00:00\" \/>\n<meta property=\"og:image\" content=\"https:\/\/www.em.com.br\/emfoco\/wp-content\/uploads\/2025\/04\/limao-Taiti_1745418895870.jpg\" \/>\n\t<meta property=\"og:image:width\" content=\"1280\" \/>\n\t<meta property=\"og:image:height\" content=\"720\" \/>\n\t<meta property=\"og:image:type\" content=\"image\/jpeg\" \/>\n<meta name=\"author\" content=\"Daniely Cardoso\" \/>\n<meta name=\"twitter:card\" content=\"summary_large_image\" \/>\n<meta name=\"twitter:label1\" content=\"Escrito por\" \/>\n\t<meta name=\"twitter:data1\" content=\"Daniely Cardoso\" \/>\n\t<meta name=\"twitter:label2\" content=\"Est. tempo de leitura\" \/>\n\t<meta name=\"twitter:data2\" content=\"4 minutos\" \/>\n<!-- \/ Yoast SEO plugin. -->","yoast_head_json":{"title":"O segredo dos viveiros para fazer seu limoeiro dar frutos j\u00e1 no primeiro ano","description":"Colha lim\u00f5es do seu limoeiro j\u00e1 no primeiro ano. Uma t\u00e9cnica especial acelera a frutifica\u00e7\u00e3o e garante uma planta forte e saud\u00e1vel.","robots":{"index":"index","follow":"follow","max-snippet":"max-snippet:-1","max-image-preview":"max-image-preview:large","max-video-preview":"max-video-preview:-1"},"canonical":"https:\/\/www.em.com.br\/emfoco\/2025\/10\/19\/o-segredo-dos-viveiros-para-fazer-seu-limoeiro-dar-frutos-ja-no-primeiro-ano\/","og_locale":"pt_BR","og_type":"article","og_title":"O segredo dos viveiros para fazer seu limoeiro dar frutos j\u00e1 no primeiro ano","og_description":"Colha lim\u00f5es do seu limoeiro j\u00e1 no primeiro ano. Uma t\u00e9cnica especial acelera a frutifica\u00e7\u00e3o e garante uma planta forte e saud\u00e1vel.","og_url":"https:\/\/www.em.com.br\/emfoco\/2025\/10\/19\/o-segredo-dos-viveiros-para-fazer-seu-limoeiro-dar-frutos-ja-no-primeiro-ano\/","og_site_name":"Estado de Minas - Em foco","article_published_time":"2025-10-19T16:25:29+00:00","article_modified_time":"2025-10-18T17:22:16+00:00","og_image":[{"width":1280,"height":720,"url":"https:\/\/www.em.com.br\/emfoco\/wp-content\/uploads\/2025\/04\/limao-Taiti_1745418895870.jpg","type":"image\/jpeg"}],"author":"Daniely Cardoso","twitter_card":"summary_large_image","twitter_misc":{"Escrito por":"Daniely Cardoso","Est. tempo de leitura":"4 minutos"},"schema":{"@context":"https:\/\/schema.org","@graph":[{"@type":"WebPage","@id":"https:\/\/www.em.com.br\/emfoco\/2025\/10\/19\/o-segredo-dos-viveiros-para-fazer-seu-limoeiro-dar-frutos-ja-no-primeiro-ano\/","url":"https:\/\/www.em.com.br\/emfoco\/2025\/10\/19\/o-segredo-dos-viveiros-para-fazer-seu-limoeiro-dar-frutos-ja-no-primeiro-ano\/","name":"O segredo dos viveiros para fazer seu limoeiro dar frutos j\u00e1 no primeiro ano","isPartOf":{"@id":"https:\/\/www.em.com.br\/emfoco\/#website"},"primaryImageOfPage":{"@id":"https:\/\/www.em.com.br\/emfoco\/2025\/10\/19\/o-segredo-dos-viveiros-para-fazer-seu-limoeiro-dar-frutos-ja-no-primeiro-ano\/#primaryimage"},"image":{"@id":"https:\/\/www.em.com.br\/emfoco\/2025\/10\/19\/o-segredo-dos-viveiros-para-fazer-seu-limoeiro-dar-frutos-ja-no-primeiro-ano\/#primaryimage"},"thumbnailUrl":"https:\/\/www.em.com.br\/emfoco\/wp-content\/uploads\/2025\/04\/limao-Taiti_1745418895870.jpg","datePublished":"2025-10-19T16:25:29+00:00","dateModified":"2025-10-18T17:22:16+00:00","author":{"@id":"https:\/\/www.em.com.br\/emfoco\/#\/schema\/person\/0a8186d72f2c3a5c6276d90b41f271a0"},"description":"Colha lim\u00f5es do seu limoeiro j\u00e1 no primeiro ano. Uma t\u00e9cnica especial acelera a frutifica\u00e7\u00e3o e garante uma planta forte e saud\u00e1vel.","breadcrumb":{"@id":"https:\/\/www.em.com.br\/emfoco\/2025\/10\/19\/o-segredo-dos-viveiros-para-fazer-seu-limoeiro-dar-frutos-ja-no-primeiro-ano\/#breadcrumb"},"inLanguage":"pt-BR","potentialAction":[{"@type":"ReadAction","target":["https:\/\/www.em.com.br\/emfoco\/2025\/10\/19\/o-segredo-dos-viveiros-para-fazer-seu-limoeiro-dar-frutos-ja-no-primeiro-ano\/"]}]},{"@type":"ImageObject","inLanguage":"pt-BR","@id":"https:\/\/www.em.com.br\/emfoco\/2025\/10\/19\/o-segredo-dos-viveiros-para-fazer-seu-limoeiro-dar-frutos-ja-no-primeiro-ano\/#primaryimage","url":"https:\/\/www.em.com.br\/emfoco\/wp-content\/uploads\/2025\/04\/limao-Taiti_1745418895870.jpg","contentUrl":"https:\/\/www.em.com.br\/emfoco\/wp-content\/uploads\/2025\/04\/limao-Taiti_1745418895870.jpg","width":1280,"height":720,"caption":"Lim\u00e3o - Cr\u00e9ditos: depositphotos.com \/ Kerdkanno"},{"@type":"BreadcrumbList","@id":"https:\/\/www.em.com.br\/emfoco\/2025\/10\/19\/o-segredo-dos-viveiros-para-fazer-seu-limoeiro-dar-frutos-ja-no-primeiro-ano\/#breadcrumb","itemListElement":[{"@type":"ListItem","position":1,"name":"In\u00edcio","item":"https:\/\/www.em.com.br\/emfoco\/"},{"@type":"ListItem","position":2,"name":"O segredo dos viveiros para fazer seu limoeiro dar frutos j\u00e1 no primeiro ano"}]},{"@type":"WebSite","@id":"https:\/\/www.em.com.br\/emfoco\/#website","url":"https:\/\/www.em.com.br\/emfoco\/","name":"Estado de Minas - Em foco","description":"Acompanhe as \u00faltimas not\u00edcias e fique bem informado sobre tudo o que acontece em Minas Gerais, Brasil e no mundo.","potentialAction":[{"@type":"SearchAction","target":{"@type":"EntryPoint","urlTemplate":"https:\/\/www.em.com.br\/emfoco\/?s={search_term_string}"},"query-input":{"@type":"PropertyValueSpecification","valueRequired":true,"valueName":"search_term_string"}}],"inLanguage":"pt-BR"},{"@type":"Person","@id":"https:\/\/www.em.com.br\/emfoco\/#\/schema\/person\/0a8186d72f2c3a5c6276d90b41f271a0","name":"Daniely Cardoso","image":{"@type":"ImageObject","inLanguage":"pt-BR","@id":"https:\/\/www.em.com.br\/emfoco\/#\/schema\/person\/image\/","url":"https:\/\/secure.gravatar.com\/avatar\/4b80ddbd124d1f071b626d52d62e5dff?s=96&d=mm&r=g","contentUrl":"https:\/\/secure.gravatar.com\/avatar\/4b80ddbd124d1f071b626d52d62e5dff?s=96&d=mm&r=g","caption":"Daniely Cardoso"},"url":"https:\/\/www.em.com.br\/emfoco\/author\/danielymyth\/"}]}},"_links":{"self":[{"href":"https:\/\/www.em.com.br\/emfoco\/wp-json\/wp\/v2\/posts\/116840","targetHints":{"allow":["GET"]}}],"collection":[{"href":"https:\/\/www.em.com.br\/emfoco\/wp-json\/wp\/v2\/posts"}],"about":[{"href":"https:\/\/www.em.com.br\/emfoco\/wp-json\/wp\/v2\/types\/post"}],"author":[{"embeddable":true,"href":"https:\/\/www.em.com.br\/emfoco\/wp-json\/wp\/v2\/users\/9"}],"replies":[{"embeddable":true,"href":"https:\/\/www.em.com.br\/emfoco\/wp-json\/wp\/v2\/comments?post=116840"}],"version-history":[{"count":3,"href":"https:\/\/www.em.com.br\/emfoco\/wp-json\/wp\/v2\/posts\/116840\/revisions"}],"predecessor-version":[{"id":116943,"href":"https:\/\/www.em.com.br\/emfoco\/wp-json\/wp\/v2\/posts\/116840\/revisions\/116943"}],"wp:featuredmedia":[{"embeddable":true,"href":"https:\/\/www.em.com.br\/emfoco\/wp-json\/wp\/v2\/media\/40842"}],"wp:attachment":[{"href":"https:\/\/www.em.com.br\/emfoco\/wp-json\/wp\/v2\/media?parent=116840"}],"wp:term":[{"taxonomy":"category","embeddable":true,"href":"https:\/\/www.em.com.br\/emfoco\/wp-json\/wp\/v2\/categories?post=116840"},{"taxonomy":"post_tag","embeddable":true,"href":"https:\/\/www.em.com.br\/emfoco\/wp-json\/wp\/v2\/tags?post=116840"}],"curies":[{"name":"wp","href":"https:\/\/api.w.org\/{rel}","templated":true}]}}