{"id":116679,"date":"2025-10-20T19:15:00","date_gmt":"2025-10-20T22:15:00","guid":{"rendered":"https:\/\/www.em.com.br\/emfoco\/?p=116679"},"modified":"2025-10-17T17:40:03","modified_gmt":"2025-10-17T20:40:03","slug":"penteados-simples-que-rejuvenescem-estao-dominando-os-saloes-em-2025","status":"publish","type":"post","link":"https:\/\/www.em.com.br\/emfoco\/2025\/10\/20\/penteados-simples-que-rejuvenescem-estao-dominando-os-saloes-em-2025\/","title":{"rendered":"Penteados simples que rejuvenescem est\u00e3o dominando os sal\u00f5es em 2025"},"content":{"rendered":"\n<p>Alguns penteados simples podem transformar o visual, destacando os tra\u00e7os do rosto e trazendo leveza instant\u00e2nea. Tran\u00e7as soltas, coques baixos e rabos de cavalo altos s\u00e3o op\u00e7\u00f5es elegantes que harmonizam fei\u00e7\u00f5es e rejuvenescem com naturalidade.<\/p>\n\n\n\n<ul class=\"wp-block-list\">\n<li>Modelos f\u00e1ceis de fazer e que valorizam o rosto<\/li>\n\n\n\n<li>Truques para dar volume e disfar\u00e7ar fios finos<\/li>\n\n\n\n<li>Produtos leves que mant\u00eam o brilho e a fixa\u00e7\u00e3o<\/li>\n<\/ul>\n\n\n\n<h2 class=\"wp-block-heading\">Como penteados podem transformar a apar\u00eancia?<\/h2>\n\n\n\n<p>Os <strong>penteados pr\u00e1ticos<\/strong> s\u00e3o aliados na hora de real\u00e7ar o formato do rosto e suavizar linhas de express\u00e3o. Coques baixos, tran\u00e7as frouxas e rabos de cavalo altos criam propor\u00e7\u00f5es equilibradas, abrindo o olhar e proporcionando um efeito de frescor imediato.<\/p>\n\n\n\n<p>Al\u00e9m de elegantes, esses estilos transmitem leveza e movimento. Um <strong>rabo de cavalo alto<\/strong> estica visualmente o rosto, enquanto uma tran\u00e7a solta adiciona volume e textura, ideal para quem busca um ar mais jovial e natural.<\/p>\n\n\n\n<blockquote class=\"tiktok-embed\" cite=\"https:\/\/www.tiktok.com\/@adnomoreiraa\/video\/7205760380251983109\" data-video-id=\"7205760380251983109\" style=\"max-width: 605px;min-width: 325px;\" > <section> <a target=\"_blank\" title=\"@adnomoreiraa\" href=\"https:\/\/www.tiktok.com\/@adnomoreiraa?refer=embed\">@adnomoreiraa<\/a> Tran\u00e7a cascata <a title=\"tranca\" target=\"_blank\" href=\"https:\/\/www.tiktok.com\/tag\/tranca?refer=embed\">#tranca<\/a> <a title=\"penteado\" target=\"_blank\" href=\"https:\/\/www.tiktok.com\/tag\/penteado?refer=embed\">#penteado<\/a> <a title=\"cabelo\" target=\"_blank\" href=\"https:\/\/www.tiktok.com\/tag\/cabelo?refer=embed\">#cabelo<\/a> <a title=\"hair\" target=\"_blank\" href=\"https:\/\/www.tiktok.com\/tag\/hair?refer=embed\">#hair<\/a> <a title=\"vida\" target=\"_blank\" href=\"https:\/\/www.tiktok.com\/tag\/vida?refer=embed\">#vida<\/a> <a title=\"casamento\" target=\"_blank\" href=\"https:\/\/www.tiktok.com\/tag\/casamento?refer=embed\">#casamento<\/a> <a title=\"penteadofacil\" target=\"_blank\" href=\"https:\/\/www.tiktok.com\/tag\/penteadofacil?refer=embed\">#penteadofacil<\/a> <a title=\"hairturorial\" target=\"_blank\" href=\"https:\/\/www.tiktok.com\/tag\/hairturorial?refer=embed\">#hairturorial<\/a> <a target=\"_blank\" title=\"\u266c Caalm Dooown - EL Locco\" href=\"https:\/\/www.tiktok.com\/music\/Caalm-Dooown-7196587723711318018?refer=embed\">\u266c Caalm Dooown &#8211; EL Locco<\/a> <\/section> <\/blockquote> <script async src=\"https:\/\/www.tiktok.com\/embed.js\"><\/script>\n\n\n\n<h2 class=\"wp-block-heading\">Quais penteados mais valorizam e rejuvenescem?<\/h2>\n\n\n\n<p>Alguns estilos se destacam por combinar praticidade e efeito lifting natural. A seguir, veja quais op\u00e7\u00f5es valorizam suas fei\u00e7\u00f5es e podem ser adaptadas a diferentes tipos de cabelo.<\/p>\n\n\n\n<ul class=\"wp-block-list\">\n<li><strong>Tran\u00e7a frouxa:<\/strong> cria um visual rom\u00e2ntico e disfar\u00e7a a falta de volume, ideal para cabelos finos.<\/li>\n\n\n\n<li><strong>Coque baixo polido:<\/strong> alonga o pesco\u00e7o e real\u00e7a o contorno do rosto, trazendo eleg\u00e2ncia.<\/li>\n\n\n\n<li><strong>Rabo de cavalo alto:<\/strong> eleva os tra\u00e7os e proporciona um efeito de lifting instant\u00e2neo.<\/li>\n<\/ul>\n\n\n\n<p><em>Leia mais: <a href=\"https:\/\/www.em.com.br\/emfoco\/2025\/10\/16\/os-cortes-de-cabelos-ideais-para-enfrentar-o-calor-sem-perder-o-estilo\/\" target=\"_blank\" rel=\"noreferrer noopener\">Os cortes de cabelos ideais para enfrentar o calor sem perder o estilo<\/a><\/em><\/p>\n\n\n\n<h2 class=\"wp-block-heading\">Como dar volume no topo e disfar\u00e7ar fios ralos?<\/h2>\n\n\n\n<p>Um dos segredos para um visual rejuvenescido \u00e9 apostar em t\u00e9cnicas que criem altura no topo da cabe\u00e7a. Usar um pente fino para desfiar levemente a raiz ou aplicar um <strong>spray de volume<\/strong> pode fazer grande diferen\u00e7a no resultado final.<\/p>\n\n\n\n<p>Outra dica \u00e9 usar produtos que n\u00e3o pesem os fios, como <a href=\"https:\/\/radarcasa.com.br\/melhor-mousse-para-cabelo\/\" target=\"_blank\" rel=\"noreferrer noopener\">mousses <\/a>e p\u00f3s texturizadores. Eles ajudam a manter o <strong>movimento natural<\/strong> do cabelo sem deixar o penteado r\u00edgido, garantindo leveza e durabilidade durante todo o dia.<\/p>\n\n\n\n<blockquote class=\"tiktok-embed\" cite=\"https:\/\/www.tiktok.com\/@keiko.dicastop\/video\/7545247902059285816\" data-video-id=\"7545247902059285816\" style=\"max-width: 605px;min-width: 325px;\" > <section> <a target=\"_blank\" title=\"@keiko.dicastop\" href=\"https:\/\/www.tiktok.com\/@keiko.dicastop?refer=embed\">@keiko.dicastop<\/a> Rabo de Cavalo Alto e Super Estiloso em 1 Minuto Aprenda a fazer um rabo de cavalo alto e diferente usando apenas dois el\u00e1sticos! Simples, r\u00e1pido e elegante para qualquer ocasi\u00e3o. \ud83d\udc81\u200d\u2640\ufe0f \ud83d\udcb3 @ ayseacun \ud83d\udc4f\ud83c\udffb\u2764\ufe0f Obrigada \ud83d\ude4f Parab\u00e9ns pela ideia! \u2b50\ufe0f\ud83d\udc4f\ud83c\udffb\u2b50\ufe0f <a title=\"keikodicastop\" target=\"_blank\" href=\"https:\/\/www.tiktok.com\/tag\/keikodicastop?refer=embed\">#KeikoDicasTop<\/a> <a title=\"rabodecavalo\" target=\"_blank\" href=\"https:\/\/www.tiktok.com\/tag\/rabodecavalo?refer=embed\">#RaboDeCavalo<\/a> <a title=\"penteadorapido\" target=\"_blank\" href=\"https:\/\/www.tiktok.com\/tag\/penteadorapido?refer=embed\">#PenteadoRapido<\/a> <a title=\"dicasdebeleza\" target=\"_blank\" href=\"https:\/\/www.tiktok.com\/tag\/dicasdebeleza?refer=embed\">#DicasDeBeleza<\/a> <a title=\"cabeloalto\" target=\"_blank\" href=\"https:\/\/www.tiktok.com\/tag\/cabeloalto?refer=embed\">#CabeloAlto<\/a> <a target=\"_blank\" title=\"\u266c som original - Keiko Dicas Top\" href=\"https:\/\/www.tiktok.com\/music\/som-original-7545247919314668293?refer=embed\">\u266c som original &#8211; Keiko Dicas Top<\/a> <\/section> <\/blockquote> <script async src=\"https:\/\/www.tiktok.com\/embed.js\"><\/script>\n\n\n\n<h2 class=\"wp-block-heading\">Quais produtos ajudam a manter o penteado bonito?<\/h2>\n\n\n\n<p>Escolher cosm\u00e9ticos leves e de boa fixa\u00e7\u00e3o \u00e9 essencial para manter o cabelo bonito por mais tempo. Os finalizadores certos garantem brilho, controle do frizz e aspecto saud\u00e1vel, sem deixar os fios endurecidos.<\/p>\n\n\n\n<ul class=\"wp-block-list\">\n<li><strong>Spray fixador leve:<\/strong> mant\u00e9m o penteado firme sem rigidez.<\/li>\n\n\n\n<li><strong>\u00d3leo capilar:<\/strong> adiciona brilho e nutri\u00e7\u00e3o, ideal para pontas secas.<\/li>\n\n\n\n<li><strong>Mousse de volume:<\/strong> d\u00e1 sustenta\u00e7\u00e3o e corpo, principalmente em cabelos finos.<\/li>\n<\/ul>\n","protected":false},"excerpt":{"rendered":"<p>Alguns penteados simples podem transformar o visual, destacando os tra\u00e7os do rosto e trazendo leveza instant\u00e2nea. Tran\u00e7as soltas, coques baixos e rabos de cavalo altos s\u00e3o op\u00e7\u00f5es elegantes que harmonizam fei\u00e7\u00f5es e rejuvenescem com naturalidade. Como penteados podem transformar a apar\u00eancia? Os penteados pr\u00e1ticos s\u00e3o aliados na hora de real\u00e7ar o formato do rosto e [&hellip;]<\/p>\n","protected":false},"author":13,"featured_media":116706,"comment_status":"open","ping_status":"open","sticky":false,"template":"","format":"standard","meta":{"jnews-multi-image_gallery":[],"jnews_single_post":{"format":"standard"},"jnews_primary_category":[],"jnews_social_meta":[],"jnews_override_counter":[],"footnotes":""},"categories":[8819],"tags":[5143,17566],"class_list":["post-116679","post","type-post","status-publish","format-standard","has-post-thumbnail","hentry","category-curiosidades","tag-cabelos","tag-penteados-praticos"],"yoast_head":"<!-- This site is optimized with the Yoast SEO plugin v23.8 - https:\/\/yoast.com\/wordpress\/plugins\/seo\/ -->\n<title>Penteados simples que rejuvenescem est\u00e3o dominando os sal\u00f5es em 2025 - Estado de Minas - Em foco<\/title>\n<meta name=\"description\" content=\"Penteados simples que levantam o olhar e suavizam os tra\u00e7os est\u00e3o em alta. Descubra como criar um visual jovem sem esfor\u00e7o.\" \/>\n<meta name=\"robots\" content=\"index, follow, max-snippet:-1, max-image-preview:large, max-video-preview:-1\" \/>\n<link rel=\"canonical\" href=\"https:\/\/www.em.com.br\/emfoco\/2025\/10\/20\/penteados-simples-que-rejuvenescem-estao-dominando-os-saloes-em-2025\/\" \/>\n<meta property=\"og:locale\" content=\"pt_BR\" \/>\n<meta property=\"og:type\" content=\"article\" \/>\n<meta property=\"og:title\" content=\"Penteados simples que rejuvenescem est\u00e3o dominando os sal\u00f5es em 2025 - Estado de Minas - Em foco\" \/>\n<meta property=\"og:description\" content=\"Penteados simples que levantam o olhar e suavizam os tra\u00e7os est\u00e3o em alta. Descubra como criar um visual jovem sem esfor\u00e7o.\" \/>\n<meta property=\"og:url\" content=\"https:\/\/www.em.com.br\/emfoco\/2025\/10\/20\/penteados-simples-que-rejuvenescem-estao-dominando-os-saloes-em-2025\/\" \/>\n<meta property=\"og:site_name\" content=\"Estado de Minas - Em foco\" \/>\n<meta property=\"article:published_time\" content=\"2025-10-20T22:15:00+00:00\" \/>\n<meta property=\"article:modified_time\" content=\"2025-10-17T20:40:03+00:00\" \/>\n<meta property=\"og:image\" content=\"https:\/\/www.em.com.br\/emfoco\/wp-content\/uploads\/2025\/10\/Penteado-cabelo-feminino_1760733296027.jpg\" \/>\n\t<meta property=\"og:image:width\" content=\"1280\" \/>\n\t<meta property=\"og:image:height\" content=\"720\" \/>\n\t<meta property=\"og:image:type\" content=\"image\/jpeg\" \/>\n<meta name=\"author\" content=\"Gabriel Martins\" \/>\n<meta name=\"twitter:card\" content=\"summary_large_image\" \/>\n<meta name=\"twitter:label1\" content=\"Escrito por\" \/>\n\t<meta name=\"twitter:data1\" content=\"Gabriel Martins\" \/>\n\t<meta name=\"twitter:label2\" content=\"Est. tempo de leitura\" \/>\n\t<meta name=\"twitter:data2\" content=\"3 minutos\" \/>\n<!-- \/ Yoast SEO plugin. -->","yoast_head_json":{"title":"Penteados simples que rejuvenescem est\u00e3o dominando os sal\u00f5es em 2025 - Estado de Minas - Em foco","description":"Penteados simples que levantam o olhar e suavizam os tra\u00e7os est\u00e3o em alta. Descubra como criar um visual jovem sem esfor\u00e7o.","robots":{"index":"index","follow":"follow","max-snippet":"max-snippet:-1","max-image-preview":"max-image-preview:large","max-video-preview":"max-video-preview:-1"},"canonical":"https:\/\/www.em.com.br\/emfoco\/2025\/10\/20\/penteados-simples-que-rejuvenescem-estao-dominando-os-saloes-em-2025\/","og_locale":"pt_BR","og_type":"article","og_title":"Penteados simples que rejuvenescem est\u00e3o dominando os sal\u00f5es em 2025 - Estado de Minas - Em foco","og_description":"Penteados simples que levantam o olhar e suavizam os tra\u00e7os est\u00e3o em alta. Descubra como criar um visual jovem sem esfor\u00e7o.","og_url":"https:\/\/www.em.com.br\/emfoco\/2025\/10\/20\/penteados-simples-que-rejuvenescem-estao-dominando-os-saloes-em-2025\/","og_site_name":"Estado de Minas - Em foco","article_published_time":"2025-10-20T22:15:00+00:00","article_modified_time":"2025-10-17T20:40:03+00:00","og_image":[{"width":1280,"height":720,"url":"https:\/\/www.em.com.br\/emfoco\/wp-content\/uploads\/2025\/10\/Penteado-cabelo-feminino_1760733296027.jpg","type":"image\/jpeg"}],"author":"Gabriel Martins","twitter_card":"summary_large_image","twitter_misc":{"Escrito por":"Gabriel Martins","Est. tempo de leitura":"3 minutos"},"schema":{"@context":"https:\/\/schema.org","@graph":[{"@type":"WebPage","@id":"https:\/\/www.em.com.br\/emfoco\/2025\/10\/20\/penteados-simples-que-rejuvenescem-estao-dominando-os-saloes-em-2025\/","url":"https:\/\/www.em.com.br\/emfoco\/2025\/10\/20\/penteados-simples-que-rejuvenescem-estao-dominando-os-saloes-em-2025\/","name":"Penteados simples que rejuvenescem est\u00e3o dominando os sal\u00f5es em 2025 - Estado de Minas - Em foco","isPartOf":{"@id":"https:\/\/www.em.com.br\/emfoco\/#website"},"primaryImageOfPage":{"@id":"https:\/\/www.em.com.br\/emfoco\/2025\/10\/20\/penteados-simples-que-rejuvenescem-estao-dominando-os-saloes-em-2025\/#primaryimage"},"image":{"@id":"https:\/\/www.em.com.br\/emfoco\/2025\/10\/20\/penteados-simples-que-rejuvenescem-estao-dominando-os-saloes-em-2025\/#primaryimage"},"thumbnailUrl":"https:\/\/www.em.com.br\/emfoco\/wp-content\/uploads\/2025\/10\/Penteado-cabelo-feminino_1760733296027.jpg","datePublished":"2025-10-20T22:15:00+00:00","dateModified":"2025-10-17T20:40:03+00:00","author":{"@id":"https:\/\/www.em.com.br\/emfoco\/#\/schema\/person\/1c9ddeab18b98abeffef834667bcf08a"},"description":"Penteados simples que levantam o olhar e suavizam os tra\u00e7os est\u00e3o em alta. Descubra como criar um visual jovem sem esfor\u00e7o.","breadcrumb":{"@id":"https:\/\/www.em.com.br\/emfoco\/2025\/10\/20\/penteados-simples-que-rejuvenescem-estao-dominando-os-saloes-em-2025\/#breadcrumb"},"inLanguage":"pt-BR","potentialAction":[{"@type":"ReadAction","target":["https:\/\/www.em.com.br\/emfoco\/2025\/10\/20\/penteados-simples-que-rejuvenescem-estao-dominando-os-saloes-em-2025\/"]}]},{"@type":"ImageObject","inLanguage":"pt-BR","@id":"https:\/\/www.em.com.br\/emfoco\/2025\/10\/20\/penteados-simples-que-rejuvenescem-estao-dominando-os-saloes-em-2025\/#primaryimage","url":"https:\/\/www.em.com.br\/emfoco\/wp-content\/uploads\/2025\/10\/Penteado-cabelo-feminino_1760733296027.jpg","contentUrl":"https:\/\/www.em.com.br\/emfoco\/wp-content\/uploads\/2025\/10\/Penteado-cabelo-feminino_1760733296027.jpg","width":1280,"height":720,"caption":"Volume no topo destaca o rosto e suaviza a express\u00e3o - Cr\u00e9ditos: depositphotos.com \/ AntonLozovoy"},{"@type":"BreadcrumbList","@id":"https:\/\/www.em.com.br\/emfoco\/2025\/10\/20\/penteados-simples-que-rejuvenescem-estao-dominando-os-saloes-em-2025\/#breadcrumb","itemListElement":[{"@type":"ListItem","position":1,"name":"In\u00edcio","item":"https:\/\/www.em.com.br\/emfoco\/"},{"@type":"ListItem","position":2,"name":"Penteados simples que rejuvenescem est\u00e3o dominando os sal\u00f5es em 2025"}]},{"@type":"WebSite","@id":"https:\/\/www.em.com.br\/emfoco\/#website","url":"https:\/\/www.em.com.br\/emfoco\/","name":"Estado de Minas - Em foco","description":"Acompanhe as \u00faltimas not\u00edcias e fique bem informado sobre tudo o que acontece em Minas Gerais, Brasil e no mundo.","potentialAction":[{"@type":"SearchAction","target":{"@type":"EntryPoint","urlTemplate":"https:\/\/www.em.com.br\/emfoco\/?s={search_term_string}"},"query-input":{"@type":"PropertyValueSpecification","valueRequired":true,"valueName":"search_term_string"}}],"inLanguage":"pt-BR"},{"@type":"Person","@id":"https:\/\/www.em.com.br\/emfoco\/#\/schema\/person\/1c9ddeab18b98abeffef834667bcf08a","name":"Gabriel Martins","image":{"@type":"ImageObject","inLanguage":"pt-BR","@id":"https:\/\/www.em.com.br\/emfoco\/#\/schema\/person\/image\/","url":"https:\/\/secure.gravatar.com\/avatar\/f0f1e2efdfd88f1ad2cb08c5c2731e50?s=96&d=mm&r=g","contentUrl":"https:\/\/secure.gravatar.com\/avatar\/f0f1e2efdfd88f1ad2cb08c5c2731e50?s=96&d=mm&r=g","caption":"Gabriel Martins"},"sameAs":["https:\/\/www.em.com.br\/emfoco\/"],"url":"https:\/\/www.em.com.br\/emfoco\/author\/gabrielmartinsmyth\/"}]}},"_links":{"self":[{"href":"https:\/\/www.em.com.br\/emfoco\/wp-json\/wp\/v2\/posts\/116679","targetHints":{"allow":["GET"]}}],"collection":[{"href":"https:\/\/www.em.com.br\/emfoco\/wp-json\/wp\/v2\/posts"}],"about":[{"href":"https:\/\/www.em.com.br\/emfoco\/wp-json\/wp\/v2\/types\/post"}],"author":[{"embeddable":true,"href":"https:\/\/www.em.com.br\/emfoco\/wp-json\/wp\/v2\/users\/13"}],"replies":[{"embeddable":true,"href":"https:\/\/www.em.com.br\/emfoco\/wp-json\/wp\/v2\/comments?post=116679"}],"version-history":[{"count":1,"href":"https:\/\/www.em.com.br\/emfoco\/wp-json\/wp\/v2\/posts\/116679\/revisions"}],"predecessor-version":[{"id":116707,"href":"https:\/\/www.em.com.br\/emfoco\/wp-json\/wp\/v2\/posts\/116679\/revisions\/116707"}],"wp:featuredmedia":[{"embeddable":true,"href":"https:\/\/www.em.com.br\/emfoco\/wp-json\/wp\/v2\/media\/116706"}],"wp:attachment":[{"href":"https:\/\/www.em.com.br\/emfoco\/wp-json\/wp\/v2\/media?parent=116679"}],"wp:term":[{"taxonomy":"category","embeddable":true,"href":"https:\/\/www.em.com.br\/emfoco\/wp-json\/wp\/v2\/categories?post=116679"},{"taxonomy":"post_tag","embeddable":true,"href":"https:\/\/www.em.com.br\/emfoco\/wp-json\/wp\/v2\/tags?post=116679"}],"curies":[{"name":"wp","href":"https:\/\/api.w.org\/{rel}","templated":true}]}}