{"id":116678,"date":"2025-10-20T16:35:00","date_gmt":"2025-10-20T19:35:00","guid":{"rendered":"https:\/\/www.em.com.br\/emfoco\/?p=116678"},"modified":"2025-10-17T17:35:52","modified_gmt":"2025-10-17T20:35:52","slug":"franja-que-rejuvenesce-e-transforma-o-visual-e-virou-obsessao-nos-saloes","status":"publish","type":"post","link":"https:\/\/www.em.com.br\/emfoco\/2025\/10\/20\/franja-que-rejuvenesce-e-transforma-o-visual-e-virou-obsessao-nos-saloes\/","title":{"rendered":"Franja que rejuvenesce e transforma o visual e virou obsess\u00e3o nos sal\u00f5es"},"content":{"rendered":"\n<p>As <strong>franjas curtain bangs<\/strong> e as vers\u00f5es <strong>desfiadas<\/strong> est\u00e3o em alta por moldarem o rosto e criarem um efeito de leveza. Elas equilibram as propor\u00e7\u00f5es faciais e rejuvenescem o visual sem precisar de grandes mudan\u00e7as.<\/p>\n\n\n\n<ul class=\"wp-block-list\">\n<li>Modelos de franja que suavizam tra\u00e7os e afinam o rosto<\/li>\n\n\n\n<li>Como escolher o corte ideal para cada formato facial<\/li>\n\n\n\n<li>Truques de manuten\u00e7\u00e3o e secagem para manter o efeito natural<\/li>\n<\/ul>\n\n\n\n<h2 class=\"wp-block-heading\">Como as franjas curtain bangs e desfiadas afinam o rosto?<\/h2>\n\n\n\n<p>As <strong>curtain bangs<\/strong>, com base no centro e pontas mais longas, criam um contorno suave que alonga o rosto. Elas ajudam a disfar\u00e7ar a testa e suavizar linhas de express\u00e3o, proporcionando um efeito de <strong>rejuvenescimento imediato<\/strong>.<\/p>\n\n\n\n<p>J\u00e1 as <strong>franjas desfiadas<\/strong> oferecem movimento e leveza, ideais para quem tem fios grossos ou volumosos. Ao quebrar o peso visual, elas deixam a apar\u00eancia mais equilibrada e moderna, destacando os tra\u00e7os de forma natural.<\/p>\n\n\n\n<blockquote class=\"tiktok-embed\" cite=\"https:\/\/www.tiktok.com\/@faick_hair\/video\/7439330723984592160\" data-video-id=\"7439330723984592160\" style=\"max-width: 605px;min-width: 325px;\" > <section> <a target=\"_blank\" title=\"@faick_hair\" href=\"https:\/\/www.tiktok.com\/@faick_hair?refer=embed\">@faick_hair<\/a> Curtain Bangs \ud83e\udee0 <a title=\"haircut\" target=\"_blank\" href=\"https:\/\/www.tiktok.com\/tag\/haircut?refer=embed\">#haircut<\/a> <a title=\"hairvideos\" target=\"_blank\" href=\"https:\/\/www.tiktok.com\/tag\/hairvideos?refer=embed\">#hairvideos<\/a> <a title=\"trend\" target=\"_blank\" href=\"https:\/\/www.tiktok.com\/tag\/trend?refer=embed\">#trend<\/a> <a title=\"cut\" target=\"_blank\" href=\"https:\/\/www.tiktok.com\/tag\/cut?refer=embed\">#cut<\/a> <a title=\"tiktok\" target=\"_blank\" href=\"https:\/\/www.tiktok.com\/tag\/tiktok?refer=embed\">#tiktok<\/a> <a title=\"viral\" target=\"_blank\" href=\"https:\/\/www.tiktok.com\/tag\/viral?refer=embed\">#viral<\/a> <a title=\"beautiful\" target=\"_blank\" href=\"https:\/\/www.tiktok.com\/tag\/beautiful?refer=embed\">#beautiful<\/a> <a title=\"girl\" target=\"_blank\" href=\"https:\/\/www.tiktok.com\/tag\/girl?refer=embed\">#girl<\/a> <a title=\"milano\" target=\"_blank\" href=\"https:\/\/www.tiktok.com\/tag\/milano?refer=embed\">#milano<\/a> <a target=\"_blank\" title=\"\u266c Hrs and Hrs - Muni Long\" href=\"https:\/\/www.tiktok.com\/music\/Hrs-and-Hrs-7037059536640804866?refer=embed\">\u266c Hrs and Hrs &#8211; Muni Long<\/a> <\/section> <\/blockquote> <script async src=\"https:\/\/www.tiktok.com\/embed.js\"><\/script>\n\n\n\n<h2 class=\"wp-block-heading\">Quais tipos de franja combinam com cada formato de rosto?<\/h2>\n\n\n\n<p>O formato do rosto influencia diretamente na escolha da franja ideal. Entender essa harmonia \u00e9 essencial para alcan\u00e7ar o efeito de <strong>afinamento visual<\/strong> e equil\u00edbrio est\u00e9tico desejado.<\/p>\n\n\n\n<ul class=\"wp-block-list\">\n<li><strong>Rosto redondo:<\/strong> franjas laterais longas criam alongamento vertical.<\/li>\n\n\n\n<li><strong>Rosto quadrado:<\/strong> vers\u00f5es desfiadas suavizam \u00e2ngulos marcantes.<\/li>\n\n\n\n<li><strong>Rosto oval:<\/strong> qualquer estilo funciona, mas curtain bangs real\u00e7am a simetria.<\/li>\n<\/ul>\n\n\n\n<p><em>Leia mais: <a href=\"https:\/\/www.em.com.br\/emfoco\/2025\/10\/15\/cortes-curtos-que-combinam-praticidade-movimento-e-sofisticacao\/\" target=\"_blank\" rel=\"noreferrer noopener\">Cortes curtos que combinam praticidade, movimento e sofistica\u00e7\u00e3o<\/a><\/em><\/p>\n\n\n\n<h2 class=\"wp-block-heading\">Como manter a franja bonita e com movimento natural?<\/h2>\n\n\n\n<p>A manuten\u00e7\u00e3o \u00e9 simples, mas exige const\u00e2ncia. Aparar a <strong>franja<\/strong> a cada tr\u00eas ou quatro semanas mant\u00e9m o caimento correto. Al\u00e9m disso, o uso de leave-in e protetor t\u00e9rmico ajuda a preservar o brilho e evitar pontas ressecadas.<\/p>\n\n\n\n<p>Na secagem, direcione o jato de ar para baixo e use os dedos para modelar as mechas. Isso garante um <strong>efeito natural<\/strong> e impede o <a href=\"https:\/\/www.loreal-paris.com.br\/para-acabar-de-vez-com-o-frizz-10-dicas-definitivas\" target=\"_blank\" rel=\"noreferrer noopener\">frizz<\/a>, mantendo o movimento solto e leve caracter\u00edstico das curtain bangs.<\/p>\n\n\n\n<blockquote class=\"tiktok-embed\" cite=\"https:\/\/www.tiktok.com\/@ramonynunes6\/video\/7528531279919254840\" data-video-id=\"7528531279919254840\" style=\"max-width: 605px;min-width: 325px;\" > <section> <a target=\"_blank\" title=\"@ramonynunes6\" href=\"https:\/\/www.tiktok.com\/@ramonynunes6?refer=embed\">@ramonynunes6<\/a> Quer aprender a fazer essa franja ? Ent\u00e3o vem que vou te ensinar, aproveita curte, comenta e compartilha para a amiga que vai fazer essa franja junto com voc\u00ea \ud83d\ude4c\ud83c\udffb <a title=\"franjacurtainbangs\" target=\"_blank\" href=\"https:\/\/www.tiktok.com\/tag\/franjacurtainbangs?refer=embed\">#franjacurtainbangs<\/a>  <a title=\"franjacurtininha\" target=\"_blank\" href=\"https:\/\/www.tiktok.com\/tag\/franjacurtininha?refer=embed\">#franjacurtininha<\/a> <a target=\"_blank\" title=\"\u266c The Luxury Lounge - Cassiopeia\" href=\"https:\/\/www.tiktok.com\/music\/The-Luxury-Lounge-7378258629840324662?refer=embed\">\u266c The Luxury Lounge &#8211; Cassiopeia<\/a> <\/section> <\/blockquote> <script async src=\"https:\/\/www.tiktok.com\/embed.js\"><\/script>\n\n\n\n<h2 class=\"wp-block-heading\">Quais s\u00e3o os melhores truques para valorizar o corte?<\/h2>\n\n\n\n<p>Pequenos h\u00e1bitos no dia a dia ajudam a manter a <strong>franja perfeita<\/strong>. Apostar em produtos leves, como sprays de textura e mousses, mant\u00e9m o balan\u00e7o e o volume ideal, evitando que os fios fiquem pesados.<\/p>\n\n\n\n<ul class=\"wp-block-list\">\n<li>Use shampoo a seco para prolongar a durabilidade entre lavagens.<\/li>\n\n\n\n<li>Evite prender os fios \u00famidos para n\u00e3o marcar a franja.<\/li>\n\n\n\n<li>Finalize com escova redonda para garantir o caimento suave.<\/li>\n<\/ul>\n","protected":false},"excerpt":{"rendered":"<p>As franjas curtain bangs e as vers\u00f5es desfiadas est\u00e3o em alta por moldarem o rosto e criarem um efeito de leveza. Elas equilibram as propor\u00e7\u00f5es faciais e rejuvenescem o visual sem precisar de grandes mudan\u00e7as. Como as franjas curtain bangs e desfiadas afinam o rosto? As curtain bangs, com base no centro e pontas mais [&hellip;]<\/p>\n","protected":false},"author":13,"featured_media":116704,"comment_status":"open","ping_status":"open","sticky":false,"template":"","format":"standard","meta":{"jnews-multi-image_gallery":[],"jnews_single_post":{"format":"standard"},"jnews_primary_category":[],"jnews_social_meta":[],"jnews_override_counter":[],"footnotes":""},"categories":[8819],"tags":[4906,17565,17564],"class_list":["post-116678","post","type-post","status-publish","format-standard","has-post-thumbnail","hentry","category-curiosidades","tag-corte-de-cabelo","tag-cortes-que-afinam-o-rosto","tag-franjas"],"yoast_head":"<!-- This site is optimized with the Yoast SEO plugin v23.8 - https:\/\/yoast.com\/wordpress\/plugins\/seo\/ -->\n<title>Franja que rejuvenesce e transforma o visual e virou obsess\u00e3o nos sal\u00f5es - Estado de Minas - Em foco<\/title>\n<meta name=\"description\" content=\"Cortes com franja que afinam o rosto e trazem leveza est\u00e3o dominando os sal\u00f5es neste ano. Conhe\u00e7a os estilos favoritos.\" \/>\n<meta name=\"robots\" content=\"index, follow, max-snippet:-1, max-image-preview:large, max-video-preview:-1\" \/>\n<link rel=\"canonical\" href=\"https:\/\/www.em.com.br\/emfoco\/2025\/10\/20\/franja-que-rejuvenesce-e-transforma-o-visual-e-virou-obsessao-nos-saloes\/\" \/>\n<meta property=\"og:locale\" content=\"pt_BR\" \/>\n<meta property=\"og:type\" content=\"article\" \/>\n<meta property=\"og:title\" content=\"Franja que rejuvenesce e transforma o visual e virou obsess\u00e3o nos sal\u00f5es - Estado de Minas - Em foco\" \/>\n<meta property=\"og:description\" content=\"Cortes com franja que afinam o rosto e trazem leveza est\u00e3o dominando os sal\u00f5es neste ano. Conhe\u00e7a os estilos favoritos.\" \/>\n<meta property=\"og:url\" content=\"https:\/\/www.em.com.br\/emfoco\/2025\/10\/20\/franja-que-rejuvenesce-e-transforma-o-visual-e-virou-obsessao-nos-saloes\/\" \/>\n<meta property=\"og:site_name\" content=\"Estado de Minas - Em foco\" \/>\n<meta property=\"article:published_time\" content=\"2025-10-20T19:35:00+00:00\" \/>\n<meta property=\"article:modified_time\" content=\"2025-10-17T20:35:52+00:00\" \/>\n<meta property=\"og:image\" content=\"https:\/\/www.em.com.br\/emfoco\/wp-content\/uploads\/2025\/10\/Corte-franja_1760732702459.jpg\" \/>\n\t<meta property=\"og:image:width\" content=\"1280\" \/>\n\t<meta property=\"og:image:height\" content=\"720\" \/>\n\t<meta property=\"og:image:type\" content=\"image\/jpeg\" \/>\n<meta name=\"author\" content=\"Gabriel Martins\" \/>\n<meta name=\"twitter:card\" content=\"summary_large_image\" \/>\n<meta name=\"twitter:label1\" content=\"Escrito por\" \/>\n\t<meta name=\"twitter:data1\" content=\"Gabriel Martins\" \/>\n\t<meta name=\"twitter:label2\" content=\"Est. tempo de leitura\" \/>\n\t<meta name=\"twitter:data2\" content=\"3 minutos\" \/>\n<!-- \/ Yoast SEO plugin. -->","yoast_head_json":{"title":"Franja que rejuvenesce e transforma o visual e virou obsess\u00e3o nos sal\u00f5es - Estado de Minas - Em foco","description":"Cortes com franja que afinam o rosto e trazem leveza est\u00e3o dominando os sal\u00f5es neste ano. Conhe\u00e7a os estilos favoritos.","robots":{"index":"index","follow":"follow","max-snippet":"max-snippet:-1","max-image-preview":"max-image-preview:large","max-video-preview":"max-video-preview:-1"},"canonical":"https:\/\/www.em.com.br\/emfoco\/2025\/10\/20\/franja-que-rejuvenesce-e-transforma-o-visual-e-virou-obsessao-nos-saloes\/","og_locale":"pt_BR","og_type":"article","og_title":"Franja que rejuvenesce e transforma o visual e virou obsess\u00e3o nos sal\u00f5es - Estado de Minas - Em foco","og_description":"Cortes com franja que afinam o rosto e trazem leveza est\u00e3o dominando os sal\u00f5es neste ano. Conhe\u00e7a os estilos favoritos.","og_url":"https:\/\/www.em.com.br\/emfoco\/2025\/10\/20\/franja-que-rejuvenesce-e-transforma-o-visual-e-virou-obsessao-nos-saloes\/","og_site_name":"Estado de Minas - Em foco","article_published_time":"2025-10-20T19:35:00+00:00","article_modified_time":"2025-10-17T20:35:52+00:00","og_image":[{"width":1280,"height":720,"url":"https:\/\/www.em.com.br\/emfoco\/wp-content\/uploads\/2025\/10\/Corte-franja_1760732702459.jpg","type":"image\/jpeg"}],"author":"Gabriel Martins","twitter_card":"summary_large_image","twitter_misc":{"Escrito por":"Gabriel Martins","Est. tempo de leitura":"3 minutos"},"schema":{"@context":"https:\/\/schema.org","@graph":[{"@type":"WebPage","@id":"https:\/\/www.em.com.br\/emfoco\/2025\/10\/20\/franja-que-rejuvenesce-e-transforma-o-visual-e-virou-obsessao-nos-saloes\/","url":"https:\/\/www.em.com.br\/emfoco\/2025\/10\/20\/franja-que-rejuvenesce-e-transforma-o-visual-e-virou-obsessao-nos-saloes\/","name":"Franja que rejuvenesce e transforma o visual e virou obsess\u00e3o nos sal\u00f5es - Estado de Minas - Em foco","isPartOf":{"@id":"https:\/\/www.em.com.br\/emfoco\/#website"},"primaryImageOfPage":{"@id":"https:\/\/www.em.com.br\/emfoco\/2025\/10\/20\/franja-que-rejuvenesce-e-transforma-o-visual-e-virou-obsessao-nos-saloes\/#primaryimage"},"image":{"@id":"https:\/\/www.em.com.br\/emfoco\/2025\/10\/20\/franja-que-rejuvenesce-e-transforma-o-visual-e-virou-obsessao-nos-saloes\/#primaryimage"},"thumbnailUrl":"https:\/\/www.em.com.br\/emfoco\/wp-content\/uploads\/2025\/10\/Corte-franja_1760732702459.jpg","datePublished":"2025-10-20T19:35:00+00:00","dateModified":"2025-10-17T20:35:52+00:00","author":{"@id":"https:\/\/www.em.com.br\/emfoco\/#\/schema\/person\/1c9ddeab18b98abeffef834667bcf08a"},"description":"Cortes com franja que afinam o rosto e trazem leveza est\u00e3o dominando os sal\u00f5es neste ano. Conhe\u00e7a os estilos favoritos.","breadcrumb":{"@id":"https:\/\/www.em.com.br\/emfoco\/2025\/10\/20\/franja-que-rejuvenesce-e-transforma-o-visual-e-virou-obsessao-nos-saloes\/#breadcrumb"},"inLanguage":"pt-BR","potentialAction":[{"@type":"ReadAction","target":["https:\/\/www.em.com.br\/emfoco\/2025\/10\/20\/franja-que-rejuvenesce-e-transforma-o-visual-e-virou-obsessao-nos-saloes\/"]}]},{"@type":"ImageObject","inLanguage":"pt-BR","@id":"https:\/\/www.em.com.br\/emfoco\/2025\/10\/20\/franja-que-rejuvenesce-e-transforma-o-visual-e-virou-obsessao-nos-saloes\/#primaryimage","url":"https:\/\/www.em.com.br\/emfoco\/wp-content\/uploads\/2025\/10\/Corte-franja_1760732702459.jpg","contentUrl":"https:\/\/www.em.com.br\/emfoco\/wp-content\/uploads\/2025\/10\/Corte-franja_1760732702459.jpg","width":1280,"height":720,"caption":"Franjas alongam o rosto e suavizam as linhas de express\u00e3o - Cr\u00e9ditos: depositphotos.com \/ Kzenon"},{"@type":"BreadcrumbList","@id":"https:\/\/www.em.com.br\/emfoco\/2025\/10\/20\/franja-que-rejuvenesce-e-transforma-o-visual-e-virou-obsessao-nos-saloes\/#breadcrumb","itemListElement":[{"@type":"ListItem","position":1,"name":"In\u00edcio","item":"https:\/\/www.em.com.br\/emfoco\/"},{"@type":"ListItem","position":2,"name":"Franja que rejuvenesce e transforma o visual e virou obsess\u00e3o nos sal\u00f5es"}]},{"@type":"WebSite","@id":"https:\/\/www.em.com.br\/emfoco\/#website","url":"https:\/\/www.em.com.br\/emfoco\/","name":"Estado de Minas - Em foco","description":"Acompanhe as \u00faltimas not\u00edcias e fique bem informado sobre tudo o que acontece em Minas Gerais, Brasil e no mundo.","potentialAction":[{"@type":"SearchAction","target":{"@type":"EntryPoint","urlTemplate":"https:\/\/www.em.com.br\/emfoco\/?s={search_term_string}"},"query-input":{"@type":"PropertyValueSpecification","valueRequired":true,"valueName":"search_term_string"}}],"inLanguage":"pt-BR"},{"@type":"Person","@id":"https:\/\/www.em.com.br\/emfoco\/#\/schema\/person\/1c9ddeab18b98abeffef834667bcf08a","name":"Gabriel Martins","image":{"@type":"ImageObject","inLanguage":"pt-BR","@id":"https:\/\/www.em.com.br\/emfoco\/#\/schema\/person\/image\/","url":"https:\/\/secure.gravatar.com\/avatar\/f0f1e2efdfd88f1ad2cb08c5c2731e50?s=96&d=mm&r=g","contentUrl":"https:\/\/secure.gravatar.com\/avatar\/f0f1e2efdfd88f1ad2cb08c5c2731e50?s=96&d=mm&r=g","caption":"Gabriel Martins"},"sameAs":["https:\/\/www.em.com.br\/emfoco\/"],"url":"https:\/\/www.em.com.br\/emfoco\/author\/gabrielmartinsmyth\/"}]}},"_links":{"self":[{"href":"https:\/\/www.em.com.br\/emfoco\/wp-json\/wp\/v2\/posts\/116678","targetHints":{"allow":["GET"]}}],"collection":[{"href":"https:\/\/www.em.com.br\/emfoco\/wp-json\/wp\/v2\/posts"}],"about":[{"href":"https:\/\/www.em.com.br\/emfoco\/wp-json\/wp\/v2\/types\/post"}],"author":[{"embeddable":true,"href":"https:\/\/www.em.com.br\/emfoco\/wp-json\/wp\/v2\/users\/13"}],"replies":[{"embeddable":true,"href":"https:\/\/www.em.com.br\/emfoco\/wp-json\/wp\/v2\/comments?post=116678"}],"version-history":[{"count":1,"href":"https:\/\/www.em.com.br\/emfoco\/wp-json\/wp\/v2\/posts\/116678\/revisions"}],"predecessor-version":[{"id":116705,"href":"https:\/\/www.em.com.br\/emfoco\/wp-json\/wp\/v2\/posts\/116678\/revisions\/116705"}],"wp:featuredmedia":[{"embeddable":true,"href":"https:\/\/www.em.com.br\/emfoco\/wp-json\/wp\/v2\/media\/116704"}],"wp:attachment":[{"href":"https:\/\/www.em.com.br\/emfoco\/wp-json\/wp\/v2\/media?parent=116678"}],"wp:term":[{"taxonomy":"category","embeddable":true,"href":"https:\/\/www.em.com.br\/emfoco\/wp-json\/wp\/v2\/categories?post=116678"},{"taxonomy":"post_tag","embeddable":true,"href":"https:\/\/www.em.com.br\/emfoco\/wp-json\/wp\/v2\/tags?post=116678"}],"curies":[{"name":"wp","href":"https:\/\/api.w.org\/{rel}","templated":true}]}}