{"id":116541,"date":"2025-10-18T16:25:00","date_gmt":"2025-10-18T19:25:00","guid":{"rendered":"https:\/\/www.em.com.br\/emfoco\/?p=116541"},"modified":"2025-10-17T17:59:56","modified_gmt":"2025-10-17T20:59:56","slug":"stf-confirma-fim-automatico-do-auxilio-doenca-apos-120-dias","status":"publish","type":"post","link":"https:\/\/www.em.com.br\/emfoco\/2025\/10\/18\/stf-confirma-fim-automatico-do-auxilio-doenca-apos-120-dias\/","title":{"rendered":"STF confirma fim autom\u00e1tico do aux\u00edlio-doen\u00e7a ap\u00f3s 120 dias"},"content":{"rendered":"\n<p>No cen\u00e1rio do direito previdenci\u00e1rio brasileiro, decis\u00f5es tomadas pelo <strong>Supremo Tribunal Federal<\/strong> (STF) delineiam normas e pr\u00e1ticas que afetam diretamente milh\u00f5es de segurados. Uma dessas decis\u00f5es importantes, validada por unanimidade pelo plen\u00e1rio, autoriza o t\u00e9rmino autom\u00e1tico do aux\u00edlio-doen\u00e7a em um prazo de <strong>120 dias<\/strong> ap\u00f3s sua concess\u00e3o pelo <strong>Instituto Nacional do Seguro Social<\/strong> (INSS), sem a necessidade de uma nova per\u00edcia m\u00e9dica. Al\u00e9m disso, o <strong>INSS <\/strong>pode cessar o benef\u00edcio antes desse per\u00edodo caso julgue adequado, tornando mais \u00e1gil o processo de encerramento de benef\u00edcios tempor\u00e1rios.<\/p>\n\n\n\n<p>O julgamento do <strong>STF <\/strong>traz impacto nacional, pois estabelece repercuss\u00e3o geral, devendo ser seguido por todas as inst\u00e2ncias judiciais. Isso significa que decis\u00f5es locais contr\u00e1rias podem ser revertidas, como no caso de uma segurada em <strong>Sergipe<\/strong>. A uniformiza\u00e7\u00e3o das regras gera maior previsibilidade, mas tamb\u00e9m desperta preocupa\u00e7\u00e3o quanto \u00e0 prote\u00e7\u00e3o dos segurados que ainda n\u00e3o est\u00e3o aptos ao trabalho no fim do prazo estabelecido.<\/p>\n\n\n\n<h2 class=\"wp-block-heading\">Quais s\u00e3o os impactos ao segurado?<\/h2>\n\n\n<div class=\"wp-block-image\">\n<figure class=\"aligncenter size-large\"><img loading=\"lazy\" decoding=\"async\" width=\"1024\" height=\"576\" src=\"https:\/\/www.em.com.br\/emfoco\/wp-content\/uploads\/2025\/06\/inss_1748997192246-1024x576.jpg\" alt=\"Governo prop\u00f5e mais agilidade e seguran\u00e7a nos benef\u00edcios do INSS\" class=\"wp-image-55204\" srcset=\"https:\/\/www.em.com.br\/emfoco\/wp-content\/uploads\/2025\/06\/inss_1748997192246-1024x576.jpg 1024w, https:\/\/www.em.com.br\/emfoco\/wp-content\/uploads\/2025\/06\/inss_1748997192246-300x169.jpg 300w, https:\/\/www.em.com.br\/emfoco\/wp-content\/uploads\/2025\/06\/inss_1748997192246-768x432.jpg 768w, https:\/\/www.em.com.br\/emfoco\/wp-content\/uploads\/2025\/06\/inss_1748997192246-750x422.jpg 750w, https:\/\/www.em.com.br\/emfoco\/wp-content\/uploads\/2025\/06\/inss_1748997192246-1140x641.jpg 1140w, https:\/\/www.em.com.br\/emfoco\/wp-content\/uploads\/2025\/06\/inss_1748997192246.jpg 1280w\" sizes=\"auto, (max-width: 1024px) 100vw, 1024px\" \/><figcaption class=\"wp-element-caption\">Celular com o APP do INSS &#8211; Cr\u00e9ditos: depositphotos.com \/ rmcarvalhobsb<\/figcaption><\/figure><\/div>\n\n\n<p>O aux\u00edlio-doen\u00e7a \u00e9 concedido a trabalhadores incapacitados temporariamente e que estejam em dia com suas contribui\u00e7\u00f5es ao <strong>INSS<\/strong>. Com a nova determina\u00e7\u00e3o, o benef\u00edcio pode ser interrompido automaticamente ao final de <strong>120 dias<\/strong>, a menos que o trabalhador solicite prorroga\u00e7\u00e3o dentro do prazo estabelecido.<\/p>\n\n\n\n<p>Essa medida exige mais aten\u00e7\u00e3o dos segurados quanto aos prazos e procedimentos para evitar a suspens\u00e3o inesperada do aux\u00edlio. Tamb\u00e9m refor\u00e7a a import\u00e2ncia do acompanhamento m\u00e9dico constante e do acesso a informa\u00e7\u00f5es claras sobre os direitos previdenci\u00e1rios. Al\u00e9m disso, especialistas recomendam que o segurado busque orienta\u00e7\u00e3o junto ao <strong>INSS <\/strong>ou advogado especializado sempre que houver d\u00favida sobre o processo de prorroga\u00e7\u00e3o.<\/p>\n\n\n\n<h2 class=\"wp-block-heading\">Como fica a seguran\u00e7a jur\u00eddica?<\/h2>\n\n\n\n<p>A homologa\u00e7\u00e3o do <strong>STF <\/strong>trouxe seguran\u00e7a jur\u00eddica e padroniza\u00e7\u00e3o aos procedimentos do <strong>INSS <\/strong>para o aux\u00edlio-doen\u00e7a. A <strong>Corte <\/strong>reconheceu que a regulamenta\u00e7\u00e3o, inclusive por medidas provis\u00f3rias posteriormente convertidas em lei, respeita os princ\u00edpios constitucionais da seguridade social j\u00e1 garantidos pela <strong>Constitui\u00e7\u00e3o Federal<\/strong>.<\/p>\n\n\n\n<p>Com isso, trabalhadores e operadores do direito t\u00eam maior clareza sobre os crit\u00e9rios de concess\u00e3o e cessa\u00e7\u00e3o do benef\u00edcio, evitando lit\u00edgios desnecess\u00e1rios e promovendo maior estabilidade nas decis\u00f5es judiciais sobre o tema. A decis\u00e3o tamb\u00e9m previne diverg\u00eancias interpretativas nas inst\u00e2ncias inferiores, fortalecendo a previsibilidade no sistema previdenci\u00e1rio.<\/p>\n\n\n\n<h2 class=\"wp-block-heading\">Qual o papel das MPs no aux\u00edlio?<\/h2>\n\n\n\n<p>Medidas provis\u00f3rias foram utilizadas para regulamentar temas urgentes, como o aux\u00edlio-doen\u00e7a, principalmente em situa\u00e7\u00f5es de incapacidade tempor\u00e1ria. Segundo o <strong><a href=\"https:\/\/portal.stf.jus.br\/\" target=\"_blank\" rel=\"noreferrer noopener\">STF<\/a><\/strong>, o uso desse instrumento \u00e9 leg\u00edtimo e visa tornar mais eficiente a gest\u00e3o dos benef\u00edcios e dos recursos p\u00fablicos.<\/p>\n\n\n\n<p>Mesmo diante de questionamentos judiciais, a <strong>Corte <\/strong>entendeu que essas normas n\u00e3o comprometem o direito ao benef\u00edcio, apenas estabelecem crit\u00e9rios objetivos para sua concess\u00e3o e encerramento, fortalecendo a organiza\u00e7\u00e3o administrativa do <strong>INSS<\/strong>. Cabe mencionar que o acompanhamento das a\u00e7\u00f5es do <strong>Legislativo <\/strong>sobre poss\u00edveis altera\u00e7\u00f5es nas <strong>MPs <\/strong>\u00e9 recomendado para manter-se atualizado sobre os direitos previdenci\u00e1rios.<\/p>\n\n\n\n<h2 class=\"wp-block-heading\">Quais os desafios para o segurado?<\/h2>\n\n\n\n<p>O principal desafio ser\u00e1 garantir que a cessa\u00e7\u00e3o autom\u00e1tica n\u00e3o deixe trabalhadores vulner\u00e1veis sem amparo, principalmente em casos de prolongamento da incapacidade. O <strong>INSS <\/strong>dever\u00e1 prestar orienta\u00e7\u00e3o clara sobre os procedimentos de prorroga\u00e7\u00e3o para que o segurado n\u00e3o seja prejudicado.<\/p>\n\n\n\n<p>\u00c9 fundamental que o trabalhador acompanhe de perto a situa\u00e7\u00e3o do benef\u00edcio e realize o pedido de prorroga\u00e7\u00e3o antes do t\u00e9rmino do prazo, assegurando a continuidade do suporte financeiro at\u00e9 o restabelecimento pleno de sua capacidade laborativa. Buscar canais digitais do <strong>INSS <\/strong>e manter documenta\u00e7\u00e3o m\u00e9dica atualizada s\u00e3o pr\u00e1ticas essenciais nesse contexto.<\/p>\n\n\n\n<p>Leia mais: <a href=\"https:\/\/www.em.com.br\/emfoco\/2025\/10\/15\/veja-como-comecar-a-pagar-o-inss-hoje-e-garantir-seus-beneficios\/\" target=\"_blank\" rel=\"noreferrer noopener\">Veja como come\u00e7ar a pagar o INSS hoje e garantir seus benef\u00edcios<\/a><\/p>\n\n\n\n<h2 class=\"wp-block-heading\">Como a decis\u00e3o afeta o INSS?<\/h2>\n\n\n\n<p>A decis\u00e3o do <strong>STF <\/strong>oferece ao <strong>INSS <\/strong>maior autonomia e flexibilidade na administra\u00e7\u00e3o dos aux\u00edlios por incapacidade tempor\u00e1ria. Isso contribui para otimizar recursos e reduzir o tempo de filas para novas concess\u00f5es, beneficiando toda a estrutura previdenci\u00e1ria.<\/p>\n\n\n\n<p>No entanto, \u00e9 essencial equilibrar efici\u00eancia administrativa com a garantia dos direitos do segurado, mantendo mecanismos de controle e possibilidade de revis\u00e3o em casos excepcionais, a fim de evitar injusti\u00e7as e promover a verdadeira prote\u00e7\u00e3o social. Adicionalmente, o <strong>INSS <\/strong>dever\u00e1 investir em tecnologia e treinamento para melhor informar os segurados sobre seus direitos e prazos.<\/p>\n\n\n\n<p><\/p>\n","protected":false},"excerpt":{"rendered":"<p>No cen\u00e1rio do direito previdenci\u00e1rio brasileiro, decis\u00f5es tomadas pelo Supremo Tribunal Federal (STF) delineiam normas e pr\u00e1ticas que afetam diretamente milh\u00f5es de segurados. Uma dessas decis\u00f5es importantes, validada por unanimidade pelo plen\u00e1rio, autoriza o t\u00e9rmino autom\u00e1tico do aux\u00edlio-doen\u00e7a em um prazo de 120 dias ap\u00f3s sua concess\u00e3o pelo Instituto Nacional do Seguro Social (INSS), sem [&hellip;]<\/p>\n","protected":false},"author":20,"featured_media":70848,"comment_status":"open","ping_status":"open","sticky":false,"template":"","format":"standard","meta":{"jnews-multi-image_gallery":[],"jnews_single_post":{"format":"standard"},"jnews_primary_category":[],"jnews_social_meta":[],"jnews_override_counter":[],"footnotes":""},"categories":[28,1],"tags":[15280,173],"class_list":["post-116541","post","type-post","status-publish","format-standard","has-post-thumbnail","hentry","category-economia","category-noticias","tag-auxilio-doenca-2","tag-stf"],"yoast_head":"<!-- This site is optimized with the Yoast SEO plugin v23.8 - https:\/\/yoast.com\/wordpress\/plugins\/seo\/ -->\n<title>STF confirma fim autom\u00e1tico do aux\u00edlio-doen\u00e7a ap\u00f3s 120 dias - Estado de Minas - Em foco<\/title>\n<meta name=\"description\" content=\"Aux\u00edlio-doen\u00e7a passa a ter encerramento autom\u00e1tico ap\u00f3s 120 dias. Entenda os efeitos da decis\u00e3o do STF e como proteger seus direitos.\" \/>\n<meta name=\"robots\" content=\"index, follow, max-snippet:-1, max-image-preview:large, max-video-preview:-1\" \/>\n<link rel=\"canonical\" href=\"https:\/\/www.em.com.br\/emfoco\/2025\/10\/18\/stf-confirma-fim-automatico-do-auxilio-doenca-apos-120-dias\/\" \/>\n<meta property=\"og:locale\" content=\"pt_BR\" \/>\n<meta property=\"og:type\" content=\"article\" \/>\n<meta property=\"og:title\" content=\"STF confirma fim autom\u00e1tico do aux\u00edlio-doen\u00e7a ap\u00f3s 120 dias - Estado de Minas - Em foco\" \/>\n<meta property=\"og:description\" content=\"Aux\u00edlio-doen\u00e7a passa a ter encerramento autom\u00e1tico ap\u00f3s 120 dias. Entenda os efeitos da decis\u00e3o do STF e como proteger seus direitos.\" \/>\n<meta property=\"og:url\" content=\"https:\/\/www.em.com.br\/emfoco\/2025\/10\/18\/stf-confirma-fim-automatico-do-auxilio-doenca-apos-120-dias\/\" \/>\n<meta property=\"og:site_name\" content=\"Estado de Minas - Em foco\" \/>\n<meta property=\"article:published_time\" content=\"2025-10-18T19:25:00+00:00\" \/>\n<meta property=\"article:modified_time\" content=\"2025-10-17T20:59:56+00:00\" \/>\n<meta property=\"og:image\" content=\"https:\/\/www.em.com.br\/emfoco\/wp-content\/uploads\/2025\/07\/stf_1751534488335.jpg\" \/>\n\t<meta property=\"og:image:width\" content=\"1280\" \/>\n\t<meta property=\"og:image:height\" content=\"720\" \/>\n\t<meta property=\"og:image:type\" content=\"image\/jpeg\" \/>\n<meta name=\"author\" content=\"Ingrid Diniz\" \/>\n<meta name=\"twitter:card\" content=\"summary_large_image\" \/>\n<meta name=\"twitter:label1\" content=\"Escrito por\" \/>\n\t<meta name=\"twitter:data1\" content=\"Ingrid Diniz\" \/>\n\t<meta name=\"twitter:label2\" content=\"Est. tempo de leitura\" \/>\n\t<meta name=\"twitter:data2\" content=\"5 minutos\" \/>\n<!-- \/ Yoast SEO plugin. -->","yoast_head_json":{"title":"STF confirma fim autom\u00e1tico do aux\u00edlio-doen\u00e7a ap\u00f3s 120 dias - Estado de Minas - Em foco","description":"Aux\u00edlio-doen\u00e7a passa a ter encerramento autom\u00e1tico ap\u00f3s 120 dias. Entenda os efeitos da decis\u00e3o do STF e como proteger seus direitos.","robots":{"index":"index","follow":"follow","max-snippet":"max-snippet:-1","max-image-preview":"max-image-preview:large","max-video-preview":"max-video-preview:-1"},"canonical":"https:\/\/www.em.com.br\/emfoco\/2025\/10\/18\/stf-confirma-fim-automatico-do-auxilio-doenca-apos-120-dias\/","og_locale":"pt_BR","og_type":"article","og_title":"STF confirma fim autom\u00e1tico do aux\u00edlio-doen\u00e7a ap\u00f3s 120 dias - Estado de Minas - Em foco","og_description":"Aux\u00edlio-doen\u00e7a passa a ter encerramento autom\u00e1tico ap\u00f3s 120 dias. Entenda os efeitos da decis\u00e3o do STF e como proteger seus direitos.","og_url":"https:\/\/www.em.com.br\/emfoco\/2025\/10\/18\/stf-confirma-fim-automatico-do-auxilio-doenca-apos-120-dias\/","og_site_name":"Estado de Minas - Em foco","article_published_time":"2025-10-18T19:25:00+00:00","article_modified_time":"2025-10-17T20:59:56+00:00","og_image":[{"width":1280,"height":720,"url":"https:\/\/www.em.com.br\/emfoco\/wp-content\/uploads\/2025\/07\/stf_1751534488335.jpg","type":"image\/jpeg"}],"author":"Ingrid Diniz","twitter_card":"summary_large_image","twitter_misc":{"Escrito por":"Ingrid Diniz","Est. tempo de leitura":"5 minutos"},"schema":{"@context":"https:\/\/schema.org","@graph":[{"@type":"WebPage","@id":"https:\/\/www.em.com.br\/emfoco\/2025\/10\/18\/stf-confirma-fim-automatico-do-auxilio-doenca-apos-120-dias\/","url":"https:\/\/www.em.com.br\/emfoco\/2025\/10\/18\/stf-confirma-fim-automatico-do-auxilio-doenca-apos-120-dias\/","name":"STF confirma fim autom\u00e1tico do aux\u00edlio-doen\u00e7a ap\u00f3s 120 dias - Estado de Minas - Em foco","isPartOf":{"@id":"https:\/\/www.em.com.br\/emfoco\/#website"},"primaryImageOfPage":{"@id":"https:\/\/www.em.com.br\/emfoco\/2025\/10\/18\/stf-confirma-fim-automatico-do-auxilio-doenca-apos-120-dias\/#primaryimage"},"image":{"@id":"https:\/\/www.em.com.br\/emfoco\/2025\/10\/18\/stf-confirma-fim-automatico-do-auxilio-doenca-apos-120-dias\/#primaryimage"},"thumbnailUrl":"https:\/\/www.em.com.br\/emfoco\/wp-content\/uploads\/2025\/07\/stf_1751534488335.jpg","datePublished":"2025-10-18T19:25:00+00:00","dateModified":"2025-10-17T20:59:56+00:00","author":{"@id":"https:\/\/www.em.com.br\/emfoco\/#\/schema\/person\/649e610b4eb8fff87ff394e54fe17b2b"},"description":"Aux\u00edlio-doen\u00e7a passa a ter encerramento autom\u00e1tico ap\u00f3s 120 dias. Entenda os efeitos da decis\u00e3o do STF e como proteger seus direitos.","breadcrumb":{"@id":"https:\/\/www.em.com.br\/emfoco\/2025\/10\/18\/stf-confirma-fim-automatico-do-auxilio-doenca-apos-120-dias\/#breadcrumb"},"inLanguage":"pt-BR","potentialAction":[{"@type":"ReadAction","target":["https:\/\/www.em.com.br\/emfoco\/2025\/10\/18\/stf-confirma-fim-automatico-do-auxilio-doenca-apos-120-dias\/"]}]},{"@type":"ImageObject","inLanguage":"pt-BR","@id":"https:\/\/www.em.com.br\/emfoco\/2025\/10\/18\/stf-confirma-fim-automatico-do-auxilio-doenca-apos-120-dias\/#primaryimage","url":"https:\/\/www.em.com.br\/emfoco\/wp-content\/uploads\/2025\/07\/stf_1751534488335.jpg","contentUrl":"https:\/\/www.em.com.br\/emfoco\/wp-content\/uploads\/2025\/07\/stf_1751534488335.jpg","width":1280,"height":720,"caption":"Benef\u00edcio estendido por seis meses para v\u00edtimas de viol\u00eancia dom\u00e9stica - Cr\u00e9ditos: depositphotos.com \/ diegograndi"},{"@type":"BreadcrumbList","@id":"https:\/\/www.em.com.br\/emfoco\/2025\/10\/18\/stf-confirma-fim-automatico-do-auxilio-doenca-apos-120-dias\/#breadcrumb","itemListElement":[{"@type":"ListItem","position":1,"name":"In\u00edcio","item":"https:\/\/www.em.com.br\/emfoco\/"},{"@type":"ListItem","position":2,"name":"STF confirma fim autom\u00e1tico do aux\u00edlio-doen\u00e7a ap\u00f3s 120 dias"}]},{"@type":"WebSite","@id":"https:\/\/www.em.com.br\/emfoco\/#website","url":"https:\/\/www.em.com.br\/emfoco\/","name":"Estado de Minas - Em foco","description":"Acompanhe as \u00faltimas not\u00edcias e fique bem informado sobre tudo o que acontece em Minas Gerais, Brasil e no mundo.","potentialAction":[{"@type":"SearchAction","target":{"@type":"EntryPoint","urlTemplate":"https:\/\/www.em.com.br\/emfoco\/?s={search_term_string}"},"query-input":{"@type":"PropertyValueSpecification","valueRequired":true,"valueName":"search_term_string"}}],"inLanguage":"pt-BR"},{"@type":"Person","@id":"https:\/\/www.em.com.br\/emfoco\/#\/schema\/person\/649e610b4eb8fff87ff394e54fe17b2b","name":"Ingrid Diniz","image":{"@type":"ImageObject","inLanguage":"pt-BR","@id":"https:\/\/www.em.com.br\/emfoco\/#\/schema\/person\/image\/","url":"https:\/\/secure.gravatar.com\/avatar\/a3baa1449ec5c39b4c42babc9d4f3951?s=96&d=mm&r=g","contentUrl":"https:\/\/secure.gravatar.com\/avatar\/a3baa1449ec5c39b4c42babc9d4f3951?s=96&d=mm&r=g","caption":"Ingrid Diniz"},"sameAs":["https:\/\/www.em.com.br\/"],"url":"https:\/\/www.em.com.br\/emfoco\/author\/ingridmyth\/"}]}},"_links":{"self":[{"href":"https:\/\/www.em.com.br\/emfoco\/wp-json\/wp\/v2\/posts\/116541","targetHints":{"allow":["GET"]}}],"collection":[{"href":"https:\/\/www.em.com.br\/emfoco\/wp-json\/wp\/v2\/posts"}],"about":[{"href":"https:\/\/www.em.com.br\/emfoco\/wp-json\/wp\/v2\/types\/post"}],"author":[{"embeddable":true,"href":"https:\/\/www.em.com.br\/emfoco\/wp-json\/wp\/v2\/users\/20"}],"replies":[{"embeddable":true,"href":"https:\/\/www.em.com.br\/emfoco\/wp-json\/wp\/v2\/comments?post=116541"}],"version-history":[{"count":2,"href":"https:\/\/www.em.com.br\/emfoco\/wp-json\/wp\/v2\/posts\/116541\/revisions"}],"predecessor-version":[{"id":116715,"href":"https:\/\/www.em.com.br\/emfoco\/wp-json\/wp\/v2\/posts\/116541\/revisions\/116715"}],"wp:featuredmedia":[{"embeddable":true,"href":"https:\/\/www.em.com.br\/emfoco\/wp-json\/wp\/v2\/media\/70848"}],"wp:attachment":[{"href":"https:\/\/www.em.com.br\/emfoco\/wp-json\/wp\/v2\/media?parent=116541"}],"wp:term":[{"taxonomy":"category","embeddable":true,"href":"https:\/\/www.em.com.br\/emfoco\/wp-json\/wp\/v2\/categories?post=116541"},{"taxonomy":"post_tag","embeddable":true,"href":"https:\/\/www.em.com.br\/emfoco\/wp-json\/wp\/v2\/tags?post=116541"}],"curies":[{"name":"wp","href":"https:\/\/api.w.org\/{rel}","templated":true}]}}