{"id":11643,"date":"2025-01-18T17:00:00","date_gmt":"2025-01-18T20:00:00","guid":{"rendered":"https:\/\/www.em.com.br\/emfoco\/?p=11643"},"modified":"2025-01-18T02:47:58","modified_gmt":"2025-01-18T05:47:58","slug":"voce-conhece-o-bpc","status":"publish","type":"post","link":"https:\/\/www.em.com.br\/emfoco\/2025\/01\/18\/voce-conhece-o-bpc\/","title":{"rendered":"Voc\u00ea conhece o BPC?"},"content":{"rendered":"\n<p>O Benef\u00edcio de Presta\u00e7\u00e3o Continuada (<a href=\"https:\/\/www.gov.br\/mds\/pt-br\/acoes-e-programas\/suas\/beneficios-assistenciais\/beneficio-assistencial-ao-idoso-e-a-pessoa-com-deficiencia-bpc\" target=\"_blank\" rel=\"noreferrer noopener\">BPC<\/a>) \u00e9 uma assist\u00eancia importante disponibilizada pelo <a href=\"https:\/\/www.em.com.br\/emfoco\/2025\/01\/17\/governo-federal-libera-r-2-824-para-pescadores-da-regiao-norte\/\" target=\"_blank\" rel=\"noreferrer noopener\">governo <\/a>brasileiro. Concedido a pessoas idosas ou com defici\u00eancia que necessitam de apoio financeiro, ele assegura o pagamento mensal de um sal\u00e1rio m\u00ednimo. Para ter direito a este benef\u00edcio, \u00e9 necess\u00e1rio observar uma s\u00e9rie de requisitos legais e sociais, que visam garantir que aqueles que realmente precisam sejam contemplados.<\/p>\n\n\n\n<p>Desenvolvido para amparar idosos com 65 anos ou mais e pessoas com defici\u00eancia f\u00edsica, mental ou intelectual que os impossibilite de participar do mercado de trabalho, o BPC n\u00e3o exige que o benefici\u00e1rio tenha contribu\u00eddo para o Instituto Nacional do Seguro Social (INSS). Isso torna o programa uma ferramenta essencial para promover a inclus\u00e3o social de segmentos vulner\u00e1veis da sociedade brasileira.<\/p>\n\n\n<div class=\"wp-block-image\">\n<figure class=\"aligncenter size-large\"><img loading=\"lazy\" decoding=\"async\" width=\"1024\" height=\"576\" src=\"https:\/\/www.em.com.br\/emfoco\/wp-content\/uploads\/2024\/12\/Brazil-Money_1734625521453-1024x576.jpg\" alt=\"\" class=\"wp-image-5732\" srcset=\"https:\/\/www.em.com.br\/emfoco\/wp-content\/uploads\/2024\/12\/Brazil-Money_1734625521453-1024x576.jpg 1024w, https:\/\/www.em.com.br\/emfoco\/wp-content\/uploads\/2024\/12\/Brazil-Money_1734625521453-300x169.jpg 300w, https:\/\/www.em.com.br\/emfoco\/wp-content\/uploads\/2024\/12\/Brazil-Money_1734625521453-768x432.jpg 768w, https:\/\/www.em.com.br\/emfoco\/wp-content\/uploads\/2024\/12\/Brazil-Money_1734625521453-750x422.jpg 750w, https:\/\/www.em.com.br\/emfoco\/wp-content\/uploads\/2024\/12\/Brazil-Money_1734625521453-1140x641.jpg 1140w, https:\/\/www.em.com.br\/emfoco\/wp-content\/uploads\/2024\/12\/Brazil-Money_1734625521453.jpg 1280w\" sizes=\"auto, (max-width: 1024px) 100vw, 1024px\" \/><figcaption class=\"wp-element-caption\">Dinheiro &#8211; Cr\u00e9ditos: depositphotos.com \/ rochu_2008<\/figcaption><\/figure><\/div>\n\n\n<h2 class=\"wp-block-heading\">Quem Pode Receber o Benef\u00edcio de Presta\u00e7\u00e3o Continuada?<\/h2>\n\n\n\n<p>O acesso ao BPC \u00e9 determinado por crit\u00e9rios rigorosos que garantem sua aloca\u00e7\u00e3o justa. Para ser eleg\u00edvel, o benefici\u00e1rio precisa comprovar renda familiar mensal per capita inferior a um quarto do sal\u00e1rio m\u00ednimo em vigor. Al\u00e9m disso, \u00e9 necess\u00e1rio que a pessoa com defici\u00eancia atenda \u00e0s limita\u00e7\u00f5es de longo prazo que afetam sua capacidade de viver com autonomia.<\/p>\n\n\n\n<p>Outra exig\u00eancia \u00e9 que o potencial benefici\u00e1rio esteja devidamente inscrito no Cadastro \u00danico (Cad\u00danico) do Governo Federal, que re\u00fane dados sobre as fam\u00edlias de baixa renda no Brasil. Tal cadastro permite que o governo monitore a situa\u00e7\u00e3o financeira dos beneficiados e evite fraudes no sistema de distribui\u00e7\u00e3o de benef\u00edcios sociais.<\/p>\n\n\n\n<h2 class=\"wp-block-heading\">O Cadastramento Biom\u00e9trico \u00e9 Obrigat\u00f3rio para o BPC?<\/h2>\n\n\n\n<p>Recentemente, surgiram d\u00favidas sobre a obrigatoriedade do cadastramento biom\u00e9trico para os benefici\u00e1rios do BPC. Esse procedimento faz parte das medidas adotadas pelo governo para garantir que os recursos destinados ao benef\u00edcio cheguem a quem realmente precisa e para prevenir erros e tentativas de fraude.<\/p>\n\n\n\n<p>Para realizar o cadastramento sem comprometer o recebimento do BPC, os benefici\u00e1rios devem visitar as ag\u00eancias do INSS ou utilizar os canais digitais dispon\u00edveis, como o aplicativo \u201cMeu INSS\u201d. O processo, embora simples, exige aten\u00e7\u00e3o quanto aos documentos necess\u00e1rios, como identidade e comprovante de resid\u00eancia, al\u00e9m de seguir as orienta\u00e7\u00f5es dos funcion\u00e1rios respons\u00e1veis pelo atendimento.<\/p>\n\n\n\n<h2 class=\"wp-block-heading\">Como o Afastamento por Sa\u00fade Afeta a Aposentadoria?<\/h2>\n\n\n\n<p>A interrup\u00e7\u00e3o do trabalho devido a problemas de sa\u00fade pode gerar preocupa\u00e7\u00f5es quanto ao impacto na aposentadoria futura. No caso das contribui\u00e7\u00f5es ao INSS, situa\u00e7\u00f5es de afastamento n\u00e3o prejudicam imediatamente o direito \u00e0 aposentadoria, pois h\u00e1 compreens\u00f5es legais que cobrem per\u00edodos de interrup\u00e7\u00e3o por motivos de sa\u00fade.<\/p>\n\n\n\n<p>\u00c9 importante que a pessoa afastada mantenha-se informada sobre sua situa\u00e7\u00e3o previdenci\u00e1ria, verificando o tempo de contribui\u00e7\u00e3o necess\u00e1rio para atender aos requisitos de aposentadoria. Os especialistas recomendam que os afetados por doen\u00e7as prolongadas utilizem os canais do INSS para esclarecer d\u00favidas e garantir que seus direitos sejam preservados adequadamente.<\/p>\n\n\n\n<h2 class=\"wp-block-heading\">\u00c9 Poss\u00edvel Mudar de Aposentadoria para Benef\u00edcio de Presta\u00e7\u00e3o Continuada?<\/h2>\n\n\n\n<p>A transi\u00e7\u00e3o entre aposentadoria e BPC pode ser uma alternativa interessante para aqueles que enfrentam mudan\u00e7as significativas em sua sa\u00fade ou condi\u00e7\u00e3o de vida. No entanto, essa troca n\u00e3o \u00e9 autom\u00e1tica e requer uma nova avalia\u00e7\u00e3o dos crit\u00e9rios de habilita\u00e7\u00e3o ao benef\u00edcio pleiteado.<\/p>\n\n\n\n<p>Pessoas que enfrentam acidentes ou mudan\u00e7as de sa\u00fade severas, como a paraplegia, podem considerar o BPC uma op\u00e7\u00e3o vi\u00e1vel caso suas condi\u00e7\u00f5es financeiras e familiares atendam aos pr\u00e9-requisitos estipulados. A avalia\u00e7\u00e3o de um profissional especializado, como advogados de direito previdenci\u00e1rio, pode ser essencial para orientar de maneira precisa as decis\u00f5es e agilizar o tr\u00e2mite necess\u00e1rio junto \u00e0s institui\u00e7\u00f5es respons\u00e1veis.<\/p>\n","protected":false},"excerpt":{"rendered":"<p>O Benef\u00edcio de Presta\u00e7\u00e3o Continuada (BPC) \u00e9 uma assist\u00eancia importante disponibilizada pelo governo brasileiro. Concedido a pessoas idosas ou com defici\u00eancia que necessitam de apoio financeiro, ele assegura o pagamento mensal de um sal\u00e1rio m\u00ednimo. Para ter direito a este benef\u00edcio, \u00e9 necess\u00e1rio observar uma s\u00e9rie de requisitos legais e sociais, que visam garantir que [&hellip;]<\/p>\n","protected":false},"author":7,"featured_media":5003,"comment_status":"open","ping_status":"open","sticky":false,"template":"","format":"standard","meta":{"jnews-multi-image_gallery":[],"jnews_single_post":{"format":"standard"},"jnews_primary_category":[],"jnews_social_meta":[],"jnews_override_counter":[],"footnotes":""},"categories":[28],"tags":[498,260,174,258,1516,717],"class_list":["post-11643","post","type-post","status-publish","format-standard","has-post-thumbnail","hentry","category-economia","tag-assistencia-social","tag-idosos","tag-inss","tag-loas","tag-pessoas-com-deficiencia","tag-salario-minimo"],"yoast_head":"<!-- This site is optimized with the Yoast SEO plugin v23.8 - https:\/\/yoast.com\/wordpress\/plugins\/seo\/ -->\n<title>Voc\u00ea conhece o BPC? - Estado de Minas - Em foco<\/title>\n<meta name=\"description\" content=\"O Benef\u00edcio de Presta\u00e7\u00e3o Continuada (BPC), previsto na Lei Org\u00e2nica da Assist\u00eancia Social (LOAS). Confira mais sobre!\" \/>\n<meta name=\"robots\" content=\"index, follow, max-snippet:-1, max-image-preview:large, max-video-preview:-1\" \/>\n<link rel=\"canonical\" href=\"https:\/\/www.em.com.br\/emfoco\/2025\/01\/18\/voce-conhece-o-bpc\/\" \/>\n<meta property=\"og:locale\" content=\"pt_BR\" \/>\n<meta property=\"og:type\" content=\"article\" \/>\n<meta property=\"og:title\" content=\"Voc\u00ea conhece o BPC? - Estado de Minas - Em foco\" \/>\n<meta property=\"og:description\" content=\"O Benef\u00edcio de Presta\u00e7\u00e3o Continuada (BPC), previsto na Lei Org\u00e2nica da Assist\u00eancia Social (LOAS). Confira mais sobre!\" \/>\n<meta property=\"og:url\" content=\"https:\/\/www.em.com.br\/emfoco\/2025\/01\/18\/voce-conhece-o-bpc\/\" \/>\n<meta property=\"og:site_name\" content=\"Estado de Minas - Em foco\" \/>\n<meta property=\"article:published_time\" content=\"2025-01-18T20:00:00+00:00\" \/>\n<meta property=\"article:modified_time\" content=\"2025-01-18T05:47:58+00:00\" \/>\n<meta property=\"og:image\" content=\"https:\/\/www.em.com.br\/emfoco\/wp-content\/uploads\/2024\/12\/Idosos_1734194756779.jpg\" \/>\n\t<meta property=\"og:image:width\" content=\"1280\" \/>\n\t<meta property=\"og:image:height\" content=\"720\" \/>\n\t<meta property=\"og:image:type\" content=\"image\/jpeg\" \/>\n<meta name=\"author\" content=\"Kelvin\" \/>\n<meta name=\"twitter:card\" content=\"summary_large_image\" \/>\n<meta name=\"twitter:label1\" content=\"Escrito por\" \/>\n\t<meta name=\"twitter:data1\" content=\"Kelvin\" \/>\n\t<meta name=\"twitter:label2\" content=\"Est. tempo de leitura\" \/>\n\t<meta name=\"twitter:data2\" content=\"4 minutos\" \/>\n<!-- \/ Yoast SEO plugin. -->","yoast_head_json":{"title":"Voc\u00ea conhece o BPC? - Estado de Minas - Em foco","description":"O Benef\u00edcio de Presta\u00e7\u00e3o Continuada (BPC), previsto na Lei Org\u00e2nica da Assist\u00eancia Social (LOAS). Confira mais sobre!","robots":{"index":"index","follow":"follow","max-snippet":"max-snippet:-1","max-image-preview":"max-image-preview:large","max-video-preview":"max-video-preview:-1"},"canonical":"https:\/\/www.em.com.br\/emfoco\/2025\/01\/18\/voce-conhece-o-bpc\/","og_locale":"pt_BR","og_type":"article","og_title":"Voc\u00ea conhece o BPC? - Estado de Minas - Em foco","og_description":"O Benef\u00edcio de Presta\u00e7\u00e3o Continuada (BPC), previsto na Lei Org\u00e2nica da Assist\u00eancia Social (LOAS). Confira mais sobre!","og_url":"https:\/\/www.em.com.br\/emfoco\/2025\/01\/18\/voce-conhece-o-bpc\/","og_site_name":"Estado de Minas - Em foco","article_published_time":"2025-01-18T20:00:00+00:00","article_modified_time":"2025-01-18T05:47:58+00:00","og_image":[{"width":1280,"height":720,"url":"https:\/\/www.em.com.br\/emfoco\/wp-content\/uploads\/2024\/12\/Idosos_1734194756779.jpg","type":"image\/jpeg"}],"author":"Kelvin","twitter_card":"summary_large_image","twitter_misc":{"Escrito por":"Kelvin","Est. tempo de leitura":"4 minutos"},"schema":{"@context":"https:\/\/schema.org","@graph":[{"@type":"WebPage","@id":"https:\/\/www.em.com.br\/emfoco\/2025\/01\/18\/voce-conhece-o-bpc\/","url":"https:\/\/www.em.com.br\/emfoco\/2025\/01\/18\/voce-conhece-o-bpc\/","name":"Voc\u00ea conhece o BPC? - Estado de Minas - Em foco","isPartOf":{"@id":"https:\/\/www.em.com.br\/emfoco\/#website"},"primaryImageOfPage":{"@id":"https:\/\/www.em.com.br\/emfoco\/2025\/01\/18\/voce-conhece-o-bpc\/#primaryimage"},"image":{"@id":"https:\/\/www.em.com.br\/emfoco\/2025\/01\/18\/voce-conhece-o-bpc\/#primaryimage"},"thumbnailUrl":"https:\/\/www.em.com.br\/emfoco\/wp-content\/uploads\/2024\/12\/Idosos_1734194756779.jpg","datePublished":"2025-01-18T20:00:00+00:00","dateModified":"2025-01-18T05:47:58+00:00","author":{"@id":"https:\/\/www.em.com.br\/emfoco\/#\/schema\/person\/fb0a7f48c6fbb94b83f413a80f61917d"},"description":"O Benef\u00edcio de Presta\u00e7\u00e3o Continuada (BPC), previsto na Lei Org\u00e2nica da Assist\u00eancia Social (LOAS). Confira mais sobre!","breadcrumb":{"@id":"https:\/\/www.em.com.br\/emfoco\/2025\/01\/18\/voce-conhece-o-bpc\/#breadcrumb"},"inLanguage":"pt-BR","potentialAction":[{"@type":"ReadAction","target":["https:\/\/www.em.com.br\/emfoco\/2025\/01\/18\/voce-conhece-o-bpc\/"]}]},{"@type":"ImageObject","inLanguage":"pt-BR","@id":"https:\/\/www.em.com.br\/emfoco\/2025\/01\/18\/voce-conhece-o-bpc\/#primaryimage","url":"https:\/\/www.em.com.br\/emfoco\/wp-content\/uploads\/2024\/12\/Idosos_1734194756779.jpg","contentUrl":"https:\/\/www.em.com.br\/emfoco\/wp-content\/uploads\/2024\/12\/Idosos_1734194756779.jpg","width":1280,"height":720,"caption":"Aponsetado - Cr\u00e9ditos: depositphotos.com \/ AndrewLozovyi"},{"@type":"BreadcrumbList","@id":"https:\/\/www.em.com.br\/emfoco\/2025\/01\/18\/voce-conhece-o-bpc\/#breadcrumb","itemListElement":[{"@type":"ListItem","position":1,"name":"In\u00edcio","item":"https:\/\/www.em.com.br\/emfoco\/"},{"@type":"ListItem","position":2,"name":"Voc\u00ea conhece o BPC?"}]},{"@type":"WebSite","@id":"https:\/\/www.em.com.br\/emfoco\/#website","url":"https:\/\/www.em.com.br\/emfoco\/","name":"Estado de Minas - Em foco","description":"Acompanhe as \u00faltimas not\u00edcias e fique bem informado sobre tudo o que acontece em Minas Gerais, Brasil e no mundo.","potentialAction":[{"@type":"SearchAction","target":{"@type":"EntryPoint","urlTemplate":"https:\/\/www.em.com.br\/emfoco\/?s={search_term_string}"},"query-input":{"@type":"PropertyValueSpecification","valueRequired":true,"valueName":"search_term_string"}}],"inLanguage":"pt-BR"},{"@type":"Person","@id":"https:\/\/www.em.com.br\/emfoco\/#\/schema\/person\/fb0a7f48c6fbb94b83f413a80f61917d","name":"Kelvin","image":{"@type":"ImageObject","inLanguage":"pt-BR","@id":"https:\/\/www.em.com.br\/emfoco\/#\/schema\/person\/image\/","url":"https:\/\/secure.gravatar.com\/avatar\/e74f84337e6bf6c4c5e88fbdffa05270?s=96&d=mm&r=g","contentUrl":"https:\/\/secure.gravatar.com\/avatar\/e74f84337e6bf6c4c5e88fbdffa05270?s=96&d=mm&r=g","caption":"Kelvin"},"sameAs":["https:\/\/www.em.com.br\/emfoco"],"url":"https:\/\/www.em.com.br\/emfoco\/author\/kelvinmyth\/"}]}},"_links":{"self":[{"href":"https:\/\/www.em.com.br\/emfoco\/wp-json\/wp\/v2\/posts\/11643","targetHints":{"allow":["GET"]}}],"collection":[{"href":"https:\/\/www.em.com.br\/emfoco\/wp-json\/wp\/v2\/posts"}],"about":[{"href":"https:\/\/www.em.com.br\/emfoco\/wp-json\/wp\/v2\/types\/post"}],"author":[{"embeddable":true,"href":"https:\/\/www.em.com.br\/emfoco\/wp-json\/wp\/v2\/users\/7"}],"replies":[{"embeddable":true,"href":"https:\/\/www.em.com.br\/emfoco\/wp-json\/wp\/v2\/comments?post=11643"}],"version-history":[{"count":2,"href":"https:\/\/www.em.com.br\/emfoco\/wp-json\/wp\/v2\/posts\/11643\/revisions"}],"predecessor-version":[{"id":11646,"href":"https:\/\/www.em.com.br\/emfoco\/wp-json\/wp\/v2\/posts\/11643\/revisions\/11646"}],"wp:featuredmedia":[{"embeddable":true,"href":"https:\/\/www.em.com.br\/emfoco\/wp-json\/wp\/v2\/media\/5003"}],"wp:attachment":[{"href":"https:\/\/www.em.com.br\/emfoco\/wp-json\/wp\/v2\/media?parent=11643"}],"wp:term":[{"taxonomy":"category","embeddable":true,"href":"https:\/\/www.em.com.br\/emfoco\/wp-json\/wp\/v2\/categories?post=11643"},{"taxonomy":"post_tag","embeddable":true,"href":"https:\/\/www.em.com.br\/emfoco\/wp-json\/wp\/v2\/tags?post=11643"}],"curies":[{"name":"wp","href":"https:\/\/api.w.org\/{rel}","templated":true}]}}