{"id":116417,"date":"2025-10-18T15:45:20","date_gmt":"2025-10-18T18:45:20","guid":{"rendered":"https:\/\/www.em.com.br\/emfoco\/?p=116417"},"modified":"2025-10-17T18:15:55","modified_gmt":"2025-10-17T21:15:55","slug":"a-solucao-natural-para-quem-sofre-com-problemas-digestivos","status":"publish","type":"post","link":"https:\/\/www.em.com.br\/emfoco\/2025\/10\/18\/a-solucao-natural-para-quem-sofre-com-problemas-digestivos\/","title":{"rendered":"A solu\u00e7\u00e3o natural para quem sofre com problemas digestivos"},"content":{"rendered":"\n<p>O <strong>mam\u00e3o verde<\/strong> \u00e9 um alimento altamente nutritivo, repleto de benef\u00edcios para a <strong>digest\u00e3o<\/strong> e para a sa\u00fade geral. Este fruto, ainda pouco valorizado em rela\u00e7\u00e3o \u00e0 sua vers\u00e3o madura, possui propriedades indispens\u00e1veis para o bom funcionamento do sistema digestivo. Entenda como incorporar o <strong>mam\u00e3o verde<\/strong> \u00e0 sua alimenta\u00e7\u00e3o di\u00e1ria e descubra as m\u00faltiplas vantagens que ele pode oferecer ao seu organismo.<\/p>\n\n\n\n<ul class=\"wp-block-list\">\n<li>Rico em <strong>nutrientes digestivos<\/strong> fundamentais<\/li>\n\n\n\n<li><strong>Favorece a sa\u00fade intestinal<\/strong> de forma natural<\/li>\n\n\n\n<li>Disponibiliza <strong>enzimas digestivas<\/strong> essenciais<\/li>\n<\/ul>\n\n\n\n<h2 class=\"wp-block-heading\">Por que o mam\u00e3o verde \u00e9 bom para a digest\u00e3o?<\/h2>\n\n\n\n<p>O <strong>mam\u00e3o verde<\/strong> destaca-se como uma fonte excepcional de <strong>enzimas digestivas<\/strong> potentes, principalmente a <strong>papa\u00edna<\/strong>. Essas enzimas t\u00eam a fun\u00e7\u00e3o de quebrar as prote\u00ednas dos alimentos, otimizando a digest\u00e3o e auxiliando na melhor absor\u00e7\u00e3o dos <strong>nutrientes<\/strong>. Al\u00e9m disso, o mam\u00e3o verde apresenta alta concentra\u00e7\u00e3o de <strong>fibras<\/strong>, essenciais para o tr\u00e2nsito intestinal e para evitar desconfortos digestivos. Estudos ressaltam que o consumo frequente da fruta pode promover uma digest\u00e3o mais eficiente, reduzindo sintomas como sensa\u00e7\u00e3o de estufamento e m\u00e1 digest\u00e3o.<\/p>\n\n\n<div class=\"wp-block-image\">\n<figure class=\"aligncenter size-large\"><img loading=\"lazy\" decoding=\"async\" width=\"1024\" height=\"576\" src=\"https:\/\/www.em.com.br\/emfoco\/wp-content\/uploads\/2025\/03\/mamao_1743082698323-1024x576.jpg\" alt=\"Melhor \u00e9poca e cuidados para plantar mam\u00e3o papaia em casa\" class=\"wp-image-32895\" srcset=\"https:\/\/www.em.com.br\/emfoco\/wp-content\/uploads\/2025\/03\/mamao_1743082698323-1024x576.jpg 1024w, https:\/\/www.em.com.br\/emfoco\/wp-content\/uploads\/2025\/03\/mamao_1743082698323-300x169.jpg 300w, https:\/\/www.em.com.br\/emfoco\/wp-content\/uploads\/2025\/03\/mamao_1743082698323-768x432.jpg 768w, https:\/\/www.em.com.br\/emfoco\/wp-content\/uploads\/2025\/03\/mamao_1743082698323-750x422.jpg 750w, https:\/\/www.em.com.br\/emfoco\/wp-content\/uploads\/2025\/03\/mamao_1743082698323-1140x641.jpg 1140w, https:\/\/www.em.com.br\/emfoco\/wp-content\/uploads\/2025\/03\/mamao_1743082698323.jpg 1280w\" sizes=\"auto, (max-width: 1024px) 100vw, 1024px\" \/><figcaption class=\"wp-element-caption\">Mam\u00e3o &#8211; Cr\u00e9ditos: depositphotos.com \/ alebloshka<\/figcaption><\/figure><\/div>\n\n\n<h2 class=\"wp-block-heading\">Como o mam\u00e3o verde pode melhorar a sa\u00fade intestinal?<\/h2>\n\n\n\n<p>O <strong>mam\u00e3o verde<\/strong> cont\u00e9m <strong>fibras<\/strong> que funcionam como poderosos <strong>prebi\u00f3ticos<\/strong>, promovendo o desenvolvimento de <strong>bact\u00e9rias ben\u00e9ficas<\/strong> no intestino. Isso \u00e9 fundamental para manter o equil\u00edbrio da <strong><a href=\"https:\/\/www.biome-hub.com\/post\/o-que-%C3%A9-microbiota-intestinal\" target=\"_blank\" rel=\"noopener\">microbiota<\/a> intestinal<\/strong>, prevenindo complica\u00e7\u00f5es comuns como constipa\u00e7\u00e3o e incha\u00e7o abdominal. De acordo com orienta\u00e7\u00f5es de <strong>nutricionistas<\/strong> em portais como o <strong>Minist\u00e9rio da Sa\u00fade<\/strong>, a inclus\u00e3o de alimentos ricos em fibras, como o mam\u00e3o verde, \u00e9 uma das melhores formas de promover o bom funcionamento do intestino e garantir uma digest\u00e3o saud\u00e1vel.<\/p>\n\n\n\n<p><strong>Dica r\u00e1pida:<\/strong> Para maximizar os benef\u00edcios do <strong>mam\u00e3o verde<\/strong>, experimente adicion\u00e1-lo em saladas, sucos ou refogados, mantendo assim todas as suas propriedades digestivas intactas.<\/p>\n\n\n\n<h2 class=\"wp-block-heading\">Quais s\u00e3o as enzimas digestivas presentes no mam\u00e3o verde?<\/h2>\n\n\n\n<p>Dentre as v\u00e1rias <strong>enzimas<\/strong> presentes no <strong>mam\u00e3o verde<\/strong>, a <strong>papa\u00edna<\/strong> se destaca por seu efeito potente, facilitando a digest\u00e3o de prote\u00ednas complexas. Essa enzima atua de forma semelhante aos <strong>\u00e1cidos g\u00e1stricos<\/strong>, tornando a digest\u00e3o de certos alimentos mais tranquila e evitando desconfortos digestivos. Al\u00e9m disso, pesquisas recentes divulgadas em <strong>2023<\/strong> mostram que a papa\u00edna tem sido utilizada amplamente pela <strong>ind\u00fastria aliment\u00edcia<\/strong>, n\u00e3o s\u00f3 para amaciar carnes, mas tamb\u00e9m em suplementos digestivos devido ao seu alto potencial enzim\u00e1tico.<\/p>\n\n\n\n<p><em>Aten\u00e7\u00e3o:<\/em> \u00c9 sempre recomendado consultar um <strong>nutricionista<\/strong> antes de iniciar o consumo frequente de mam\u00e3o verde, principalmente se voc\u00ea apresentar <strong>alergias alimentares<\/strong> ou problemas digestivos pr\u00e9vios.<\/p>\n\n\n\n<h2 class=\"wp-block-heading\">Como explorar novos n\u00edveis de sa\u00fade digestiva com o mam\u00e3o verde?<\/h2>\n\n\n\n<ul class=\"wp-block-list\">\n<li>O <strong>mam\u00e3o verde<\/strong> \u00e9 uma fonte rica de <strong>enzimas<\/strong> que auxiliam na digest\u00e3o, tornando o organismo mais eficiente.<\/li>\n\n\n\n<li>Seus <strong>prebi\u00f3ticos naturais<\/strong> promovem uma flora intestinal saud\u00e1vel e equilibrada.<\/li>\n\n\n\n<li>A inclus\u00e3o regular de <strong>mam\u00e3o verde<\/strong> na dieta pode prevenir desconfortos e problemas digestivos comuns, como azia e constipa\u00e7\u00e3o.<\/li>\n<\/ul>\n\n\n\n<p>Leia tamb\u00e9m: <a href=\"https:\/\/www.em.com.br\/emfoco\/2025\/10\/06\/essa-dieta-revela-o-segredo-por-tras-dos-povos-que-passam-dos-100-anos\/\" target=\"_blank\" rel=\"noopener\">Essa dieta revela o segredo por tr\u00e1s dos povos que passam dos 100 anos<\/a><\/p>\n\n\n\n<p>Adotar o consumo regular do <strong>mam\u00e3o verde<\/strong> em sua rotina alimentar pode ser uma maneira poderosa de fortalecer a <strong>sa\u00fade digestiva<\/strong>. Ao entender e valorizar seus benef\u00edcios, voc\u00ea consegue aproveitar ao m\u00e1ximo suas propriedades e garantir uma digest\u00e3o mais leve, eficiente e sem desconforto.<\/p>\n\n\n\n<p><\/p>\n","protected":false},"excerpt":{"rendered":"<p>O mam\u00e3o verde \u00e9 um alimento altamente nutritivo, repleto de benef\u00edcios para a digest\u00e3o e para a sa\u00fade geral. Este fruto, ainda pouco valorizado em rela\u00e7\u00e3o \u00e0 sua vers\u00e3o madura, possui propriedades indispens\u00e1veis para o bom funcionamento do sistema digestivo. Entenda como incorporar o mam\u00e3o verde \u00e0 sua alimenta\u00e7\u00e3o di\u00e1ria e descubra as m\u00faltiplas vantagens [&hellip;]<\/p>\n","protected":false},"author":9,"featured_media":113842,"comment_status":"open","ping_status":"open","sticky":false,"template":"","format":"standard","meta":{"jnews-multi-image_gallery":[],"jnews_single_post":{"format":"standard"},"jnews_primary_category":[],"jnews_social_meta":[],"jnews_override_counter":[],"footnotes":""},"categories":[8691,1],"tags":[4205,5845,415],"class_list":["post-116417","post","type-post","status-publish","format-standard","has-post-thumbnail","hentry","category-bem-estar","category-noticias","tag-digestao","tag-mamao","tag-saude"],"yoast_head":"<!-- This site is optimized with the Yoast SEO plugin v23.8 - https:\/\/yoast.com\/wordpress\/plugins\/seo\/ -->\n<title>A solu\u00e7\u00e3o natural para quem sofre com problemas digestivos<\/title>\n<meta name=\"description\" content=\"A fruta que melhora sua digest\u00e3o com enzimas e fibras. Use esta fruta para combater o incha\u00e7o e regular seu intestino naturalmente.\" \/>\n<meta name=\"robots\" content=\"index, follow, max-snippet:-1, max-image-preview:large, max-video-preview:-1\" \/>\n<link rel=\"canonical\" href=\"https:\/\/www.em.com.br\/emfoco\/2025\/10\/18\/a-solucao-natural-para-quem-sofre-com-problemas-digestivos\/\" \/>\n<meta property=\"og:locale\" content=\"pt_BR\" \/>\n<meta property=\"og:type\" content=\"article\" \/>\n<meta property=\"og:title\" content=\"A solu\u00e7\u00e3o natural para quem sofre com problemas digestivos\" \/>\n<meta property=\"og:description\" content=\"A fruta que melhora sua digest\u00e3o com enzimas e fibras. Use esta fruta para combater o incha\u00e7o e regular seu intestino naturalmente.\" \/>\n<meta property=\"og:url\" content=\"https:\/\/www.em.com.br\/emfoco\/2025\/10\/18\/a-solucao-natural-para-quem-sofre-com-problemas-digestivos\/\" \/>\n<meta property=\"og:site_name\" content=\"Estado de Minas - Em foco\" \/>\n<meta property=\"article:published_time\" content=\"2025-10-18T18:45:20+00:00\" \/>\n<meta property=\"article:modified_time\" content=\"2025-10-17T21:15:55+00:00\" \/>\n<meta property=\"og:image\" content=\"https:\/\/www.em.com.br\/emfoco\/wp-content\/uploads\/2025\/10\/colica_1760107030371.jpg\" \/>\n\t<meta property=\"og:image:width\" content=\"1280\" \/>\n\t<meta property=\"og:image:height\" content=\"720\" \/>\n\t<meta property=\"og:image:type\" content=\"image\/jpeg\" \/>\n<meta name=\"author\" content=\"Daniely Cardoso\" \/>\n<meta name=\"twitter:card\" content=\"summary_large_image\" \/>\n<meta name=\"twitter:label1\" content=\"Escrito por\" \/>\n\t<meta name=\"twitter:data1\" content=\"Daniely Cardoso\" \/>\n\t<meta name=\"twitter:label2\" content=\"Est. tempo de leitura\" \/>\n\t<meta name=\"twitter:data2\" content=\"4 minutos\" \/>\n<!-- \/ Yoast SEO plugin. -->","yoast_head_json":{"title":"A solu\u00e7\u00e3o natural para quem sofre com problemas digestivos","description":"A fruta que melhora sua digest\u00e3o com enzimas e fibras. Use esta fruta para combater o incha\u00e7o e regular seu intestino naturalmente.","robots":{"index":"index","follow":"follow","max-snippet":"max-snippet:-1","max-image-preview":"max-image-preview:large","max-video-preview":"max-video-preview:-1"},"canonical":"https:\/\/www.em.com.br\/emfoco\/2025\/10\/18\/a-solucao-natural-para-quem-sofre-com-problemas-digestivos\/","og_locale":"pt_BR","og_type":"article","og_title":"A solu\u00e7\u00e3o natural para quem sofre com problemas digestivos","og_description":"A fruta que melhora sua digest\u00e3o com enzimas e fibras. Use esta fruta para combater o incha\u00e7o e regular seu intestino naturalmente.","og_url":"https:\/\/www.em.com.br\/emfoco\/2025\/10\/18\/a-solucao-natural-para-quem-sofre-com-problemas-digestivos\/","og_site_name":"Estado de Minas - Em foco","article_published_time":"2025-10-18T18:45:20+00:00","article_modified_time":"2025-10-17T21:15:55+00:00","og_image":[{"width":1280,"height":720,"url":"https:\/\/www.em.com.br\/emfoco\/wp-content\/uploads\/2025\/10\/colica_1760107030371.jpg","type":"image\/jpeg"}],"author":"Daniely Cardoso","twitter_card":"summary_large_image","twitter_misc":{"Escrito por":"Daniely Cardoso","Est. tempo de leitura":"4 minutos"},"schema":{"@context":"https:\/\/schema.org","@graph":[{"@type":"WebPage","@id":"https:\/\/www.em.com.br\/emfoco\/2025\/10\/18\/a-solucao-natural-para-quem-sofre-com-problemas-digestivos\/","url":"https:\/\/www.em.com.br\/emfoco\/2025\/10\/18\/a-solucao-natural-para-quem-sofre-com-problemas-digestivos\/","name":"A solu\u00e7\u00e3o natural para quem sofre com problemas digestivos","isPartOf":{"@id":"https:\/\/www.em.com.br\/emfoco\/#website"},"primaryImageOfPage":{"@id":"https:\/\/www.em.com.br\/emfoco\/2025\/10\/18\/a-solucao-natural-para-quem-sofre-com-problemas-digestivos\/#primaryimage"},"image":{"@id":"https:\/\/www.em.com.br\/emfoco\/2025\/10\/18\/a-solucao-natural-para-quem-sofre-com-problemas-digestivos\/#primaryimage"},"thumbnailUrl":"https:\/\/www.em.com.br\/emfoco\/wp-content\/uploads\/2025\/10\/colica_1760107030371.jpg","datePublished":"2025-10-18T18:45:20+00:00","dateModified":"2025-10-17T21:15:55+00:00","author":{"@id":"https:\/\/www.em.com.br\/emfoco\/#\/schema\/person\/0a8186d72f2c3a5c6276d90b41f271a0"},"description":"A fruta que melhora sua digest\u00e3o com enzimas e fibras. Use esta fruta para combater o incha\u00e7o e regular seu intestino naturalmente.","breadcrumb":{"@id":"https:\/\/www.em.com.br\/emfoco\/2025\/10\/18\/a-solucao-natural-para-quem-sofre-com-problemas-digestivos\/#breadcrumb"},"inLanguage":"pt-BR","potentialAction":[{"@type":"ReadAction","target":["https:\/\/www.em.com.br\/emfoco\/2025\/10\/18\/a-solucao-natural-para-quem-sofre-com-problemas-digestivos\/"]}]},{"@type":"ImageObject","inLanguage":"pt-BR","@id":"https:\/\/www.em.com.br\/emfoco\/2025\/10\/18\/a-solucao-natural-para-quem-sofre-com-problemas-digestivos\/#primaryimage","url":"https:\/\/www.em.com.br\/emfoco\/wp-content\/uploads\/2025\/10\/colica_1760107030371.jpg","contentUrl":"https:\/\/www.em.com.br\/emfoco\/wp-content\/uploads\/2025\/10\/colica_1760107030371.jpg","width":1280,"height":720,"caption":"Durante a menstrua\u00e7\u00e3o, muitas mulheres experimentam fortes dores e desconfortos - Cr\u00e9ditos: depositphotos.com \/ tonodiaz"},{"@type":"BreadcrumbList","@id":"https:\/\/www.em.com.br\/emfoco\/2025\/10\/18\/a-solucao-natural-para-quem-sofre-com-problemas-digestivos\/#breadcrumb","itemListElement":[{"@type":"ListItem","position":1,"name":"In\u00edcio","item":"https:\/\/www.em.com.br\/emfoco\/"},{"@type":"ListItem","position":2,"name":"A solu\u00e7\u00e3o natural para quem sofre com problemas digestivos"}]},{"@type":"WebSite","@id":"https:\/\/www.em.com.br\/emfoco\/#website","url":"https:\/\/www.em.com.br\/emfoco\/","name":"Estado de Minas - Em foco","description":"Acompanhe as \u00faltimas not\u00edcias e fique bem informado sobre tudo o que acontece em Minas Gerais, Brasil e no mundo.","potentialAction":[{"@type":"SearchAction","target":{"@type":"EntryPoint","urlTemplate":"https:\/\/www.em.com.br\/emfoco\/?s={search_term_string}"},"query-input":{"@type":"PropertyValueSpecification","valueRequired":true,"valueName":"search_term_string"}}],"inLanguage":"pt-BR"},{"@type":"Person","@id":"https:\/\/www.em.com.br\/emfoco\/#\/schema\/person\/0a8186d72f2c3a5c6276d90b41f271a0","name":"Daniely Cardoso","image":{"@type":"ImageObject","inLanguage":"pt-BR","@id":"https:\/\/www.em.com.br\/emfoco\/#\/schema\/person\/image\/","url":"https:\/\/secure.gravatar.com\/avatar\/4b80ddbd124d1f071b626d52d62e5dff?s=96&d=mm&r=g","contentUrl":"https:\/\/secure.gravatar.com\/avatar\/4b80ddbd124d1f071b626d52d62e5dff?s=96&d=mm&r=g","caption":"Daniely Cardoso"},"url":"https:\/\/www.em.com.br\/emfoco\/author\/danielymyth\/"}]}},"_links":{"self":[{"href":"https:\/\/www.em.com.br\/emfoco\/wp-json\/wp\/v2\/posts\/116417","targetHints":{"allow":["GET"]}}],"collection":[{"href":"https:\/\/www.em.com.br\/emfoco\/wp-json\/wp\/v2\/posts"}],"about":[{"href":"https:\/\/www.em.com.br\/emfoco\/wp-json\/wp\/v2\/types\/post"}],"author":[{"embeddable":true,"href":"https:\/\/www.em.com.br\/emfoco\/wp-json\/wp\/v2\/users\/9"}],"replies":[{"embeddable":true,"href":"https:\/\/www.em.com.br\/emfoco\/wp-json\/wp\/v2\/comments?post=116417"}],"version-history":[{"count":4,"href":"https:\/\/www.em.com.br\/emfoco\/wp-json\/wp\/v2\/posts\/116417\/revisions"}],"predecessor-version":[{"id":116722,"href":"https:\/\/www.em.com.br\/emfoco\/wp-json\/wp\/v2\/posts\/116417\/revisions\/116722"}],"wp:featuredmedia":[{"embeddable":true,"href":"https:\/\/www.em.com.br\/emfoco\/wp-json\/wp\/v2\/media\/113842"}],"wp:attachment":[{"href":"https:\/\/www.em.com.br\/emfoco\/wp-json\/wp\/v2\/media?parent=116417"}],"wp:term":[{"taxonomy":"category","embeddable":true,"href":"https:\/\/www.em.com.br\/emfoco\/wp-json\/wp\/v2\/categories?post=116417"},{"taxonomy":"post_tag","embeddable":true,"href":"https:\/\/www.em.com.br\/emfoco\/wp-json\/wp\/v2\/tags?post=116417"}],"curies":[{"name":"wp","href":"https:\/\/api.w.org\/{rel}","templated":true}]}}