{"id":116232,"date":"2025-10-18T20:15:00","date_gmt":"2025-10-18T23:15:00","guid":{"rendered":"https:\/\/www.em.com.br\/emfoco\/?p=116232"},"modified":"2025-10-17T12:11:17","modified_gmt":"2025-10-17T15:11:17","slug":"nova-tendencia-que-esta-substituindo-as-banheiras-nos-banheiros","status":"publish","type":"post","link":"https:\/\/www.em.com.br\/emfoco\/2025\/10\/18\/nova-tendencia-que-esta-substituindo-as-banheiras-nos-banheiros\/","title":{"rendered":"Nova tend\u00eancia que est\u00e1 substituindo as banheiras nos banheiros"},"content":{"rendered":"\n<p>O design minimalista e a praticidade est\u00e3o ganhando terreno nos lares modernos, e os banheiros n\u00e3o s\u00e3o exce\u00e7\u00f5es. Com o ano de\u00a0<strong>2025<\/strong>\u00a0batendo \u00e0 porta, os\u00a0<strong>chuveiros walk-in<\/strong>\u00a0emergem como a grande tend\u00eancia, substituindo gradualmente a tradicional banheira. Al\u00e9m de uma mudan\u00e7a est\u00e9tica, essa \u00e9 uma nova maneira de viver e aproveitar o tempo. Vamos descobrir por que essa transforma\u00e7\u00e3o est\u00e1 acontecendo e o que significa para o design de interiores.<\/p>\n\n\n\n<ul class=\"wp-block-list\">\n<li>Vantagens pr\u00e1ticas e est\u00e9ticas dos&nbsp;<strong>chuveiros walk-in<\/strong><\/li>\n\n\n\n<li>Materiais e cores inovadores marcando presen\u00e7a<\/li>\n\n\n\n<li>Mudan\u00e7a de h\u00e1bitos e percep\u00e7\u00e3o cultural<\/li>\n<\/ul>\n\n\n\n<h2 class=\"wp-block-heading\">Por que os chuveiros walk-in est\u00e3o conquistando os banheiros?<\/h2>\n\n\n\n<p>Os\u00a0<strong><a href=\"https:\/\/br.pinterest.com\/ester56b\/chuveiros-a-c%C3%A9u-aberto\/\" target=\"_blank\" rel=\"noreferrer noopener\">chuveiros abertos<\/a><\/strong>, conhecidos como walk-in, rompem com a estrutura tradicional dos banheiros. Instala\u00e7\u00f5es ao n\u00edvel do piso, sem degraus ou barreiras, s\u00e3o delimitadas apenas por elegantes divis\u00f3rias de vidro. O resultado \u00e9 um ambiente mais amplo, luminoso e facilmente acess\u00edvel.<\/p>\n\n\n\n<p><strong>Chuveiros walk in s\u00e3o espa\u00e7os de banho abertos, sem cortina ou porta de blindex. Essa configura\u00e7\u00e3o proporciona uma sensa\u00e7\u00e3o de continuidade no ambiente, favorecendo n\u00e3o s\u00f3 a est\u00e9tica, mas tamb\u00e9m o acesso facilitado e a praticidade na hora da limpeza.<\/strong><\/p>\n\n\n\n<figure class=\"wp-block-image\"><img decoding=\"async\" src=\"https:\/\/www.em.com.br\/emfoco\/wp-content\/uploads\/2025\/09\/banheiro-moderno-aberto_1758728013542-1024x576.jpg\" alt=\"\"\/><figcaption class=\"wp-element-caption\">O detalhe do banheiro moderno &#8211; Cr\u00e9ditos: depositphotos.com \/ hemul75<\/figcaption><\/figure>\n\n\n\n<p>Alguns dos principais benef\u00edcios s\u00e3o:<\/p>\n\n\n\n<ul class=\"wp-block-list\">\n<li>Aproveitamento de espa\u00e7o: Perfeitos para banheiros pequenos ou m\u00e9dios.<\/li>\n\n\n\n<li>Efici\u00eancia no uso de \u00e1gua: Consomem menos \u00e1gua que as banheiras tradicionais, contribuindo para um consumo mais sustent\u00e1vel, essencial em grandes cidades como&nbsp;<strong>S\u00e3o Paulo<\/strong>&nbsp;e&nbsp;<strong>Rio de Janeiro<\/strong>.<\/li>\n\n\n\n<li>Est\u00e9tica moderna: Design minimalista e visualmente limpo.<\/li>\n\n\n\n<li>Facilidade de acesso: Ideal para idosos ou pessoas com mobilidade reduzida.<\/li>\n\n\n\n<li>Possibilidade de incorporar sistemas inteligentes, como controles digitais de temperatura e ilumina\u00e7\u00e3o, que j\u00e1 s\u00e3o tend\u00eancia em pa\u00edses como os&nbsp;<strong>Estados Unidos<\/strong>&nbsp;e a&nbsp;<strong>Alemanha<\/strong>.<\/li>\n<\/ul>\n\n\n\n<p><strong>Leia tamb\u00e9m:<\/strong>\u00a0<a href=\"https:\/\/www.em.com.br\/emfoco\/2025\/10\/08\/salve-suas-roupas-do-mofo-utilizando-somente-2-ingredientes\/\" target=\"_blank\" rel=\"noreferrer noopener\">Salve suas roupas do mofo utilizando somente 2 ingredientes<\/a><\/p>\n\n\n\n<h2 class=\"wp-block-heading\">Quais materiais e cores s\u00e3o tend\u00eancia nos banheiros modernos?<\/h2>\n\n\n\n<p>Al\u00e9m da estrutura, os&nbsp;<strong>materiais e acabamentos<\/strong>&nbsp;tamb\u00e9m est\u00e3o evoluindo. A resina, a pedra natural e o porcelanato cont\u00ednuo est\u00e3o gradualmente substituindo o cl\u00e1ssico esmalte das banheiras. Cores quentes e&nbsp;<strong>tons terrosos<\/strong>&nbsp;s\u00e3o predominantes, criando um ambiente relaxante reminiscentes de um spa dentro de casa. Ainda, a tecnologia de superf\u00edcies antibacterianas, j\u00e1 amplamente utilizada na&nbsp;<strong>Europa<\/strong>, come\u00e7a a chegar ao&nbsp;<strong>Brasil<\/strong>, garantindo mais sa\u00fade e facilidade na limpeza.<\/p>\n\n\n\n<p><strong>Leia tamb\u00e9m:<\/strong>\u00a0<a href=\"https:\/\/www.em.com.br\/emfoco\/2025\/10\/14\/adeus-aos-chuveiros-a-tendencia-que-previne-o-mofo-nos-banheiros\/\" target=\"_blank\" rel=\"noreferrer noopener\">Adeus aos chuveiros, a tend\u00eancia que previne o mofo nos banheiros<\/a><\/p>\n\n\n\n<h2 class=\"wp-block-heading\">Como os novos banheiros refletem mudan\u00e7as de h\u00e1bitos?<\/h2>\n\n\n\n<p>A tend\u00eancia de substituir a banheira vai al\u00e9m da moda; reflete uma mudan\u00e7a cultural. As rotinas di\u00e1rias est\u00e3o se tornando mais r\u00e1pidas e pr\u00e1ticas, deixando para tr\u00e1s o longo banho relaxante que era parte do ritual domiciliar.<\/p>\n\n\n\n<h2 class=\"wp-block-heading\">O que levar das tend\u00eancias para o seu banheiro?<\/h2>\n\n\n\n<ul class=\"wp-block-list\">\n<li>Espa\u00e7os otimizados e designs acolhedores que maximizam funcionalidade e beleza.<\/li>\n\n\n\n<li>Escolha de materiais sustent\u00e1veis e esteticamente agrad\u00e1veis para renova\u00e7\u00e3o de banheiros.<\/li>\n\n\n\n<li>Adapta\u00e7\u00e3o a estilos de vida modernos que priorizam acessibilidade e efici\u00eancia.<\/li>\n<\/ul>\n","protected":false},"excerpt":{"rendered":"<p>O design minimalista e a praticidade est\u00e3o ganhando terreno nos lares modernos, e os banheiros n\u00e3o s\u00e3o exce\u00e7\u00f5es. Com o ano de\u00a02025\u00a0batendo \u00e0 porta, os\u00a0chuveiros walk-in\u00a0emergem como a grande tend\u00eancia, substituindo gradualmente a tradicional banheira. Al\u00e9m de uma mudan\u00e7a est\u00e9tica, essa \u00e9 uma nova maneira de viver e aproveitar o tempo. Vamos descobrir por que [&hellip;]<\/p>\n","protected":false},"author":11,"featured_media":116483,"comment_status":"open","ping_status":"open","sticky":false,"template":"","format":"standard","meta":{"jnews-multi-image_gallery":[],"jnews_single_post":{"format":"standard"},"jnews_primary_category":[],"jnews_social_meta":[],"jnews_override_counter":[],"footnotes":""},"categories":[8819,1],"tags":[10013,8990,821,1920],"class_list":["post-116232","post","type-post","status-publish","format-standard","has-post-thumbnail","hentry","category-curiosidades","category-noticias","tag-banheiro","tag-chuveiro","tag-design","tag-tendencia"],"yoast_head":"<!-- This site is optimized with the Yoast SEO plugin v23.8 - https:\/\/yoast.com\/wordpress\/plugins\/seo\/ -->\n<title>Nova tend\u00eancia que est\u00e1 substituindo as banheiras nos banheiros - Estado de Minas - Em foco<\/title>\n<meta name=\"description\" content=\"Minimalista, elegante e acess\u00edvel. Saiba por que essa tend\u00eancia est\u00e1 dominando os banheiros modernos no Brasil.\" \/>\n<meta name=\"robots\" content=\"index, follow, max-snippet:-1, max-image-preview:large, max-video-preview:-1\" \/>\n<link rel=\"canonical\" href=\"https:\/\/www.em.com.br\/emfoco\/2025\/10\/18\/nova-tendencia-que-esta-substituindo-as-banheiras-nos-banheiros\/\" \/>\n<meta property=\"og:locale\" content=\"pt_BR\" \/>\n<meta property=\"og:type\" content=\"article\" \/>\n<meta property=\"og:title\" content=\"Nova tend\u00eancia que est\u00e1 substituindo as banheiras nos banheiros - Estado de Minas - Em foco\" \/>\n<meta property=\"og:description\" content=\"Minimalista, elegante e acess\u00edvel. Saiba por que essa tend\u00eancia est\u00e1 dominando os banheiros modernos no Brasil.\" \/>\n<meta property=\"og:url\" content=\"https:\/\/www.em.com.br\/emfoco\/2025\/10\/18\/nova-tendencia-que-esta-substituindo-as-banheiras-nos-banheiros\/\" \/>\n<meta property=\"og:site_name\" content=\"Estado de Minas - Em foco\" \/>\n<meta property=\"article:published_time\" content=\"2025-10-18T23:15:00+00:00\" \/>\n<meta property=\"article:modified_time\" content=\"2025-10-17T15:11:17+00:00\" \/>\n<meta property=\"og:image\" content=\"https:\/\/www.em.com.br\/emfoco\/wp-content\/uploads\/2025\/10\/chuveiros_1760716943122.jpg\" \/>\n\t<meta property=\"og:image:width\" content=\"1280\" \/>\n\t<meta property=\"og:image:height\" content=\"720\" \/>\n\t<meta property=\"og:image:type\" content=\"image\/jpeg\" \/>\n<meta name=\"author\" content=\"Andre\u0301 Rangel\u00a0\" \/>\n<meta name=\"twitter:card\" content=\"summary_large_image\" \/>\n<meta name=\"twitter:label1\" content=\"Escrito por\" \/>\n\t<meta name=\"twitter:data1\" content=\"Andre\u0301 Rangel\u00a0\" \/>\n\t<meta name=\"twitter:label2\" content=\"Est. tempo de leitura\" \/>\n\t<meta name=\"twitter:data2\" content=\"3 minutos\" \/>\n<!-- \/ Yoast SEO plugin. -->","yoast_head_json":{"title":"Nova tend\u00eancia que est\u00e1 substituindo as banheiras nos banheiros - Estado de Minas - Em foco","description":"Minimalista, elegante e acess\u00edvel. Saiba por que essa tend\u00eancia est\u00e1 dominando os banheiros modernos no Brasil.","robots":{"index":"index","follow":"follow","max-snippet":"max-snippet:-1","max-image-preview":"max-image-preview:large","max-video-preview":"max-video-preview:-1"},"canonical":"https:\/\/www.em.com.br\/emfoco\/2025\/10\/18\/nova-tendencia-que-esta-substituindo-as-banheiras-nos-banheiros\/","og_locale":"pt_BR","og_type":"article","og_title":"Nova tend\u00eancia que est\u00e1 substituindo as banheiras nos banheiros - Estado de Minas - Em foco","og_description":"Minimalista, elegante e acess\u00edvel. Saiba por que essa tend\u00eancia est\u00e1 dominando os banheiros modernos no Brasil.","og_url":"https:\/\/www.em.com.br\/emfoco\/2025\/10\/18\/nova-tendencia-que-esta-substituindo-as-banheiras-nos-banheiros\/","og_site_name":"Estado de Minas - Em foco","article_published_time":"2025-10-18T23:15:00+00:00","article_modified_time":"2025-10-17T15:11:17+00:00","og_image":[{"width":1280,"height":720,"url":"https:\/\/www.em.com.br\/emfoco\/wp-content\/uploads\/2025\/10\/chuveiros_1760716943122.jpg","type":"image\/jpeg"}],"author":"Andre\u0301 Rangel\u00a0","twitter_card":"summary_large_image","twitter_misc":{"Escrito por":"Andre\u0301 Rangel\u00a0","Est. tempo de leitura":"3 minutos"},"schema":{"@context":"https:\/\/schema.org","@graph":[{"@type":"WebPage","@id":"https:\/\/www.em.com.br\/emfoco\/2025\/10\/18\/nova-tendencia-que-esta-substituindo-as-banheiras-nos-banheiros\/","url":"https:\/\/www.em.com.br\/emfoco\/2025\/10\/18\/nova-tendencia-que-esta-substituindo-as-banheiras-nos-banheiros\/","name":"Nova tend\u00eancia que est\u00e1 substituindo as banheiras nos banheiros - Estado de Minas - Em foco","isPartOf":{"@id":"https:\/\/www.em.com.br\/emfoco\/#website"},"primaryImageOfPage":{"@id":"https:\/\/www.em.com.br\/emfoco\/2025\/10\/18\/nova-tendencia-que-esta-substituindo-as-banheiras-nos-banheiros\/#primaryimage"},"image":{"@id":"https:\/\/www.em.com.br\/emfoco\/2025\/10\/18\/nova-tendencia-que-esta-substituindo-as-banheiras-nos-banheiros\/#primaryimage"},"thumbnailUrl":"https:\/\/www.em.com.br\/emfoco\/wp-content\/uploads\/2025\/10\/chuveiros_1760716943122.jpg","datePublished":"2025-10-18T23:15:00+00:00","dateModified":"2025-10-17T15:11:17+00:00","author":{"@id":"https:\/\/www.em.com.br\/emfoco\/#\/schema\/person\/60eda09c1fedf0d6891f4cef4b60b8b8"},"description":"Minimalista, elegante e acess\u00edvel. Saiba por que essa tend\u00eancia est\u00e1 dominando os banheiros modernos no Brasil.","breadcrumb":{"@id":"https:\/\/www.em.com.br\/emfoco\/2025\/10\/18\/nova-tendencia-que-esta-substituindo-as-banheiras-nos-banheiros\/#breadcrumb"},"inLanguage":"pt-BR","potentialAction":[{"@type":"ReadAction","target":["https:\/\/www.em.com.br\/emfoco\/2025\/10\/18\/nova-tendencia-que-esta-substituindo-as-banheiras-nos-banheiros\/"]}]},{"@type":"ImageObject","inLanguage":"pt-BR","@id":"https:\/\/www.em.com.br\/emfoco\/2025\/10\/18\/nova-tendencia-que-esta-substituindo-as-banheiras-nos-banheiros\/#primaryimage","url":"https:\/\/www.em.com.br\/emfoco\/wp-content\/uploads\/2025\/10\/chuveiros_1760716943122.jpg","contentUrl":"https:\/\/www.em.com.br\/emfoco\/wp-content\/uploads\/2025\/10\/chuveiros_1760716943122.jpg","width":1280,"height":720,"caption":"O modelo de chuveiro mais elegante e funcional - Cr\u00e9ditos: depositphotos.com \/ lmphot"},{"@type":"BreadcrumbList","@id":"https:\/\/www.em.com.br\/emfoco\/2025\/10\/18\/nova-tendencia-que-esta-substituindo-as-banheiras-nos-banheiros\/#breadcrumb","itemListElement":[{"@type":"ListItem","position":1,"name":"In\u00edcio","item":"https:\/\/www.em.com.br\/emfoco\/"},{"@type":"ListItem","position":2,"name":"Nova tend\u00eancia que est\u00e1 substituindo as banheiras nos banheiros"}]},{"@type":"WebSite","@id":"https:\/\/www.em.com.br\/emfoco\/#website","url":"https:\/\/www.em.com.br\/emfoco\/","name":"Estado de Minas - Em foco","description":"Acompanhe as \u00faltimas not\u00edcias e fique bem informado sobre tudo o que acontece em Minas Gerais, Brasil e no mundo.","potentialAction":[{"@type":"SearchAction","target":{"@type":"EntryPoint","urlTemplate":"https:\/\/www.em.com.br\/emfoco\/?s={search_term_string}"},"query-input":{"@type":"PropertyValueSpecification","valueRequired":true,"valueName":"search_term_string"}}],"inLanguage":"pt-BR"},{"@type":"Person","@id":"https:\/\/www.em.com.br\/emfoco\/#\/schema\/person\/60eda09c1fedf0d6891f4cef4b60b8b8","name":"Andre\u0301 Rangel\u00a0","image":{"@type":"ImageObject","inLanguage":"pt-BR","@id":"https:\/\/www.em.com.br\/emfoco\/#\/schema\/person\/image\/","url":"https:\/\/secure.gravatar.com\/avatar\/6234dc814c77c8ef6d8bba622c787efc?s=96&d=mm&r=g","contentUrl":"https:\/\/secure.gravatar.com\/avatar\/6234dc814c77c8ef6d8bba622c787efc?s=96&d=mm&r=g","caption":"Andre\u0301 Rangel\u00a0"},"url":"https:\/\/www.em.com.br\/emfoco\/author\/luizmyth\/"}]}},"_links":{"self":[{"href":"https:\/\/www.em.com.br\/emfoco\/wp-json\/wp\/v2\/posts\/116232","targetHints":{"allow":["GET"]}}],"collection":[{"href":"https:\/\/www.em.com.br\/emfoco\/wp-json\/wp\/v2\/posts"}],"about":[{"href":"https:\/\/www.em.com.br\/emfoco\/wp-json\/wp\/v2\/types\/post"}],"author":[{"embeddable":true,"href":"https:\/\/www.em.com.br\/emfoco\/wp-json\/wp\/v2\/users\/11"}],"replies":[{"embeddable":true,"href":"https:\/\/www.em.com.br\/emfoco\/wp-json\/wp\/v2\/comments?post=116232"}],"version-history":[{"count":3,"href":"https:\/\/www.em.com.br\/emfoco\/wp-json\/wp\/v2\/posts\/116232\/revisions"}],"predecessor-version":[{"id":116484,"href":"https:\/\/www.em.com.br\/emfoco\/wp-json\/wp\/v2\/posts\/116232\/revisions\/116484"}],"wp:featuredmedia":[{"embeddable":true,"href":"https:\/\/www.em.com.br\/emfoco\/wp-json\/wp\/v2\/media\/116483"}],"wp:attachment":[{"href":"https:\/\/www.em.com.br\/emfoco\/wp-json\/wp\/v2\/media?parent=116232"}],"wp:term":[{"taxonomy":"category","embeddable":true,"href":"https:\/\/www.em.com.br\/emfoco\/wp-json\/wp\/v2\/categories?post=116232"},{"taxonomy":"post_tag","embeddable":true,"href":"https:\/\/www.em.com.br\/emfoco\/wp-json\/wp\/v2\/tags?post=116232"}],"curies":[{"name":"wp","href":"https:\/\/api.w.org\/{rel}","templated":true}]}}