{"id":116211,"date":"2025-10-18T16:45:00","date_gmt":"2025-10-18T19:45:00","guid":{"rendered":"https:\/\/www.em.com.br\/emfoco\/?p=116211"},"modified":"2025-10-17T12:09:33","modified_gmt":"2025-10-17T15:09:33","slug":"adeus-as-prateleiras-a-nova-tendencia-que-otimiza-espaco","status":"publish","type":"post","link":"https:\/\/www.em.com.br\/emfoco\/2025\/10\/18\/adeus-as-prateleiras-a-nova-tendencia-que-otimiza-espaco\/","title":{"rendered":"Adeus \u00e0s prateleiras a nova tend\u00eancia que otimiza espa\u00e7o"},"content":{"rendered":"\n<p>No mundo do design de interiores,&nbsp;<strong>estantes multifuncionais<\/strong>&nbsp;est\u00e3o ganhando destaque por sua capacidade de&nbsp;<strong>otimizar o espa\u00e7o<\/strong>. Al\u00e9m de agregar funcionalidade, elas transformam qualquer ambiente em um local organizado e moderno.<\/p>\n\n\n\n<ul class=\"wp-block-list\">\n<li>M\u00f3veis com estantes integradas est\u00e3o em alta por sua praticidade.<\/li>\n\n\n\n<li>Perfeitos para&nbsp;<strong>ambientes pequenos<\/strong>, otimizando o uso do espa\u00e7o.<\/li>\n\n\n\n<li>S\u00e3o ideais para armazenamento sem comprometer a decora\u00e7\u00e3o.<\/li>\n<\/ul>\n\n\n\n<h2 class=\"wp-block-heading\">Por que escolher m\u00f3veis com estantes integradas?<\/h2>\n\n\n\n<p>Em apartamentos pequenos ou ambientes onde cada cent\u00edmetro importa, esses&nbsp;<strong>m\u00f3veis s\u00e3o uma solu\u00e7\u00e3o inovadora<\/strong>. Eles combinam&nbsp;<strong>armazenamento e funcionalidade<\/strong>, permitindo guardar livros e objetos decorativos sem sobrecarregar o ambiente.<\/p>\n\n\n\n<p>Esses m\u00f3veis n\u00e3o s\u00f3 funcionam como\u00a0<strong>mesas ou escrivaninhas<\/strong>, mas tamb\u00e9m contam com estantes integradas para armazenamento adicional. Grandes marcas como\u00a0<strong>Tok&amp;Stok<\/strong>\u00a0e\u00a0<a href=\"https:\/\/www.ikea.com\/pt\/pt\/\" target=\"_blank\" rel=\"noreferrer noopener\"><strong>Ikea<\/strong>\u00a0<\/a>apresentam linhas exclusivas que incorporam esse conceito, tornando-o acess\u00edvel em diversas cidades, como\u00a0<strong>S\u00e3o Paulo<\/strong>\u00a0e\u00a0<strong>Curitiba<\/strong>. A valoriza\u00e7\u00e3o do espa\u00e7o \u00e9 um diferencial especialmente percebido em grandes centros urbanos, como\u00a0<strong>Rio de Janeiro<\/strong>\u00a0e\u00a0<strong>Nova York<\/strong>, onde o metro quadrado \u00e9 disputado.<\/p>\n\n\n\n<figure class=\"wp-block-image size-large\"><img loading=\"lazy\" decoding=\"async\" width=\"1024\" height=\"576\" src=\"https:\/\/www.em.com.br\/emfoco\/wp-content\/uploads\/2025\/10\/prateleiras-embutidas_1760716425409-1024x576.jpg\" alt=\"\" class=\"wp-image-116465\" srcset=\"https:\/\/www.em.com.br\/emfoco\/wp-content\/uploads\/2025\/10\/prateleiras-embutidas_1760716425409-1024x576.jpg 1024w, https:\/\/www.em.com.br\/emfoco\/wp-content\/uploads\/2025\/10\/prateleiras-embutidas_1760716425409-300x169.jpg 300w, https:\/\/www.em.com.br\/emfoco\/wp-content\/uploads\/2025\/10\/prateleiras-embutidas_1760716425409-768x432.jpg 768w, https:\/\/www.em.com.br\/emfoco\/wp-content\/uploads\/2025\/10\/prateleiras-embutidas_1760716425409-750x422.jpg 750w, https:\/\/www.em.com.br\/emfoco\/wp-content\/uploads\/2025\/10\/prateleiras-embutidas_1760716425409-1140x641.jpg 1140w, https:\/\/www.em.com.br\/emfoco\/wp-content\/uploads\/2025\/10\/prateleiras-embutidas_1760716425409.jpg 1280w\" sizes=\"auto, (max-width: 1024px) 100vw, 1024px\" \/><figcaption class=\"wp-element-caption\">Como um m\u00f3vel multifuncional pode mudar sua casa inteira &#8211; Cr\u00e9ditos: depositphotos.com \/ aekaek55555555@gmail.com<\/figcaption><\/figure>\n\n\n\n<h2 class=\"wp-block-heading\">Como aproveitar ao m\u00e1ximo suas estantes multifuncionais?<\/h2>\n\n\n\n<p>Para garantir que o&nbsp;<strong>m\u00f3vel multifuncional<\/strong>&nbsp;se adapte ao seu espa\u00e7o, \u00e9 essencial tomar algumas medidas. Aqui est\u00e3o algumas dicas r\u00e1pidas:<\/p>\n\n\n\n<ul class=\"wp-block-list\">\n<li><strong>Me\u00e7a o espa\u00e7o<\/strong>&nbsp;cuidadosamente antes de escolher seu m\u00f3vel.<\/li>\n\n\n\n<li><strong>Organize por categorias:<\/strong>&nbsp;mantenha livros, decora\u00e7\u00e3o e utens\u00edlios organizados.<\/li>\n\n\n\n<li>Personalize com&nbsp;<strong>acess\u00f3rios decorativos<\/strong>&nbsp;como plantas e fotos.<\/li>\n\n\n\n<li>Prefira m\u00f3veis&nbsp;<strong>adapt\u00e1veis<\/strong>, permitindo ajustar a localiza\u00e7\u00e3o das estantes conforme necess\u00e1rio.<\/li>\n<\/ul>\n\n\n\n<h2 class=\"wp-block-heading\">Quais as principais vantagens dos m\u00f3veis multifuncionais?<\/h2>\n\n\n\n<p>Al\u00e9m de aumentar o espa\u00e7o, esses m\u00f3veis trazem&nbsp;<strong>acessibilidade e ordem<\/strong>&nbsp;ao seu cotidiano. Tudo fica ao alcance da m\u00e3o, desde uma planta at\u00e9 documentos de trabalho, proporcionando um ambiente harmonioso. E n\u00e3o \u00e9 por acaso que tend\u00eancias como essa ganharam destaque em publica\u00e7\u00f5es da&nbsp;<strong>Casa Vogue<\/strong>&nbsp;e da&nbsp;<strong>Architectural Digest<\/strong>, refletindo um movimento global iniciado com a busca por praticidade nas grandes cidades ap\u00f3s&nbsp;<strong>2020<\/strong>.<\/p>\n\n\n\n<p>Leia tamb\u00e9m:\u00a0<em><a href=\"https:\/\/www.em.com.br\/emfoco\/2025\/10\/15\/luzes-recarregaveis-estao-surgindo-para-inovar-na-decoracao\/\" target=\"_blank\" rel=\"noreferrer noopener\">Luzes recarreg\u00e1veis \u200b\u200best\u00e3o surgindo para inovar na decora\u00e7\u00e3o<\/a><\/em><\/p>\n\n\n\n<h2 class=\"wp-block-heading\">Como aplicar estantes multifuncionais no dia a dia?<\/h2>\n\n\n\n<ul class=\"wp-block-list\">\n<li>Estantes multifuncionais s\u00e3o a escolha certa para ambientes reduzidos.<\/li>\n\n\n\n<li>Elas combinam est\u00e9tica moderna e praticidade no dia a dia.<\/li>\n\n\n\n<li>Apostar nesses m\u00f3veis transforma e valoriza qualquer espa\u00e7o.<\/li>\n<\/ul>\n","protected":false},"excerpt":{"rendered":"<p>No mundo do design de interiores,&nbsp;estantes multifuncionais&nbsp;est\u00e3o ganhando destaque por sua capacidade de&nbsp;otimizar o espa\u00e7o. Al\u00e9m de agregar funcionalidade, elas transformam qualquer ambiente em um local organizado e moderno. Por que escolher m\u00f3veis com estantes integradas? Em apartamentos pequenos ou ambientes onde cada cent\u00edmetro importa, esses&nbsp;m\u00f3veis s\u00e3o uma solu\u00e7\u00e3o inovadora. Eles combinam&nbsp;armazenamento e funcionalidade, permitindo [&hellip;]<\/p>\n","protected":false},"author":11,"featured_media":116466,"comment_status":"open","ping_status":"open","sticky":false,"template":"","format":"standard","meta":{"jnews-multi-image_gallery":[],"jnews_single_post":{"format":"standard"},"jnews_primary_category":[],"jnews_social_meta":[],"jnews_override_counter":[],"footnotes":""},"categories":[8819,1],"tags":[4687,821,1706,14659],"class_list":["post-116211","post","type-post","status-publish","format-standard","has-post-thumbnail","hentry","category-curiosidades","category-noticias","tag-decoracao","tag-design","tag-espaco","tag-moveis"],"yoast_head":"<!-- This site is optimized with the Yoast SEO plugin v23.8 - https:\/\/yoast.com\/wordpress\/plugins\/seo\/ -->\n<title>Adeus \u00e0s prateleiras a nova tend\u00eancia que otimiza espa\u00e7o - Estado de Minas - Em foco<\/title>\n<meta name=\"description\" content=\"Descubra o m\u00f3vel que virou tend\u00eancia nas grandes cidades e saiba como aplic\u00e1-lo para valorizar ambientes pequenos.\" \/>\n<meta name=\"robots\" content=\"index, follow, max-snippet:-1, max-image-preview:large, max-video-preview:-1\" \/>\n<link rel=\"canonical\" href=\"https:\/\/www.em.com.br\/emfoco\/2025\/10\/18\/adeus-as-prateleiras-a-nova-tendencia-que-otimiza-espaco\/\" \/>\n<meta property=\"og:locale\" content=\"pt_BR\" \/>\n<meta property=\"og:type\" content=\"article\" \/>\n<meta property=\"og:title\" content=\"Adeus \u00e0s prateleiras a nova tend\u00eancia que otimiza espa\u00e7o - Estado de Minas - Em foco\" \/>\n<meta property=\"og:description\" content=\"Descubra o m\u00f3vel que virou tend\u00eancia nas grandes cidades e saiba como aplic\u00e1-lo para valorizar ambientes pequenos.\" \/>\n<meta property=\"og:url\" content=\"https:\/\/www.em.com.br\/emfoco\/2025\/10\/18\/adeus-as-prateleiras-a-nova-tendencia-que-otimiza-espaco\/\" \/>\n<meta property=\"og:site_name\" content=\"Estado de Minas - Em foco\" \/>\n<meta property=\"article:published_time\" content=\"2025-10-18T19:45:00+00:00\" \/>\n<meta property=\"article:modified_time\" content=\"2025-10-17T15:09:33+00:00\" \/>\n<meta property=\"og:image\" content=\"https:\/\/www.em.com.br\/emfoco\/wp-content\/uploads\/2025\/10\/prateleiras-embutidas_1760716464084.jpg\" \/>\n\t<meta property=\"og:image:width\" content=\"1280\" \/>\n\t<meta property=\"og:image:height\" content=\"720\" \/>\n\t<meta property=\"og:image:type\" content=\"image\/jpeg\" \/>\n<meta name=\"author\" content=\"Andre\u0301 Rangel\u00a0\" \/>\n<meta name=\"twitter:card\" content=\"summary_large_image\" \/>\n<meta name=\"twitter:label1\" content=\"Escrito por\" \/>\n\t<meta name=\"twitter:data1\" content=\"Andre\u0301 Rangel\u00a0\" \/>\n\t<meta name=\"twitter:label2\" content=\"Est. tempo de leitura\" \/>\n\t<meta name=\"twitter:data2\" content=\"3 minutos\" \/>\n<!-- \/ Yoast SEO plugin. -->","yoast_head_json":{"title":"Adeus \u00e0s prateleiras a nova tend\u00eancia que otimiza espa\u00e7o - Estado de Minas - Em foco","description":"Descubra o m\u00f3vel que virou tend\u00eancia nas grandes cidades e saiba como aplic\u00e1-lo para valorizar ambientes pequenos.","robots":{"index":"index","follow":"follow","max-snippet":"max-snippet:-1","max-image-preview":"max-image-preview:large","max-video-preview":"max-video-preview:-1"},"canonical":"https:\/\/www.em.com.br\/emfoco\/2025\/10\/18\/adeus-as-prateleiras-a-nova-tendencia-que-otimiza-espaco\/","og_locale":"pt_BR","og_type":"article","og_title":"Adeus \u00e0s prateleiras a nova tend\u00eancia que otimiza espa\u00e7o - Estado de Minas - Em foco","og_description":"Descubra o m\u00f3vel que virou tend\u00eancia nas grandes cidades e saiba como aplic\u00e1-lo para valorizar ambientes pequenos.","og_url":"https:\/\/www.em.com.br\/emfoco\/2025\/10\/18\/adeus-as-prateleiras-a-nova-tendencia-que-otimiza-espaco\/","og_site_name":"Estado de Minas - Em foco","article_published_time":"2025-10-18T19:45:00+00:00","article_modified_time":"2025-10-17T15:09:33+00:00","og_image":[{"width":1280,"height":720,"url":"https:\/\/www.em.com.br\/emfoco\/wp-content\/uploads\/2025\/10\/prateleiras-embutidas_1760716464084.jpg","type":"image\/jpeg"}],"author":"Andre\u0301 Rangel\u00a0","twitter_card":"summary_large_image","twitter_misc":{"Escrito por":"Andre\u0301 Rangel\u00a0","Est. tempo de leitura":"3 minutos"},"schema":{"@context":"https:\/\/schema.org","@graph":[{"@type":"WebPage","@id":"https:\/\/www.em.com.br\/emfoco\/2025\/10\/18\/adeus-as-prateleiras-a-nova-tendencia-que-otimiza-espaco\/","url":"https:\/\/www.em.com.br\/emfoco\/2025\/10\/18\/adeus-as-prateleiras-a-nova-tendencia-que-otimiza-espaco\/","name":"Adeus \u00e0s prateleiras a nova tend\u00eancia que otimiza espa\u00e7o - Estado de Minas - Em foco","isPartOf":{"@id":"https:\/\/www.em.com.br\/emfoco\/#website"},"primaryImageOfPage":{"@id":"https:\/\/www.em.com.br\/emfoco\/2025\/10\/18\/adeus-as-prateleiras-a-nova-tendencia-que-otimiza-espaco\/#primaryimage"},"image":{"@id":"https:\/\/www.em.com.br\/emfoco\/2025\/10\/18\/adeus-as-prateleiras-a-nova-tendencia-que-otimiza-espaco\/#primaryimage"},"thumbnailUrl":"https:\/\/www.em.com.br\/emfoco\/wp-content\/uploads\/2025\/10\/prateleiras-embutidas_1760716464084.jpg","datePublished":"2025-10-18T19:45:00+00:00","dateModified":"2025-10-17T15:09:33+00:00","author":{"@id":"https:\/\/www.em.com.br\/emfoco\/#\/schema\/person\/60eda09c1fedf0d6891f4cef4b60b8b8"},"description":"Descubra o m\u00f3vel que virou tend\u00eancia nas grandes cidades e saiba como aplic\u00e1-lo para valorizar ambientes pequenos.","breadcrumb":{"@id":"https:\/\/www.em.com.br\/emfoco\/2025\/10\/18\/adeus-as-prateleiras-a-nova-tendencia-que-otimiza-espaco\/#breadcrumb"},"inLanguage":"pt-BR","potentialAction":[{"@type":"ReadAction","target":["https:\/\/www.em.com.br\/emfoco\/2025\/10\/18\/adeus-as-prateleiras-a-nova-tendencia-que-otimiza-espaco\/"]}]},{"@type":"ImageObject","inLanguage":"pt-BR","@id":"https:\/\/www.em.com.br\/emfoco\/2025\/10\/18\/adeus-as-prateleiras-a-nova-tendencia-que-otimiza-espaco\/#primaryimage","url":"https:\/\/www.em.com.br\/emfoco\/wp-content\/uploads\/2025\/10\/prateleiras-embutidas_1760716464084.jpg","contentUrl":"https:\/\/www.em.com.br\/emfoco\/wp-content\/uploads\/2025\/10\/prateleiras-embutidas_1760716464084.jpg","width":1280,"height":720,"caption":"As estantes mais funcionais e modernas do momento - Cr\u00e9ditos: depositphotos.com \/ Feverpitch"},{"@type":"BreadcrumbList","@id":"https:\/\/www.em.com.br\/emfoco\/2025\/10\/18\/adeus-as-prateleiras-a-nova-tendencia-que-otimiza-espaco\/#breadcrumb","itemListElement":[{"@type":"ListItem","position":1,"name":"In\u00edcio","item":"https:\/\/www.em.com.br\/emfoco\/"},{"@type":"ListItem","position":2,"name":"Adeus \u00e0s prateleiras a nova tend\u00eancia que otimiza espa\u00e7o"}]},{"@type":"WebSite","@id":"https:\/\/www.em.com.br\/emfoco\/#website","url":"https:\/\/www.em.com.br\/emfoco\/","name":"Estado de Minas - Em foco","description":"Acompanhe as \u00faltimas not\u00edcias e fique bem informado sobre tudo o que acontece em Minas Gerais, Brasil e no mundo.","potentialAction":[{"@type":"SearchAction","target":{"@type":"EntryPoint","urlTemplate":"https:\/\/www.em.com.br\/emfoco\/?s={search_term_string}"},"query-input":{"@type":"PropertyValueSpecification","valueRequired":true,"valueName":"search_term_string"}}],"inLanguage":"pt-BR"},{"@type":"Person","@id":"https:\/\/www.em.com.br\/emfoco\/#\/schema\/person\/60eda09c1fedf0d6891f4cef4b60b8b8","name":"Andre\u0301 Rangel\u00a0","image":{"@type":"ImageObject","inLanguage":"pt-BR","@id":"https:\/\/www.em.com.br\/emfoco\/#\/schema\/person\/image\/","url":"https:\/\/secure.gravatar.com\/avatar\/6234dc814c77c8ef6d8bba622c787efc?s=96&d=mm&r=g","contentUrl":"https:\/\/secure.gravatar.com\/avatar\/6234dc814c77c8ef6d8bba622c787efc?s=96&d=mm&r=g","caption":"Andre\u0301 Rangel\u00a0"},"url":"https:\/\/www.em.com.br\/emfoco\/author\/luizmyth\/"}]}},"_links":{"self":[{"href":"https:\/\/www.em.com.br\/emfoco\/wp-json\/wp\/v2\/posts\/116211","targetHints":{"allow":["GET"]}}],"collection":[{"href":"https:\/\/www.em.com.br\/emfoco\/wp-json\/wp\/v2\/posts"}],"about":[{"href":"https:\/\/www.em.com.br\/emfoco\/wp-json\/wp\/v2\/types\/post"}],"author":[{"embeddable":true,"href":"https:\/\/www.em.com.br\/emfoco\/wp-json\/wp\/v2\/users\/11"}],"replies":[{"embeddable":true,"href":"https:\/\/www.em.com.br\/emfoco\/wp-json\/wp\/v2\/comments?post=116211"}],"version-history":[{"count":3,"href":"https:\/\/www.em.com.br\/emfoco\/wp-json\/wp\/v2\/posts\/116211\/revisions"}],"predecessor-version":[{"id":116467,"href":"https:\/\/www.em.com.br\/emfoco\/wp-json\/wp\/v2\/posts\/116211\/revisions\/116467"}],"wp:featuredmedia":[{"embeddable":true,"href":"https:\/\/www.em.com.br\/emfoco\/wp-json\/wp\/v2\/media\/116466"}],"wp:attachment":[{"href":"https:\/\/www.em.com.br\/emfoco\/wp-json\/wp\/v2\/media?parent=116211"}],"wp:term":[{"taxonomy":"category","embeddable":true,"href":"https:\/\/www.em.com.br\/emfoco\/wp-json\/wp\/v2\/categories?post=116211"},{"taxonomy":"post_tag","embeddable":true,"href":"https:\/\/www.em.com.br\/emfoco\/wp-json\/wp\/v2\/tags?post=116211"}],"curies":[{"name":"wp","href":"https:\/\/api.w.org\/{rel}","templated":true}]}}