{"id":116207,"date":"2025-10-20T13:25:00","date_gmt":"2025-10-20T16:25:00","guid":{"rendered":"https:\/\/www.em.com.br\/emfoco\/?p=116207"},"modified":"2025-10-16T17:32:33","modified_gmt":"2025-10-16T20:32:33","slug":"como-plantar-temperos-frescos-e-transformar-sua-cozinha-em-um-jardim-vivo","status":"publish","type":"post","link":"https:\/\/www.em.com.br\/emfoco\/2025\/10\/20\/como-plantar-temperos-frescos-e-transformar-sua-cozinha-em-um-jardim-vivo\/","title":{"rendered":"Como plantar temperos frescos e transformar sua cozinha em um jardim vivo"},"content":{"rendered":"\n<p>Ter uma <strong>mini horta em casa<\/strong> \u00e9 mais simples do que parece e traz sabor, economia e bem-estar. Com poucos vasos e cuidados b\u00e1sicos, \u00e9 poss\u00edvel cultivar <strong>temperos frescos<\/strong> e deixar suas receitas ainda mais especiais.<\/p>\n\n\n\n<ul class=\"wp-block-list\">\n<li>Aprenda a preparar o solo e escolher os vasos certos<\/li>\n\n\n\n<li>Conhe\u00e7a temperos ideais para ambientes internos<\/li>\n\n\n\n<li>Descubra como colher sem prejudicar o crescimento<\/li>\n<\/ul>\n\n\n\n<h2 class=\"wp-block-heading\">Como come\u00e7ar sua horta de temperos dentro de casa?<\/h2>\n\n\n\n<p>Para montar sua <strong>horta caseira<\/strong>, escolha um local com boa luz natural e ventila\u00e7\u00e3o. Vasos pequenos com furos para drenagem ajudam a evitar o ac\u00famulo de \u00e1gua. Utilize um substrato leve e f\u00e9rtil, misturando terra vegetal, h\u00famus e areia em partes iguais.<\/p>\n\n\n\n<p>Os melhores hor\u00e1rios para regar s\u00e3o de manh\u00e3 ou no fim da tarde, mantendo o solo \u00famido sem encharcar. Ao cuidar das plantas, observe a colora\u00e7\u00e3o das folhas \u2014 tons amarelados podem indicar excesso de \u00e1gua ou falta de nutrientes.<\/p>\n\n\n\n<figure class=\"wp-block-image size-large\"><img loading=\"lazy\" decoding=\"async\" width=\"1024\" height=\"576\" src=\"https:\/\/www.em.com.br\/emfoco\/wp-content\/uploads\/2025\/10\/Alecrim_1760646486195-1024x576.jpg\" alt=\"Como plantar temperos frescos e transformar sua cozinha em um jardim vivo\" class=\"wp-image-116236\" srcset=\"https:\/\/www.em.com.br\/emfoco\/wp-content\/uploads\/2025\/10\/Alecrim_1760646486195-1024x576.jpg 1024w, https:\/\/www.em.com.br\/emfoco\/wp-content\/uploads\/2025\/10\/Alecrim_1760646486195-300x169.jpg 300w, https:\/\/www.em.com.br\/emfoco\/wp-content\/uploads\/2025\/10\/Alecrim_1760646486195-768x432.jpg 768w, https:\/\/www.em.com.br\/emfoco\/wp-content\/uploads\/2025\/10\/Alecrim_1760646486195-750x422.jpg 750w, https:\/\/www.em.com.br\/emfoco\/wp-content\/uploads\/2025\/10\/Alecrim_1760646486195-1140x641.jpg 1140w, https:\/\/www.em.com.br\/emfoco\/wp-content\/uploads\/2025\/10\/Alecrim_1760646486195.jpg 1280w\" sizes=\"auto, (max-width: 1024px) 100vw, 1024px\" \/><figcaption class=\"wp-element-caption\">Vasos com drenagem e luz natural s\u00e3o o ponto de partida &#8211; Cr\u00e9ditos: depositphotos.com \/ Dream79<\/figcaption><\/figure>\n\n\n\n<h2 class=\"wp-block-heading\">Quais temperos se adaptam melhor a ambientes internos?<\/h2>\n\n\n\n<p>Alguns <strong>temperos dom\u00e9sticos<\/strong> crescem muito bem em janelas, varandas ou cozinhas bem iluminadas. O ideal \u00e9 escolher esp\u00e9cies resistentes e arom\u00e1ticas que n\u00e3o precisem de sol direto o dia todo.<\/p>\n\n\n\n<ul class=\"wp-block-list\">\n<li><strong>Manjeric\u00e3o:<\/strong> gosta de luz e solo \u00famido, ideal para massas e molhos.<\/li>\n\n\n\n<li><strong>Salsinha:<\/strong> cresce r\u00e1pido e se adapta bem a vasos pequenos.<\/li>\n\n\n\n<li><strong>Cebolinha:<\/strong> f\u00e1cil de cultivar e \u00f3tima para temperar diversos pratos.<\/li>\n\n\n\n<li><strong>Hortel\u00e3:<\/strong> prefere meia-sombra e \u00e9 excelente para ch\u00e1s e sobremesas.<\/li>\n\n\n\n<li><strong>Alecrim:<\/strong> resiste bem \u00e0 seca e aromatiza carnes e assados.<\/li>\n<\/ul>\n\n\n\n<p><em>Leia mais: <a href=\"https:\/\/www.em.com.br\/emfoco\/2025\/07\/24\/mini-horta-gourmet-com-ervas-finas-frescas-em-casa\/\" target=\"_blank\" rel=\"noreferrer noopener\">Mini-horta gourmet com ervas finas frescas em casa<\/a><\/em><\/p>\n\n\n\n<h2 class=\"wp-block-heading\">Como cuidar do solo e garantir um crescimento saud\u00e1vel?<\/h2>\n\n\n\n<p>Manter o solo sempre f\u00e9rtil \u00e9 essencial para o sucesso da sua <strong>horta dom\u00e9stica<\/strong>. Fa\u00e7a pequenas aduba\u00e7\u00f5es mensais com composto org\u00e2nico ou h\u00famus de minhoca, garantindo nutrientes suficientes para o desenvolvimento das ra\u00edzes e folhas.<\/p>\n\n\n\n<p>A boa <strong>ventila\u00e7\u00e3o<\/strong> evita fungos e pragas. Se notar folhas danificadas, retire-as imediatamente e reduza a umidade. Al\u00e9m disso, gire os vasos de tempos em tempos para que todas as partes recebam luz de forma equilibrada.<\/p>\n\n\n\n<figure class=\"wp-block-image size-large\"><img loading=\"lazy\" decoding=\"async\" width=\"1024\" height=\"576\" src=\"https:\/\/www.em.com.br\/emfoco\/wp-content\/uploads\/2025\/05\/parsley_1746715321449-1024x576.jpg\" alt=\"Aprenda cultivar salsinha em casa e sempre tenha temperos frescos\" class=\"wp-image-45671\" srcset=\"https:\/\/www.em.com.br\/emfoco\/wp-content\/uploads\/2025\/05\/parsley_1746715321449-1024x576.jpg 1024w, https:\/\/www.em.com.br\/emfoco\/wp-content\/uploads\/2025\/05\/parsley_1746715321449-300x169.jpg 300w, https:\/\/www.em.com.br\/emfoco\/wp-content\/uploads\/2025\/05\/parsley_1746715321449-768x432.jpg 768w, https:\/\/www.em.com.br\/emfoco\/wp-content\/uploads\/2025\/05\/parsley_1746715321449-750x422.jpg 750w, https:\/\/www.em.com.br\/emfoco\/wp-content\/uploads\/2025\/05\/parsley_1746715321449-1140x641.jpg 1140w, https:\/\/www.em.com.br\/emfoco\/wp-content\/uploads\/2025\/05\/parsley_1746715321449.jpg 1280w\" sizes=\"auto, (max-width: 1024px) 100vw, 1024px\" \/><figcaption class=\"wp-element-caption\">Aromas frescos que real\u00e7am o paladar e valorizam preparos simples do dia a dia &#8211; Cr\u00e9ditos: depositphotos.com \/ mira.drozdowski.gmx.de<\/figcaption><\/figure>\n\n\n\n<h2 class=\"wp-block-heading\">Como colher sem prejudicar o crescimento das plantas?<\/h2>\n\n\n\n<p>A <a href=\"https:\/\/minhasplantas.com.br\/tv\/horta\/como-colher-os-vegetais-da-sua-horta\/\" target=\"_blank\" rel=\"noreferrer noopener\">colheita <\/a>deve ser feita com cuidado para n\u00e3o enfraquecer o cultivo. Sempre corte os <strong>ramos mais externos<\/strong> e evite retirar muitas folhas de uma vez. Use tesouras limpas e afiadas para n\u00e3o machucar as hastes.<\/p>\n\n\n\n<ul class=\"wp-block-list\">\n<li>Corte apenas o necess\u00e1rio para o uso imediato.<\/li>\n\n\n\n<li>Deixe algumas folhas para estimular novos brotos.<\/li>\n\n\n\n<li>Colha pela manh\u00e3, quando o aroma e os \u00f3leos est\u00e3o mais concentrados.<\/li>\n<\/ul>\n\n\n\n<p>Al\u00e9m de trazer sabor e praticidade, cultivar <strong>temperos frescos em casa<\/strong> \u00e9 uma forma econ\u00f4mica e saud\u00e1vel de se conectar com a natureza. Comece com poucos vasos e aproveite o prazer de colher o que voc\u00ea mesmo plantou.<\/p>\n","protected":false},"excerpt":{"rendered":"<p>Ter uma mini horta em casa \u00e9 mais simples do que parece e traz sabor, economia e bem-estar. Com poucos vasos e cuidados b\u00e1sicos, \u00e9 poss\u00edvel cultivar temperos frescos e deixar suas receitas ainda mais especiais. Como come\u00e7ar sua horta de temperos dentro de casa? Para montar sua horta caseira, escolha um local com boa [&hellip;]<\/p>\n","protected":false},"author":13,"featured_media":116235,"comment_status":"open","ping_status":"open","sticky":false,"template":"","format":"standard","meta":{"jnews-multi-image_gallery":[],"jnews_single_post":{"format":"standard"},"jnews_primary_category":[],"jnews_social_meta":[],"jnews_override_counter":[],"footnotes":""},"categories":[8819],"tags":[3358,8835,9753],"class_list":["post-116207","post","type-post","status-publish","format-standard","has-post-thumbnail","hentry","category-curiosidades","tag-jardinagem","tag-plantar-temperos","tag-temperos-em-casa"],"yoast_head":"<!-- This site is optimized with the Yoast SEO plugin v23.8 - https:\/\/yoast.com\/wordpress\/plugins\/seo\/ -->\n<title>Como plantar temperos frescos e transformar sua cozinha em um jardim vivo - Estado de Minas - Em foco<\/title>\n<meta name=\"description\" content=\"Aprenda como montar sua horta de temperos em casa e colha manjeric\u00e3o, hortel\u00e3 e outros sabores direto do vaso.\" \/>\n<meta name=\"robots\" content=\"index, follow, max-snippet:-1, max-image-preview:large, max-video-preview:-1\" \/>\n<link rel=\"canonical\" href=\"https:\/\/www.em.com.br\/emfoco\/2025\/10\/20\/como-plantar-temperos-frescos-e-transformar-sua-cozinha-em-um-jardim-vivo\/\" \/>\n<meta property=\"og:locale\" content=\"pt_BR\" \/>\n<meta property=\"og:type\" content=\"article\" \/>\n<meta property=\"og:title\" content=\"Como plantar temperos frescos e transformar sua cozinha em um jardim vivo - Estado de Minas - Em foco\" \/>\n<meta property=\"og:description\" content=\"Aprenda como montar sua horta de temperos em casa e colha manjeric\u00e3o, hortel\u00e3 e outros sabores direto do vaso.\" \/>\n<meta property=\"og:url\" content=\"https:\/\/www.em.com.br\/emfoco\/2025\/10\/20\/como-plantar-temperos-frescos-e-transformar-sua-cozinha-em-um-jardim-vivo\/\" \/>\n<meta property=\"og:site_name\" content=\"Estado de Minas - Em foco\" \/>\n<meta property=\"article:published_time\" content=\"2025-10-20T16:25:00+00:00\" \/>\n<meta property=\"article:modified_time\" content=\"2025-10-16T20:32:33+00:00\" \/>\n<meta property=\"og:image\" content=\"https:\/\/www.em.com.br\/emfoco\/wp-content\/uploads\/2025\/10\/Plantar-temperos_1760646451177.jpg\" \/>\n\t<meta property=\"og:image:width\" content=\"1280\" \/>\n\t<meta property=\"og:image:height\" content=\"720\" \/>\n\t<meta property=\"og:image:type\" content=\"image\/jpeg\" \/>\n<meta name=\"author\" content=\"Gabriel Martins\" \/>\n<meta name=\"twitter:card\" content=\"summary_large_image\" \/>\n<meta name=\"twitter:label1\" content=\"Escrito por\" \/>\n\t<meta name=\"twitter:data1\" content=\"Gabriel Martins\" \/>\n\t<meta name=\"twitter:label2\" content=\"Est. tempo de leitura\" \/>\n\t<meta name=\"twitter:data2\" content=\"4 minutos\" \/>\n<!-- \/ Yoast SEO plugin. -->","yoast_head_json":{"title":"Como plantar temperos frescos e transformar sua cozinha em um jardim vivo - Estado de Minas - Em foco","description":"Aprenda como montar sua horta de temperos em casa e colha manjeric\u00e3o, hortel\u00e3 e outros sabores direto do vaso.","robots":{"index":"index","follow":"follow","max-snippet":"max-snippet:-1","max-image-preview":"max-image-preview:large","max-video-preview":"max-video-preview:-1"},"canonical":"https:\/\/www.em.com.br\/emfoco\/2025\/10\/20\/como-plantar-temperos-frescos-e-transformar-sua-cozinha-em-um-jardim-vivo\/","og_locale":"pt_BR","og_type":"article","og_title":"Como plantar temperos frescos e transformar sua cozinha em um jardim vivo - Estado de Minas - Em foco","og_description":"Aprenda como montar sua horta de temperos em casa e colha manjeric\u00e3o, hortel\u00e3 e outros sabores direto do vaso.","og_url":"https:\/\/www.em.com.br\/emfoco\/2025\/10\/20\/como-plantar-temperos-frescos-e-transformar-sua-cozinha-em-um-jardim-vivo\/","og_site_name":"Estado de Minas - Em foco","article_published_time":"2025-10-20T16:25:00+00:00","article_modified_time":"2025-10-16T20:32:33+00:00","og_image":[{"width":1280,"height":720,"url":"https:\/\/www.em.com.br\/emfoco\/wp-content\/uploads\/2025\/10\/Plantar-temperos_1760646451177.jpg","type":"image\/jpeg"}],"author":"Gabriel Martins","twitter_card":"summary_large_image","twitter_misc":{"Escrito por":"Gabriel Martins","Est. tempo de leitura":"4 minutos"},"schema":{"@context":"https:\/\/schema.org","@graph":[{"@type":"WebPage","@id":"https:\/\/www.em.com.br\/emfoco\/2025\/10\/20\/como-plantar-temperos-frescos-e-transformar-sua-cozinha-em-um-jardim-vivo\/","url":"https:\/\/www.em.com.br\/emfoco\/2025\/10\/20\/como-plantar-temperos-frescos-e-transformar-sua-cozinha-em-um-jardim-vivo\/","name":"Como plantar temperos frescos e transformar sua cozinha em um jardim vivo - Estado de Minas - Em foco","isPartOf":{"@id":"https:\/\/www.em.com.br\/emfoco\/#website"},"primaryImageOfPage":{"@id":"https:\/\/www.em.com.br\/emfoco\/2025\/10\/20\/como-plantar-temperos-frescos-e-transformar-sua-cozinha-em-um-jardim-vivo\/#primaryimage"},"image":{"@id":"https:\/\/www.em.com.br\/emfoco\/2025\/10\/20\/como-plantar-temperos-frescos-e-transformar-sua-cozinha-em-um-jardim-vivo\/#primaryimage"},"thumbnailUrl":"https:\/\/www.em.com.br\/emfoco\/wp-content\/uploads\/2025\/10\/Plantar-temperos_1760646451177.jpg","datePublished":"2025-10-20T16:25:00+00:00","dateModified":"2025-10-16T20:32:33+00:00","author":{"@id":"https:\/\/www.em.com.br\/emfoco\/#\/schema\/person\/1c9ddeab18b98abeffef834667bcf08a"},"description":"Aprenda como montar sua horta de temperos em casa e colha manjeric\u00e3o, hortel\u00e3 e outros sabores direto do vaso.","breadcrumb":{"@id":"https:\/\/www.em.com.br\/emfoco\/2025\/10\/20\/como-plantar-temperos-frescos-e-transformar-sua-cozinha-em-um-jardim-vivo\/#breadcrumb"},"inLanguage":"pt-BR","potentialAction":[{"@type":"ReadAction","target":["https:\/\/www.em.com.br\/emfoco\/2025\/10\/20\/como-plantar-temperos-frescos-e-transformar-sua-cozinha-em-um-jardim-vivo\/"]}]},{"@type":"ImageObject","inLanguage":"pt-BR","@id":"https:\/\/www.em.com.br\/emfoco\/2025\/10\/20\/como-plantar-temperos-frescos-e-transformar-sua-cozinha-em-um-jardim-vivo\/#primaryimage","url":"https:\/\/www.em.com.br\/emfoco\/wp-content\/uploads\/2025\/10\/Plantar-temperos_1760646451177.jpg","contentUrl":"https:\/\/www.em.com.br\/emfoco\/wp-content\/uploads\/2025\/10\/Plantar-temperos_1760646451177.jpg","width":1280,"height":720,"caption":"Ter uma horta em casa traz sabor, economia e conex\u00e3o com a natureza - Cr\u00e9ditos: depositphotos.com \/ anishamur"},{"@type":"BreadcrumbList","@id":"https:\/\/www.em.com.br\/emfoco\/2025\/10\/20\/como-plantar-temperos-frescos-e-transformar-sua-cozinha-em-um-jardim-vivo\/#breadcrumb","itemListElement":[{"@type":"ListItem","position":1,"name":"In\u00edcio","item":"https:\/\/www.em.com.br\/emfoco\/"},{"@type":"ListItem","position":2,"name":"Como plantar temperos frescos e transformar sua cozinha em um jardim vivo"}]},{"@type":"WebSite","@id":"https:\/\/www.em.com.br\/emfoco\/#website","url":"https:\/\/www.em.com.br\/emfoco\/","name":"Estado de Minas - Em foco","description":"Acompanhe as \u00faltimas not\u00edcias e fique bem informado sobre tudo o que acontece em Minas Gerais, Brasil e no mundo.","potentialAction":[{"@type":"SearchAction","target":{"@type":"EntryPoint","urlTemplate":"https:\/\/www.em.com.br\/emfoco\/?s={search_term_string}"},"query-input":{"@type":"PropertyValueSpecification","valueRequired":true,"valueName":"search_term_string"}}],"inLanguage":"pt-BR"},{"@type":"Person","@id":"https:\/\/www.em.com.br\/emfoco\/#\/schema\/person\/1c9ddeab18b98abeffef834667bcf08a","name":"Gabriel Martins","image":{"@type":"ImageObject","inLanguage":"pt-BR","@id":"https:\/\/www.em.com.br\/emfoco\/#\/schema\/person\/image\/","url":"https:\/\/secure.gravatar.com\/avatar\/f0f1e2efdfd88f1ad2cb08c5c2731e50?s=96&d=mm&r=g","contentUrl":"https:\/\/secure.gravatar.com\/avatar\/f0f1e2efdfd88f1ad2cb08c5c2731e50?s=96&d=mm&r=g","caption":"Gabriel Martins"},"sameAs":["https:\/\/www.em.com.br\/emfoco\/"],"url":"https:\/\/www.em.com.br\/emfoco\/author\/gabrielmartinsmyth\/"}]}},"_links":{"self":[{"href":"https:\/\/www.em.com.br\/emfoco\/wp-json\/wp\/v2\/posts\/116207","targetHints":{"allow":["GET"]}}],"collection":[{"href":"https:\/\/www.em.com.br\/emfoco\/wp-json\/wp\/v2\/posts"}],"about":[{"href":"https:\/\/www.em.com.br\/emfoco\/wp-json\/wp\/v2\/types\/post"}],"author":[{"embeddable":true,"href":"https:\/\/www.em.com.br\/emfoco\/wp-json\/wp\/v2\/users\/13"}],"replies":[{"embeddable":true,"href":"https:\/\/www.em.com.br\/emfoco\/wp-json\/wp\/v2\/comments?post=116207"}],"version-history":[{"count":1,"href":"https:\/\/www.em.com.br\/emfoco\/wp-json\/wp\/v2\/posts\/116207\/revisions"}],"predecessor-version":[{"id":116238,"href":"https:\/\/www.em.com.br\/emfoco\/wp-json\/wp\/v2\/posts\/116207\/revisions\/116238"}],"wp:featuredmedia":[{"embeddable":true,"href":"https:\/\/www.em.com.br\/emfoco\/wp-json\/wp\/v2\/media\/116235"}],"wp:attachment":[{"href":"https:\/\/www.em.com.br\/emfoco\/wp-json\/wp\/v2\/media?parent=116207"}],"wp:term":[{"taxonomy":"category","embeddable":true,"href":"https:\/\/www.em.com.br\/emfoco\/wp-json\/wp\/v2\/categories?post=116207"},{"taxonomy":"post_tag","embeddable":true,"href":"https:\/\/www.em.com.br\/emfoco\/wp-json\/wp\/v2\/tags?post=116207"}],"curies":[{"name":"wp","href":"https:\/\/api.w.org\/{rel}","templated":true}]}}