{"id":116203,"date":"2025-10-18T16:05:00","date_gmt":"2025-10-18T19:05:00","guid":{"rendered":"https:\/\/www.em.com.br\/emfoco\/?p=116203"},"modified":"2025-10-17T12:09:24","modified_gmt":"2025-10-17T15:09:24","slug":"especialista-explica-o-risco-de-ter-a-arvore-do-paraiso-em-casa","status":"publish","type":"post","link":"https:\/\/www.em.com.br\/emfoco\/2025\/10\/18\/especialista-explica-o-risco-de-ter-a-arvore-do-paraiso-em-casa\/","title":{"rendered":"Especialista explica o risco de ter a \u00e1rvore do para\u00edso em casa"},"content":{"rendered":"\n<p>Voc\u00ea sabia que a\u00a0<strong>\u00e1rvore-do-para\u00edso<\/strong> (Elaeagnus angustifolia ou Oliveira Russa), com sua sombra generosa e presen\u00e7a comum em pra\u00e7as, esconde um perigo potencial? Esta \u00e1rvore nativa da\u00a0<strong>Argentina<\/strong>\u00a0possui frutos que\u00a0<strong>n\u00e3o devem ser ingeridos<\/strong>. Conhe\u00e7a os motivos e veja o que fazer em situa\u00e7\u00f5es de risco.<\/p>\n\n\n\n<ul class=\"wp-block-list\">\n<li>Os frutos cont\u00eam&nbsp;<strong>toxinas perigosas<\/strong>&nbsp;para humanos e animais.<\/li>\n\n\n\n<li>A ingest\u00e3o pode causar&nbsp;<strong>problemas gastrointestinais<\/strong>&nbsp;e neurol\u00f3gicos.<\/li>\n\n\n\n<li><strong>Aten\u00e7\u00e3o<\/strong>: Procure ajuda m\u00e9dica imediata em caso de ingest\u00e3o acidental.<\/li>\n<\/ul>\n\n\n\n<h2 class=\"wp-block-heading\">Por que os frutos da \u00e1rvore do para\u00edso s\u00e3o perigosos?<\/h2>\n\n\n\n<p>Os frutos, conhecidos como&nbsp;<strong>drupas<\/strong>, s\u00e3o pequenas bolas amarelas ou marrons. Embora inofensivos \u00e0 primeira vista, cont\u00eam&nbsp;<strong>meliatoxinas<\/strong>, neurotoxinas prejudiciais.<\/p>\n\n\n\n<p>Essas toxinas podem causar sintomas como&nbsp;<strong>v\u00f4mitos, diarreia<\/strong>&nbsp;e dores abdominais. Em casos extremos, podem levar a&nbsp;<strong>tremores<\/strong>&nbsp;ou convuls\u00f5es e, se consumidos em grandes quantidades, podem ser&nbsp;<strong>mortais<\/strong>. Alguns relatos em hospitais de cidades como&nbsp;<strong>Rio de Janeiro<\/strong>&nbsp;e S\u00e3o Paulo revelam intoxica\u00e7\u00f5es principalmente em crian\u00e7as e animais de estima\u00e7\u00e3o.<\/p>\n\n\n\n<figure class=\"wp-block-image size-large\"><img loading=\"lazy\" decoding=\"async\" width=\"1024\" height=\"576\" src=\"https:\/\/www.em.com.br\/emfoco\/wp-content\/uploads\/2025\/10\/Korina_2012-05-15_Elaeagnus_angustifolia_1-1-1024x576.jpg\" alt=\"\" class=\"wp-image-116459\" srcset=\"https:\/\/www.em.com.br\/emfoco\/wp-content\/uploads\/2025\/10\/Korina_2012-05-15_Elaeagnus_angustifolia_1-1-1024x576.jpg 1024w, https:\/\/www.em.com.br\/emfoco\/wp-content\/uploads\/2025\/10\/Korina_2012-05-15_Elaeagnus_angustifolia_1-1-300x169.jpg 300w, https:\/\/www.em.com.br\/emfoco\/wp-content\/uploads\/2025\/10\/Korina_2012-05-15_Elaeagnus_angustifolia_1-1-768x432.jpg 768w, https:\/\/www.em.com.br\/emfoco\/wp-content\/uploads\/2025\/10\/Korina_2012-05-15_Elaeagnus_angustifolia_1-1-750x422.jpg 750w, https:\/\/www.em.com.br\/emfoco\/wp-content\/uploads\/2025\/10\/Korina_2012-05-15_Elaeagnus_angustifolia_1-1-1140x641.jpg 1140w, https:\/\/www.em.com.br\/emfoco\/wp-content\/uploads\/2025\/10\/Korina_2012-05-15_Elaeagnus_angustifolia_1-1.jpg 1280w\" sizes=\"auto, (max-width: 1024px) 100vw, 1024px\" \/><figcaption class=\"wp-element-caption\">A planta que encanta pelo visual, mas pode ser fatal &#8211; Cr\u00e9ditos: Divulga\u00e7\u00e3o\/Wikimedia Commons<\/figcaption><\/figure>\n\n\n\n<h2 class=\"wp-block-heading\">O que fazer em caso de ingest\u00e3o dos frutos?<\/h2>\n\n\n\n<p>Se algu\u00e9m ou um animal ingerir essas&nbsp;<strong>frutas t\u00f3xicas<\/strong>, procure assist\u00eancia m\u00e9dica ou veterin\u00e1ria imediatamente.&nbsp;<strong><a href=\"https:\/\/ibeasa.org\/wp-content\/uploads\/2021\/01\/Plantas-toxicas.pdf\" target=\"_blank\" rel=\"noreferrer noopener\">Dr. Marcelo Rigotti<\/a><\/strong>&nbsp;ressalta a import\u00e2ncia de n\u00e3o tentar induzir o v\u00f4mito sem orienta\u00e7\u00e3o profissional.<\/p>\n\n\n\n<p>Reagir rapidamente pode evitar&nbsp;<strong>complica\u00e7\u00f5es s\u00e9rias<\/strong>&nbsp;e garantir a seguran\u00e7a do paciente. Em centros m\u00e9dicos do&nbsp;<strong>Brasil<\/strong>, muitos casos s\u00e3o tratados com cuidados intensivos e acompanhamento de profissionais qualificados.<\/p>\n\n\n\n<h2 class=\"wp-block-heading\">Como identificar a \u00e1rvore do para\u00edso?<\/h2>\n\n\n\n<p>A&nbsp;<strong><a href=\"https:\/\/pmc.ncbi.nlm.nih.gov\/articles\/PMC9229149\/\" target=\"_blank\" rel=\"noreferrer noopener\">\u00e1rvore-do-para\u00edso<\/a><\/strong>&nbsp;tem tronco reto, copa arredondada e folhas verdes vibrantes na primavera e ver\u00e3o. Durante o inverno, seus frutos amarelos ficam destacados.<\/p>\n\n\n\n<p>Reconhecer essa \u00e1rvore ajuda a evitar que seus&nbsp;<strong>frutos t\u00f3xicos<\/strong>&nbsp;sejam confundidos com comest\u00edveis. Aplicativos como o&nbsp;<strong>iNaturalist<\/strong>&nbsp;podem auxiliar na identifica\u00e7\u00e3o de esp\u00e9cies nas \u00e1reas urbanas.<\/p>\n\n\n\n<h2 class=\"wp-block-heading\">Quais os pontos cruciais sobre a \u00e1rvore do para\u00edso?<\/h2>\n\n\n\n<ul class=\"wp-block-list\">\n<li><strong>A apar\u00eancia<\/strong>&nbsp;inofensiva esconde o perigo das neurotoxinas na fruta.<\/li>\n\n\n\n<li>Evite contato e consumo dos frutos,&nbsp;<strong>especialmente por crian\u00e7as e animais<\/strong>.<\/li>\n\n\n\n<li>A\u00a0<strong>identifica\u00e7\u00e3o r\u00e1pida<\/strong>\u00a0da <a href=\"https:\/\/www.em.com.br\/emfoco\/2025\/10\/16\/arvores-que-oferecem-sombra-e-frutos-e-sao-seguras-para-plantar-na-calcada\/\" target=\"_blank\" rel=\"noreferrer noopener\">\u00e1rvore <\/a>pode prevenir acidentes.<\/li>\n<\/ul>\n","protected":false},"excerpt":{"rendered":"<p>Voc\u00ea sabia que a\u00a0\u00e1rvore-do-para\u00edso (Elaeagnus angustifolia ou Oliveira Russa), com sua sombra generosa e presen\u00e7a comum em pra\u00e7as, esconde um perigo potencial? Esta \u00e1rvore nativa da\u00a0Argentina\u00a0possui frutos que\u00a0n\u00e3o devem ser ingeridos. Conhe\u00e7a os motivos e veja o que fazer em situa\u00e7\u00f5es de risco. Por que os frutos da \u00e1rvore do para\u00edso s\u00e3o perigosos? Os frutos, [&hellip;]<\/p>\n","protected":false},"author":11,"featured_media":116461,"comment_status":"open","ping_status":"open","sticky":false,"template":"","format":"standard","meta":{"jnews-multi-image_gallery":[],"jnews_single_post":{"format":"standard"},"jnews_primary_category":[],"jnews_social_meta":[],"jnews_override_counter":[],"footnotes":""},"categories":[8819,1],"tags":[10426,2555,8392,3781],"class_list":["post-116203","post","type-post","status-publish","format-standard","has-post-thumbnail","hentry","category-curiosidades","category-noticias","tag-arvore","tag-frutas","tag-perigo","tag-venenosa"],"yoast_head":"<!-- This site is optimized with the Yoast SEO plugin v23.8 - https:\/\/yoast.com\/wordpress\/plugins\/seo\/ -->\n<title>Especialista explica o risco de ter a \u00e1rvore do para\u00edso em casa - Estado de Minas - Em foco<\/title>\n<meta name=\"description\" content=\"Essa \u00e1rvore encanta pelo visual, mas pode trazer riscos s\u00e9rios \u00e0 sa\u00fade. Saiba como identificar e proteger quem voc\u00ea ama.\" \/>\n<meta name=\"robots\" content=\"index, follow, max-snippet:-1, max-image-preview:large, max-video-preview:-1\" \/>\n<link rel=\"canonical\" href=\"https:\/\/www.em.com.br\/emfoco\/2025\/10\/18\/especialista-explica-o-risco-de-ter-a-arvore-do-paraiso-em-casa\/\" \/>\n<meta property=\"og:locale\" content=\"pt_BR\" \/>\n<meta property=\"og:type\" content=\"article\" \/>\n<meta property=\"og:title\" content=\"Especialista explica o risco de ter a \u00e1rvore do para\u00edso em casa - Estado de Minas - Em foco\" \/>\n<meta property=\"og:description\" content=\"Essa \u00e1rvore encanta pelo visual, mas pode trazer riscos s\u00e9rios \u00e0 sa\u00fade. Saiba como identificar e proteger quem voc\u00ea ama.\" \/>\n<meta property=\"og:url\" content=\"https:\/\/www.em.com.br\/emfoco\/2025\/10\/18\/especialista-explica-o-risco-de-ter-a-arvore-do-paraiso-em-casa\/\" \/>\n<meta property=\"og:site_name\" content=\"Estado de Minas - Em foco\" \/>\n<meta property=\"article:published_time\" content=\"2025-10-18T19:05:00+00:00\" \/>\n<meta property=\"article:modified_time\" content=\"2025-10-17T15:09:24+00:00\" \/>\n<meta property=\"og:image\" content=\"https:\/\/www.em.com.br\/emfoco\/wp-content\/uploads\/2025\/10\/Elaeagnus_angustifolia_L._-_Dafina-1.jpg\" \/>\n\t<meta property=\"og:image:width\" content=\"1280\" \/>\n\t<meta property=\"og:image:height\" content=\"720\" \/>\n\t<meta property=\"og:image:type\" content=\"image\/jpeg\" \/>\n<meta name=\"author\" content=\"Andre\u0301 Rangel\u00a0\" \/>\n<meta name=\"twitter:card\" content=\"summary_large_image\" \/>\n<meta name=\"twitter:label1\" content=\"Escrito por\" \/>\n\t<meta name=\"twitter:data1\" content=\"Andre\u0301 Rangel\u00a0\" \/>\n\t<meta name=\"twitter:label2\" content=\"Est. tempo de leitura\" \/>\n\t<meta name=\"twitter:data2\" content=\"3 minutos\" \/>\n<!-- \/ Yoast SEO plugin. -->","yoast_head_json":{"title":"Especialista explica o risco de ter a \u00e1rvore do para\u00edso em casa - Estado de Minas - Em foco","description":"Essa \u00e1rvore encanta pelo visual, mas pode trazer riscos s\u00e9rios \u00e0 sa\u00fade. Saiba como identificar e proteger quem voc\u00ea ama.","robots":{"index":"index","follow":"follow","max-snippet":"max-snippet:-1","max-image-preview":"max-image-preview:large","max-video-preview":"max-video-preview:-1"},"canonical":"https:\/\/www.em.com.br\/emfoco\/2025\/10\/18\/especialista-explica-o-risco-de-ter-a-arvore-do-paraiso-em-casa\/","og_locale":"pt_BR","og_type":"article","og_title":"Especialista explica o risco de ter a \u00e1rvore do para\u00edso em casa - Estado de Minas - Em foco","og_description":"Essa \u00e1rvore encanta pelo visual, mas pode trazer riscos s\u00e9rios \u00e0 sa\u00fade. Saiba como identificar e proteger quem voc\u00ea ama.","og_url":"https:\/\/www.em.com.br\/emfoco\/2025\/10\/18\/especialista-explica-o-risco-de-ter-a-arvore-do-paraiso-em-casa\/","og_site_name":"Estado de Minas - Em foco","article_published_time":"2025-10-18T19:05:00+00:00","article_modified_time":"2025-10-17T15:09:24+00:00","og_image":[{"width":1280,"height":720,"url":"https:\/\/www.em.com.br\/emfoco\/wp-content\/uploads\/2025\/10\/Elaeagnus_angustifolia_L._-_Dafina-1.jpg","type":"image\/jpeg"}],"author":"Andre\u0301 Rangel\u00a0","twitter_card":"summary_large_image","twitter_misc":{"Escrito por":"Andre\u0301 Rangel\u00a0","Est. tempo de leitura":"3 minutos"},"schema":{"@context":"https:\/\/schema.org","@graph":[{"@type":"WebPage","@id":"https:\/\/www.em.com.br\/emfoco\/2025\/10\/18\/especialista-explica-o-risco-de-ter-a-arvore-do-paraiso-em-casa\/","url":"https:\/\/www.em.com.br\/emfoco\/2025\/10\/18\/especialista-explica-o-risco-de-ter-a-arvore-do-paraiso-em-casa\/","name":"Especialista explica o risco de ter a \u00e1rvore do para\u00edso em casa - Estado de Minas - Em foco","isPartOf":{"@id":"https:\/\/www.em.com.br\/emfoco\/#website"},"primaryImageOfPage":{"@id":"https:\/\/www.em.com.br\/emfoco\/2025\/10\/18\/especialista-explica-o-risco-de-ter-a-arvore-do-paraiso-em-casa\/#primaryimage"},"image":{"@id":"https:\/\/www.em.com.br\/emfoco\/2025\/10\/18\/especialista-explica-o-risco-de-ter-a-arvore-do-paraiso-em-casa\/#primaryimage"},"thumbnailUrl":"https:\/\/www.em.com.br\/emfoco\/wp-content\/uploads\/2025\/10\/Elaeagnus_angustifolia_L._-_Dafina-1.jpg","datePublished":"2025-10-18T19:05:00+00:00","dateModified":"2025-10-17T15:09:24+00:00","author":{"@id":"https:\/\/www.em.com.br\/emfoco\/#\/schema\/person\/60eda09c1fedf0d6891f4cef4b60b8b8"},"description":"Essa \u00e1rvore encanta pelo visual, mas pode trazer riscos s\u00e9rios \u00e0 sa\u00fade. Saiba como identificar e proteger quem voc\u00ea ama.","breadcrumb":{"@id":"https:\/\/www.em.com.br\/emfoco\/2025\/10\/18\/especialista-explica-o-risco-de-ter-a-arvore-do-paraiso-em-casa\/#breadcrumb"},"inLanguage":"pt-BR","potentialAction":[{"@type":"ReadAction","target":["https:\/\/www.em.com.br\/emfoco\/2025\/10\/18\/especialista-explica-o-risco-de-ter-a-arvore-do-paraiso-em-casa\/"]}]},{"@type":"ImageObject","inLanguage":"pt-BR","@id":"https:\/\/www.em.com.br\/emfoco\/2025\/10\/18\/especialista-explica-o-risco-de-ter-a-arvore-do-paraiso-em-casa\/#primaryimage","url":"https:\/\/www.em.com.br\/emfoco\/wp-content\/uploads\/2025\/10\/Elaeagnus_angustifolia_L._-_Dafina-1.jpg","contentUrl":"https:\/\/www.em.com.br\/emfoco\/wp-content\/uploads\/2025\/10\/Elaeagnus_angustifolia_L._-_Dafina-1.jpg","width":1280,"height":720,"caption":"A \u00e1rvore mais perigosa das pra\u00e7as brasileiras - Cr\u00e9ditos: Divulga\u00e7\u00e3o\/Wikimedia Commons"},{"@type":"BreadcrumbList","@id":"https:\/\/www.em.com.br\/emfoco\/2025\/10\/18\/especialista-explica-o-risco-de-ter-a-arvore-do-paraiso-em-casa\/#breadcrumb","itemListElement":[{"@type":"ListItem","position":1,"name":"In\u00edcio","item":"https:\/\/www.em.com.br\/emfoco\/"},{"@type":"ListItem","position":2,"name":"Especialista explica o risco de ter a \u00e1rvore do para\u00edso em casa"}]},{"@type":"WebSite","@id":"https:\/\/www.em.com.br\/emfoco\/#website","url":"https:\/\/www.em.com.br\/emfoco\/","name":"Estado de Minas - Em foco","description":"Acompanhe as \u00faltimas not\u00edcias e fique bem informado sobre tudo o que acontece em Minas Gerais, Brasil e no mundo.","potentialAction":[{"@type":"SearchAction","target":{"@type":"EntryPoint","urlTemplate":"https:\/\/www.em.com.br\/emfoco\/?s={search_term_string}"},"query-input":{"@type":"PropertyValueSpecification","valueRequired":true,"valueName":"search_term_string"}}],"inLanguage":"pt-BR"},{"@type":"Person","@id":"https:\/\/www.em.com.br\/emfoco\/#\/schema\/person\/60eda09c1fedf0d6891f4cef4b60b8b8","name":"Andre\u0301 Rangel\u00a0","image":{"@type":"ImageObject","inLanguage":"pt-BR","@id":"https:\/\/www.em.com.br\/emfoco\/#\/schema\/person\/image\/","url":"https:\/\/secure.gravatar.com\/avatar\/6234dc814c77c8ef6d8bba622c787efc?s=96&d=mm&r=g","contentUrl":"https:\/\/secure.gravatar.com\/avatar\/6234dc814c77c8ef6d8bba622c787efc?s=96&d=mm&r=g","caption":"Andre\u0301 Rangel\u00a0"},"url":"https:\/\/www.em.com.br\/emfoco\/author\/luizmyth\/"}]}},"_links":{"self":[{"href":"https:\/\/www.em.com.br\/emfoco\/wp-json\/wp\/v2\/posts\/116203","targetHints":{"allow":["GET"]}}],"collection":[{"href":"https:\/\/www.em.com.br\/emfoco\/wp-json\/wp\/v2\/posts"}],"about":[{"href":"https:\/\/www.em.com.br\/emfoco\/wp-json\/wp\/v2\/types\/post"}],"author":[{"embeddable":true,"href":"https:\/\/www.em.com.br\/emfoco\/wp-json\/wp\/v2\/users\/11"}],"replies":[{"embeddable":true,"href":"https:\/\/www.em.com.br\/emfoco\/wp-json\/wp\/v2\/comments?post=116203"}],"version-history":[{"count":3,"href":"https:\/\/www.em.com.br\/emfoco\/wp-json\/wp\/v2\/posts\/116203\/revisions"}],"predecessor-version":[{"id":116462,"href":"https:\/\/www.em.com.br\/emfoco\/wp-json\/wp\/v2\/posts\/116203\/revisions\/116462"}],"wp:featuredmedia":[{"embeddable":true,"href":"https:\/\/www.em.com.br\/emfoco\/wp-json\/wp\/v2\/media\/116461"}],"wp:attachment":[{"href":"https:\/\/www.em.com.br\/emfoco\/wp-json\/wp\/v2\/media?parent=116203"}],"wp:term":[{"taxonomy":"category","embeddable":true,"href":"https:\/\/www.em.com.br\/emfoco\/wp-json\/wp\/v2\/categories?post=116203"},{"taxonomy":"post_tag","embeddable":true,"href":"https:\/\/www.em.com.br\/emfoco\/wp-json\/wp\/v2\/tags?post=116203"}],"curies":[{"name":"wp","href":"https:\/\/api.w.org\/{rel}","templated":true}]}}