{"id":116200,"date":"2025-10-18T07:25:52","date_gmt":"2025-10-18T10:25:52","guid":{"rendered":"https:\/\/www.em.com.br\/emfoco\/?p=116200"},"modified":"2025-10-17T18:10:11","modified_gmt":"2025-10-17T21:10:11","slug":"como-adaptar-sua-rotina-de-skincare-para-climas-quentes","status":"publish","type":"post","link":"https:\/\/www.em.com.br\/emfoco\/2025\/10\/18\/como-adaptar-sua-rotina-de-skincare-para-climas-quentes\/","title":{"rendered":"Como adaptar sua rotina de skincare para climas quentes"},"content":{"rendered":"\n<p>Com a chegada do <strong>calor<\/strong>, a pele requer aten\u00e7\u00e3o especial para se manter saud\u00e1vel e protegida. Entender como adaptar sua <strong>rotina de cuidados<\/strong> durante esse per\u00edodo \u00e9 essencial. A seguir, pontuamos tr\u00eas aspectos fundamentais para a manuten\u00e7\u00e3o do equil\u00edbrio e sa\u00fade da pele em climas quentes:<\/p>\n\n\n\n<ul class=\"wp-block-list\">\n<li>Import\u00e2ncia de rotinas de cuidados diurnas e noturnas<\/li>\n\n\n\n<li>Produtos brasileiros acess\u00edveis que podem ajudar<\/li>\n\n\n\n<li>Dicas pr\u00e1ticas para manter a pele hidratada e protegida<\/li>\n<\/ul>\n\n\n\n<h2 class=\"wp-block-heading\">Quais s\u00e3o as melhores rotinas de cuidados para a pele no calor?<\/h2>\n\n\n\n<p>Manter sua pele protegida no calor requer a combina\u00e7\u00e3o certa de produtos e h\u00e1bitos. Durante o dia, a <strong>prote\u00e7\u00e3o solar<\/strong> \u00e9 inegoci\u00e1vel, especialmente em cidades com alta incid\u00eancia solar, como <strong>Rio de Janeiro<\/strong> ou <strong>Fortaleza<\/strong>.<\/p>\n\n\n\n<p>\u00c0 noite, a \u00eanfase deve estar na <strong>hidrata\u00e7\u00e3o<\/strong> e recupera\u00e7\u00e3o da pele. Use produtos que reponham nutrientes e proporcionem umidade.<\/p>\n\n\n\n<h2 class=\"wp-block-heading\">Que produtos brasileiros acess\u00edveis ajudam a cuidar da pele?<\/h2>\n\n\n\n<p>Pode ser desafiador encontrar <strong>produtos<\/strong> de qualidade que se encaixem no or\u00e7amento. Felizmente, o mercado nacional oferece \u00f3timas op\u00e7\u00f5es, como os lan\u00e7amentos das marcas <strong>Natura<\/strong> e <strong>Granado<\/strong>.<\/p>\n\n\n\n<p>Busque por marcas locais reconhecidas pelo custo-benef\u00edcio e ingredientes naturais, como a linha de <strong><em>skincare<\/em> feita com ativos da biodiversidade brasileira<\/strong>, amplamente dispon\u00edvel em farm\u00e1cias em todo o <strong>Brasil<\/strong>.<\/p>\n\n\n\n<h2 class=\"wp-block-heading\">Como manter a pele hidratada e protegida no calor?<\/h2>\n\n\n\n<p>A hidrata\u00e7\u00e3o come\u00e7a de dentro. Beber \u00e1gua ajuda regularmente a manter a pele fresca, principalmente durante eventos outdoors t\u00edpicos do ver\u00e3o brasileiro, como o <strong>Carnaval<\/strong>.<\/p>\n\n\n\n<p>Para garantir a prote\u00e7\u00e3o, aplique um <strong>hidratante leve<\/strong> ap\u00f3s o banho e complemente com um bom protetor solar durante o dia, preferencialmente com filtros recomendados por dermatologistas.<\/p>\n\n\n<div class=\"wp-block-image\">\n<figure class=\"aligncenter size-large\"><img loading=\"lazy\" decoding=\"async\" width=\"1024\" height=\"576\" src=\"https:\/\/www.em.com.br\/emfoco\/wp-content\/uploads\/2025\/03\/limpeza-de-pele_1741704423129-1024x576.jpg\" alt=\"O que acontece com sua pele se voc\u00ea n\u00e3o remover a maquiagem?\" class=\"wp-image-27472\" srcset=\"https:\/\/www.em.com.br\/emfoco\/wp-content\/uploads\/2025\/03\/limpeza-de-pele_1741704423129-1024x576.jpg 1024w, https:\/\/www.em.com.br\/emfoco\/wp-content\/uploads\/2025\/03\/limpeza-de-pele_1741704423129-300x169.jpg 300w, https:\/\/www.em.com.br\/emfoco\/wp-content\/uploads\/2025\/03\/limpeza-de-pele_1741704423129-768x432.jpg 768w, https:\/\/www.em.com.br\/emfoco\/wp-content\/uploads\/2025\/03\/limpeza-de-pele_1741704423129-750x422.jpg 750w, https:\/\/www.em.com.br\/emfoco\/wp-content\/uploads\/2025\/03\/limpeza-de-pele_1741704423129-1140x641.jpg 1140w, https:\/\/www.em.com.br\/emfoco\/wp-content\/uploads\/2025\/03\/limpeza-de-pele_1741704423129.jpg 1280w\" sizes=\"auto, (max-width: 1024px) 100vw, 1024px\" \/><figcaption class=\"wp-element-caption\">Limpeza de pele &#8211; Cr\u00e9ditos: depositphotos.com \/ HayDmitriy<\/figcaption><\/figure><\/div>\n\n\n<h2 class=\"wp-block-heading\">Como \u00e9 a rotina diurna de cuidados para garantir prote\u00e7\u00e3o e frescor?<\/h2>\n\n\n\n<p>A primeira coisa pela manh\u00e3 deve ser a <strong>limpeza facial<\/strong> com produtos adequados ao seu tipo de <a href=\"https:\/\/www.tuasaude.com\/causas-da-pele-seca\/\" target=\"_blank\" rel=\"noopener\">pele<\/a>. Utilize dispositivos modernos como a <strong>Foreo Luna<\/strong> para potencializar a higieniza\u00e7\u00e3o, caso esteja dispon\u00edvel.<\/p>\n\n\n\n<p>Siga com o<strong> uso de hidratante e finalize com protetor solar<\/strong>. Isto cria uma barreira contra<strong> radicais livres e danos solares<\/strong>, especialmente em cidades como S\u00e3o Paulo e Salvador, onde a polui\u00e7\u00e3o e a exposi\u00e7\u00e3o solar s\u00e3o elevadas.<\/p>\n\n\n\n<h2 class=\"wp-block-heading\">Como funciona a rotina noturna para recupera\u00e7\u00e3o e nutri\u00e7\u00e3o?<\/h2>\n\n\n\n<p>Ao final do dia, remova todas as impurezas e maquiagem utilizando um limpador suave. Ferramentas como a <strong>Clarisonic Mia<\/strong> podem ajudar nesse passo, se dispon\u00edveis.<\/p>\n\n\n\n<p>Logo ap\u00f3s, aplique produtos espec\u00edficos para <strong>nutri\u00e7\u00e3o<\/strong>, como s\u00e9runs e cremes noturnos que favorecem a regenera\u00e7\u00e3o, muitos deles desenvolvidos por laborat\u00f3rios brasileiros como o <strong>Botic\u00e1rio<\/strong>.<\/p>\n\n\n\n<h2 class=\"wp-block-heading\">Que cuidados adicionais s\u00e3o indicados para climas quentes?<\/h2>\n\n\n\n<ul class=\"wp-block-list\">\n<li>Evite sol direto nas horas mais quentes do dia, pr\u00e1tica essencial principalmente em regi\u00f5es como <strong>Nordeste<\/strong>.<\/li>\n\n\n\n<li>Use chap\u00e9us e \u00f3culos de sol para prote\u00e7\u00e3o extra. Marcas como a <strong>Chilli Beans<\/strong> oferecem bons acess\u00f3rios acess\u00edveis.<\/li>\n\n\n\n<li>Mantenha um spray facial na bolsa para refrescar a pele a qualquer momento.<\/li>\n<\/ul>\n\n\n\n<h2 class=\"wp-block-heading\">Por que \u00e9 importante levar a s\u00e9rio a rotina de cuidados no calor?<\/h2>\n\n\n\n<p>Cuidar da pele no calor n\u00e3o precisa ser complicado ou caro. Na verdade, com algumas etapas simples e consistente uso de produtos acess\u00edveis, qualquer pessoa pode manter uma pele radiante e saud\u00e1vel, mesmo durante festivais ou viagens nacionais durante datas como <strong>R\u00e9veillon<\/strong>.<\/p>\n\n\n\n<ul class=\"wp-block-list\">\n<li>Adapte sua rotina conforme a temperatura ambiente<\/li>\n\n\n\n<li>Invista em produtos nacionais de qualidade<\/li>\n\n\n\n<li>Preze pela prote\u00e7\u00e3o solar di\u00e1ria, sem falhas<\/li>\n<\/ul>\n\n\n\n<p>Leia tamb\u00e9m: <a href=\"https:\/\/www.em.com.br\/emfoco\/2025\/10\/16\/tomar-banho-incorretamente-pode-afetar-sua-pele-cabelo-e-saude-segundo-dermatologista\/\" target=\"_blank\" rel=\"noopener\">Dicas de cuidados com a pele para todas as esta\u00e7\u00f5es<\/a><\/p>\n\n\n\n<p><\/p>\n","protected":false},"excerpt":{"rendered":"<p>Com a chegada do calor, a pele requer aten\u00e7\u00e3o especial para se manter saud\u00e1vel e protegida. Entender como adaptar sua rotina de cuidados durante esse per\u00edodo \u00e9 essencial. A seguir, pontuamos tr\u00eas aspectos fundamentais para a manuten\u00e7\u00e3o do equil\u00edbrio e sa\u00fade da pele em climas quentes: Quais s\u00e3o as melhores rotinas de cuidados para a [&hellip;]<\/p>\n","protected":false},"author":9,"featured_media":44190,"comment_status":"open","ping_status":"open","sticky":false,"template":"","format":"standard","meta":{"jnews-multi-image_gallery":[],"jnews_single_post":{"format":"standard"},"jnews_primary_category":[],"jnews_social_meta":[],"jnews_override_counter":[],"footnotes":""},"categories":[8691,1],"tags":[705,6394,1827],"class_list":["post-116200","post","type-post","status-publish","format-standard","has-post-thumbnail","hentry","category-bem-estar","category-noticias","tag-calor","tag-cuidado-com-a-pele","tag-verao"],"yoast_head":"<!-- This site is optimized with the Yoast SEO plugin v23.8 - https:\/\/yoast.com\/wordpress\/plugins\/seo\/ -->\n<title>Como adaptar sua rotina de skincare para climas quentes<\/title>\n<meta name=\"description\" content=\"Mantenha sua pele saud\u00e1vel e radiante no calor com rotinas pr\u00e1ticas e produtos brasileiros acess\u00edveis. Prote\u00e7\u00e3o e hidrata\u00e7\u00e3o para o ver\u00e3o.\" \/>\n<meta name=\"robots\" content=\"index, follow, max-snippet:-1, max-image-preview:large, max-video-preview:-1\" \/>\n<link rel=\"canonical\" href=\"https:\/\/www.em.com.br\/emfoco\/2025\/10\/18\/como-adaptar-sua-rotina-de-skincare-para-climas-quentes\/\" \/>\n<meta property=\"og:locale\" content=\"pt_BR\" \/>\n<meta property=\"og:type\" content=\"article\" \/>\n<meta property=\"og:title\" content=\"Como adaptar sua rotina de skincare para climas quentes\" \/>\n<meta property=\"og:description\" content=\"Mantenha sua pele saud\u00e1vel e radiante no calor com rotinas pr\u00e1ticas e produtos brasileiros acess\u00edveis. Prote\u00e7\u00e3o e hidrata\u00e7\u00e3o para o ver\u00e3o.\" \/>\n<meta property=\"og:url\" content=\"https:\/\/www.em.com.br\/emfoco\/2025\/10\/18\/como-adaptar-sua-rotina-de-skincare-para-climas-quentes\/\" \/>\n<meta property=\"og:site_name\" content=\"Estado de Minas - Em foco\" \/>\n<meta property=\"article:published_time\" content=\"2025-10-18T10:25:52+00:00\" \/>\n<meta property=\"article:modified_time\" content=\"2025-10-17T21:10:11+00:00\" \/>\n<meta property=\"og:image\" content=\"https:\/\/www.em.com.br\/emfoco\/wp-content\/uploads\/2025\/05\/skin-_1746284351907.jpg\" \/>\n\t<meta property=\"og:image:width\" content=\"1280\" \/>\n\t<meta property=\"og:image:height\" content=\"720\" \/>\n\t<meta property=\"og:image:type\" content=\"image\/jpeg\" \/>\n<meta name=\"author\" content=\"Daniely Cardoso\" \/>\n<meta name=\"twitter:card\" content=\"summary_large_image\" \/>\n<meta name=\"twitter:label1\" content=\"Escrito por\" \/>\n\t<meta name=\"twitter:data1\" content=\"Daniely Cardoso\" \/>\n\t<meta name=\"twitter:label2\" content=\"Est. tempo de leitura\" \/>\n\t<meta name=\"twitter:data2\" content=\"4 minutos\" \/>\n<!-- \/ Yoast SEO plugin. -->","yoast_head_json":{"title":"Como adaptar sua rotina de skincare para climas quentes","description":"Mantenha sua pele saud\u00e1vel e radiante no calor com rotinas pr\u00e1ticas e produtos brasileiros acess\u00edveis. Prote\u00e7\u00e3o e hidrata\u00e7\u00e3o para o ver\u00e3o.","robots":{"index":"index","follow":"follow","max-snippet":"max-snippet:-1","max-image-preview":"max-image-preview:large","max-video-preview":"max-video-preview:-1"},"canonical":"https:\/\/www.em.com.br\/emfoco\/2025\/10\/18\/como-adaptar-sua-rotina-de-skincare-para-climas-quentes\/","og_locale":"pt_BR","og_type":"article","og_title":"Como adaptar sua rotina de skincare para climas quentes","og_description":"Mantenha sua pele saud\u00e1vel e radiante no calor com rotinas pr\u00e1ticas e produtos brasileiros acess\u00edveis. Prote\u00e7\u00e3o e hidrata\u00e7\u00e3o para o ver\u00e3o.","og_url":"https:\/\/www.em.com.br\/emfoco\/2025\/10\/18\/como-adaptar-sua-rotina-de-skincare-para-climas-quentes\/","og_site_name":"Estado de Minas - Em foco","article_published_time":"2025-10-18T10:25:52+00:00","article_modified_time":"2025-10-17T21:10:11+00:00","og_image":[{"width":1280,"height":720,"url":"https:\/\/www.em.com.br\/emfoco\/wp-content\/uploads\/2025\/05\/skin-_1746284351907.jpg","type":"image\/jpeg"}],"author":"Daniely Cardoso","twitter_card":"summary_large_image","twitter_misc":{"Escrito por":"Daniely Cardoso","Est. tempo de leitura":"4 minutos"},"schema":{"@context":"https:\/\/schema.org","@graph":[{"@type":"WebPage","@id":"https:\/\/www.em.com.br\/emfoco\/2025\/10\/18\/como-adaptar-sua-rotina-de-skincare-para-climas-quentes\/","url":"https:\/\/www.em.com.br\/emfoco\/2025\/10\/18\/como-adaptar-sua-rotina-de-skincare-para-climas-quentes\/","name":"Como adaptar sua rotina de skincare para climas quentes","isPartOf":{"@id":"https:\/\/www.em.com.br\/emfoco\/#website"},"primaryImageOfPage":{"@id":"https:\/\/www.em.com.br\/emfoco\/2025\/10\/18\/como-adaptar-sua-rotina-de-skincare-para-climas-quentes\/#primaryimage"},"image":{"@id":"https:\/\/www.em.com.br\/emfoco\/2025\/10\/18\/como-adaptar-sua-rotina-de-skincare-para-climas-quentes\/#primaryimage"},"thumbnailUrl":"https:\/\/www.em.com.br\/emfoco\/wp-content\/uploads\/2025\/05\/skin-_1746284351907.jpg","datePublished":"2025-10-18T10:25:52+00:00","dateModified":"2025-10-17T21:10:11+00:00","author":{"@id":"https:\/\/www.em.com.br\/emfoco\/#\/schema\/person\/0a8186d72f2c3a5c6276d90b41f271a0"},"description":"Mantenha sua pele saud\u00e1vel e radiante no calor com rotinas pr\u00e1ticas e produtos brasileiros acess\u00edveis. Prote\u00e7\u00e3o e hidrata\u00e7\u00e3o para o ver\u00e3o.","breadcrumb":{"@id":"https:\/\/www.em.com.br\/emfoco\/2025\/10\/18\/como-adaptar-sua-rotina-de-skincare-para-climas-quentes\/#breadcrumb"},"inLanguage":"pt-BR","potentialAction":[{"@type":"ReadAction","target":["https:\/\/www.em.com.br\/emfoco\/2025\/10\/18\/como-adaptar-sua-rotina-de-skincare-para-climas-quentes\/"]}]},{"@type":"ImageObject","inLanguage":"pt-BR","@id":"https:\/\/www.em.com.br\/emfoco\/2025\/10\/18\/como-adaptar-sua-rotina-de-skincare-para-climas-quentes\/#primaryimage","url":"https:\/\/www.em.com.br\/emfoco\/wp-content\/uploads\/2025\/05\/skin-_1746284351907.jpg","contentUrl":"https:\/\/www.em.com.br\/emfoco\/wp-content\/uploads\/2025\/05\/skin-_1746284351907.jpg","width":1280,"height":720,"caption":"Pele sens\u00edvel - Cr\u00e9ditos: depositphotos.com \/ AllaSerebrina"},{"@type":"BreadcrumbList","@id":"https:\/\/www.em.com.br\/emfoco\/2025\/10\/18\/como-adaptar-sua-rotina-de-skincare-para-climas-quentes\/#breadcrumb","itemListElement":[{"@type":"ListItem","position":1,"name":"In\u00edcio","item":"https:\/\/www.em.com.br\/emfoco\/"},{"@type":"ListItem","position":2,"name":"Como adaptar sua rotina de skincare para climas quentes"}]},{"@type":"WebSite","@id":"https:\/\/www.em.com.br\/emfoco\/#website","url":"https:\/\/www.em.com.br\/emfoco\/","name":"Estado de Minas - Em foco","description":"Acompanhe as \u00faltimas not\u00edcias e fique bem informado sobre tudo o que acontece em Minas Gerais, Brasil e no mundo.","potentialAction":[{"@type":"SearchAction","target":{"@type":"EntryPoint","urlTemplate":"https:\/\/www.em.com.br\/emfoco\/?s={search_term_string}"},"query-input":{"@type":"PropertyValueSpecification","valueRequired":true,"valueName":"search_term_string"}}],"inLanguage":"pt-BR"},{"@type":"Person","@id":"https:\/\/www.em.com.br\/emfoco\/#\/schema\/person\/0a8186d72f2c3a5c6276d90b41f271a0","name":"Daniely Cardoso","image":{"@type":"ImageObject","inLanguage":"pt-BR","@id":"https:\/\/www.em.com.br\/emfoco\/#\/schema\/person\/image\/","url":"https:\/\/secure.gravatar.com\/avatar\/4b80ddbd124d1f071b626d52d62e5dff?s=96&d=mm&r=g","contentUrl":"https:\/\/secure.gravatar.com\/avatar\/4b80ddbd124d1f071b626d52d62e5dff?s=96&d=mm&r=g","caption":"Daniely Cardoso"},"url":"https:\/\/www.em.com.br\/emfoco\/author\/danielymyth\/"}]}},"_links":{"self":[{"href":"https:\/\/www.em.com.br\/emfoco\/wp-json\/wp\/v2\/posts\/116200","targetHints":{"allow":["GET"]}}],"collection":[{"href":"https:\/\/www.em.com.br\/emfoco\/wp-json\/wp\/v2\/posts"}],"about":[{"href":"https:\/\/www.em.com.br\/emfoco\/wp-json\/wp\/v2\/types\/post"}],"author":[{"embeddable":true,"href":"https:\/\/www.em.com.br\/emfoco\/wp-json\/wp\/v2\/users\/9"}],"replies":[{"embeddable":true,"href":"https:\/\/www.em.com.br\/emfoco\/wp-json\/wp\/v2\/comments?post=116200"}],"version-history":[{"count":5,"href":"https:\/\/www.em.com.br\/emfoco\/wp-json\/wp\/v2\/posts\/116200\/revisions"}],"predecessor-version":[{"id":116719,"href":"https:\/\/www.em.com.br\/emfoco\/wp-json\/wp\/v2\/posts\/116200\/revisions\/116719"}],"wp:featuredmedia":[{"embeddable":true,"href":"https:\/\/www.em.com.br\/emfoco\/wp-json\/wp\/v2\/media\/44190"}],"wp:attachment":[{"href":"https:\/\/www.em.com.br\/emfoco\/wp-json\/wp\/v2\/media?parent=116200"}],"wp:term":[{"taxonomy":"category","embeddable":true,"href":"https:\/\/www.em.com.br\/emfoco\/wp-json\/wp\/v2\/categories?post=116200"},{"taxonomy":"post_tag","embeddable":true,"href":"https:\/\/www.em.com.br\/emfoco\/wp-json\/wp\/v2\/tags?post=116200"}],"curies":[{"name":"wp","href":"https:\/\/api.w.org\/{rel}","templated":true}]}}