{"id":116124,"date":"2025-10-16T17:00:00","date_gmt":"2025-10-16T20:00:00","guid":{"rendered":"https:\/\/www.em.com.br\/emfoco\/?p=116124"},"modified":"2025-10-16T15:35:10","modified_gmt":"2025-10-16T18:35:10","slug":"banco-central-impoe-pix-automatico-ja-nesta-segunda","status":"publish","type":"post","link":"https:\/\/www.em.com.br\/emfoco\/2025\/10\/16\/banco-central-impoe-pix-automatico-ja-nesta-segunda\/","title":{"rendered":"Banco Central imp\u00f5e Pix Autom\u00e1tico j\u00e1 nesta segunda"},"content":{"rendered":"\n<p>O&nbsp;<strong>Pix autom\u00e1tico<\/strong>&nbsp;passa a ser obrigat\u00f3rio a partir desta&nbsp;<strong>segunda-feira (13)<\/strong>, prometendo substituir o&nbsp;<strong>d\u00e9bito autom\u00e1tico<\/strong>&nbsp;e os boletos tradicionais. Com esta nova modalidade, usu\u00e1rios podem autorizar pagamentos peri\u00f3dicos de maneira simplificada. Conhe\u00e7a as principais vantagens e funcionalidades desta novidade, que foi regulamentada pelo&nbsp;<strong>Banco Central<\/strong>&nbsp;do&nbsp;<strong>Brasil<\/strong>&nbsp;e pode beneficiar milh\u00f5es de brasileiros.<\/p>\n\n\n\n<ul class=\"wp-block-list\">\n<li>Facilidade para usu\u00e1rios que desejam automatizar pagamentos.<\/li>\n\n\n\n<li>Benef\u00edcios para empresas, especialmente para microempreendedores.<\/li>\n\n\n\n<li>Nova tecnologia pode atingir at\u00e9 60 milh\u00f5es de brasileiros.<\/li>\n<\/ul>\n\n\n\n<h2 class=\"wp-block-heading\">Quais s\u00e3o as vantagens do Pix autom\u00e1tico?<\/h2>\n\n\n\n<p>Para&nbsp;<strong>empresas<\/strong>, o Pix autom\u00e1tico simplifica a cobran\u00e7a de clientes sem a necessidade de conv\u00eanios banc\u00e1rios complexos, trazendo ainda mais agilidade e automa\u00e7\u00e3o para pequenos neg\u00f3cios e startups.<\/p>\n\n\n\n<p>Para&nbsp;<strong>consumidores<\/strong>, permite a automatiza\u00e7\u00e3o de pagamentos, eliminando o uso de cheques ou boletos e garantindo mais agilidade.<\/p>\n\n\n\n<h2 class=\"wp-block-heading\">Como funciona o Pix autom\u00e1tico?<\/h2>\n\n\n\n<p>O processo de autoriza\u00e7\u00e3o e uso do Pix autom\u00e1tico \u00e9 relativamente simples e pode ser feito diretamente no aplicativo do&nbsp;<strong>banco<\/strong>&nbsp;escolhido, seja ele o&nbsp;<strong>Banco do Brasil<\/strong>,&nbsp;<strong>Ita\u00fa<\/strong>,&nbsp;<strong>Bradesco<\/strong>, ou outros j\u00e1 credenciados ao sistema do&nbsp;<strong>Banco Central<\/strong>. Veja um resumo:<\/p>\n\n\n\n<ul class=\"wp-block-list\">\n<li>A empresa envia o pedido de autoriza\u00e7\u00e3o de Pix autom\u00e1tico para o cliente.<\/li>\n\n\n\n<li>O cliente acessa no aplicativo do banco ou institui\u00e7\u00e3o financeira a op\u00e7\u00e3o \u201cPix autom\u00e1tico\u201d.<\/li>\n\n\n\n<li>O usu\u00e1rio l\u00ea e aceita os termos da opera\u00e7\u00e3o.<\/li>\n\n\n\n<li>\u00c9 poss\u00edvel definir a periodicidade da cobran\u00e7a, o valor (fixo ou vari\u00e1vel) e at\u00e9 mesmo um limite m\u00e1ximo por transa\u00e7\u00e3o.<\/li>\n\n\n\n<li>A partir da data acordada entre empresa e cliente, o sistema realiza os d\u00e9bitos automaticamente, sem a necessidade de qualquer a\u00e7\u00e3o manual a cada pagamento.<\/li>\n\n\n\n<li>A cobran\u00e7a pode ser feita 24 horas por dia, sete dias por semana, incluindo feriados.<\/li>\n\n\n\n<li>Em qualquer momento, o usu\u00e1rio pode cancelar a autoriza\u00e7\u00e3o, ajustar o valor ou alterar a periodicidade da cobran\u00e7a diretamente no aplicativo, conferindo flexibilidade e controle total ao consumidor.<\/li>\n<\/ul>\n\n\n\n<figure class=\"wp-block-image\"><img decoding=\"async\" src=\"https:\/\/www.em.com.br\/emfoco\/wp-content\/uploads\/2025\/04\/PIX-brasil_1745351704938-1024x576.jpg\" alt=\"\"\/><figcaption class=\"wp-element-caption\">Banco Central lan\u00e7a o Pix autom\u00e1tico &#8211; Cr\u00e9ditos: depositphotos.com \/ sidneydealmeida<\/figcaption><\/figure>\n\n\n\n<h2 class=\"wp-block-heading\">Quais contas podem ser pagas com Pix autom\u00e1tico?<\/h2>\n\n\n\n<p>O Pix autom\u00e1tico \u00e9 direcionado a pagamentos&nbsp;<strong>peri\u00f3dicos<\/strong>&nbsp;de servi\u00e7os, n\u00e3o sendo aplic\u00e1vel a transa\u00e7\u00f5es entre pessoas f\u00edsicas. Conhe\u00e7a algumas das contas que se beneficiam desta nova modalidade:<\/p>\n\n\n\n<ul class=\"wp-block-list\">\n<li>Contas de consumo (luz, \u00e1gua, telefone).<\/li>\n\n\n\n<li>Mensalidades escolares e academias.<\/li>\n\n\n\n<li>Assinaturas digitais (<strong>Netflix<\/strong>,\u00a0<strong>Spotify<\/strong>, jornais).<\/li>\n\n\n\n<li>Clubes de assinatura e servi\u00e7os recorrentes (como caixinhas mensais de produtos, plataformas de cursos online e softwares de gest\u00e3o).<\/li>\n\n\n\n<li>Outros servi\u00e7os com cobran\u00e7a peri\u00f3dica, como planos de sa\u00fade, TV por assinatura, seguros e servi\u00e7os de manuten\u00e7\u00e3o residencial ou automotiva.<\/li>\n<\/ul>\n\n\n\n<h2 class=\"wp-block-heading\">Como o Pix autom\u00e1tico garante seguran\u00e7a e confiabilidade?<\/h2>\n\n\n\n<p>Para garantir a&nbsp;<strong>seguran\u00e7a<\/strong>&nbsp;dos usu\u00e1rios, o&nbsp;<strong>Banco Central<\/strong>&nbsp;estabeleceu normas rigorosas. Somente empresas com mais de seis meses de atividade podem oferecer o servi\u00e7o, dentre outras verifica\u00e7\u00f5es necess\u00e1rias. O sistema conta ainda com autentica\u00e7\u00e3o nos aplicativos dos bancos, como&nbsp;<strong>Bradesco<\/strong>&nbsp;e&nbsp;<strong>Santander<\/strong>, para valida\u00e7\u00e3o de cada cobran\u00e7a.<\/p>\n\n\n\n<p>Aten\u00e7\u00e3o: \u00e9 crucial verificar a autenticidade das propostas para evitar fraudes por parte de falsas empresas que possam enviar cobran\u00e7as indevidas.<\/p>\n\n\n\n<ul class=\"wp-block-list\">\n<li>O banco deve confirmar a data de inscri\u00e7\u00e3o da empresa no Cadastro Nacional de Pessoas Jur\u00eddicas (CNPJ).<\/li>\n\n\n\n<li>\u00c9 preciso analisar a situa\u00e7\u00e3o cadastral dos s\u00f3cios e administradores no Cadastro de Pessoas F\u00edsicas (CPF), bem como outros dados relevantes da empresa.<\/li>\n\n\n\n<li>Deve-se conferir a compatibilidade entre a atividade econ\u00f4mica da empresa e o servi\u00e7o fornecido por meio do Pix autom\u00e1tico.<\/li>\n\n\n\n<li>Avalia\u00e7\u00e3o do n\u00famero de funcion\u00e1rios, valor do capital social e do faturamento da empresa.<\/li>\n\n\n\n<li>Considera\u00e7\u00e3o sobre o tempo de abertura da conta banc\u00e1ria e o hist\u00f3rico do uso de outros tipos de cobran\u00e7a.<\/li>\n\n\n\n<li>Observa\u00e7\u00e3o da frequ\u00eancia das opera\u00e7\u00f5es realizadas com o participante no sistema.<\/li>\n<\/ul>\n\n\n\n<h2 class=\"wp-block-heading\">Quais os benef\u00edcios futuros do Pix autom\u00e1tico?<\/h2>\n\n\n\n<ul class=\"wp-block-list\">\n<li><strong>Facilita\u00e7\u00e3o<\/strong>\u00a0dos pagamentos autom\u00e1ticos sem a necessidade de cart\u00f5es de cr\u00e9dito.<\/li>\n\n\n\n<li>Redu\u00e7\u00e3o dos\u00a0<strong>custos<\/strong>\u00a0operacionais para empresas.<\/li>\n\n\n\n<li>Maior\u00a0<strong>controle<\/strong>\u00a0e automa\u00e7\u00e3o financeira para consumidores.<\/li>\n<\/ul>\n","protected":false},"excerpt":{"rendered":"<p>O&nbsp;Pix autom\u00e1tico&nbsp;passa a ser obrigat\u00f3rio a partir desta&nbsp;segunda-feira (13), prometendo substituir o&nbsp;d\u00e9bito autom\u00e1tico&nbsp;e os boletos tradicionais. Com esta nova modalidade, usu\u00e1rios podem autorizar pagamentos peri\u00f3dicos de maneira simplificada. Conhe\u00e7a as principais vantagens e funcionalidades desta novidade, que foi regulamentada pelo&nbsp;Banco Central&nbsp;do&nbsp;Brasil&nbsp;e pode beneficiar milh\u00f5es de brasileiros. Quais s\u00e3o as vantagens do Pix autom\u00e1tico? Para&nbsp;empresas, o [&hellip;]<\/p>\n","protected":false},"author":11,"featured_media":26729,"comment_status":"open","ping_status":"open","sticky":false,"template":"","format":"standard","meta":{"jnews-multi-image_gallery":[],"jnews_single_post":{"format":"standard"},"jnews_primary_category":[],"jnews_social_meta":[],"jnews_override_counter":[],"footnotes":""},"categories":[28,1],"tags":[2055,658,1514,9790,182],"class_list":["post-116124","post","type-post","status-publish","format-standard","has-post-thumbnail","hentry","category-economia","category-noticias","tag-banco-central","tag-pagamentos","tag-pix","tag-pix-automatico","tag-seguranca"],"yoast_head":"<!-- This site is optimized with the Yoast SEO plugin v23.8 - https:\/\/yoast.com\/wordpress\/plugins\/seo\/ -->\n<title>Banco Central imp\u00f5e Pix Autom\u00e1tico j\u00e1 nesta segunda - Estado de Minas - Em foco<\/title>\n<meta name=\"description\" content=\"Pix autom\u00e1tico entra em vigor e promete facilitar a vida de milh\u00f5es de brasileiros com pagamentos recorrentes e seguros.\" \/>\n<meta name=\"robots\" content=\"index, follow, max-snippet:-1, max-image-preview:large, max-video-preview:-1\" \/>\n<link rel=\"canonical\" href=\"https:\/\/www.em.com.br\/emfoco\/2025\/10\/16\/banco-central-impoe-pix-automatico-ja-nesta-segunda\/\" \/>\n<meta property=\"og:locale\" content=\"pt_BR\" \/>\n<meta property=\"og:type\" content=\"article\" \/>\n<meta property=\"og:title\" content=\"Banco Central imp\u00f5e Pix Autom\u00e1tico j\u00e1 nesta segunda - Estado de Minas - Em foco\" \/>\n<meta property=\"og:description\" content=\"Pix autom\u00e1tico entra em vigor e promete facilitar a vida de milh\u00f5es de brasileiros com pagamentos recorrentes e seguros.\" \/>\n<meta property=\"og:url\" content=\"https:\/\/www.em.com.br\/emfoco\/2025\/10\/16\/banco-central-impoe-pix-automatico-ja-nesta-segunda\/\" \/>\n<meta property=\"og:site_name\" content=\"Estado de Minas - Em foco\" \/>\n<meta property=\"article:published_time\" content=\"2025-10-16T20:00:00+00:00\" \/>\n<meta property=\"article:modified_time\" content=\"2025-10-16T18:35:10+00:00\" \/>\n<meta property=\"og:image\" content=\"https:\/\/www.em.com.br\/emfoco\/wp-content\/uploads\/2025\/03\/pix_1741447098290.jpg\" \/>\n\t<meta property=\"og:image:width\" content=\"1280\" \/>\n\t<meta property=\"og:image:height\" content=\"720\" \/>\n\t<meta property=\"og:image:type\" content=\"image\/jpeg\" \/>\n<meta name=\"author\" content=\"Andre\u0301 Rangel\u00a0\" \/>\n<meta name=\"twitter:card\" content=\"summary_large_image\" \/>\n<meta name=\"twitter:label1\" content=\"Escrito por\" \/>\n\t<meta name=\"twitter:data1\" content=\"Andre\u0301 Rangel\u00a0\" \/>\n\t<meta name=\"twitter:label2\" content=\"Est. tempo de leitura\" \/>\n\t<meta name=\"twitter:data2\" content=\"4 minutos\" \/>\n<!-- \/ Yoast SEO plugin. -->","yoast_head_json":{"title":"Banco Central imp\u00f5e Pix Autom\u00e1tico j\u00e1 nesta segunda - Estado de Minas - Em foco","description":"Pix autom\u00e1tico entra em vigor e promete facilitar a vida de milh\u00f5es de brasileiros com pagamentos recorrentes e seguros.","robots":{"index":"index","follow":"follow","max-snippet":"max-snippet:-1","max-image-preview":"max-image-preview:large","max-video-preview":"max-video-preview:-1"},"canonical":"https:\/\/www.em.com.br\/emfoco\/2025\/10\/16\/banco-central-impoe-pix-automatico-ja-nesta-segunda\/","og_locale":"pt_BR","og_type":"article","og_title":"Banco Central imp\u00f5e Pix Autom\u00e1tico j\u00e1 nesta segunda - Estado de Minas - Em foco","og_description":"Pix autom\u00e1tico entra em vigor e promete facilitar a vida de milh\u00f5es de brasileiros com pagamentos recorrentes e seguros.","og_url":"https:\/\/www.em.com.br\/emfoco\/2025\/10\/16\/banco-central-impoe-pix-automatico-ja-nesta-segunda\/","og_site_name":"Estado de Minas - Em foco","article_published_time":"2025-10-16T20:00:00+00:00","article_modified_time":"2025-10-16T18:35:10+00:00","og_image":[{"width":1280,"height":720,"url":"https:\/\/www.em.com.br\/emfoco\/wp-content\/uploads\/2025\/03\/pix_1741447098290.jpg","type":"image\/jpeg"}],"author":"Andre\u0301 Rangel\u00a0","twitter_card":"summary_large_image","twitter_misc":{"Escrito por":"Andre\u0301 Rangel\u00a0","Est. tempo de leitura":"4 minutos"},"schema":{"@context":"https:\/\/schema.org","@graph":[{"@type":"WebPage","@id":"https:\/\/www.em.com.br\/emfoco\/2025\/10\/16\/banco-central-impoe-pix-automatico-ja-nesta-segunda\/","url":"https:\/\/www.em.com.br\/emfoco\/2025\/10\/16\/banco-central-impoe-pix-automatico-ja-nesta-segunda\/","name":"Banco Central imp\u00f5e Pix Autom\u00e1tico j\u00e1 nesta segunda - Estado de Minas - Em foco","isPartOf":{"@id":"https:\/\/www.em.com.br\/emfoco\/#website"},"primaryImageOfPage":{"@id":"https:\/\/www.em.com.br\/emfoco\/2025\/10\/16\/banco-central-impoe-pix-automatico-ja-nesta-segunda\/#primaryimage"},"image":{"@id":"https:\/\/www.em.com.br\/emfoco\/2025\/10\/16\/banco-central-impoe-pix-automatico-ja-nesta-segunda\/#primaryimage"},"thumbnailUrl":"https:\/\/www.em.com.br\/emfoco\/wp-content\/uploads\/2025\/03\/pix_1741447098290.jpg","datePublished":"2025-10-16T20:00:00+00:00","dateModified":"2025-10-16T18:35:10+00:00","author":{"@id":"https:\/\/www.em.com.br\/emfoco\/#\/schema\/person\/60eda09c1fedf0d6891f4cef4b60b8b8"},"description":"Pix autom\u00e1tico entra em vigor e promete facilitar a vida de milh\u00f5es de brasileiros com pagamentos recorrentes e seguros.","breadcrumb":{"@id":"https:\/\/www.em.com.br\/emfoco\/2025\/10\/16\/banco-central-impoe-pix-automatico-ja-nesta-segunda\/#breadcrumb"},"inLanguage":"pt-BR","potentialAction":[{"@type":"ReadAction","target":["https:\/\/www.em.com.br\/emfoco\/2025\/10\/16\/banco-central-impoe-pix-automatico-ja-nesta-segunda\/"]}]},{"@type":"ImageObject","inLanguage":"pt-BR","@id":"https:\/\/www.em.com.br\/emfoco\/2025\/10\/16\/banco-central-impoe-pix-automatico-ja-nesta-segunda\/#primaryimage","url":"https:\/\/www.em.com.br\/emfoco\/wp-content\/uploads\/2025\/03\/pix_1741447098290.jpg","contentUrl":"https:\/\/www.em.com.br\/emfoco\/wp-content\/uploads\/2025\/03\/pix_1741447098290.jpg","width":1280,"height":720,"caption":"PIX tem novas regras - Cr\u00e9ditos: depositphotos.com \/ rafapress"},{"@type":"BreadcrumbList","@id":"https:\/\/www.em.com.br\/emfoco\/2025\/10\/16\/banco-central-impoe-pix-automatico-ja-nesta-segunda\/#breadcrumb","itemListElement":[{"@type":"ListItem","position":1,"name":"In\u00edcio","item":"https:\/\/www.em.com.br\/emfoco\/"},{"@type":"ListItem","position":2,"name":"Banco Central imp\u00f5e Pix Autom\u00e1tico j\u00e1 nesta segunda"}]},{"@type":"WebSite","@id":"https:\/\/www.em.com.br\/emfoco\/#website","url":"https:\/\/www.em.com.br\/emfoco\/","name":"Estado de Minas - Em foco","description":"Acompanhe as \u00faltimas not\u00edcias e fique bem informado sobre tudo o que acontece em Minas Gerais, Brasil e no mundo.","potentialAction":[{"@type":"SearchAction","target":{"@type":"EntryPoint","urlTemplate":"https:\/\/www.em.com.br\/emfoco\/?s={search_term_string}"},"query-input":{"@type":"PropertyValueSpecification","valueRequired":true,"valueName":"search_term_string"}}],"inLanguage":"pt-BR"},{"@type":"Person","@id":"https:\/\/www.em.com.br\/emfoco\/#\/schema\/person\/60eda09c1fedf0d6891f4cef4b60b8b8","name":"Andre\u0301 Rangel\u00a0","image":{"@type":"ImageObject","inLanguage":"pt-BR","@id":"https:\/\/www.em.com.br\/emfoco\/#\/schema\/person\/image\/","url":"https:\/\/secure.gravatar.com\/avatar\/6234dc814c77c8ef6d8bba622c787efc?s=96&d=mm&r=g","contentUrl":"https:\/\/secure.gravatar.com\/avatar\/6234dc814c77c8ef6d8bba622c787efc?s=96&d=mm&r=g","caption":"Andre\u0301 Rangel\u00a0"},"url":"https:\/\/www.em.com.br\/emfoco\/author\/luizmyth\/"}]}},"_links":{"self":[{"href":"https:\/\/www.em.com.br\/emfoco\/wp-json\/wp\/v2\/posts\/116124","targetHints":{"allow":["GET"]}}],"collection":[{"href":"https:\/\/www.em.com.br\/emfoco\/wp-json\/wp\/v2\/posts"}],"about":[{"href":"https:\/\/www.em.com.br\/emfoco\/wp-json\/wp\/v2\/types\/post"}],"author":[{"embeddable":true,"href":"https:\/\/www.em.com.br\/emfoco\/wp-json\/wp\/v2\/users\/11"}],"replies":[{"embeddable":true,"href":"https:\/\/www.em.com.br\/emfoco\/wp-json\/wp\/v2\/comments?post=116124"}],"version-history":[{"count":2,"href":"https:\/\/www.em.com.br\/emfoco\/wp-json\/wp\/v2\/posts\/116124\/revisions"}],"predecessor-version":[{"id":116143,"href":"https:\/\/www.em.com.br\/emfoco\/wp-json\/wp\/v2\/posts\/116124\/revisions\/116143"}],"wp:featuredmedia":[{"embeddable":true,"href":"https:\/\/www.em.com.br\/emfoco\/wp-json\/wp\/v2\/media\/26729"}],"wp:attachment":[{"href":"https:\/\/www.em.com.br\/emfoco\/wp-json\/wp\/v2\/media?parent=116124"}],"wp:term":[{"taxonomy":"category","embeddable":true,"href":"https:\/\/www.em.com.br\/emfoco\/wp-json\/wp\/v2\/categories?post=116124"},{"taxonomy":"post_tag","embeddable":true,"href":"https:\/\/www.em.com.br\/emfoco\/wp-json\/wp\/v2\/tags?post=116124"}],"curies":[{"name":"wp","href":"https:\/\/api.w.org\/{rel}","templated":true}]}}