{"id":116058,"date":"2025-10-17T11:45:00","date_gmt":"2025-10-17T14:45:00","guid":{"rendered":"https:\/\/www.em.com.br\/emfoco\/?p=116058"},"modified":"2025-10-16T18:38:07","modified_gmt":"2025-10-16T21:38:07","slug":"por-que-forno-e-micro-ondas-atraem-baratas-e-o-que-fazer-agora","status":"publish","type":"post","link":"https:\/\/www.em.com.br\/emfoco\/2025\/10\/17\/por-que-forno-e-micro-ondas-atraem-baratas-e-o-que-fazer-agora\/","title":{"rendered":"Os 2 eletrodom\u00e9sticos que atraem baratas e o que fazer para evitar"},"content":{"rendered":"\n<p>Quando se pensa na limpeza da cozinha, normalmente s\u00e3o consideradas as superf\u00edcies vis\u00edveis e os eletrodom\u00e9sticos de uso di\u00e1rio. No entanto, existem dois aparelhos comuns que, devido \u00e0s suas caracter\u00edsticas, podem se tornar o lar ideal para baratas. Esses insetos procuram lugares onde o calor e a umidade se combinam com restos de comida, e o micro-ondas e o forno oferecem exatamente isso. A estrutura fechada desses aparelhos cria ref\u00fagios perfeitos que, se negligenciados, favorecem a infesta\u00e7\u00e3o.<\/p>\n\n\n\n<p>Por acumularem res\u00edduos de alimentos com frequ\u00eancia, micro-ondas e fornos se transformam em fontes constantes de sustento para as baratas. O calor gerado durante o uso tamb\u00e9m \u00e9 um atrativo adicional, principalmente em \u00e9pocas mais frias, permitindo a sobreviv\u00eancia discreta desses insetos dentro de casa.<\/p>\n\n\n\n<h2 class=\"wp-block-heading\">Por que o micro-ondas e o forno atraem baratas?<\/h2>\n\n\n<div class=\"wp-block-image\">\n<figure class=\"aligncenter size-large\"><img loading=\"lazy\" decoding=\"async\" width=\"1024\" height=\"576\" src=\"https:\/\/www.em.com.br\/emfoco\/wp-content\/uploads\/2025\/10\/forno-sujo_1757240411029-1024x576.jpg\" alt=\"\" class=\"wp-image-116097\" srcset=\"https:\/\/www.em.com.br\/emfoco\/wp-content\/uploads\/2025\/10\/forno-sujo_1757240411029-1024x576.jpg 1024w, https:\/\/www.em.com.br\/emfoco\/wp-content\/uploads\/2025\/10\/forno-sujo_1757240411029-300x169.jpg 300w, https:\/\/www.em.com.br\/emfoco\/wp-content\/uploads\/2025\/10\/forno-sujo_1757240411029-768x432.jpg 768w, https:\/\/www.em.com.br\/emfoco\/wp-content\/uploads\/2025\/10\/forno-sujo_1757240411029-750x422.jpg 750w, https:\/\/www.em.com.br\/emfoco\/wp-content\/uploads\/2025\/10\/forno-sujo_1757240411029-1140x641.jpg 1140w, https:\/\/www.em.com.br\/emfoco\/wp-content\/uploads\/2025\/10\/forno-sujo_1757240411029.jpg 1280w\" sizes=\"auto, (max-width: 1024px) 100vw, 1024px\" \/><figcaption class=\"wp-element-caption\">Pessoa limpando forno &#8211; Cr\u00e9ditos: depositphotos.com \/ kokcoden.list.ru<\/figcaption><\/figure><\/div>\n\n\n<p>A combina\u00e7\u00e3o de <strong>calor, umidade e restos de comida<\/strong> faz desses eletrodom\u00e9sticos um ambiente ideal para as baratas. Elas s\u00e3o atra\u00eddas por cantos escuros e abafados, onde conseguem se esconder facilmente e podem acessar alimentos esquecidos durante o preparo ou aquecimento de refei\u00e7\u00f5es.<\/p>\n\n\n\n<p>Al\u00e9m disso, a falta de ventila\u00e7\u00e3o adequada ap\u00f3s o uso potencializa ainda mais o problema. O microclima formado no interior desses aparelhos favorece a sobreviv\u00eancia e prolifera\u00e7\u00e3o dos insetos, especialmente se houver ac\u00famulo de gordura ou l\u00edquidos derramados.<\/p>\n\n\n\n<h2 class=\"wp-block-heading\">Quais os riscos para a sa\u00fade dos moradores?<\/h2>\n\n\n\n<p>Baratas podem ser vetores de bact\u00e9rias como<strong> E. coli e <a href=\"https:\/\/www.gov.br\/saude\/pt-br\/assuntos\/saude-de-a-a-z\/s\/salmonella\" target=\"_blank\" rel=\"noreferrer noopener\">salmonella<\/a><\/strong>, respons\u00e1veis por quadros s\u00e9rios de intoxica\u00e7\u00e3o alimentar e diarreia. A presen\u00e7a desses insetos pode ser motivo suficiente para interdi\u00e7\u00e3o de estabelecimentos comerciais e compromete a seguran\u00e7a alimentar dos lares.<\/p>\n\n\n\n<p>Al\u00e9m do risco biol\u00f3gico, baratas deixam manchas, mau cheiro e at\u00e9 fragmentos de pele, agravando o problema de higiene. O contato frequente com alimentos e utens\u00edlios em ambientes contaminados aumenta ainda mais o potencial de transmiss\u00e3o de doen\u00e7as.<\/p>\n\n\n\n<h2 class=\"wp-block-heading\">Como identificar uma infesta\u00e7\u00e3o nesses aparelhos?<\/h2>\n\n\n\n<p>Sinais claros de infesta\u00e7\u00e3o incluem <strong>manchas escuras<\/strong> nas superf\u00edcies internas, presen\u00e7a de <strong>fezes pequenas<\/strong> e <strong>odor forte<\/strong> e caracter\u00edstico. Baratas costumam se esconder em pequenos espa\u00e7os e frestas, dificultando a visualiza\u00e7\u00e3o direta, mas seus rastros permanecem.<\/p>\n\n\n\n<p>\u00c9 importante observar tamb\u00e9m se h\u00e1 ovos ou cascas pr\u00f3ximos aos eletrodom\u00e9sticos, al\u00e9m de verificar ru\u00eddos noturnos e movimenta\u00e7\u00e3o incomum. Aten\u00e7\u00e3o redobrada a qualquer altera\u00e7\u00e3o no funcionamento ou em odores estranhos ajuda na detec\u00e7\u00e3o precoce.<\/p>\n\n\n\n<p>Leia mais: <a href=\"https:\/\/www.em.com.br\/emfoco\/2025\/10\/16\/nao-jogue-fora-a-casca-de-tangerina-ela-pode-ajudar-na-limpeza\/\" target=\"_blank\" rel=\"noreferrer noopener\">N\u00e3o jogue fora a casca de tangerina, ela pode ajudar na limpeza\u00a0<\/a><\/p>\n\n\n\n<h2 class=\"wp-block-heading\">Boas pr\u00e1ticas para preven\u00e7\u00e3o e controle<\/h2>\n\n\n\n<p>A <strong>limpeza profunda<\/strong> e frequente do micro-ondas e do forno, com aten\u00e7\u00e3o aos cantos e bandejas, \u00e9 essencial para evitar a prolifera\u00e7\u00e3o. N\u00e3o deixar restos de comida, migalhas ou l\u00edquidos acumulados, al\u00e9m de manter as portas dos aparelhos entreabertas para ventila\u00e7\u00e3o, s\u00e3o medidas de preven\u00e7\u00e3o eficazes.<\/p>\n\n\n\n<p>Vale tamb\u00e9m vedar frestas e fissuras ao redor dos aparelhos para limitar o acesso dos insetos, al\u00e9m de utilizar armadilhas naturais ou recorrer a profissionais em casos graves. Com manuten\u00e7\u00e3o adequada, \u00e9 poss\u00edvel garantir a sa\u00fade e o conforto dos moradores.<\/p>\n","protected":false},"excerpt":{"rendered":"<p>Quando se pensa na limpeza da cozinha, normalmente s\u00e3o consideradas as superf\u00edcies vis\u00edveis e os eletrodom\u00e9sticos de uso di\u00e1rio. No entanto, existem dois aparelhos comuns que, devido \u00e0s suas caracter\u00edsticas, podem se tornar o lar ideal para baratas. Esses insetos procuram lugares onde o calor e a umidade se combinam com restos de comida, e [&hellip;]<\/p>\n","protected":false},"author":20,"featured_media":116096,"comment_status":"open","ping_status":"open","sticky":false,"template":"","format":"standard","meta":{"jnews-multi-image_gallery":[],"jnews_single_post":{"format":"standard"},"jnews_primary_category":[],"jnews_social_meta":[],"jnews_override_counter":[],"footnotes":""},"categories":[28,1],"tags":[14569,17499,17500],"class_list":["post-116058","post","type-post","status-publish","format-standard","has-post-thumbnail","hentry","category-economia","category-noticias","tag-forno","tag-microondas","tag-risco-de-saude"],"yoast_head":"<!-- This site is optimized with the Yoast SEO plugin v23.8 - https:\/\/yoast.com\/wordpress\/plugins\/seo\/ -->\n<title>Os 2 eletrodom\u00e9sticos que atraem baratas e o que fazer para evitar - Estado de Minas - Em foco<\/title>\n<meta name=\"description\" content=\"O calor e a umidade do forno e micro-ondas atraem baratas. Veja as boas pr\u00e1ticas para a higiene e a seguran\u00e7a da sua cozinha.\" \/>\n<meta name=\"robots\" content=\"index, follow, max-snippet:-1, max-image-preview:large, max-video-preview:-1\" \/>\n<link rel=\"canonical\" href=\"https:\/\/www.em.com.br\/emfoco\/2025\/10\/17\/por-que-forno-e-micro-ondas-atraem-baratas-e-o-que-fazer-agora\/\" \/>\n<meta property=\"og:locale\" content=\"pt_BR\" \/>\n<meta property=\"og:type\" content=\"article\" \/>\n<meta property=\"og:title\" content=\"Os 2 eletrodom\u00e9sticos que atraem baratas e o que fazer para evitar - Estado de Minas - Em foco\" \/>\n<meta property=\"og:description\" content=\"O calor e a umidade do forno e micro-ondas atraem baratas. Veja as boas pr\u00e1ticas para a higiene e a seguran\u00e7a da sua cozinha.\" \/>\n<meta property=\"og:url\" content=\"https:\/\/www.em.com.br\/emfoco\/2025\/10\/17\/por-que-forno-e-micro-ondas-atraem-baratas-e-o-que-fazer-agora\/\" \/>\n<meta property=\"og:site_name\" content=\"Estado de Minas - Em foco\" \/>\n<meta property=\"article:published_time\" content=\"2025-10-17T14:45:00+00:00\" \/>\n<meta property=\"article:modified_time\" content=\"2025-10-16T21:38:07+00:00\" \/>\n<meta property=\"og:image\" content=\"https:\/\/www.em.com.br\/emfoco\/wp-content\/uploads\/2025\/10\/forno-sujo_1757240428585.jpg\" \/>\n\t<meta property=\"og:image:width\" content=\"1280\" \/>\n\t<meta property=\"og:image:height\" content=\"720\" \/>\n\t<meta property=\"og:image:type\" content=\"image\/jpeg\" \/>\n<meta name=\"author\" content=\"Ingrid Diniz\" \/>\n<meta name=\"twitter:card\" content=\"summary_large_image\" \/>\n<meta name=\"twitter:label1\" content=\"Escrito por\" \/>\n\t<meta name=\"twitter:data1\" content=\"Ingrid Diniz\" \/>\n\t<meta name=\"twitter:label2\" content=\"Est. tempo de leitura\" \/>\n\t<meta name=\"twitter:data2\" content=\"4 minutos\" \/>\n<!-- \/ Yoast SEO plugin. -->","yoast_head_json":{"title":"Os 2 eletrodom\u00e9sticos que atraem baratas e o que fazer para evitar - Estado de Minas - Em foco","description":"O calor e a umidade do forno e micro-ondas atraem baratas. Veja as boas pr\u00e1ticas para a higiene e a seguran\u00e7a da sua cozinha.","robots":{"index":"index","follow":"follow","max-snippet":"max-snippet:-1","max-image-preview":"max-image-preview:large","max-video-preview":"max-video-preview:-1"},"canonical":"https:\/\/www.em.com.br\/emfoco\/2025\/10\/17\/por-que-forno-e-micro-ondas-atraem-baratas-e-o-que-fazer-agora\/","og_locale":"pt_BR","og_type":"article","og_title":"Os 2 eletrodom\u00e9sticos que atraem baratas e o que fazer para evitar - Estado de Minas - Em foco","og_description":"O calor e a umidade do forno e micro-ondas atraem baratas. Veja as boas pr\u00e1ticas para a higiene e a seguran\u00e7a da sua cozinha.","og_url":"https:\/\/www.em.com.br\/emfoco\/2025\/10\/17\/por-que-forno-e-micro-ondas-atraem-baratas-e-o-que-fazer-agora\/","og_site_name":"Estado de Minas - Em foco","article_published_time":"2025-10-17T14:45:00+00:00","article_modified_time":"2025-10-16T21:38:07+00:00","og_image":[{"width":1280,"height":720,"url":"https:\/\/www.em.com.br\/emfoco\/wp-content\/uploads\/2025\/10\/forno-sujo_1757240428585.jpg","type":"image\/jpeg"}],"author":"Ingrid Diniz","twitter_card":"summary_large_image","twitter_misc":{"Escrito por":"Ingrid Diniz","Est. tempo de leitura":"4 minutos"},"schema":{"@context":"https:\/\/schema.org","@graph":[{"@type":"WebPage","@id":"https:\/\/www.em.com.br\/emfoco\/2025\/10\/17\/por-que-forno-e-micro-ondas-atraem-baratas-e-o-que-fazer-agora\/","url":"https:\/\/www.em.com.br\/emfoco\/2025\/10\/17\/por-que-forno-e-micro-ondas-atraem-baratas-e-o-que-fazer-agora\/","name":"Os 2 eletrodom\u00e9sticos que atraem baratas e o que fazer para evitar - Estado de Minas - Em foco","isPartOf":{"@id":"https:\/\/www.em.com.br\/emfoco\/#website"},"primaryImageOfPage":{"@id":"https:\/\/www.em.com.br\/emfoco\/2025\/10\/17\/por-que-forno-e-micro-ondas-atraem-baratas-e-o-que-fazer-agora\/#primaryimage"},"image":{"@id":"https:\/\/www.em.com.br\/emfoco\/2025\/10\/17\/por-que-forno-e-micro-ondas-atraem-baratas-e-o-que-fazer-agora\/#primaryimage"},"thumbnailUrl":"https:\/\/www.em.com.br\/emfoco\/wp-content\/uploads\/2025\/10\/forno-sujo_1757240428585.jpg","datePublished":"2025-10-17T14:45:00+00:00","dateModified":"2025-10-16T21:38:07+00:00","author":{"@id":"https:\/\/www.em.com.br\/emfoco\/#\/schema\/person\/649e610b4eb8fff87ff394e54fe17b2b"},"description":"O calor e a umidade do forno e micro-ondas atraem baratas. Veja as boas pr\u00e1ticas para a higiene e a seguran\u00e7a da sua cozinha.","breadcrumb":{"@id":"https:\/\/www.em.com.br\/emfoco\/2025\/10\/17\/por-que-forno-e-micro-ondas-atraem-baratas-e-o-que-fazer-agora\/#breadcrumb"},"inLanguage":"pt-BR","potentialAction":[{"@type":"ReadAction","target":["https:\/\/www.em.com.br\/emfoco\/2025\/10\/17\/por-que-forno-e-micro-ondas-atraem-baratas-e-o-que-fazer-agora\/"]}]},{"@type":"ImageObject","inLanguage":"pt-BR","@id":"https:\/\/www.em.com.br\/emfoco\/2025\/10\/17\/por-que-forno-e-micro-ondas-atraem-baratas-e-o-que-fazer-agora\/#primaryimage","url":"https:\/\/www.em.com.br\/emfoco\/wp-content\/uploads\/2025\/10\/forno-sujo_1757240428585.jpg","contentUrl":"https:\/\/www.em.com.br\/emfoco\/wp-content\/uploads\/2025\/10\/forno-sujo_1757240428585.jpg","width":1280,"height":720,"caption":"Limpeza dom\u00e9stica eficiente e como limpar a casa em apenas duas horas - Cr\u00e9ditos: depositphotos.com \/ Milkos"},{"@type":"BreadcrumbList","@id":"https:\/\/www.em.com.br\/emfoco\/2025\/10\/17\/por-que-forno-e-micro-ondas-atraem-baratas-e-o-que-fazer-agora\/#breadcrumb","itemListElement":[{"@type":"ListItem","position":1,"name":"In\u00edcio","item":"https:\/\/www.em.com.br\/emfoco\/"},{"@type":"ListItem","position":2,"name":"Os 2 eletrodom\u00e9sticos que atraem baratas e o que fazer para evitar"}]},{"@type":"WebSite","@id":"https:\/\/www.em.com.br\/emfoco\/#website","url":"https:\/\/www.em.com.br\/emfoco\/","name":"Estado de Minas - Em foco","description":"Acompanhe as \u00faltimas not\u00edcias e fique bem informado sobre tudo o que acontece em Minas Gerais, Brasil e no mundo.","potentialAction":[{"@type":"SearchAction","target":{"@type":"EntryPoint","urlTemplate":"https:\/\/www.em.com.br\/emfoco\/?s={search_term_string}"},"query-input":{"@type":"PropertyValueSpecification","valueRequired":true,"valueName":"search_term_string"}}],"inLanguage":"pt-BR"},{"@type":"Person","@id":"https:\/\/www.em.com.br\/emfoco\/#\/schema\/person\/649e610b4eb8fff87ff394e54fe17b2b","name":"Ingrid Diniz","image":{"@type":"ImageObject","inLanguage":"pt-BR","@id":"https:\/\/www.em.com.br\/emfoco\/#\/schema\/person\/image\/","url":"https:\/\/secure.gravatar.com\/avatar\/a3baa1449ec5c39b4c42babc9d4f3951?s=96&d=mm&r=g","contentUrl":"https:\/\/secure.gravatar.com\/avatar\/a3baa1449ec5c39b4c42babc9d4f3951?s=96&d=mm&r=g","caption":"Ingrid Diniz"},"sameAs":["https:\/\/www.em.com.br\/"],"url":"https:\/\/www.em.com.br\/emfoco\/author\/ingridmyth\/"}]}},"_links":{"self":[{"href":"https:\/\/www.em.com.br\/emfoco\/wp-json\/wp\/v2\/posts\/116058","targetHints":{"allow":["GET"]}}],"collection":[{"href":"https:\/\/www.em.com.br\/emfoco\/wp-json\/wp\/v2\/posts"}],"about":[{"href":"https:\/\/www.em.com.br\/emfoco\/wp-json\/wp\/v2\/types\/post"}],"author":[{"embeddable":true,"href":"https:\/\/www.em.com.br\/emfoco\/wp-json\/wp\/v2\/users\/20"}],"replies":[{"embeddable":true,"href":"https:\/\/www.em.com.br\/emfoco\/wp-json\/wp\/v2\/comments?post=116058"}],"version-history":[{"count":2,"href":"https:\/\/www.em.com.br\/emfoco\/wp-json\/wp\/v2\/posts\/116058\/revisions"}],"predecessor-version":[{"id":116288,"href":"https:\/\/www.em.com.br\/emfoco\/wp-json\/wp\/v2\/posts\/116058\/revisions\/116288"}],"wp:featuredmedia":[{"embeddable":true,"href":"https:\/\/www.em.com.br\/emfoco\/wp-json\/wp\/v2\/media\/116096"}],"wp:attachment":[{"href":"https:\/\/www.em.com.br\/emfoco\/wp-json\/wp\/v2\/media?parent=116058"}],"wp:term":[{"taxonomy":"category","embeddable":true,"href":"https:\/\/www.em.com.br\/emfoco\/wp-json\/wp\/v2\/categories?post=116058"},{"taxonomy":"post_tag","embeddable":true,"href":"https:\/\/www.em.com.br\/emfoco\/wp-json\/wp\/v2\/tags?post=116058"}],"curies":[{"name":"wp","href":"https:\/\/api.w.org\/{rel}","templated":true}]}}