{"id":116057,"date":"2025-10-17T09:35:00","date_gmt":"2025-10-17T12:35:00","guid":{"rendered":"https:\/\/www.em.com.br\/emfoco\/?p=116057"},"modified":"2025-10-16T18:36:06","modified_gmt":"2025-10-16T21:36:06","slug":"a-terra-pode-estar-perto-do-limite-climatico-e-os-sinais-ja-comecaram","status":"publish","type":"post","link":"https:\/\/www.em.com.br\/emfoco\/2025\/10\/17\/a-terra-pode-estar-perto-do-limite-climatico-e-os-sinais-ja-comecaram\/","title":{"rendered":"A Terra pode estar perto do limite clim\u00e1tico e os sinais j\u00e1 come\u00e7aram"},"content":{"rendered":"\n<p>A situa\u00e7\u00e3o cr\u00edtica dos recifes de corais ilustra os efeitos severos do aquecimento dos oceanos. Desde 2023, esses ecossistemas essenciais enfrentam um branqueamento em massa, afetando profundamente a biodiversidade marinha. Os recifes s\u00e3o vitais n\u00e3o apenas para as esp\u00e9cies que abrigam, mas tamb\u00e9m para as comunidades humanas que dependem deles para alimenta\u00e7\u00e3o e prote\u00e7\u00e3o costeira. A perda desse habitat representa uma amea\u00e7a significativa \u00e0 seguran\u00e7a alimentar e \u00e0 resili\u00eancia das regi\u00f5es costeiras contra tempestades e eros\u00f5es.<\/p>\n\n\n\n<p>Esse fen\u00f4meno \u00e9 um exemplo dos muitos pontos cr\u00edticos clim\u00e1ticos que o planeta enfrenta atualmente. As mudan\u00e7as clim\u00e1ticas est\u00e3o aproximando a <strong>Terra <\/strong>de um estado em que esses pontos de inflex\u00e3o podem desencadear altera\u00e7\u00f5es irrevers\u00edveis nos ecossistemas. A <strong>Floresta Amaz\u00f4nica<\/strong>, por exemplo, est\u00e1 sob amea\u00e7a de perder sua capacidade de influenciar o clima global. A eleva\u00e7\u00e3o das temperaturas globais est\u00e1 tamb\u00e9m acelerando o derretimento das geleiras, contribuindo para o aumento do n\u00edvel do mar. Al\u00e9m disso, correntes oce\u00e2nicas essenciais, como a <strong>AMOC<\/strong>, est\u00e3o em risco de desestabiliza\u00e7\u00e3o, o que pode ter efeitos devastadores sobre os climas regionais e as pr\u00e1ticas agr\u00edcolas.<\/p>\n\n\n\n<h2 class=\"wp-block-heading\">Quais s\u00e3o as consequ\u00eancias dos pontos cr\u00edticos clim\u00e1ticos?<\/h2>\n\n\n<div class=\"wp-block-image\">\n<figure class=\"aligncenter size-large\"><img loading=\"lazy\" decoding=\"async\" width=\"1024\" height=\"576\" src=\"https:\/\/www.em.com.br\/emfoco\/wp-content\/uploads\/2025\/10\/amazonas-brasil_1757239378022-1024x576.jpg\" alt=\"\" class=\"wp-image-116084\" srcset=\"https:\/\/www.em.com.br\/emfoco\/wp-content\/uploads\/2025\/10\/amazonas-brasil_1757239378022-1024x576.jpg 1024w, https:\/\/www.em.com.br\/emfoco\/wp-content\/uploads\/2025\/10\/amazonas-brasil_1757239378022-300x169.jpg 300w, https:\/\/www.em.com.br\/emfoco\/wp-content\/uploads\/2025\/10\/amazonas-brasil_1757239378022-768x432.jpg 768w, https:\/\/www.em.com.br\/emfoco\/wp-content\/uploads\/2025\/10\/amazonas-brasil_1757239378022-750x422.jpg 750w, https:\/\/www.em.com.br\/emfoco\/wp-content\/uploads\/2025\/10\/amazonas-brasil_1757239378022-1140x641.jpg 1140w, https:\/\/www.em.com.br\/emfoco\/wp-content\/uploads\/2025\/10\/amazonas-brasil_1757239378022.jpg 1280w\" sizes=\"auto, (max-width: 1024px) 100vw, 1024px\" \/><figcaption class=\"wp-element-caption\">Vista superior das florestas da Amaz\u00f4nia &#8211; Cr\u00e9ditos: depositphotos.com \/ gustavofrazao<\/figcaption><\/figure><\/div>\n\n\n<p>Os pontos de inflex\u00e3o clim\u00e1ticos representam amea\u00e7as que podem transformar completamente o funcionamento dos ecossistemas naturais. Altera\u00e7\u00f5es como o potencial colapso da <strong>Amaz\u00f4nia <\/strong>impactariam diretamente o ciclo de carbono global, enquanto a desestabiliza\u00e7\u00e3o de correntes oce\u00e2nicas poderia resultar em mudan\u00e7as significativas nos padr\u00f5es de precipita\u00e7\u00e3o e temperatura ao n\u00edvel mundial. Estes eventos configuram um cen\u00e1rio onde as cat\u00e1strofes naturais se tornam mais frequentes e severas, colocando em risco a seguran\u00e7a das popula\u00e7\u00f5es e a viabilidade econ\u00f4mica de muitas regi\u00f5es.<\/p>\n\n\n\n<p>Al\u00e9m disso, a intensifica\u00e7\u00e3o desses pontos cr\u00edticos pode favorecer a ocorr\u00eancia de eventos extremos, como ondas de calor, secas prolongadas e chuvas torrenciais. Tais fen\u00f4menos t\u00eam efeitos sociais e econ\u00f4micos negativos, por exemplo, dificultando a produ\u00e7\u00e3o agr\u00edcola, contribuindo para a migra\u00e7\u00e3o for\u00e7ada de popula\u00e7\u00f5es e aumentando os custos com infraestrutura e sa\u00fade p\u00fablica. A biodiversidade sofre impactos irrevers\u00edveis, e esp\u00e9cies inteiras podem ser extintas, alterando profundamente a din\u00e2mica dos ecossistemas globais.<\/p>\n\n\n\n<h2 class=\"wp-block-heading\">Que passos podem ser tomados para controlar essa situa\u00e7\u00e3o?<\/h2>\n\n\n\n<p>Para mitigar as amea\u00e7as clim\u00e1ticas iminentes, \u00e9 fundamental adotar medidas que visem \u00e0 redu\u00e7\u00e3o das emiss\u00f5es de gases de efeito estufa e \u00e0 promo\u00e7\u00e3o de energias renov\u00e1veis. A transi\u00e7\u00e3o para tecnologias limpas, incluindo energia solar, e\u00f3lica e ve\u00edculos el\u00e9tricos, deve ser intensificada. Al\u00e9m disso, t\u00e9cnicas de remo\u00e7\u00e3o de carbono atmosf\u00e9rico devem ser implementadas em larga escala para ajudar a controlar o aquecimento global. Requere-se uma a\u00e7\u00e3o global coordenada para implementar essas mudan\u00e7as necess\u00e1rias de modo eficaz e eficiente.<\/p>\n\n\n\n<p>Paralelamente, \u00e9 essencial investir em adapta\u00e7\u00f5es para os impactos inevit\u00e1veis das mudan\u00e7as j\u00e1 em curso, como reflorestamento, restaura\u00e7\u00e3o de ecossistemas naturais, fortalecimento de barreiras costeiras naturais e educa\u00e7\u00e3o ambiental. A participa\u00e7\u00e3o da sociedade civil e do setor privado, ao lado dos compromissos governamentais, s\u00e3o fatores chave para o \u00eaxito dessas a\u00e7\u00f5es. A inova\u00e7\u00e3o tecnol\u00f3gica e o financiamento verde tamb\u00e9m s\u00e3o pe\u00e7as fundamentais para acelerar a transi\u00e7\u00e3o sustent\u00e1vel e proteger os recursos naturais essenciais.<\/p>\n\n\n\n<p>Leia mais: <a href=\"https:\/\/www.em.com.br\/emfoco\/2025\/10\/14\/mudanca-no-clima-minas-gerais-deve-voltar-a-ter-chuva-nos-proximos-dias\/\" target=\"_blank\" rel=\"noreferrer noopener\">Mudan\u00e7a no clima, Minas Gerais deve voltar a ter chuva nos pr\u00f3ximos dias<\/a><\/p>\n\n\n\n<h2 class=\"wp-block-heading\">A import\u00e2ncia da COP30 na luta contra mudan\u00e7as clim\u00e1ticas<\/h2>\n\n\n\n<p>A <strong><a href=\"https:\/\/cop30.br\/\" target=\"_blank\" rel=\"noreferrer noopener\">COP30<\/a><\/strong>, que ocorrer\u00e1 no <strong>Brasil<\/strong>, \u00e9 um marco importante para incentivar a\u00e7\u00f5es globais mais ambiciosas no combate \u00e0s mudan\u00e7as clim\u00e1ticas. Com a oportunidade de estabelecer pautas mais rigorosas para a redu\u00e7\u00e3o de emiss\u00f5es, a confer\u00eancia pode estimular colabora\u00e7\u00f5es entre pa\u00edses visando a um futuro sustent\u00e1vel. As decis\u00f5es tomadas neste evento podem orientar os esfor\u00e7os mundiais e definir o grau de comprometimento da comunidade internacional em preservar ecossistemas vitais enquanto ainda h\u00e1 tempo.<\/p>\n\n\n\n<p>O evento tamb\u00e9m servir\u00e1 como plataforma para discutir tecnologias inovadoras e mecanismos de financiamento internacional, al\u00e9m de trazer visibilidade a temas cr\u00edticos como justi\u00e7a clim\u00e1tica e o papel dos povos ind\u00edgenas na prote\u00e7\u00e3o da biodiversidade. O envolvimento das lideran\u00e7as e a mobiliza\u00e7\u00e3o da sociedade global durante a <strong>COP30 <\/strong>podem ser um ponto de virada para o fortalecimento dos acordos multilaterais e o avan\u00e7o rumo a pr\u00e1ticas ambientais mais respons\u00e1veis, tornando poss\u00edvel reverter tend\u00eancias preocupantes j\u00e1 observadas.<\/p>\n\n\n\n<p>O futuro do planeta depende de decis\u00f5es e a\u00e7\u00f5es implementadas agora. Um compromisso global em adotar pr\u00e1ticas sustent\u00e1veis pode n\u00e3o apenas frear as mudan\u00e7as clim\u00e1ticas, mas tamb\u00e9m oferecer uma alternativa vi\u00e1vel de futuro, onde o meio ambiente e a sociedade possam coexistir mutuamente de forma ben\u00e9fica.<\/p>\n","protected":false},"excerpt":{"rendered":"<p>A situa\u00e7\u00e3o cr\u00edtica dos recifes de corais ilustra os efeitos severos do aquecimento dos oceanos. Desde 2023, esses ecossistemas essenciais enfrentam um branqueamento em massa, afetando profundamente a biodiversidade marinha. Os recifes s\u00e3o vitais n\u00e3o apenas para as esp\u00e9cies que abrigam, mas tamb\u00e9m para as comunidades humanas que dependem deles para alimenta\u00e7\u00e3o e prote\u00e7\u00e3o costeira. [&hellip;]<\/p>\n","protected":false},"author":20,"featured_media":115561,"comment_status":"open","ping_status":"open","sticky":false,"template":"","format":"standard","meta":{"jnews-multi-image_gallery":[],"jnews_single_post":{"format":"standard"},"jnews_primary_category":[],"jnews_social_meta":[],"jnews_override_counter":[],"footnotes":""},"categories":[28,1],"tags":[204,14999,155],"class_list":["post-116057","post","type-post","status-publish","format-standard","has-post-thumbnail","hentry","category-economia","category-noticias","tag-alerta","tag-climas","tag-tempo"],"yoast_head":"<!-- This site is optimized with the Yoast SEO plugin v23.8 - https:\/\/yoast.com\/wordpress\/plugins\/seo\/ -->\n<title>A Terra pode estar perto do limite clim\u00e1tico e os sinais j\u00e1 come\u00e7aram - Estado de Minas - Em foco<\/title>\n<meta name=\"description\" content=\"A desestabiliza\u00e7\u00e3o do clima amea\u00e7a a agricultura e eleva custos. Veja a import\u00e2ncia da COP30 para o seu futuro.\" \/>\n<meta name=\"robots\" content=\"index, follow, max-snippet:-1, max-image-preview:large, max-video-preview:-1\" \/>\n<link rel=\"canonical\" href=\"https:\/\/www.em.com.br\/emfoco\/2025\/10\/17\/a-terra-pode-estar-perto-do-limite-climatico-e-os-sinais-ja-comecaram\/\" \/>\n<meta property=\"og:locale\" content=\"pt_BR\" \/>\n<meta property=\"og:type\" content=\"article\" \/>\n<meta property=\"og:title\" content=\"A Terra pode estar perto do limite clim\u00e1tico e os sinais j\u00e1 come\u00e7aram - Estado de Minas - Em foco\" \/>\n<meta property=\"og:description\" content=\"A desestabiliza\u00e7\u00e3o do clima amea\u00e7a a agricultura e eleva custos. Veja a import\u00e2ncia da COP30 para o seu futuro.\" \/>\n<meta property=\"og:url\" content=\"https:\/\/www.em.com.br\/emfoco\/2025\/10\/17\/a-terra-pode-estar-perto-do-limite-climatico-e-os-sinais-ja-comecaram\/\" \/>\n<meta property=\"og:site_name\" content=\"Estado de Minas - Em foco\" \/>\n<meta property=\"article:published_time\" content=\"2025-10-17T12:35:00+00:00\" \/>\n<meta property=\"article:modified_time\" content=\"2025-10-16T21:36:06+00:00\" \/>\n<meta property=\"og:image\" content=\"https:\/\/www.em.com.br\/emfoco\/wp-content\/uploads\/2025\/10\/calor_1757231944559.jpg\" \/>\n\t<meta property=\"og:image:width\" content=\"1280\" \/>\n\t<meta property=\"og:image:height\" content=\"720\" \/>\n\t<meta property=\"og:image:type\" content=\"image\/jpeg\" \/>\n<meta name=\"author\" content=\"Ingrid Diniz\" \/>\n<meta name=\"twitter:card\" content=\"summary_large_image\" \/>\n<meta name=\"twitter:label1\" content=\"Escrito por\" \/>\n\t<meta name=\"twitter:data1\" content=\"Ingrid Diniz\" \/>\n\t<meta name=\"twitter:label2\" content=\"Est. tempo de leitura\" \/>\n\t<meta name=\"twitter:data2\" content=\"5 minutos\" \/>\n<!-- \/ Yoast SEO plugin. -->","yoast_head_json":{"title":"A Terra pode estar perto do limite clim\u00e1tico e os sinais j\u00e1 come\u00e7aram - Estado de Minas - Em foco","description":"A desestabiliza\u00e7\u00e3o do clima amea\u00e7a a agricultura e eleva custos. Veja a import\u00e2ncia da COP30 para o seu futuro.","robots":{"index":"index","follow":"follow","max-snippet":"max-snippet:-1","max-image-preview":"max-image-preview:large","max-video-preview":"max-video-preview:-1"},"canonical":"https:\/\/www.em.com.br\/emfoco\/2025\/10\/17\/a-terra-pode-estar-perto-do-limite-climatico-e-os-sinais-ja-comecaram\/","og_locale":"pt_BR","og_type":"article","og_title":"A Terra pode estar perto do limite clim\u00e1tico e os sinais j\u00e1 come\u00e7aram - Estado de Minas - Em foco","og_description":"A desestabiliza\u00e7\u00e3o do clima amea\u00e7a a agricultura e eleva custos. Veja a import\u00e2ncia da COP30 para o seu futuro.","og_url":"https:\/\/www.em.com.br\/emfoco\/2025\/10\/17\/a-terra-pode-estar-perto-do-limite-climatico-e-os-sinais-ja-comecaram\/","og_site_name":"Estado de Minas - Em foco","article_published_time":"2025-10-17T12:35:00+00:00","article_modified_time":"2025-10-16T21:36:06+00:00","og_image":[{"width":1280,"height":720,"url":"https:\/\/www.em.com.br\/emfoco\/wp-content\/uploads\/2025\/10\/calor_1757231944559.jpg","type":"image\/jpeg"}],"author":"Ingrid Diniz","twitter_card":"summary_large_image","twitter_misc":{"Escrito por":"Ingrid Diniz","Est. tempo de leitura":"5 minutos"},"schema":{"@context":"https:\/\/schema.org","@graph":[{"@type":"WebPage","@id":"https:\/\/www.em.com.br\/emfoco\/2025\/10\/17\/a-terra-pode-estar-perto-do-limite-climatico-e-os-sinais-ja-comecaram\/","url":"https:\/\/www.em.com.br\/emfoco\/2025\/10\/17\/a-terra-pode-estar-perto-do-limite-climatico-e-os-sinais-ja-comecaram\/","name":"A Terra pode estar perto do limite clim\u00e1tico e os sinais j\u00e1 come\u00e7aram - Estado de Minas - Em foco","isPartOf":{"@id":"https:\/\/www.em.com.br\/emfoco\/#website"},"primaryImageOfPage":{"@id":"https:\/\/www.em.com.br\/emfoco\/2025\/10\/17\/a-terra-pode-estar-perto-do-limite-climatico-e-os-sinais-ja-comecaram\/#primaryimage"},"image":{"@id":"https:\/\/www.em.com.br\/emfoco\/2025\/10\/17\/a-terra-pode-estar-perto-do-limite-climatico-e-os-sinais-ja-comecaram\/#primaryimage"},"thumbnailUrl":"https:\/\/www.em.com.br\/emfoco\/wp-content\/uploads\/2025\/10\/calor_1757231944559.jpg","datePublished":"2025-10-17T12:35:00+00:00","dateModified":"2025-10-16T21:36:06+00:00","author":{"@id":"https:\/\/www.em.com.br\/emfoco\/#\/schema\/person\/649e610b4eb8fff87ff394e54fe17b2b"},"description":"A desestabiliza\u00e7\u00e3o do clima amea\u00e7a a agricultura e eleva custos. Veja a import\u00e2ncia da COP30 para o seu futuro.","breadcrumb":{"@id":"https:\/\/www.em.com.br\/emfoco\/2025\/10\/17\/a-terra-pode-estar-perto-do-limite-climatico-e-os-sinais-ja-comecaram\/#breadcrumb"},"inLanguage":"pt-BR","potentialAction":[{"@type":"ReadAction","target":["https:\/\/www.em.com.br\/emfoco\/2025\/10\/17\/a-terra-pode-estar-perto-do-limite-climatico-e-os-sinais-ja-comecaram\/"]}]},{"@type":"ImageObject","inLanguage":"pt-BR","@id":"https:\/\/www.em.com.br\/emfoco\/2025\/10\/17\/a-terra-pode-estar-perto-do-limite-climatico-e-os-sinais-ja-comecaram\/#primaryimage","url":"https:\/\/www.em.com.br\/emfoco\/wp-content\/uploads\/2025\/10\/calor_1757231944559.jpg","contentUrl":"https:\/\/www.em.com.br\/emfoco\/wp-content\/uploads\/2025\/10\/calor_1757231944559.jpg","width":1280,"height":720,"caption":"O que faz sua casa esquentar tanto - Cr\u00e9ditos: depositphotos.com \/ HayDmitriy"},{"@type":"BreadcrumbList","@id":"https:\/\/www.em.com.br\/emfoco\/2025\/10\/17\/a-terra-pode-estar-perto-do-limite-climatico-e-os-sinais-ja-comecaram\/#breadcrumb","itemListElement":[{"@type":"ListItem","position":1,"name":"In\u00edcio","item":"https:\/\/www.em.com.br\/emfoco\/"},{"@type":"ListItem","position":2,"name":"A Terra pode estar perto do limite clim\u00e1tico e os sinais j\u00e1 come\u00e7aram"}]},{"@type":"WebSite","@id":"https:\/\/www.em.com.br\/emfoco\/#website","url":"https:\/\/www.em.com.br\/emfoco\/","name":"Estado de Minas - Em foco","description":"Acompanhe as \u00faltimas not\u00edcias e fique bem informado sobre tudo o que acontece em Minas Gerais, Brasil e no mundo.","potentialAction":[{"@type":"SearchAction","target":{"@type":"EntryPoint","urlTemplate":"https:\/\/www.em.com.br\/emfoco\/?s={search_term_string}"},"query-input":{"@type":"PropertyValueSpecification","valueRequired":true,"valueName":"search_term_string"}}],"inLanguage":"pt-BR"},{"@type":"Person","@id":"https:\/\/www.em.com.br\/emfoco\/#\/schema\/person\/649e610b4eb8fff87ff394e54fe17b2b","name":"Ingrid Diniz","image":{"@type":"ImageObject","inLanguage":"pt-BR","@id":"https:\/\/www.em.com.br\/emfoco\/#\/schema\/person\/image\/","url":"https:\/\/secure.gravatar.com\/avatar\/a3baa1449ec5c39b4c42babc9d4f3951?s=96&d=mm&r=g","contentUrl":"https:\/\/secure.gravatar.com\/avatar\/a3baa1449ec5c39b4c42babc9d4f3951?s=96&d=mm&r=g","caption":"Ingrid Diniz"},"sameAs":["https:\/\/www.em.com.br\/"],"url":"https:\/\/www.em.com.br\/emfoco\/author\/ingridmyth\/"}]}},"_links":{"self":[{"href":"https:\/\/www.em.com.br\/emfoco\/wp-json\/wp\/v2\/posts\/116057","targetHints":{"allow":["GET"]}}],"collection":[{"href":"https:\/\/www.em.com.br\/emfoco\/wp-json\/wp\/v2\/posts"}],"about":[{"href":"https:\/\/www.em.com.br\/emfoco\/wp-json\/wp\/v2\/types\/post"}],"author":[{"embeddable":true,"href":"https:\/\/www.em.com.br\/emfoco\/wp-json\/wp\/v2\/users\/20"}],"replies":[{"embeddable":true,"href":"https:\/\/www.em.com.br\/emfoco\/wp-json\/wp\/v2\/comments?post=116057"}],"version-history":[{"count":3,"href":"https:\/\/www.em.com.br\/emfoco\/wp-json\/wp\/v2\/posts\/116057\/revisions"}],"predecessor-version":[{"id":116286,"href":"https:\/\/www.em.com.br\/emfoco\/wp-json\/wp\/v2\/posts\/116057\/revisions\/116286"}],"wp:featuredmedia":[{"embeddable":true,"href":"https:\/\/www.em.com.br\/emfoco\/wp-json\/wp\/v2\/media\/115561"}],"wp:attachment":[{"href":"https:\/\/www.em.com.br\/emfoco\/wp-json\/wp\/v2\/media?parent=116057"}],"wp:term":[{"taxonomy":"category","embeddable":true,"href":"https:\/\/www.em.com.br\/emfoco\/wp-json\/wp\/v2\/categories?post=116057"},{"taxonomy":"post_tag","embeddable":true,"href":"https:\/\/www.em.com.br\/emfoco\/wp-json\/wp\/v2\/tags?post=116057"}],"curies":[{"name":"wp","href":"https:\/\/api.w.org\/{rel}","templated":true}]}}