{"id":116056,"date":"2025-10-17T07:15:00","date_gmt":"2025-10-17T10:15:00","guid":{"rendered":"https:\/\/www.em.com.br\/emfoco\/?p=116056"},"modified":"2025-10-16T18:30:27","modified_gmt":"2025-10-16T21:30:27","slug":"camara-aprova-mudanca-na-divisao-de-bens-apos-morte","status":"publish","type":"post","link":"https:\/\/www.em.com.br\/emfoco\/2025\/10\/17\/camara-aprova-mudanca-na-divisao-de-bens-apos-morte\/","title":{"rendered":"C\u00e2mara aprova mudan\u00e7a na divis\u00e3o de bens ap\u00f3s morte"},"content":{"rendered":"\n<p>No cen\u00e1rio jur\u00eddico brasileiro atual, o processo de div\u00f3rcio pode ser interrompido no caso de falecimento de um dos c\u00f4njuges. No entanto, o <strong><a href=\"https:\/\/www.camara.leg.br\/proposicoesWeb\/fichadetramitacao?idProposicao=2417521\" target=\"_blank\" rel=\"noreferrer noopener\">Projeto de Lei 198\/24<\/a><\/strong>, aprovado recentemente pela <strong>C\u00e2mara dos Deputados<\/strong>, prop\u00f5e significativas altera\u00e7\u00f5es neste procedimento. A iniciativa sugere que, mesmo ap\u00f3s a morte de uma das partes, o processo de div\u00f3rcio possa ser mantido pelos herdeiros do falecido, consolidando a inten\u00e7\u00e3o previamente expressa do c\u00f4njuge em solicitar a dissolu\u00e7\u00e3o do casamento. Essa modifica\u00e7\u00e3o no <strong>C\u00f3digo Civil<\/strong> busca assegurar que o desejo de div\u00f3rcio manifestado n\u00e3o seja anulado pela morte, resguardando direitos sucess\u00f3rios e benef\u00edcios previdenci\u00e1rios envolvidos.<\/p>\n\n\n\n<p>A proposta, elaborada pela deputada <strong>Laura Carneiro do PSD<\/strong>, reflete uma mudan\u00e7a de entendimento em rela\u00e7\u00e3o ao direito de fam\u00edlia e sucess\u00f5es no <strong>Brasil<\/strong>. Atualmente, existe uma compreens\u00e3o jurisprudencial que requer que o desejo de se divorciar seja claramente manifestado pelo falecido durante seu processo de div\u00f3rcio. Todavia, caso o projeto seja sancionado, permitir\u00e1 que o processo de div\u00f3rcio continue sem a necessidade de comprova\u00e7\u00e3o expl\u00edcita do desejo de se separar ap\u00f3s a morte de um c\u00f4njuge. A inten\u00e7\u00e3o \u00e9 preservar o desejo do falecido e permitir que seus herdeiros decidam dar continuidade ao processo.<\/p>\n\n\n\n<h2 class=\"wp-block-heading\">Qual \u00e9 o impacto no direito sucess\u00f3rio com a nova proposta?<\/h2>\n\n\n<div class=\"wp-block-image\">\n<figure class=\"aligncenter size-large\"><img loading=\"lazy\" decoding=\"async\" width=\"1024\" height=\"576\" src=\"https:\/\/www.em.com.br\/emfoco\/wp-content\/uploads\/2025\/06\/dinheiro-reais_1748976565269-1024x576.jpg\" alt=\"Patos de Minas anuncia concurso p\u00fablico com sal\u00e1rios de at\u00e9 R$ 5,4 mil\" class=\"wp-image-55004\" srcset=\"https:\/\/www.em.com.br\/emfoco\/wp-content\/uploads\/2025\/06\/dinheiro-reais_1748976565269-1024x576.jpg 1024w, https:\/\/www.em.com.br\/emfoco\/wp-content\/uploads\/2025\/06\/dinheiro-reais_1748976565269-300x169.jpg 300w, https:\/\/www.em.com.br\/emfoco\/wp-content\/uploads\/2025\/06\/dinheiro-reais_1748976565269-768x432.jpg 768w, https:\/\/www.em.com.br\/emfoco\/wp-content\/uploads\/2025\/06\/dinheiro-reais_1748976565269-750x422.jpg 750w, https:\/\/www.em.com.br\/emfoco\/wp-content\/uploads\/2025\/06\/dinheiro-reais_1748976565269-1140x641.jpg 1140w, https:\/\/www.em.com.br\/emfoco\/wp-content\/uploads\/2025\/06\/dinheiro-reais_1748976565269.jpg 1280w\" sizes=\"auto, (max-width: 1024px) 100vw, 1024px\" \/><figcaption class=\"wp-element-caption\">Homem segurando notas de R$ 50 &#8211; Cr\u00e9ditos: depositphotos.com \/ verganifotografia<\/figcaption><\/figure><\/div>\n\n\n<p>O impacto do <strong>PL 198\/24<\/strong> sobre o direito sucess\u00f3rio \u00e9 substancial. O direito sucess\u00f3rio refere-se \u00e0 transfer\u00eancia de bens e patrim\u00f4nio do falecido, e como esses bens s\u00e3o distribu\u00eddos entre os herdeiros. Com a possibilidade do div\u00f3rcio ser mantido ap\u00f3s a morte, a divis\u00e3o dos bens pode ser significativamente alterada. Se antes a uni\u00e3o se mantinha intacta na aus\u00eancia de uma manifesta\u00e7\u00e3o clara em vida, agora, com a aprova\u00e7\u00e3o do projeto, a configura\u00e7\u00e3o patrimonial pode ser redefinida mesmo postumamente.<\/p>\n\n\n\n<p>A advogada <strong>Tatiana Naumann<\/strong>, especialista em <strong>Direito de Fam\u00edlia e Sucess\u00f5es<\/strong>, destaca que ao permitir que o inventariante, em nome dos herdeiros, escolha prosseguir com o div\u00f3rcio, altera-se diretamente a forma como os bens s\u00e3o partilhados. Isso pode conduzir a uma nova din\u00e2mica na divis\u00e3o de bens, j\u00e1 que um div\u00f3rcio efetivado traz uma nova perspectiva sobre o que constitui bens comuns e direitos dos herdeiros.<\/p>\n\n\n\n<h2 class=\"wp-block-heading\">Como o projeto beneficia os herdeiros e o c\u00f4njuge falecido?<\/h2>\n\n\n\n<p>A principal vantagem do projeto para os herdeiros e para a mem\u00f3ria do c\u00f4njuge falecido est\u00e1 na garantia de autonomia. Ao permitir que os herdeiros decidam pela continuidade do processo de div\u00f3rcio, reconhece-se o desejo pr\u00e9vio do falecido e sua vontade em dissolver o casamento. Isso evita que situa\u00e7\u00f5es indesejadas prejudiquem o que j\u00e1 foi claramente desejado e registrado durante a vida do falecido.<\/p>\n\n\n\n<ul class=\"wp-block-list\">\n<li>Garantia de respeito \u00e0 vontade do falecido<\/li>\n\n\n\n<li>Prote\u00e7\u00e3o dos direitos dos herdeiros em rela\u00e7\u00e3o \u00e0 divis\u00e3o de bens<\/li>\n\n\n\n<li>Possibilidade de reorganiza\u00e7\u00e3o patrimonial mais alinhada com a inten\u00e7\u00e3o original do falecido<\/li>\n<\/ul>\n\n\n\n<p>Leia mais: <a href=\"https:\/\/www.em.com.br\/emfoco\/2025\/08\/10\/senado-aprova-reajuste-do-imposto-de-renda\/\" target=\"_blank\" rel=\"noreferrer noopener\">Senado aprova reajuste do Imposto de Renda<\/a><\/p>\n\n\n\n<h2 class=\"wp-block-heading\">Quais s\u00e3o os pr\u00f3ximos passos para a aprova\u00e7\u00e3o do PL 198\/24?<\/h2>\n\n\n\n<p>Ap\u00f3s a aprova\u00e7\u00e3o na <strong><a href=\"https:\/\/www.camara.leg.br\/\" target=\"_blank\" rel=\"noreferrer noopener\">C\u00e2mara dos Deputados<\/a><\/strong>, o <strong>PL 198\/24 <\/strong>seguir\u00e1 para o <strong>Senado Federal<\/strong>. Caso seja sancionado, estabelecer\u00e1 um novo paradigma na legisla\u00e7\u00e3o de fam\u00edlia e sucess\u00f5es do <strong>Brasil<\/strong>. A sua promulga\u00e7\u00e3o colocar\u00e1 fim a muitas discuss\u00f5es doutrin\u00e1rias sobre a continuidade do processo de div\u00f3rcio ap\u00f3s a morte de um dos c\u00f4njuges, proporcionando uma maior clareza e assertividade em casos futuros.<\/p>\n\n\n\n<p>A decis\u00e3o de aprovar ou n\u00e3o tal projeto envolve uma profunda reflex\u00e3o sobre os impactos nas rela\u00e7\u00f5es familiares e sobre a necessidade de um sistema jur\u00eddico que respeite com mais efic\u00e1cia as vontades expressas por indiv\u00edduos ao longo de suas vidas. O debate em torno deste projeto ressalta ainda mais a import\u00e2ncia de equilibrar os direitos individuais com a din\u00e2mica complexa das rela\u00e7\u00f5es familiares e sucess\u00f3rias.<\/p>\n","protected":false},"excerpt":{"rendered":"<p>No cen\u00e1rio jur\u00eddico brasileiro atual, o processo de div\u00f3rcio pode ser interrompido no caso de falecimento de um dos c\u00f4njuges. No entanto, o Projeto de Lei 198\/24, aprovado recentemente pela C\u00e2mara dos Deputados, prop\u00f5e significativas altera\u00e7\u00f5es neste procedimento. A iniciativa sugere que, mesmo ap\u00f3s a morte de uma das partes, o processo de div\u00f3rcio possa [&hellip;]<\/p>\n","protected":false},"author":20,"featured_media":54991,"comment_status":"open","ping_status":"open","sticky":false,"template":"","format":"standard","meta":{"jnews-multi-image_gallery":[],"jnews_single_post":{"format":"standard"},"jnews_primary_category":[],"jnews_social_meta":[],"jnews_override_counter":[],"footnotes":""},"categories":[28,1],"tags":[17497,1689,1452,17498],"class_list":["post-116056","post","type-post","status-publish","format-standard","has-post-thumbnail","hentry","category-economia","category-noticias","tag-camara-de-deputados","tag-divorcio","tag-heranca","tag-pl-198-24"],"yoast_head":"<!-- This site is optimized with the Yoast SEO plugin v23.8 - https:\/\/yoast.com\/wordpress\/plugins\/seo\/ -->\n<title>C\u00e2mara aprova mudan\u00e7a na divis\u00e3o de bens ap\u00f3s morte - Estado de Minas - Em foco<\/title>\n<meta name=\"description\" content=\"PL 198\/24 permite div\u00f3rcio ap\u00f3s morte do c\u00f4njuge. Entenda como a nova lei protege a vontade do falecido e os bens da fam\u00edlia.\" \/>\n<meta name=\"robots\" content=\"index, follow, max-snippet:-1, max-image-preview:large, max-video-preview:-1\" \/>\n<link rel=\"canonical\" href=\"https:\/\/www.em.com.br\/emfoco\/2025\/10\/17\/camara-aprova-mudanca-na-divisao-de-bens-apos-morte\/\" \/>\n<meta property=\"og:locale\" content=\"pt_BR\" \/>\n<meta property=\"og:type\" content=\"article\" \/>\n<meta property=\"og:title\" content=\"C\u00e2mara aprova mudan\u00e7a na divis\u00e3o de bens ap\u00f3s morte - Estado de Minas - Em foco\" \/>\n<meta property=\"og:description\" content=\"PL 198\/24 permite div\u00f3rcio ap\u00f3s morte do c\u00f4njuge. Entenda como a nova lei protege a vontade do falecido e os bens da fam\u00edlia.\" \/>\n<meta property=\"og:url\" content=\"https:\/\/www.em.com.br\/emfoco\/2025\/10\/17\/camara-aprova-mudanca-na-divisao-de-bens-apos-morte\/\" \/>\n<meta property=\"og:site_name\" content=\"Estado de Minas - Em foco\" \/>\n<meta property=\"article:published_time\" content=\"2025-10-17T10:15:00+00:00\" \/>\n<meta property=\"article:modified_time\" content=\"2025-10-16T21:30:27+00:00\" \/>\n<meta property=\"og:image\" content=\"https:\/\/www.em.com.br\/emfoco\/wp-content\/uploads\/2025\/06\/idoso-com-dinheiro-reais_1743473065115.jpg\" \/>\n\t<meta property=\"og:image:width\" content=\"1280\" \/>\n\t<meta property=\"og:image:height\" content=\"720\" \/>\n\t<meta property=\"og:image:type\" content=\"image\/jpeg\" \/>\n<meta name=\"author\" content=\"Ingrid Diniz\" \/>\n<meta name=\"twitter:card\" content=\"summary_large_image\" \/>\n<meta name=\"twitter:label1\" content=\"Escrito por\" \/>\n\t<meta name=\"twitter:data1\" content=\"Ingrid Diniz\" \/>\n\t<meta name=\"twitter:label2\" content=\"Est. tempo de leitura\" \/>\n\t<meta name=\"twitter:data2\" content=\"4 minutos\" \/>\n<!-- \/ Yoast SEO plugin. -->","yoast_head_json":{"title":"C\u00e2mara aprova mudan\u00e7a na divis\u00e3o de bens ap\u00f3s morte - Estado de Minas - Em foco","description":"PL 198\/24 permite div\u00f3rcio ap\u00f3s morte do c\u00f4njuge. Entenda como a nova lei protege a vontade do falecido e os bens da fam\u00edlia.","robots":{"index":"index","follow":"follow","max-snippet":"max-snippet:-1","max-image-preview":"max-image-preview:large","max-video-preview":"max-video-preview:-1"},"canonical":"https:\/\/www.em.com.br\/emfoco\/2025\/10\/17\/camara-aprova-mudanca-na-divisao-de-bens-apos-morte\/","og_locale":"pt_BR","og_type":"article","og_title":"C\u00e2mara aprova mudan\u00e7a na divis\u00e3o de bens ap\u00f3s morte - Estado de Minas - Em foco","og_description":"PL 198\/24 permite div\u00f3rcio ap\u00f3s morte do c\u00f4njuge. Entenda como a nova lei protege a vontade do falecido e os bens da fam\u00edlia.","og_url":"https:\/\/www.em.com.br\/emfoco\/2025\/10\/17\/camara-aprova-mudanca-na-divisao-de-bens-apos-morte\/","og_site_name":"Estado de Minas - Em foco","article_published_time":"2025-10-17T10:15:00+00:00","article_modified_time":"2025-10-16T21:30:27+00:00","og_image":[{"width":1280,"height":720,"url":"https:\/\/www.em.com.br\/emfoco\/wp-content\/uploads\/2025\/06\/idoso-com-dinheiro-reais_1743473065115.jpg","type":"image\/jpeg"}],"author":"Ingrid Diniz","twitter_card":"summary_large_image","twitter_misc":{"Escrito por":"Ingrid Diniz","Est. tempo de leitura":"4 minutos"},"schema":{"@context":"https:\/\/schema.org","@graph":[{"@type":"WebPage","@id":"https:\/\/www.em.com.br\/emfoco\/2025\/10\/17\/camara-aprova-mudanca-na-divisao-de-bens-apos-morte\/","url":"https:\/\/www.em.com.br\/emfoco\/2025\/10\/17\/camara-aprova-mudanca-na-divisao-de-bens-apos-morte\/","name":"C\u00e2mara aprova mudan\u00e7a na divis\u00e3o de bens ap\u00f3s morte - Estado de Minas - Em foco","isPartOf":{"@id":"https:\/\/www.em.com.br\/emfoco\/#website"},"primaryImageOfPage":{"@id":"https:\/\/www.em.com.br\/emfoco\/2025\/10\/17\/camara-aprova-mudanca-na-divisao-de-bens-apos-morte\/#primaryimage"},"image":{"@id":"https:\/\/www.em.com.br\/emfoco\/2025\/10\/17\/camara-aprova-mudanca-na-divisao-de-bens-apos-morte\/#primaryimage"},"thumbnailUrl":"https:\/\/www.em.com.br\/emfoco\/wp-content\/uploads\/2025\/06\/idoso-com-dinheiro-reais_1743473065115.jpg","datePublished":"2025-10-17T10:15:00+00:00","dateModified":"2025-10-16T21:30:27+00:00","author":{"@id":"https:\/\/www.em.com.br\/emfoco\/#\/schema\/person\/649e610b4eb8fff87ff394e54fe17b2b"},"description":"PL 198\/24 permite div\u00f3rcio ap\u00f3s morte do c\u00f4njuge. Entenda como a nova lei protege a vontade do falecido e os bens da fam\u00edlia.","breadcrumb":{"@id":"https:\/\/www.em.com.br\/emfoco\/2025\/10\/17\/camara-aprova-mudanca-na-divisao-de-bens-apos-morte\/#breadcrumb"},"inLanguage":"pt-BR","potentialAction":[{"@type":"ReadAction","target":["https:\/\/www.em.com.br\/emfoco\/2025\/10\/17\/camara-aprova-mudanca-na-divisao-de-bens-apos-morte\/"]}]},{"@type":"ImageObject","inLanguage":"pt-BR","@id":"https:\/\/www.em.com.br\/emfoco\/2025\/10\/17\/camara-aprova-mudanca-na-divisao-de-bens-apos-morte\/#primaryimage","url":"https:\/\/www.em.com.br\/emfoco\/wp-content\/uploads\/2025\/06\/idoso-com-dinheiro-reais_1743473065115.jpg","contentUrl":"https:\/\/www.em.com.br\/emfoco\/wp-content\/uploads\/2025\/06\/idoso-com-dinheiro-reais_1743473065115.jpg","width":1280,"height":720,"caption":"Pagamento do Bolsa Fam\u00edlia para NIS final 5 - Cr\u00e9ditos: depositphotos.com \/ AngelaMacario"},{"@type":"BreadcrumbList","@id":"https:\/\/www.em.com.br\/emfoco\/2025\/10\/17\/camara-aprova-mudanca-na-divisao-de-bens-apos-morte\/#breadcrumb","itemListElement":[{"@type":"ListItem","position":1,"name":"In\u00edcio","item":"https:\/\/www.em.com.br\/emfoco\/"},{"@type":"ListItem","position":2,"name":"C\u00e2mara aprova mudan\u00e7a na divis\u00e3o de bens ap\u00f3s morte"}]},{"@type":"WebSite","@id":"https:\/\/www.em.com.br\/emfoco\/#website","url":"https:\/\/www.em.com.br\/emfoco\/","name":"Estado de Minas - Em foco","description":"Acompanhe as \u00faltimas not\u00edcias e fique bem informado sobre tudo o que acontece em Minas Gerais, Brasil e no mundo.","potentialAction":[{"@type":"SearchAction","target":{"@type":"EntryPoint","urlTemplate":"https:\/\/www.em.com.br\/emfoco\/?s={search_term_string}"},"query-input":{"@type":"PropertyValueSpecification","valueRequired":true,"valueName":"search_term_string"}}],"inLanguage":"pt-BR"},{"@type":"Person","@id":"https:\/\/www.em.com.br\/emfoco\/#\/schema\/person\/649e610b4eb8fff87ff394e54fe17b2b","name":"Ingrid Diniz","image":{"@type":"ImageObject","inLanguage":"pt-BR","@id":"https:\/\/www.em.com.br\/emfoco\/#\/schema\/person\/image\/","url":"https:\/\/secure.gravatar.com\/avatar\/a3baa1449ec5c39b4c42babc9d4f3951?s=96&d=mm&r=g","contentUrl":"https:\/\/secure.gravatar.com\/avatar\/a3baa1449ec5c39b4c42babc9d4f3951?s=96&d=mm&r=g","caption":"Ingrid Diniz"},"sameAs":["https:\/\/www.em.com.br\/"],"url":"https:\/\/www.em.com.br\/emfoco\/author\/ingridmyth\/"}]}},"_links":{"self":[{"href":"https:\/\/www.em.com.br\/emfoco\/wp-json\/wp\/v2\/posts\/116056","targetHints":{"allow":["GET"]}}],"collection":[{"href":"https:\/\/www.em.com.br\/emfoco\/wp-json\/wp\/v2\/posts"}],"about":[{"href":"https:\/\/www.em.com.br\/emfoco\/wp-json\/wp\/v2\/types\/post"}],"author":[{"embeddable":true,"href":"https:\/\/www.em.com.br\/emfoco\/wp-json\/wp\/v2\/users\/20"}],"replies":[{"embeddable":true,"href":"https:\/\/www.em.com.br\/emfoco\/wp-json\/wp\/v2\/comments?post=116056"}],"version-history":[{"count":2,"href":"https:\/\/www.em.com.br\/emfoco\/wp-json\/wp\/v2\/posts\/116056\/revisions"}],"predecessor-version":[{"id":116282,"href":"https:\/\/www.em.com.br\/emfoco\/wp-json\/wp\/v2\/posts\/116056\/revisions\/116282"}],"wp:featuredmedia":[{"embeddable":true,"href":"https:\/\/www.em.com.br\/emfoco\/wp-json\/wp\/v2\/media\/54991"}],"wp:attachment":[{"href":"https:\/\/www.em.com.br\/emfoco\/wp-json\/wp\/v2\/media?parent=116056"}],"wp:term":[{"taxonomy":"category","embeddable":true,"href":"https:\/\/www.em.com.br\/emfoco\/wp-json\/wp\/v2\/categories?post=116056"},{"taxonomy":"post_tag","embeddable":true,"href":"https:\/\/www.em.com.br\/emfoco\/wp-json\/wp\/v2\/tags?post=116056"}],"curies":[{"name":"wp","href":"https:\/\/api.w.org\/{rel}","templated":true}]}}