{"id":115969,"date":"2025-10-18T11:00:00","date_gmt":"2025-10-18T14:00:00","guid":{"rendered":"https:\/\/www.em.com.br\/emfoco\/?p=115969"},"modified":"2025-10-17T23:41:14","modified_gmt":"2025-10-18T02:41:14","slug":"passageiros-enfrentam-novas-restricoes-para-bagagem-de-mao","status":"publish","type":"post","link":"https:\/\/www.em.com.br\/emfoco\/2025\/10\/18\/passageiros-enfrentam-novas-restricoes-para-bagagem-de-mao\/","title":{"rendered":"Passageiros enfrentam novas restri\u00e7\u00f5es para bagagem de m\u00e3o"},"content":{"rendered":"\n<p>A&nbsp;<strong>Virgin Australia<\/strong>&nbsp;anunciou novas regras rigorosas de bagagem de m\u00e3o, programadas para entrar em vigor a partir de fevereiro de&nbsp;<strong>2026<\/strong>. Essas mudan\u00e7as visam melhorar a disponibilidade de espa\u00e7o nos compartimentos superiores e diminuir atrasos. Confira os principais pontos que voc\u00ea deve saber para se preparar:<\/p>\n\n\n\n<ul class=\"wp-block-list\">\n<li>Limite de peso para bagagem de m\u00e3o aumentou para 8kg.<\/li>\n\n\n\n<li>Op\u00e7\u00e3o de distribui\u00e7\u00e3o de peso entre dois volumes foi removida.<\/li>\n\n\n\n<li>Membros da classe executiva t\u00eam direito a franquias especiais.<\/li>\n<\/ul>\n\n\n\n<h2 class=\"wp-block-heading\">Qual \u00e9 a nova pol\u00edtica de bagagem de m\u00e3o?<\/h2>\n\n\n\n<p>A&nbsp;<strong>nova pol\u00edtica de bagagem de m\u00e3o<\/strong>&nbsp;da Virgin Australia permite que passageiros da classe econ\u00f4mica levem uma mala de m\u00e3o de at\u00e9 8kg mais um item pessoal pequeno, como uma bolsa ou mochila que caiba sob o assento. Vale destacar que, para voos internacionais, recomenda-se verificar as exig\u00eancias espec\u00edficas do pa\u00eds de destino, pois podem haver restri\u00e7\u00f5es adicionais conforme as autoridades de transporte.<\/p>\n\n\n\n<h2 class=\"wp-block-heading\">Viajantes da classe executiva t\u00eam benef\u00edcios extras?<\/h2>\n\n\n\n<p>Sim, membros da&nbsp;<strong>classe executiva<\/strong>&nbsp;e clientes com status Gold, Forever Gold, Platinum e Platinum Plus Velocity, al\u00e9m de convidados do Economy X, podem transportar at\u00e9 duas malas de m\u00e3o, com peso total de at\u00e9 14kg. Esse benef\u00edcio coloca a Virgin Australia em linha com companhias como a&nbsp;<strong>Qantas Airways<\/strong>, oferecendo mais flexibilidade aos passageiros frequentes.<\/p>\n\n\n\n<figure class=\"wp-block-image\"><img decoding=\"async\" src=\"https:\/\/www.em.com.br\/emfoco\/wp-content\/uploads\/2025\/05\/bagagem-de-mao_1747835357917-1024x576.jpg\" alt=\"\"\/><figcaption class=\"wp-element-caption\">As taxas para bagagem de m\u00e3o &#8211; Cr\u00e9ditos: depositphotos.com \/ sergii.kl.ua<\/figcaption><\/figure>\n\n\n\n<h2 class=\"wp-block-heading\">Como a nova regra afeta viajantes com beb\u00eas?<\/h2>\n\n\n\n<p>Adultos acompanhados de beb\u00eas podem levar um item pessoal extra, como uma&nbsp;<strong>bolsa de fraldas<\/strong>. Um carrinho dobr\u00e1vel ser\u00e1 considerado como um item padr\u00e3o de bagagem de m\u00e3o, devendo atender as dimens\u00f5es especificadas. Al\u00e9m disso, a Virgin Australia recomenda que, sempre que poss\u00edvel, itens essenciais para o beb\u00ea estejam em um \u00fanico volume para facilitar a fiscaliza\u00e7\u00e3o no aeroporto.<\/p>\n\n\n\n<h2 class=\"wp-block-heading\">Que compara\u00e7\u00f5es podem ser feitas com outras companhias a\u00e9reas?<\/h2>\n\n\n\n<p>A&nbsp;<strong>Virgin Australia<\/strong>&nbsp;n\u00e3o est\u00e1 sozinha na restri\u00e7\u00e3o de bagagens. Companhias internacionais como a&nbsp;<strong>Air Canada<\/strong>&nbsp;e a&nbsp;<strong>United Airlines<\/strong>&nbsp;tamb\u00e9m implementaram medidas semelhantes para gerenciar melhor o espa\u00e7o e o tempo de embarque. Outra tend\u00eancia mundial \u00e9 o aumento das taxas para bagagem despachada, incentivando os passageiros a aderir aos novos limites de bagagem de m\u00e3o.<\/p>\n\n\n\n<h2 class=\"wp-block-heading\">Quais s\u00e3o os novos benef\u00edcios e iniciativas da Virgin Australia?<\/h2>\n\n\n\n<p>A companhia introduziu a op\u00e7\u00e3o de assentos sem vizinhos em voos dom\u00e9sticos e internacionais de curta dist\u00e2ncia, al\u00e9m de estar prestes a lan\u00e7ar voos que permitem o transporte de animais de estima\u00e7\u00e3o \u2014 uma novidade que deve chegar a mais rotas em&nbsp;<strong>2026<\/strong>. Segundo o gerente de opera\u00e7\u00f5es da empresa, essas iniciativas s\u00e3o parte de um amplo esfor\u00e7o para tornar a experi\u00eancia do cliente cada vez mais confort\u00e1vel.<\/p>\n\n\n\n<h2 class=\"wp-block-heading\">O que considerar sobre as mudan\u00e7as finais?<\/h2>\n\n\n\n<ul class=\"wp-block-list\">\n<li>Ajuste nas regras visa melhorar a experi\u00eancia dos passageiros ao reduzir atrasos e aumentar a seguran\u00e7a.<\/li>\n\n\n\n<li>Altera\u00e7\u00f5es refletem as demandas e feedbacks dos clientes e da equipe.<\/li>\n\n\n\n<li>Compara\u00e7\u00f5es com pol\u00edticas globais destacam uma tend\u00eancia crescente de controle mais rigoroso de bagagens.<\/li>\n<\/ul>\n","protected":false},"excerpt":{"rendered":"<p>A&nbsp;Virgin Australia&nbsp;anunciou novas regras rigorosas de bagagem de m\u00e3o, programadas para entrar em vigor a partir de fevereiro de&nbsp;2026. Essas mudan\u00e7as visam melhorar a disponibilidade de espa\u00e7o nos compartimentos superiores e diminuir atrasos. Confira os principais pontos que voc\u00ea deve saber para se preparar: Qual \u00e9 a nova pol\u00edtica de bagagem de m\u00e3o? A&nbsp;nova pol\u00edtica [&hellip;]<\/p>\n","protected":false},"author":11,"featured_media":49237,"comment_status":"open","ping_status":"open","sticky":false,"template":"","format":"standard","meta":{"jnews-multi-image_gallery":[],"jnews_single_post":{"format":"standard"},"jnews_primary_category":[],"jnews_social_meta":[],"jnews_override_counter":[],"footnotes":""},"categories":[8819,1],"tags":[3045,4607,4591,11437,1128],"class_list":["post-115969","post","type-post","status-publish","format-standard","has-post-thumbnail","hentry","category-curiosidades","category-noticias","tag-aviao","tag-bagagem","tag-bagagem-de-mao","tag-embarque","tag-viagem"],"yoast_head":"<!-- This site is optimized with the Yoast SEO plugin v23.8 - https:\/\/yoast.com\/wordpress\/plugins\/seo\/ -->\n<title>Passageiros enfrentam novas restri\u00e7\u00f5es para bagagem de m\u00e3o - Estado de Minas - Em foco<\/title>\n<meta name=\"description\" content=\"Mudan\u00e7a nas regras alteram a forma de embarcar. Passageiros devem se adaptar \u00e0s novas normas de bagagem de m\u00e3o.\" \/>\n<meta name=\"robots\" content=\"index, follow, max-snippet:-1, max-image-preview:large, max-video-preview:-1\" \/>\n<link rel=\"canonical\" href=\"https:\/\/www.em.com.br\/emfoco\/2025\/10\/18\/passageiros-enfrentam-novas-restricoes-para-bagagem-de-mao\/\" \/>\n<meta property=\"og:locale\" content=\"pt_BR\" \/>\n<meta property=\"og:type\" content=\"article\" \/>\n<meta property=\"og:title\" content=\"Passageiros enfrentam novas restri\u00e7\u00f5es para bagagem de m\u00e3o - Estado de Minas - Em foco\" \/>\n<meta property=\"og:description\" content=\"Mudan\u00e7a nas regras alteram a forma de embarcar. Passageiros devem se adaptar \u00e0s novas normas de bagagem de m\u00e3o.\" \/>\n<meta property=\"og:url\" content=\"https:\/\/www.em.com.br\/emfoco\/2025\/10\/18\/passageiros-enfrentam-novas-restricoes-para-bagagem-de-mao\/\" \/>\n<meta property=\"og:site_name\" content=\"Estado de Minas - Em foco\" \/>\n<meta property=\"article:published_time\" content=\"2025-10-18T14:00:00+00:00\" \/>\n<meta property=\"article:modified_time\" content=\"2025-10-18T02:41:14+00:00\" \/>\n<meta property=\"og:image\" content=\"https:\/\/www.em.com.br\/emfoco\/wp-content\/uploads\/2025\/05\/bagagem-de-mao_1747835421778.jpg\" \/>\n\t<meta property=\"og:image:width\" content=\"1280\" \/>\n\t<meta property=\"og:image:height\" content=\"720\" \/>\n\t<meta property=\"og:image:type\" content=\"image\/jpeg\" \/>\n<meta name=\"author\" content=\"Andre\u0301 Rangel\u00a0\" \/>\n<meta name=\"twitter:card\" content=\"summary_large_image\" \/>\n<meta name=\"twitter:label1\" content=\"Escrito por\" \/>\n\t<meta name=\"twitter:data1\" content=\"Andre\u0301 Rangel\u00a0\" \/>\n\t<meta name=\"twitter:label2\" content=\"Est. tempo de leitura\" \/>\n\t<meta name=\"twitter:data2\" content=\"4 minutos\" \/>\n<!-- \/ Yoast SEO plugin. -->","yoast_head_json":{"title":"Passageiros enfrentam novas restri\u00e7\u00f5es para bagagem de m\u00e3o - Estado de Minas - Em foco","description":"Mudan\u00e7a nas regras alteram a forma de embarcar. Passageiros devem se adaptar \u00e0s novas normas de bagagem de m\u00e3o.","robots":{"index":"index","follow":"follow","max-snippet":"max-snippet:-1","max-image-preview":"max-image-preview:large","max-video-preview":"max-video-preview:-1"},"canonical":"https:\/\/www.em.com.br\/emfoco\/2025\/10\/18\/passageiros-enfrentam-novas-restricoes-para-bagagem-de-mao\/","og_locale":"pt_BR","og_type":"article","og_title":"Passageiros enfrentam novas restri\u00e7\u00f5es para bagagem de m\u00e3o - Estado de Minas - Em foco","og_description":"Mudan\u00e7a nas regras alteram a forma de embarcar. Passageiros devem se adaptar \u00e0s novas normas de bagagem de m\u00e3o.","og_url":"https:\/\/www.em.com.br\/emfoco\/2025\/10\/18\/passageiros-enfrentam-novas-restricoes-para-bagagem-de-mao\/","og_site_name":"Estado de Minas - Em foco","article_published_time":"2025-10-18T14:00:00+00:00","article_modified_time":"2025-10-18T02:41:14+00:00","og_image":[{"width":1280,"height":720,"url":"https:\/\/www.em.com.br\/emfoco\/wp-content\/uploads\/2025\/05\/bagagem-de-mao_1747835421778.jpg","type":"image\/jpeg"}],"author":"Andre\u0301 Rangel\u00a0","twitter_card":"summary_large_image","twitter_misc":{"Escrito por":"Andre\u0301 Rangel\u00a0","Est. tempo de leitura":"4 minutos"},"schema":{"@context":"https:\/\/schema.org","@graph":[{"@type":"WebPage","@id":"https:\/\/www.em.com.br\/emfoco\/2025\/10\/18\/passageiros-enfrentam-novas-restricoes-para-bagagem-de-mao\/","url":"https:\/\/www.em.com.br\/emfoco\/2025\/10\/18\/passageiros-enfrentam-novas-restricoes-para-bagagem-de-mao\/","name":"Passageiros enfrentam novas restri\u00e7\u00f5es para bagagem de m\u00e3o - Estado de Minas - Em foco","isPartOf":{"@id":"https:\/\/www.em.com.br\/emfoco\/#website"},"primaryImageOfPage":{"@id":"https:\/\/www.em.com.br\/emfoco\/2025\/10\/18\/passageiros-enfrentam-novas-restricoes-para-bagagem-de-mao\/#primaryimage"},"image":{"@id":"https:\/\/www.em.com.br\/emfoco\/2025\/10\/18\/passageiros-enfrentam-novas-restricoes-para-bagagem-de-mao\/#primaryimage"},"thumbnailUrl":"https:\/\/www.em.com.br\/emfoco\/wp-content\/uploads\/2025\/05\/bagagem-de-mao_1747835421778.jpg","datePublished":"2025-10-18T14:00:00+00:00","dateModified":"2025-10-18T02:41:14+00:00","author":{"@id":"https:\/\/www.em.com.br\/emfoco\/#\/schema\/person\/60eda09c1fedf0d6891f4cef4b60b8b8"},"description":"Mudan\u00e7a nas regras alteram a forma de embarcar. Passageiros devem se adaptar \u00e0s novas normas de bagagem de m\u00e3o.","breadcrumb":{"@id":"https:\/\/www.em.com.br\/emfoco\/2025\/10\/18\/passageiros-enfrentam-novas-restricoes-para-bagagem-de-mao\/#breadcrumb"},"inLanguage":"pt-BR","potentialAction":[{"@type":"ReadAction","target":["https:\/\/www.em.com.br\/emfoco\/2025\/10\/18\/passageiros-enfrentam-novas-restricoes-para-bagagem-de-mao\/"]}]},{"@type":"ImageObject","inLanguage":"pt-BR","@id":"https:\/\/www.em.com.br\/emfoco\/2025\/10\/18\/passageiros-enfrentam-novas-restricoes-para-bagagem-de-mao\/#primaryimage","url":"https:\/\/www.em.com.br\/emfoco\/wp-content\/uploads\/2025\/05\/bagagem-de-mao_1747835421778.jpg","contentUrl":"https:\/\/www.em.com.br\/emfoco\/wp-content\/uploads\/2025\/05\/bagagem-de-mao_1747835421778.jpg","width":1280,"height":720,"caption":"Extravio de bagagem de m\u00e3o - Cr\u00e9ditos: depositphotos.com \/ mproduction"},{"@type":"BreadcrumbList","@id":"https:\/\/www.em.com.br\/emfoco\/2025\/10\/18\/passageiros-enfrentam-novas-restricoes-para-bagagem-de-mao\/#breadcrumb","itemListElement":[{"@type":"ListItem","position":1,"name":"In\u00edcio","item":"https:\/\/www.em.com.br\/emfoco\/"},{"@type":"ListItem","position":2,"name":"Passageiros enfrentam novas restri\u00e7\u00f5es para bagagem de m\u00e3o"}]},{"@type":"WebSite","@id":"https:\/\/www.em.com.br\/emfoco\/#website","url":"https:\/\/www.em.com.br\/emfoco\/","name":"Estado de Minas - Em foco","description":"Acompanhe as \u00faltimas not\u00edcias e fique bem informado sobre tudo o que acontece em Minas Gerais, Brasil e no mundo.","potentialAction":[{"@type":"SearchAction","target":{"@type":"EntryPoint","urlTemplate":"https:\/\/www.em.com.br\/emfoco\/?s={search_term_string}"},"query-input":{"@type":"PropertyValueSpecification","valueRequired":true,"valueName":"search_term_string"}}],"inLanguage":"pt-BR"},{"@type":"Person","@id":"https:\/\/www.em.com.br\/emfoco\/#\/schema\/person\/60eda09c1fedf0d6891f4cef4b60b8b8","name":"Andre\u0301 Rangel\u00a0","image":{"@type":"ImageObject","inLanguage":"pt-BR","@id":"https:\/\/www.em.com.br\/emfoco\/#\/schema\/person\/image\/","url":"https:\/\/secure.gravatar.com\/avatar\/6234dc814c77c8ef6d8bba622c787efc?s=96&d=mm&r=g","contentUrl":"https:\/\/secure.gravatar.com\/avatar\/6234dc814c77c8ef6d8bba622c787efc?s=96&d=mm&r=g","caption":"Andre\u0301 Rangel\u00a0"},"url":"https:\/\/www.em.com.br\/emfoco\/author\/luizmyth\/"}]}},"_links":{"self":[{"href":"https:\/\/www.em.com.br\/emfoco\/wp-json\/wp\/v2\/posts\/115969","targetHints":{"allow":["GET"]}}],"collection":[{"href":"https:\/\/www.em.com.br\/emfoco\/wp-json\/wp\/v2\/posts"}],"about":[{"href":"https:\/\/www.em.com.br\/emfoco\/wp-json\/wp\/v2\/types\/post"}],"author":[{"embeddable":true,"href":"https:\/\/www.em.com.br\/emfoco\/wp-json\/wp\/v2\/users\/11"}],"replies":[{"embeddable":true,"href":"https:\/\/www.em.com.br\/emfoco\/wp-json\/wp\/v2\/comments?post=115969"}],"version-history":[{"count":2,"href":"https:\/\/www.em.com.br\/emfoco\/wp-json\/wp\/v2\/posts\/115969\/revisions"}],"predecessor-version":[{"id":115971,"href":"https:\/\/www.em.com.br\/emfoco\/wp-json\/wp\/v2\/posts\/115969\/revisions\/115971"}],"wp:featuredmedia":[{"embeddable":true,"href":"https:\/\/www.em.com.br\/emfoco\/wp-json\/wp\/v2\/media\/49237"}],"wp:attachment":[{"href":"https:\/\/www.em.com.br\/emfoco\/wp-json\/wp\/v2\/media?parent=115969"}],"wp:term":[{"taxonomy":"category","embeddable":true,"href":"https:\/\/www.em.com.br\/emfoco\/wp-json\/wp\/v2\/categories?post=115969"},{"taxonomy":"post_tag","embeddable":true,"href":"https:\/\/www.em.com.br\/emfoco\/wp-json\/wp\/v2\/tags?post=115969"}],"curies":[{"name":"wp","href":"https:\/\/api.w.org\/{rel}","templated":true}]}}