{"id":11594,"date":"2025-01-28T14:20:00","date_gmt":"2025-01-28T17:20:00","guid":{"rendered":"https:\/\/www.em.com.br\/emfoco\/?p=11594"},"modified":"2025-01-26T18:06:11","modified_gmt":"2025-01-26T21:06:11","slug":"conheca-o-cantinho-cultural-que-encanta-quem-visita","status":"publish","type":"post","link":"https:\/\/www.em.com.br\/emfoco\/2025\/01\/28\/conheca-o-cantinho-cultural-que-encanta-quem-visita\/","title":{"rendered":"Conhe\u00e7a o cantinho cultural que encanta quem visita!"},"content":{"rendered":"\n<p>Contagem, uma cidade rica em hist\u00f3ria e cultura, abriga um conjunto de edifica\u00e7\u00f5es que testemunham diferentes \u00e9pocas e manifesta\u00e7\u00f5es culturais. A Casa da Cultura Nair Mendes Moreira, o Centro Cultural, a Biblioteca P\u00fablica, a Casa de Cacos e o Casar\u00e3o do Parque Gentil Diniz s\u00e3o alguns dos pontos que podem ser explorados por aqueles que desejam conhecer melhor o passado deste munic\u00edpio mineiro.<\/p>\n\n\n\n<p>Destinados a adultos, jovens e crian\u00e7as, estes espa\u00e7os est\u00e3o de portas abertas durante a semana, proporcionando uma imers\u00e3o na hist\u00f3ria local. Al\u00e9m do interesse individual, escolas podem agendar visitas atrav\u00e9s do site oficial, o que facilita o planejamento e garante uma experi\u00eancia educativa completa.<\/p>\n\n\n\n<h2 class=\"wp-block-heading\">O Que Faz a Casa de Cacos Especial?<\/h2>\n\n\n\n<p>A Casa de Cacos, integrada ao patrim\u00f4nio municipal em 1991, tem uma hist\u00f3ria \u00fanica que come\u00e7a na d\u00e9cada de 1960. Criada por Carlos Lu\u00eds de Almeida, conhecido como &#8220;Seu Carlos&#8221;, a casa transformou-se, ao longo dos anos, em um mosaico vibrante composto por cacos coletados ao redor do mundo. Ap\u00f3s a morte do idealizador em 1989, a casa foi finalmente restaurada e reinaugurada em 2022, tornando-se um ponto tur\u00edstico popular em Contagem.<\/p>\n\n\n\n<p>Por sua originalidade e preserva\u00e7\u00e3o, a Casa de Cacos recebe numerosos visitantes, incluindo curiosos, estudantes e turistas que se encantam com esta obra de arte inusitada. Localizada no bairro Bernardo Monteiro, oferece visitas de ter\u00e7a a domingo, sem necessidade de agendamento pr\u00e9vio.<\/p>\n\n\n\n<figure class=\"wp-block-image size-full\"><img loading=\"lazy\" decoding=\"async\" width=\"799\" height=\"450\" src=\"https:\/\/www.em.com.br\/emfoco\/wp-content\/uploads\/2024\/11\/image-13-e1732652852965.png\" alt=\"O Fascinante Patrim\u00f4nio de Contagem: Uma Viagem ao Passado Mineiro!\" class=\"wp-image-1602\" srcset=\"https:\/\/www.em.com.br\/emfoco\/wp-content\/uploads\/2024\/11\/image-13-e1732652852965.png 799w, https:\/\/www.em.com.br\/emfoco\/wp-content\/uploads\/2024\/11\/image-13-e1732652852965-300x169.png 300w, https:\/\/www.em.com.br\/emfoco\/wp-content\/uploads\/2024\/11\/image-13-e1732652852965-768x433.png 768w, https:\/\/www.em.com.br\/emfoco\/wp-content\/uploads\/2024\/11\/image-13-e1732652852965-750x422.png 750w\" sizes=\"auto, (max-width: 799px) 100vw, 799px\" \/><figcaption class=\"wp-element-caption\">Casa dos Cacos &#8211; Cr\u00e9ditos: Prefeitura de Contagem<\/figcaption><\/figure>\n\n\n\n<h2 class=\"wp-block-heading\">Qual a Import\u00e2ncia da Casa da Cultura Nair Mendes Moreira?<\/h2>\n\n\n\n<p>Localizado no centro de Contagem, o <strong><a href=\"https:\/\/www.gov.br\/museus\/pt-br\/assuntos\/politicas-do-setor-museal\/politica-nacional-de-educacao-museal-pnem\/banco-de-projetos\/museu-historico-de-contagem\" target=\"_blank\" rel=\"noreferrer noopener\">Museu Hist\u00f3rico de Contagem<\/a><\/strong>, mais conhecido como Casa da Cultura Nair Mendes Moreira, \u00e9 um dos mais significativos edif\u00edcios do s\u00e9culo XVIII da regi\u00e3o. Tombado como patrim\u00f4nio p\u00fablico em 2007, foi restaurado em 2021 para abrigar exposi\u00e7\u00f5es e eventos que celebram a hist\u00f3ria e a cultura local.<\/p>\n\n\n\n<p>Registrando a mem\u00f3ria do munic\u00edpio, a casa guarda documentos importantes e atua como palco para diversas atividades culturais. Sua localiza\u00e7\u00e3o estrat\u00e9gica na Pra\u00e7a Vereador Josias Bel\u00e9m, facilita o acesso e atrai visitantes regulares, especialmente durante os dias \u00fateis.<\/p>\n\n\n\n<h2 class=\"wp-block-heading\">Quais Experi\u00eancias Oferece o Centro Cultural de Contagem?<\/h2>\n\n\n\n<p>O Centro Cultural Prefeito Francisco Firmo de Matos Filho, popularmente conhecido por suas Casas Amarela, Azul e Rosa, encapsula a ess\u00eancia das constru\u00e7\u00f5es coloniais dos s\u00e9culos XIX e XX. Os casar\u00f5es, revitalizados em 1998, agora atuam como um importante polo para jovens talentos e amantes da arte.<\/p>\n\n\n\n<p>Este espa\u00e7o cultural oferece uma gama de atividades como cursos e exposi\u00e7\u00f5es, que promovem o acesso \u00e0 arte em suas diversas formas. Localizado convenientemente no centro da cidade, \u00e9 um ponto de encontro para cultura e criatividade de segunda a sexta-feira.<\/p>\n\n\n\n<h2 class=\"wp-block-heading\">O Que Torna o Casar\u00e3o do Parque Gentil Diniz Um Tesouro Hist\u00f3rico?<\/h2>\n\n\n\n<p>O Casar\u00e3o do Parque Gentil Diniz \u00e9 um exemplo cl\u00e1ssico de resid\u00eancia rural mineira do s\u00e9culo XIX. Constru\u00edda com materiais e t\u00e9cnicas tradicionais, como madeira e pau-a-pique, a casa oferece um vislumbre do estilo de vida daquele tempo. Declara\u00e7\u00e3o de utilidade p\u00fablica em 1989 garantiu sua preserva\u00e7\u00e3o e renova\u00e7\u00e3o, transformando-o em um espa\u00e7o voltado para exposi\u00e7\u00f5es e manifesta\u00e7\u00f5es culturais.<\/p>\n\n\n\n<p>A simplicidade da constru\u00e7\u00e3o, combinada com a hist\u00f3ria viva que cada c\u00f4modo narra, atrai visitantes de todas as idades. Localizado no bairro Nossa Senhora do Carmo, o parque est\u00e1 acess\u00edvel para visita\u00e7\u00e3o quase todos os dias da semana, enriquecendo o patrim\u00f4nio cultural de <strong><a href=\"https:\/\/www.em.com.br\/emfoco\/2024\/11\/28\/o-fascinante-patrimonio-de-contagem-uma-viagem-ao-passado-mineiro\/\" target=\"_blank\" rel=\"noreferrer noopener\">Contagem<\/a><\/strong>.<\/p>\n\n\n\n<p>O fluxo constante de turistas, estudantes e moradores locais ressalta a import\u00e2ncia da preserva\u00e7\u00e3o das mem\u00f3rias hist\u00f3ricas e culturais, inspirando gera\u00e7\u00f5es futuras a manterem viva essa rica heran\u00e7a.<\/p>\n","protected":false},"excerpt":{"rendered":"<p>Contagem, uma cidade rica em hist\u00f3ria e cultura, abriga um conjunto de edifica\u00e7\u00f5es que testemunham diferentes \u00e9pocas e manifesta\u00e7\u00f5es culturais. A Casa da Cultura Nair Mendes Moreira, o Centro Cultural, a Biblioteca P\u00fablica, a Casa de Cacos e o Casar\u00e3o do Parque Gentil Diniz s\u00e3o alguns dos pontos que podem ser explorados por aqueles que [&hellip;]<\/p>\n","protected":false},"author":5,"featured_media":1603,"comment_status":"open","ping_status":"open","sticky":false,"template":"","format":"standard","meta":{"jnews-multi-image_gallery":[],"jnews_single_post":{"format":"standard"},"jnews_primary_category":[],"jnews_social_meta":[],"jnews_override_counter":[],"footnotes":""},"categories":[26,1],"tags":[687,159,207,157],"class_list":["post-11594","post","type-post","status-publish","format-standard","has-post-thumbnail","hentry","category-cidades","category-noticias","tag-contagem","tag-cultura","tag-minas-gerais","tag-turismo"],"yoast_head":"<!-- This site is optimized with the Yoast SEO plugin v23.8 - https:\/\/yoast.com\/wordpress\/plugins\/seo\/ -->\n<title>Conhe\u00e7a o cantinho cultural que encanta quem visita! - Estado de Minas - Em foco<\/title>\n<meta name=\"description\" content=\"Casar\u00f5es e espa\u00e7os culturais transformam a hist\u00f3ria de Minas Gerais em uma experi\u00eancia \u00fanica. Veja o que visitar!\" \/>\n<meta name=\"robots\" content=\"index, follow, max-snippet:-1, max-image-preview:large, max-video-preview:-1\" \/>\n<link rel=\"canonical\" href=\"https:\/\/www.em.com.br\/emfoco\/2025\/01\/28\/conheca-o-cantinho-cultural-que-encanta-quem-visita\/\" \/>\n<meta property=\"og:locale\" content=\"pt_BR\" \/>\n<meta property=\"og:type\" content=\"article\" \/>\n<meta property=\"og:title\" content=\"Conhe\u00e7a o cantinho cultural que encanta quem visita! - Estado de Minas - Em foco\" \/>\n<meta property=\"og:description\" content=\"Casar\u00f5es e espa\u00e7os culturais transformam a hist\u00f3ria de Minas Gerais em uma experi\u00eancia \u00fanica. Veja o que visitar!\" \/>\n<meta property=\"og:url\" content=\"https:\/\/www.em.com.br\/emfoco\/2025\/01\/28\/conheca-o-cantinho-cultural-que-encanta-quem-visita\/\" \/>\n<meta property=\"og:site_name\" content=\"Estado de Minas - Em foco\" \/>\n<meta property=\"article:published_time\" content=\"2025-01-28T17:20:00+00:00\" \/>\n<meta property=\"article:modified_time\" content=\"2025-01-26T21:06:11+00:00\" \/>\n<meta property=\"og:image\" content=\"https:\/\/www.em.com.br\/emfoco\/wp-content\/uploads\/2024\/11\/27.06.2024_-_Cerimonia_sobre_investimentos_do_Governo_Federal_em_Contagem_MG_53820719123-scaled.jpg\" \/>\n\t<meta property=\"og:image:width\" content=\"2560\" \/>\n\t<meta property=\"og:image:height\" content=\"1440\" \/>\n\t<meta property=\"og:image:type\" content=\"image\/jpeg\" \/>\n<meta name=\"author\" content=\"N\u00fabia Rangel\" \/>\n<meta name=\"twitter:card\" content=\"summary_large_image\" \/>\n<meta name=\"twitter:label1\" content=\"Escrito por\" \/>\n\t<meta name=\"twitter:data1\" content=\"N\u00fabia Rangel\" \/>\n\t<meta name=\"twitter:label2\" content=\"Est. tempo de leitura\" \/>\n\t<meta name=\"twitter:data2\" content=\"4 minutos\" \/>\n<!-- \/ Yoast SEO plugin. -->","yoast_head_json":{"title":"Conhe\u00e7a o cantinho cultural que encanta quem visita! - Estado de Minas - Em foco","description":"Casar\u00f5es e espa\u00e7os culturais transformam a hist\u00f3ria de Minas Gerais em uma experi\u00eancia \u00fanica. Veja o que visitar!","robots":{"index":"index","follow":"follow","max-snippet":"max-snippet:-1","max-image-preview":"max-image-preview:large","max-video-preview":"max-video-preview:-1"},"canonical":"https:\/\/www.em.com.br\/emfoco\/2025\/01\/28\/conheca-o-cantinho-cultural-que-encanta-quem-visita\/","og_locale":"pt_BR","og_type":"article","og_title":"Conhe\u00e7a o cantinho cultural que encanta quem visita! - Estado de Minas - Em foco","og_description":"Casar\u00f5es e espa\u00e7os culturais transformam a hist\u00f3ria de Minas Gerais em uma experi\u00eancia \u00fanica. Veja o que visitar!","og_url":"https:\/\/www.em.com.br\/emfoco\/2025\/01\/28\/conheca-o-cantinho-cultural-que-encanta-quem-visita\/","og_site_name":"Estado de Minas - Em foco","article_published_time":"2025-01-28T17:20:00+00:00","article_modified_time":"2025-01-26T21:06:11+00:00","og_image":[{"width":2560,"height":1440,"url":"https:\/\/www.em.com.br\/emfoco\/wp-content\/uploads\/2024\/11\/27.06.2024_-_Cerimonia_sobre_investimentos_do_Governo_Federal_em_Contagem_MG_53820719123-scaled.jpg","type":"image\/jpeg"}],"author":"N\u00fabia Rangel","twitter_card":"summary_large_image","twitter_misc":{"Escrito por":"N\u00fabia Rangel","Est. tempo de leitura":"4 minutos"},"schema":{"@context":"https:\/\/schema.org","@graph":[{"@type":"WebPage","@id":"https:\/\/www.em.com.br\/emfoco\/2025\/01\/28\/conheca-o-cantinho-cultural-que-encanta-quem-visita\/","url":"https:\/\/www.em.com.br\/emfoco\/2025\/01\/28\/conheca-o-cantinho-cultural-que-encanta-quem-visita\/","name":"Conhe\u00e7a o cantinho cultural que encanta quem visita! - Estado de Minas - Em foco","isPartOf":{"@id":"https:\/\/www.em.com.br\/emfoco\/#website"},"primaryImageOfPage":{"@id":"https:\/\/www.em.com.br\/emfoco\/2025\/01\/28\/conheca-o-cantinho-cultural-que-encanta-quem-visita\/#primaryimage"},"image":{"@id":"https:\/\/www.em.com.br\/emfoco\/2025\/01\/28\/conheca-o-cantinho-cultural-que-encanta-quem-visita\/#primaryimage"},"thumbnailUrl":"https:\/\/www.em.com.br\/emfoco\/wp-content\/uploads\/2024\/11\/27.06.2024_-_Cerimonia_sobre_investimentos_do_Governo_Federal_em_Contagem_MG_53820719123-scaled.jpg","datePublished":"2025-01-28T17:20:00+00:00","dateModified":"2025-01-26T21:06:11+00:00","author":{"@id":"https:\/\/www.em.com.br\/emfoco\/#\/schema\/person\/524437ef54f8a5d32591b143307f2e20"},"description":"Casar\u00f5es e espa\u00e7os culturais transformam a hist\u00f3ria de Minas Gerais em uma experi\u00eancia \u00fanica. Veja o que visitar!","breadcrumb":{"@id":"https:\/\/www.em.com.br\/emfoco\/2025\/01\/28\/conheca-o-cantinho-cultural-que-encanta-quem-visita\/#breadcrumb"},"inLanguage":"pt-BR","potentialAction":[{"@type":"ReadAction","target":["https:\/\/www.em.com.br\/emfoco\/2025\/01\/28\/conheca-o-cantinho-cultural-que-encanta-quem-visita\/"]}]},{"@type":"ImageObject","inLanguage":"pt-BR","@id":"https:\/\/www.em.com.br\/emfoco\/2025\/01\/28\/conheca-o-cantinho-cultural-que-encanta-quem-visita\/#primaryimage","url":"https:\/\/www.em.com.br\/emfoco\/wp-content\/uploads\/2024\/11\/27.06.2024_-_Cerimonia_sobre_investimentos_do_Governo_Federal_em_Contagem_MG_53820719123-scaled.jpg","contentUrl":"https:\/\/www.em.com.br\/emfoco\/wp-content\/uploads\/2024\/11\/27.06.2024_-_Cerimonia_sobre_investimentos_do_Governo_Federal_em_Contagem_MG_53820719123-scaled.jpg","width":2560,"height":1440,"caption":"Contagem - Cr\u00e9dito: Wikimedia Commons"},{"@type":"BreadcrumbList","@id":"https:\/\/www.em.com.br\/emfoco\/2025\/01\/28\/conheca-o-cantinho-cultural-que-encanta-quem-visita\/#breadcrumb","itemListElement":[{"@type":"ListItem","position":1,"name":"In\u00edcio","item":"https:\/\/www.em.com.br\/emfoco\/"},{"@type":"ListItem","position":2,"name":"Conhe\u00e7a o cantinho cultural que encanta quem visita!"}]},{"@type":"WebSite","@id":"https:\/\/www.em.com.br\/emfoco\/#website","url":"https:\/\/www.em.com.br\/emfoco\/","name":"Estado de Minas - Em foco","description":"Acompanhe as \u00faltimas not\u00edcias e fique bem informado sobre tudo o que acontece em Minas Gerais, Brasil e no mundo.","potentialAction":[{"@type":"SearchAction","target":{"@type":"EntryPoint","urlTemplate":"https:\/\/www.em.com.br\/emfoco\/?s={search_term_string}"},"query-input":{"@type":"PropertyValueSpecification","valueRequired":true,"valueName":"search_term_string"}}],"inLanguage":"pt-BR"},{"@type":"Person","@id":"https:\/\/www.em.com.br\/emfoco\/#\/schema\/person\/524437ef54f8a5d32591b143307f2e20","name":"N\u00fabia Rangel","image":{"@type":"ImageObject","inLanguage":"pt-BR","@id":"https:\/\/www.em.com.br\/emfoco\/#\/schema\/person\/image\/","url":"https:\/\/secure.gravatar.com\/avatar\/47cff2827a5ba23c37e8068c86817ea4?s=96&d=mm&r=g","contentUrl":"https:\/\/secure.gravatar.com\/avatar\/47cff2827a5ba23c37e8068c86817ea4?s=96&d=mm&r=g","caption":"N\u00fabia Rangel"},"sameAs":["https:\/\/www.em.com.br\/emfoco\/"],"url":"https:\/\/www.em.com.br\/emfoco\/author\/nubiamyth\/"}]}},"_links":{"self":[{"href":"https:\/\/www.em.com.br\/emfoco\/wp-json\/wp\/v2\/posts\/11594","targetHints":{"allow":["GET"]}}],"collection":[{"href":"https:\/\/www.em.com.br\/emfoco\/wp-json\/wp\/v2\/posts"}],"about":[{"href":"https:\/\/www.em.com.br\/emfoco\/wp-json\/wp\/v2\/types\/post"}],"author":[{"embeddable":true,"href":"https:\/\/www.em.com.br\/emfoco\/wp-json\/wp\/v2\/users\/5"}],"replies":[{"embeddable":true,"href":"https:\/\/www.em.com.br\/emfoco\/wp-json\/wp\/v2\/comments?post=11594"}],"version-history":[{"count":2,"href":"https:\/\/www.em.com.br\/emfoco\/wp-json\/wp\/v2\/posts\/11594\/revisions"}],"predecessor-version":[{"id":11596,"href":"https:\/\/www.em.com.br\/emfoco\/wp-json\/wp\/v2\/posts\/11594\/revisions\/11596"}],"wp:featuredmedia":[{"embeddable":true,"href":"https:\/\/www.em.com.br\/emfoco\/wp-json\/wp\/v2\/media\/1603"}],"wp:attachment":[{"href":"https:\/\/www.em.com.br\/emfoco\/wp-json\/wp\/v2\/media?parent=11594"}],"wp:term":[{"taxonomy":"category","embeddable":true,"href":"https:\/\/www.em.com.br\/emfoco\/wp-json\/wp\/v2\/categories?post=11594"},{"taxonomy":"post_tag","embeddable":true,"href":"https:\/\/www.em.com.br\/emfoco\/wp-json\/wp\/v2\/tags?post=11594"}],"curies":[{"name":"wp","href":"https:\/\/api.w.org\/{rel}","templated":true}]}}