{"id":115922,"date":"2025-10-17T19:15:40","date_gmt":"2025-10-17T22:15:40","guid":{"rendered":"https:\/\/www.em.com.br\/emfoco\/?p=115922"},"modified":"2025-10-16T19:19:56","modified_gmt":"2025-10-16T22:19:56","slug":"o-oleo-capilar-que-esta-transformando-cabelos-secos-e-sem-vida","status":"publish","type":"post","link":"https:\/\/www.em.com.br\/emfoco\/2025\/10\/17\/o-oleo-capilar-que-esta-transformando-cabelos-secos-e-sem-vida\/","title":{"rendered":"O \u00f3leo capilar que est\u00e1 transformando cabelos secos e sem vida"},"content":{"rendered":"\n<p>O cabelo bem cuidado pode transformar n\u00e3o apenas a apar\u00eancia, mas tamb\u00e9m a confian\u00e7a de quem o possui. Recentemente, o <strong>\u00f3leo Dyson Omega<\/strong> tem se destacado nas buscas por seu poder de hidrata\u00e7\u00e3o sem pesar os fios. Vamos explorar os motivos desse sucesso e como aplic\u00e1-lo em sua rotina capilar.<\/p>\n\n\n\n<ul class=\"wp-block-list\">\n<li><strong>Hidrata\u00e7\u00e3o Profunda<\/strong> sem comprometer a leveza dos fios.<\/li>\n\n\n\n<li>Redu\u00e7\u00e3o significativa do <strong>frizz<\/strong> e aumento do brilho.<\/li>\n\n\n\n<li>Aplique tanto em cabelos secos quanto \u00famidos para resultados eficazes.<\/li>\n<\/ul>\n\n\n\n<h2 class=\"wp-block-heading\">Como o \u00f3leo Dyson Omega se destaca em compara\u00e7\u00e3o com outros \u00f3leos?<\/h2>\n\n\n\n<p>O <strong>Dyson Omega<\/strong> \u00e9 um <a href=\"https:\/\/www.tuasaude.com\/como-usar-o-oleo-de-coco\/\" target=\"_blank\" rel=\"noopener\">\u00f3leo<\/a> nutritivo, por\u00e9m leve, carregado de <strong>omegas essenciais<\/strong> que transformam <strong>cabelos secos em fios hidratados e radiantes<\/strong>. O segredo est\u00e1 na sua composi\u00e7\u00e3o sem silicones, garantindo que o cabelo n\u00e3o fique pesado. Al\u00e9m disso, muitos profissionais de <strong>S\u00e3o Paulo<\/strong> e outras capitais brasileiras passaram a indicar o produto por sua f\u00f3rmula diferenciada, ideal at\u00e9 mesmo para cabelos expostos a polui\u00e7\u00e3o urbana.<\/p>\n\n\n\n<h2 class=\"wp-block-heading\">Como aplicar Dyson Omega para melhores resultados?<\/h2>\n\n\n\n<p>Segundo a estilista <strong>Maria Roberts<\/strong>, o truque est\u00e1 em aquecer o \u00f3leo nas m\u00e3os antes de aplic\u00e1-lo com os dedos como um pente. Isso ajuda a melhorar a hidrata\u00e7\u00e3o do cabelo e maximizar o brilho. Al\u00e9m disso, profissionais recomendam que se evite aplicar em excesso na raiz, concentrando o produto do meio \u00e0s pontas, especialmente para quem faz uso frequente de chapinha ou secador.<\/p>\n\n\n<div class=\"wp-block-image\">\n<figure class=\"aligncenter size-large\"><img loading=\"lazy\" decoding=\"async\" width=\"1024\" height=\"576\" src=\"https:\/\/www.em.com.br\/emfoco\/wp-content\/uploads\/2025\/04\/oleo-cabelo_1745420006563-1024x576.jpg\" alt=\"\" class=\"wp-image-40878\" srcset=\"https:\/\/www.em.com.br\/emfoco\/wp-content\/uploads\/2025\/04\/oleo-cabelo_1745420006563-1024x576.jpg 1024w, https:\/\/www.em.com.br\/emfoco\/wp-content\/uploads\/2025\/04\/oleo-cabelo_1745420006563-300x169.jpg 300w, https:\/\/www.em.com.br\/emfoco\/wp-content\/uploads\/2025\/04\/oleo-cabelo_1745420006563-768x432.jpg 768w, https:\/\/www.em.com.br\/emfoco\/wp-content\/uploads\/2025\/04\/oleo-cabelo_1745420006563-750x422.jpg 750w, https:\/\/www.em.com.br\/emfoco\/wp-content\/uploads\/2025\/04\/oleo-cabelo_1745420006563-1140x641.jpg 1140w, https:\/\/www.em.com.br\/emfoco\/wp-content\/uploads\/2025\/04\/oleo-cabelo_1745420006563.jpg 1280w\" sizes=\"auto, (max-width: 1024px) 100vw, 1024px\" \/><figcaption class=\"wp-element-caption\">\u00d3leo capilar &#8211; Cr\u00e9ditos: depositphotos.com \/ EdZbarzhyvetsky<\/figcaption><\/figure><\/div>\n\n\n<h2 class=\"wp-block-heading\">O que \u00e9 a regra do terceiro passo inspirada nas italianas?<\/h2>\n\n\n\n<p>Inspirada nas italianas, a rotina capilar vai al\u00e9m do shampoo e do condicionador. Usar um \u00f3leo ou s\u00e9rum como o Dyson Omega como <strong>\u00faltimo passo<\/strong> para nutrir os fios profundamente. Durante a <strong>Semana de Moda de Mil\u00e3o<\/strong>, estilistas famosos refor\u00e7aram o uso de \u00f3leos leves no acabamento, confirmando a efic\u00e1cia da t\u00e9cnica.<\/p>\n\n\n\n<h2 class=\"wp-block-heading\">Quais transforma\u00e7\u00f5es capilares o Dyson Omega pode proporcionar?<\/h2>\n\n\n\n<p>O <strong>Dyson Omega<\/strong> se tornou um produto essencial para quem busca um cabelo mais forte e visualmente saud\u00e1vel. Sua f\u00f3rmula com \u00f3leos ricos em omega garante nutri\u00e7\u00e3o profunda sem comprometer a leveza dos fios. Clientes em diferentes regi\u00f5es do <strong>Brasil<\/strong> relatam fios mais brilhantes, male\u00e1veis e protegidos de agress\u00f5es externas ap\u00f3s algumas semanas de uso.<\/p>\n\n\n\n<p>Leia tamb\u00e9m: <a href=\"https:\/\/www.em.com.br\/emfoco\/2025\/10\/08\/usos-que-voce-pode-dar-ao-oleo-de-coco-na-sua-pele-e-deixa-la-impecavel\/\" target=\"_blank\" rel=\"noopener\">Usos que voc\u00ea pode dar ao \u00f3leo de coco na sua pele e deix\u00e1-la impec\u00e1vel<\/a><\/p>\n\n\n\n<h2 class=\"wp-block-heading\">Quais s\u00e3o os principais benef\u00edcios do \u00f3leo Dyson Omega?<\/h2>\n\n\n\n<ul class=\"wp-block-list\">\n<li><strong>Nutri\u00e7\u00e3o intensa<\/strong> com leveza e sem res\u00edduos pesados.<\/li>\n\n\n\n<li>Reduz o <strong>frizz<\/strong> significativamente ao longo do dia.<\/li>\n\n\n\n<li>F\u00e1cil aplica\u00e7\u00e3o para fios brilhantes e revitalizados.<\/li>\n\n\n\n<li>Recomendado por especialistas, destacando sua versatilidade em diferentes climas.<\/li>\n<\/ul>\n","protected":false},"excerpt":{"rendered":"<p>O cabelo bem cuidado pode transformar n\u00e3o apenas a apar\u00eancia, mas tamb\u00e9m a confian\u00e7a de quem o possui. Recentemente, o \u00f3leo Dyson Omega tem se destacado nas buscas por seu poder de hidrata\u00e7\u00e3o sem pesar os fios. Vamos explorar os motivos desse sucesso e como aplic\u00e1-lo em sua rotina capilar. Como o \u00f3leo Dyson Omega [&hellip;]<\/p>\n","protected":false},"author":9,"featured_media":38615,"comment_status":"open","ping_status":"open","sticky":false,"template":"","format":"standard","meta":{"jnews-multi-image_gallery":[],"jnews_single_post":{"format":"standard"},"jnews_primary_category":[],"jnews_social_meta":[],"jnews_override_counter":[],"footnotes":""},"categories":[8691,8819,1],"tags":[2616,4905,17484],"class_list":["post-115922","post","type-post","status-publish","format-standard","has-post-thumbnail","hentry","category-bem-estar","category-curiosidades","category-noticias","tag-beleza","tag-cabelo","tag-oleo-natural"],"yoast_head":"<!-- This site is optimized with the Yoast SEO plugin v23.8 - https:\/\/yoast.com\/wordpress\/plugins\/seo\/ -->\n<title>O \u00f3leo capilar que est\u00e1 transformando cabelos secos e sem vida - Estado de Minas - Em foco<\/title>\n<meta name=\"description\" content=\"O segredo dos fios brilhantes e sem frizz pode estar neste \u00f3leo leve e poderoso. Saiba como usar Dyson Omega na sua rotina.\" \/>\n<meta name=\"robots\" content=\"index, follow, max-snippet:-1, max-image-preview:large, max-video-preview:-1\" \/>\n<link rel=\"canonical\" href=\"https:\/\/www.em.com.br\/emfoco\/2025\/10\/17\/o-oleo-capilar-que-esta-transformando-cabelos-secos-e-sem-vida\/\" \/>\n<meta property=\"og:locale\" content=\"pt_BR\" \/>\n<meta property=\"og:type\" content=\"article\" \/>\n<meta property=\"og:title\" content=\"O \u00f3leo capilar que est\u00e1 transformando cabelos secos e sem vida - Estado de Minas - Em foco\" \/>\n<meta property=\"og:description\" content=\"O segredo dos fios brilhantes e sem frizz pode estar neste \u00f3leo leve e poderoso. Saiba como usar Dyson Omega na sua rotina.\" \/>\n<meta property=\"og:url\" content=\"https:\/\/www.em.com.br\/emfoco\/2025\/10\/17\/o-oleo-capilar-que-esta-transformando-cabelos-secos-e-sem-vida\/\" \/>\n<meta property=\"og:site_name\" content=\"Estado de Minas - Em foco\" \/>\n<meta property=\"article:published_time\" content=\"2025-10-17T22:15:40+00:00\" \/>\n<meta property=\"article:modified_time\" content=\"2025-10-16T22:19:56+00:00\" \/>\n<meta property=\"og:image\" content=\"https:\/\/www.em.com.br\/emfoco\/wp-content\/uploads\/2025\/04\/cabelo-oleoso_1744731712823.jpg\" \/>\n\t<meta property=\"og:image:width\" content=\"1280\" \/>\n\t<meta property=\"og:image:height\" content=\"720\" \/>\n\t<meta property=\"og:image:type\" content=\"image\/jpeg\" \/>\n<meta name=\"author\" content=\"Daniely Cardoso\" \/>\n<meta name=\"twitter:card\" content=\"summary_large_image\" \/>\n<meta name=\"twitter:label1\" content=\"Escrito por\" \/>\n\t<meta name=\"twitter:data1\" content=\"Daniely Cardoso\" \/>\n\t<meta name=\"twitter:label2\" content=\"Est. tempo de leitura\" \/>\n\t<meta name=\"twitter:data2\" content=\"3 minutos\" \/>\n<!-- \/ Yoast SEO plugin. -->","yoast_head_json":{"title":"O \u00f3leo capilar que est\u00e1 transformando cabelos secos e sem vida - Estado de Minas - Em foco","description":"O segredo dos fios brilhantes e sem frizz pode estar neste \u00f3leo leve e poderoso. Saiba como usar Dyson Omega na sua rotina.","robots":{"index":"index","follow":"follow","max-snippet":"max-snippet:-1","max-image-preview":"max-image-preview:large","max-video-preview":"max-video-preview:-1"},"canonical":"https:\/\/www.em.com.br\/emfoco\/2025\/10\/17\/o-oleo-capilar-que-esta-transformando-cabelos-secos-e-sem-vida\/","og_locale":"pt_BR","og_type":"article","og_title":"O \u00f3leo capilar que est\u00e1 transformando cabelos secos e sem vida - Estado de Minas - Em foco","og_description":"O segredo dos fios brilhantes e sem frizz pode estar neste \u00f3leo leve e poderoso. Saiba como usar Dyson Omega na sua rotina.","og_url":"https:\/\/www.em.com.br\/emfoco\/2025\/10\/17\/o-oleo-capilar-que-esta-transformando-cabelos-secos-e-sem-vida\/","og_site_name":"Estado de Minas - Em foco","article_published_time":"2025-10-17T22:15:40+00:00","article_modified_time":"2025-10-16T22:19:56+00:00","og_image":[{"width":1280,"height":720,"url":"https:\/\/www.em.com.br\/emfoco\/wp-content\/uploads\/2025\/04\/cabelo-oleoso_1744731712823.jpg","type":"image\/jpeg"}],"author":"Daniely Cardoso","twitter_card":"summary_large_image","twitter_misc":{"Escrito por":"Daniely Cardoso","Est. tempo de leitura":"3 minutos"},"schema":{"@context":"https:\/\/schema.org","@graph":[{"@type":"WebPage","@id":"https:\/\/www.em.com.br\/emfoco\/2025\/10\/17\/o-oleo-capilar-que-esta-transformando-cabelos-secos-e-sem-vida\/","url":"https:\/\/www.em.com.br\/emfoco\/2025\/10\/17\/o-oleo-capilar-que-esta-transformando-cabelos-secos-e-sem-vida\/","name":"O \u00f3leo capilar que est\u00e1 transformando cabelos secos e sem vida - Estado de Minas - Em foco","isPartOf":{"@id":"https:\/\/www.em.com.br\/emfoco\/#website"},"primaryImageOfPage":{"@id":"https:\/\/www.em.com.br\/emfoco\/2025\/10\/17\/o-oleo-capilar-que-esta-transformando-cabelos-secos-e-sem-vida\/#primaryimage"},"image":{"@id":"https:\/\/www.em.com.br\/emfoco\/2025\/10\/17\/o-oleo-capilar-que-esta-transformando-cabelos-secos-e-sem-vida\/#primaryimage"},"thumbnailUrl":"https:\/\/www.em.com.br\/emfoco\/wp-content\/uploads\/2025\/04\/cabelo-oleoso_1744731712823.jpg","datePublished":"2025-10-17T22:15:40+00:00","dateModified":"2025-10-16T22:19:56+00:00","author":{"@id":"https:\/\/www.em.com.br\/emfoco\/#\/schema\/person\/0a8186d72f2c3a5c6276d90b41f271a0"},"description":"O segredo dos fios brilhantes e sem frizz pode estar neste \u00f3leo leve e poderoso. Saiba como usar Dyson Omega na sua rotina.","breadcrumb":{"@id":"https:\/\/www.em.com.br\/emfoco\/2025\/10\/17\/o-oleo-capilar-que-esta-transformando-cabelos-secos-e-sem-vida\/#breadcrumb"},"inLanguage":"pt-BR","potentialAction":[{"@type":"ReadAction","target":["https:\/\/www.em.com.br\/emfoco\/2025\/10\/17\/o-oleo-capilar-que-esta-transformando-cabelos-secos-e-sem-vida\/"]}]},{"@type":"ImageObject","inLanguage":"pt-BR","@id":"https:\/\/www.em.com.br\/emfoco\/2025\/10\/17\/o-oleo-capilar-que-esta-transformando-cabelos-secos-e-sem-vida\/#primaryimage","url":"https:\/\/www.em.com.br\/emfoco\/wp-content\/uploads\/2025\/04\/cabelo-oleoso_1744731712823.jpg","contentUrl":"https:\/\/www.em.com.br\/emfoco\/wp-content\/uploads\/2025\/04\/cabelo-oleoso_1744731712823.jpg","width":1280,"height":720,"caption":"Cabelo - Cr\u00e9ditos: depositphotos.com \/ Milkos"},{"@type":"BreadcrumbList","@id":"https:\/\/www.em.com.br\/emfoco\/2025\/10\/17\/o-oleo-capilar-que-esta-transformando-cabelos-secos-e-sem-vida\/#breadcrumb","itemListElement":[{"@type":"ListItem","position":1,"name":"In\u00edcio","item":"https:\/\/www.em.com.br\/emfoco\/"},{"@type":"ListItem","position":2,"name":"O \u00f3leo capilar que est\u00e1 transformando cabelos secos e sem vida"}]},{"@type":"WebSite","@id":"https:\/\/www.em.com.br\/emfoco\/#website","url":"https:\/\/www.em.com.br\/emfoco\/","name":"Estado de Minas - Em foco","description":"Acompanhe as \u00faltimas not\u00edcias e fique bem informado sobre tudo o que acontece em Minas Gerais, Brasil e no mundo.","potentialAction":[{"@type":"SearchAction","target":{"@type":"EntryPoint","urlTemplate":"https:\/\/www.em.com.br\/emfoco\/?s={search_term_string}"},"query-input":{"@type":"PropertyValueSpecification","valueRequired":true,"valueName":"search_term_string"}}],"inLanguage":"pt-BR"},{"@type":"Person","@id":"https:\/\/www.em.com.br\/emfoco\/#\/schema\/person\/0a8186d72f2c3a5c6276d90b41f271a0","name":"Daniely Cardoso","image":{"@type":"ImageObject","inLanguage":"pt-BR","@id":"https:\/\/www.em.com.br\/emfoco\/#\/schema\/person\/image\/","url":"https:\/\/secure.gravatar.com\/avatar\/4b80ddbd124d1f071b626d52d62e5dff?s=96&d=mm&r=g","contentUrl":"https:\/\/secure.gravatar.com\/avatar\/4b80ddbd124d1f071b626d52d62e5dff?s=96&d=mm&r=g","caption":"Daniely Cardoso"},"url":"https:\/\/www.em.com.br\/emfoco\/author\/danielymyth\/"}]}},"_links":{"self":[{"href":"https:\/\/www.em.com.br\/emfoco\/wp-json\/wp\/v2\/posts\/115922","targetHints":{"allow":["GET"]}}],"collection":[{"href":"https:\/\/www.em.com.br\/emfoco\/wp-json\/wp\/v2\/posts"}],"about":[{"href":"https:\/\/www.em.com.br\/emfoco\/wp-json\/wp\/v2\/types\/post"}],"author":[{"embeddable":true,"href":"https:\/\/www.em.com.br\/emfoco\/wp-json\/wp\/v2\/users\/9"}],"replies":[{"embeddable":true,"href":"https:\/\/www.em.com.br\/emfoco\/wp-json\/wp\/v2\/comments?post=115922"}],"version-history":[{"count":4,"href":"https:\/\/www.em.com.br\/emfoco\/wp-json\/wp\/v2\/posts\/115922\/revisions"}],"predecessor-version":[{"id":116317,"href":"https:\/\/www.em.com.br\/emfoco\/wp-json\/wp\/v2\/posts\/115922\/revisions\/116317"}],"wp:featuredmedia":[{"embeddable":true,"href":"https:\/\/www.em.com.br\/emfoco\/wp-json\/wp\/v2\/media\/38615"}],"wp:attachment":[{"href":"https:\/\/www.em.com.br\/emfoco\/wp-json\/wp\/v2\/media?parent=115922"}],"wp:term":[{"taxonomy":"category","embeddable":true,"href":"https:\/\/www.em.com.br\/emfoco\/wp-json\/wp\/v2\/categories?post=115922"},{"taxonomy":"post_tag","embeddable":true,"href":"https:\/\/www.em.com.br\/emfoco\/wp-json\/wp\/v2\/tags?post=115922"}],"curies":[{"name":"wp","href":"https:\/\/api.w.org\/{rel}","templated":true}]}}