{"id":11584,"date":"2025-01-27T13:40:00","date_gmt":"2025-01-27T16:40:00","guid":{"rendered":"https:\/\/www.em.com.br\/emfoco\/?p=11584"},"modified":"2025-01-25T09:07:07","modified_gmt":"2025-01-25T12:07:07","slug":"lei-garante-mais-seguranca-nas-escolas-de-minas-gerais","status":"publish","type":"post","link":"https:\/\/www.em.com.br\/emfoco\/2025\/01\/27\/lei-garante-mais-seguranca-nas-escolas-de-minas-gerais\/","title":{"rendered":"Lei Garante Mais Seguran\u00e7a nas Escolas de Minas Gerais"},"content":{"rendered":"\n<p>A recente publica\u00e7\u00e3o da <strong>Lei 25.156<\/strong> no Di\u00e1rio Oficial de <strong><a href=\"https:\/\/www.em.com.br\/emfoco\/2024\/12\/02\/a-rota-do-ouro-que-redefiniu-a-historia-e-o-futuro-de-minas-gerais\/\" target=\"_blank\" rel=\"noreferrer noopener\">Minas Gerais<\/a><\/strong> marca um importante marco na seguran\u00e7a das institui\u00e7\u00f5es de ensino do estado. As novas diretrizes visam n\u00e3o apenas a prote\u00e7\u00e3o f\u00edsica, mas tamb\u00e9m a cria\u00e7\u00e3o de um ambiente mais tranquilo e seguro para estudantes, educadores e funcion\u00e1rios. O constante aumento de incidentes em escolas motivou essas mudan\u00e7as, estabelecendo uma resposta robusta aos desafios contempor\u00e2neos.<\/p>\n\n\n\n<p>Entre as medidas mais inovadoras, destaca-se a possibilidade de as escolas contratarem seguran\u00e7as privados. Al\u00e9m disso, a instala\u00e7\u00e3o de <em>detectores de metal<\/em> promete transformar a seguran\u00e7a no acesso \u00e0s instala\u00e7\u00f5es. Dessa forma, espera-se reduzir significativamente riscos de situa\u00e7\u00f5es indesejadas, promovendo uma cultura de paz e preven\u00e7\u00e3o dentro das institui\u00e7\u00f5es.<\/p>\n\n\n\n<h2 class=\"wp-block-heading\">Como as Redes de Seguran\u00e7a Colaborativa Funcionar\u00e3o?<\/h2>\n\n\n\n<p>A legisla\u00e7\u00e3o prev\u00ea a cria\u00e7\u00e3o de <strong>redes de seguran\u00e7a colaborativa<\/strong> que integrar\u00e3o esfor\u00e7os de entidades privadas com as for\u00e7as policiais militares e civis. Essa sinergia \u00e9 fundamental para o r\u00e1pido e eficiente compartilhamento de informa\u00e7\u00f5es entre diferentes atores de seguran\u00e7a. As escolas poder\u00e3o usufruir de um sistema coeso e coordenado que aprimorar\u00e1 o monitoramento e a resposta em tempo real a qualquer ocorr\u00eancia.<\/p>\n\n\n\n<p>Al\u00e9m disso, a instala\u00e7\u00e3o de c\u00e2meras de videomonitoramento com acesso direto aos \u00f3rg\u00e3os de seguran\u00e7a \u00e9 uma ferramenta poderosa para detectar e reagir rapidamente a eventos suspeitos. O objetivo principal dessa integra\u00e7\u00e3o \u00e9 garantir respostas c\u00e9leres e coordenadas, minimizando riscos para a comunidade escolar.<\/p>\n\n\n\n<figure class=\"wp-block-image size-large\"><img loading=\"lazy\" decoding=\"async\" width=\"1024\" height=\"576\" src=\"https:\/\/www.em.com.br\/emfoco\/wp-content\/uploads\/2024\/12\/crianca-estudando_1733401003018-1024x576.jpg\" alt=\"As 3 Melhores Cidades Brasileiras para Criar Seus Filhos!\" class=\"wp-image-3451\" srcset=\"https:\/\/www.em.com.br\/emfoco\/wp-content\/uploads\/2024\/12\/crianca-estudando_1733401003018-1024x576.jpg 1024w, https:\/\/www.em.com.br\/emfoco\/wp-content\/uploads\/2024\/12\/crianca-estudando_1733401003018-300x169.jpg 300w, https:\/\/www.em.com.br\/emfoco\/wp-content\/uploads\/2024\/12\/crianca-estudando_1733401003018-768x432.jpg 768w, https:\/\/www.em.com.br\/emfoco\/wp-content\/uploads\/2024\/12\/crianca-estudando_1733401003018-750x422.jpg 750w, https:\/\/www.em.com.br\/emfoco\/wp-content\/uploads\/2024\/12\/crianca-estudando_1733401003018-1140x641.jpg 1140w, https:\/\/www.em.com.br\/emfoco\/wp-content\/uploads\/2024\/12\/crianca-estudando_1733401003018.jpg 1280w\" sizes=\"auto, (max-width: 1024px) 100vw, 1024px\" \/><figcaption class=\"wp-element-caption\">Imagem Ilustrativa de Crian\u00e7as &#8211; Cr\u00e9ditos: depositphotos.com \/ yanlev<\/figcaption><\/figure>\n\n\n\n<h2 class=\"wp-block-heading\">Qual \u00e9 o Papel dos Policiais nas Escolas?<\/h2>\n\n\n\n<p>Um dos aspectos mais not\u00e1veis da nova legisla\u00e7\u00e3o \u00e9 a possibilidade de <strong>designar <a href=\"https:\/\/pt.wikipedia.org\/wiki\/Pol%C3%ADcia_militar\" target=\"_blank\" rel=\"noreferrer noopener\">policiais militares<\/a><\/strong> para atuar diretamente na seguran\u00e7a escolar. Tanto policiais da ativa quanto da reserva poder\u00e3o ser engajados na vigil\u00e2ncia das institui\u00e7\u00f5es de ensino, conferindo a elas uma camada adicional de seguran\u00e7a e tranquilidade. Essa presen\u00e7a f\u00edsica atua n\u00e3o s\u00f3 como elemento dissuas\u00f3rio, mas tamb\u00e9m como s\u00edmbolo de prote\u00e7\u00e3o e autoridade.<\/p>\n\n\n\n<p>O refor\u00e7o no patrulhamento das imedia\u00e7\u00f5es das escolas \u00e9 outra medida proposta, garantindo que n\u00e3o apenas o interior, mas tamb\u00e9m o entorno das institui\u00e7\u00f5es, seja abrangido por um esquema de seguran\u00e7a abrangente. Essa abordagem integrada busca cobrir todas as poss\u00edveis brechas que possam comprometer a seguran\u00e7a escolar.<\/p>\n\n\n\n<h2 class=\"wp-block-heading\">O Impacto das Supostas Amea\u00e7as nas Escolas<\/h2>\n\n\n\n<p>A prolifera\u00e7\u00e3o de supostas amea\u00e7as tem alterado rotinas escolares, instigando medo e incerteza entre a comunidade educacional. A resposta legislativa \u00e9 uma tentativa de criar um protocolo claro e eficaz que garanta a seguran\u00e7a cont\u00ednua e minimize interrup\u00e7\u00f5es no ambiente acad\u00eamico. O objetivo \u00e9 tamb\u00e9m tranquilizar pais e respons\u00e1veis, assegurando que as escolas s\u00e3o espa\u00e7os priorit\u00e1rios de prote\u00e7\u00e3o e bem-estar.<\/p>\n\n\n\n<p>Essas mudan\u00e7as s\u00e3o parte de uma evolu\u00e7\u00e3o maior da Pol\u00edtica Estadual de Promo\u00e7\u00e3o da Paz nas Escolas, iniciada com a Lei 23.366 de 2019. O cont\u00ednuo aprimoramento dessas diretrizes reflete um compromisso permanente em busca de solu\u00e7\u00f5es que garantam ambientes educacionais seguros para todos.<\/p>\n\n\n\n<h2 class=\"wp-block-heading\">Qual \u00e9 a Expectativa Futura para a Seguran\u00e7a Escolar?<\/h2>\n\n\n\n<p>O constante desenvolvimento das diretrizes e pr\u00e1ticas de seguran\u00e7a escolar em Minas Gerais \u00e9 um reflexo das necessidades contempor\u00e2neas de prote\u00e7\u00e3o. A expectativa \u00e9 de que tais medidas suscitem um paradigma de <strong>seguran\u00e7a preventiva<\/strong>, mais do que reativa. A sinergia entre diferentes entidades e a constru\u00e7\u00e3o de um ambiente seguro s\u00e3o prioridades centrais para o futuro das institui\u00e7\u00f5es de ensino no estado.<\/p>\n\n\n\n<p>Com a implementa\u00e7\u00e3o das novas medidas, espera-se n\u00e3o s\u00f3 a redu\u00e7\u00e3o de riscos, mas tamb\u00e9m a promo\u00e7\u00e3o de uma cultura de paz e resili\u00eancia dentro das escolas. Esse enfoque renovado pode servir de modelo para outras regi\u00f5es, buscando sempre a excel\u00eancia na seguran\u00e7a e bem-estar dos alunos.<\/p>\n","protected":false},"excerpt":{"rendered":"<p>A recente publica\u00e7\u00e3o da Lei 25.156 no Di\u00e1rio Oficial de Minas Gerais marca um importante marco na seguran\u00e7a das institui\u00e7\u00f5es de ensino do estado. As novas diretrizes visam n\u00e3o apenas a prote\u00e7\u00e3o f\u00edsica, mas tamb\u00e9m a cria\u00e7\u00e3o de um ambiente mais tranquilo e seguro para estudantes, educadores e funcion\u00e1rios. O constante aumento de incidentes em [&hellip;]<\/p>\n","protected":false},"author":5,"featured_media":11587,"comment_status":"open","ping_status":"open","sticky":false,"template":"","format":"standard","meta":{"jnews-multi-image_gallery":[],"jnews_single_post":{"format":"standard"},"jnews_primary_category":[],"jnews_social_meta":[],"jnews_override_counter":[],"footnotes":""},"categories":[26,1],"tags":[3688,3381,182],"class_list":["post-11584","post","type-post","status-publish","format-standard","has-post-thumbnail","hentry","category-cidades","category-noticias","tag-escolas","tag-policia","tag-seguranca"],"yoast_head":"<!-- This site is optimized with the Yoast SEO plugin v23.8 - https:\/\/yoast.com\/wordpress\/plugins\/seo\/ -->\n<title>Lei Garante Mais Seguran\u00e7a nas Escolas de Minas Gerais - Estado de Minas - Em foco<\/title>\n<meta name=\"description\" content=\"A seguran\u00e7a nas escolas \u00e9 um assunto s\u00e9rio e Minas Gerais est\u00e1 tomando medidas para garantir um ambiente escolar mais tranquilo e protegido.\" \/>\n<meta name=\"robots\" content=\"index, follow, max-snippet:-1, max-image-preview:large, max-video-preview:-1\" \/>\n<link rel=\"canonical\" href=\"https:\/\/www.em.com.br\/emfoco\/2025\/01\/27\/lei-garante-mais-seguranca-nas-escolas-de-minas-gerais\/\" \/>\n<meta property=\"og:locale\" content=\"pt_BR\" \/>\n<meta property=\"og:type\" content=\"article\" \/>\n<meta property=\"og:title\" content=\"Lei Garante Mais Seguran\u00e7a nas Escolas de Minas Gerais - Estado de Minas - Em foco\" \/>\n<meta property=\"og:description\" content=\"A seguran\u00e7a nas escolas \u00e9 um assunto s\u00e9rio e Minas Gerais est\u00e1 tomando medidas para garantir um ambiente escolar mais tranquilo e protegido.\" \/>\n<meta property=\"og:url\" content=\"https:\/\/www.em.com.br\/emfoco\/2025\/01\/27\/lei-garante-mais-seguranca-nas-escolas-de-minas-gerais\/\" \/>\n<meta property=\"og:site_name\" content=\"Estado de Minas - Em foco\" \/>\n<meta property=\"article:published_time\" content=\"2025-01-27T16:40:00+00:00\" \/>\n<meta property=\"article:modified_time\" content=\"2025-01-25T12:07:07+00:00\" \/>\n<meta property=\"og:image\" content=\"https:\/\/www.em.com.br\/emfoco\/wp-content\/uploads\/2025\/01\/escola_1737160931643.jpg\" \/>\n\t<meta property=\"og:image:width\" content=\"1280\" \/>\n\t<meta property=\"og:image:height\" content=\"720\" \/>\n\t<meta property=\"og:image:type\" content=\"image\/jpeg\" \/>\n<meta name=\"author\" content=\"N\u00fabia Rangel\" \/>\n<meta name=\"twitter:card\" content=\"summary_large_image\" \/>\n<meta name=\"twitter:label1\" content=\"Escrito por\" \/>\n\t<meta name=\"twitter:data1\" content=\"N\u00fabia Rangel\" \/>\n\t<meta name=\"twitter:label2\" content=\"Est. tempo de leitura\" \/>\n\t<meta name=\"twitter:data2\" content=\"4 minutos\" \/>\n<!-- \/ Yoast SEO plugin. -->","yoast_head_json":{"title":"Lei Garante Mais Seguran\u00e7a nas Escolas de Minas Gerais - Estado de Minas - Em foco","description":"A seguran\u00e7a nas escolas \u00e9 um assunto s\u00e9rio e Minas Gerais est\u00e1 tomando medidas para garantir um ambiente escolar mais tranquilo e protegido.","robots":{"index":"index","follow":"follow","max-snippet":"max-snippet:-1","max-image-preview":"max-image-preview:large","max-video-preview":"max-video-preview:-1"},"canonical":"https:\/\/www.em.com.br\/emfoco\/2025\/01\/27\/lei-garante-mais-seguranca-nas-escolas-de-minas-gerais\/","og_locale":"pt_BR","og_type":"article","og_title":"Lei Garante Mais Seguran\u00e7a nas Escolas de Minas Gerais - Estado de Minas - Em foco","og_description":"A seguran\u00e7a nas escolas \u00e9 um assunto s\u00e9rio e Minas Gerais est\u00e1 tomando medidas para garantir um ambiente escolar mais tranquilo e protegido.","og_url":"https:\/\/www.em.com.br\/emfoco\/2025\/01\/27\/lei-garante-mais-seguranca-nas-escolas-de-minas-gerais\/","og_site_name":"Estado de Minas - Em foco","article_published_time":"2025-01-27T16:40:00+00:00","article_modified_time":"2025-01-25T12:07:07+00:00","og_image":[{"width":1280,"height":720,"url":"https:\/\/www.em.com.br\/emfoco\/wp-content\/uploads\/2025\/01\/escola_1737160931643.jpg","type":"image\/jpeg"}],"author":"N\u00fabia Rangel","twitter_card":"summary_large_image","twitter_misc":{"Escrito por":"N\u00fabia Rangel","Est. tempo de leitura":"4 minutos"},"schema":{"@context":"https:\/\/schema.org","@graph":[{"@type":"WebPage","@id":"https:\/\/www.em.com.br\/emfoco\/2025\/01\/27\/lei-garante-mais-seguranca-nas-escolas-de-minas-gerais\/","url":"https:\/\/www.em.com.br\/emfoco\/2025\/01\/27\/lei-garante-mais-seguranca-nas-escolas-de-minas-gerais\/","name":"Lei Garante Mais Seguran\u00e7a nas Escolas de Minas Gerais - Estado de Minas - Em foco","isPartOf":{"@id":"https:\/\/www.em.com.br\/emfoco\/#website"},"primaryImageOfPage":{"@id":"https:\/\/www.em.com.br\/emfoco\/2025\/01\/27\/lei-garante-mais-seguranca-nas-escolas-de-minas-gerais\/#primaryimage"},"image":{"@id":"https:\/\/www.em.com.br\/emfoco\/2025\/01\/27\/lei-garante-mais-seguranca-nas-escolas-de-minas-gerais\/#primaryimage"},"thumbnailUrl":"https:\/\/www.em.com.br\/emfoco\/wp-content\/uploads\/2025\/01\/escola_1737160931643.jpg","datePublished":"2025-01-27T16:40:00+00:00","dateModified":"2025-01-25T12:07:07+00:00","author":{"@id":"https:\/\/www.em.com.br\/emfoco\/#\/schema\/person\/524437ef54f8a5d32591b143307f2e20"},"description":"A seguran\u00e7a nas escolas \u00e9 um assunto s\u00e9rio e Minas Gerais est\u00e1 tomando medidas para garantir um ambiente escolar mais tranquilo e protegido.","breadcrumb":{"@id":"https:\/\/www.em.com.br\/emfoco\/2025\/01\/27\/lei-garante-mais-seguranca-nas-escolas-de-minas-gerais\/#breadcrumb"},"inLanguage":"pt-BR","potentialAction":[{"@type":"ReadAction","target":["https:\/\/www.em.com.br\/emfoco\/2025\/01\/27\/lei-garante-mais-seguranca-nas-escolas-de-minas-gerais\/"]}]},{"@type":"ImageObject","inLanguage":"pt-BR","@id":"https:\/\/www.em.com.br\/emfoco\/2025\/01\/27\/lei-garante-mais-seguranca-nas-escolas-de-minas-gerais\/#primaryimage","url":"https:\/\/www.em.com.br\/emfoco\/wp-content\/uploads\/2025\/01\/escola_1737160931643.jpg","contentUrl":"https:\/\/www.em.com.br\/emfoco\/wp-content\/uploads\/2025\/01\/escola_1737160931643.jpg","width":1280,"height":720,"caption":"Imagem Ilustrativa de Escola - Cr\u00e9ditos: depositphotos.com \/ alphaspirit"},{"@type":"BreadcrumbList","@id":"https:\/\/www.em.com.br\/emfoco\/2025\/01\/27\/lei-garante-mais-seguranca-nas-escolas-de-minas-gerais\/#breadcrumb","itemListElement":[{"@type":"ListItem","position":1,"name":"In\u00edcio","item":"https:\/\/www.em.com.br\/emfoco\/"},{"@type":"ListItem","position":2,"name":"Lei Garante Mais Seguran\u00e7a nas Escolas de Minas Gerais"}]},{"@type":"WebSite","@id":"https:\/\/www.em.com.br\/emfoco\/#website","url":"https:\/\/www.em.com.br\/emfoco\/","name":"Estado de Minas - Em foco","description":"Acompanhe as \u00faltimas not\u00edcias e fique bem informado sobre tudo o que acontece em Minas Gerais, Brasil e no mundo.","potentialAction":[{"@type":"SearchAction","target":{"@type":"EntryPoint","urlTemplate":"https:\/\/www.em.com.br\/emfoco\/?s={search_term_string}"},"query-input":{"@type":"PropertyValueSpecification","valueRequired":true,"valueName":"search_term_string"}}],"inLanguage":"pt-BR"},{"@type":"Person","@id":"https:\/\/www.em.com.br\/emfoco\/#\/schema\/person\/524437ef54f8a5d32591b143307f2e20","name":"N\u00fabia Rangel","image":{"@type":"ImageObject","inLanguage":"pt-BR","@id":"https:\/\/www.em.com.br\/emfoco\/#\/schema\/person\/image\/","url":"https:\/\/secure.gravatar.com\/avatar\/47cff2827a5ba23c37e8068c86817ea4?s=96&d=mm&r=g","contentUrl":"https:\/\/secure.gravatar.com\/avatar\/47cff2827a5ba23c37e8068c86817ea4?s=96&d=mm&r=g","caption":"N\u00fabia Rangel"},"sameAs":["https:\/\/www.em.com.br\/emfoco\/"],"url":"https:\/\/www.em.com.br\/emfoco\/author\/nubiamyth\/"}]}},"_links":{"self":[{"href":"https:\/\/www.em.com.br\/emfoco\/wp-json\/wp\/v2\/posts\/11584","targetHints":{"allow":["GET"]}}],"collection":[{"href":"https:\/\/www.em.com.br\/emfoco\/wp-json\/wp\/v2\/posts"}],"about":[{"href":"https:\/\/www.em.com.br\/emfoco\/wp-json\/wp\/v2\/types\/post"}],"author":[{"embeddable":true,"href":"https:\/\/www.em.com.br\/emfoco\/wp-json\/wp\/v2\/users\/5"}],"replies":[{"embeddable":true,"href":"https:\/\/www.em.com.br\/emfoco\/wp-json\/wp\/v2\/comments?post=11584"}],"version-history":[{"count":2,"href":"https:\/\/www.em.com.br\/emfoco\/wp-json\/wp\/v2\/posts\/11584\/revisions"}],"predecessor-version":[{"id":11589,"href":"https:\/\/www.em.com.br\/emfoco\/wp-json\/wp\/v2\/posts\/11584\/revisions\/11589"}],"wp:featuredmedia":[{"embeddable":true,"href":"https:\/\/www.em.com.br\/emfoco\/wp-json\/wp\/v2\/media\/11587"}],"wp:attachment":[{"href":"https:\/\/www.em.com.br\/emfoco\/wp-json\/wp\/v2\/media?parent=11584"}],"wp:term":[{"taxonomy":"category","embeddable":true,"href":"https:\/\/www.em.com.br\/emfoco\/wp-json\/wp\/v2\/categories?post=11584"},{"taxonomy":"post_tag","embeddable":true,"href":"https:\/\/www.em.com.br\/emfoco\/wp-json\/wp\/v2\/tags?post=11584"}],"curies":[{"name":"wp","href":"https:\/\/api.w.org\/{rel}","templated":true}]}}