{"id":115838,"date":"2025-10-18T21:15:00","date_gmt":"2025-10-19T00:15:00","guid":{"rendered":"https:\/\/www.em.com.br\/emfoco\/?p=115838"},"modified":"2025-10-15T19:42:00","modified_gmt":"2025-10-15T22:42:00","slug":"como-escolher-hidratantes-acessiveis-para-combater-as-rugas-e-flacidez","status":"publish","type":"post","link":"https:\/\/www.em.com.br\/emfoco\/2025\/10\/18\/como-escolher-hidratantes-acessiveis-para-combater-as-rugas-e-flacidez\/","title":{"rendered":"Como escolher hidratantes acess\u00edveis para combater as rugas e flacidez"},"content":{"rendered":"\n<p>Nem sempre \u00e9 preciso gastar caro para cuidar bem da pele \u2014 alguns hidratantes simples podem fazer diferen\u00e7a real. O segredo est\u00e1 nos ativos cl\u00e1ssicos, como \u00e1cido hialur\u00f4nico, ureia e vitamina E, que oferecem resultados vis\u00edveis com uso cont\u00ednuo e pre\u00e7o acess\u00edvel.<\/p>\n\n\n\n<ul class=\"wp-block-list\">\n<li>Ativos poderosos e acess\u00edveis: \u00e1cido hialur\u00f4nico, ureia e vitamina E<\/li>\n\n\n\n<li>Hidrata\u00e7\u00e3o profunda e melhora da elasticidade da pele<\/li>\n\n\n\n<li>Resultados reais com const\u00e2ncia e prote\u00e7\u00e3o solar<\/li>\n<\/ul>\n\n\n\n<h2 class=\"wp-block-heading\">Por que escolher um hidratante popular pode valer mais a pena?<\/h2>\n\n\n\n<p>Optar por um <strong>hidratante acess\u00edvel<\/strong> \u00e9 uma escolha inteligente para quem busca resultados reais sem gastar muito. Produtos de farm\u00e1cia cont\u00eam f\u00f3rmulas eficazes que mant\u00eam a pele firme, hidratada e com apar\u00eancia saud\u00e1vel, quando usados de forma constante.<\/p>\n\n\n\n<p>Al\u00e9m do custo-benef\u00edcio, esses cremes trazem ativos reconhecidos pela dermatologia. O segredo est\u00e1 na regularidade: aplicar diariamente e combinar com <strong><a href=\"https:\/\/vidasaudavel.einstein.br\/protetor-solar\/\" target=\"_blank\" rel=\"noreferrer noopener\">prote\u00e7\u00e3o solar<\/a><\/strong> \u00e9 o que realmente garante uma pele mais lisa, luminosa e com menos sinais de flacidez.<\/p>\n\n\n\n<figure class=\"wp-block-image size-large\"><img loading=\"lazy\" decoding=\"async\" width=\"1024\" height=\"576\" src=\"https:\/\/www.em.com.br\/emfoco\/wp-content\/uploads\/2025\/10\/hidratante-facial_1760567823470-1024x576.jpg\" alt=\"Como escolher hidratantes acess\u00edveis para combater as rugas e flacidez\" class=\"wp-image-115853\" srcset=\"https:\/\/www.em.com.br\/emfoco\/wp-content\/uploads\/2025\/10\/hidratante-facial_1760567823470-1024x576.jpg 1024w, https:\/\/www.em.com.br\/emfoco\/wp-content\/uploads\/2025\/10\/hidratante-facial_1760567823470-300x169.jpg 300w, https:\/\/www.em.com.br\/emfoco\/wp-content\/uploads\/2025\/10\/hidratante-facial_1760567823470-768x432.jpg 768w, https:\/\/www.em.com.br\/emfoco\/wp-content\/uploads\/2025\/10\/hidratante-facial_1760567823470-750x422.jpg 750w, https:\/\/www.em.com.br\/emfoco\/wp-content\/uploads\/2025\/10\/hidratante-facial_1760567823470-1140x641.jpg 1140w, https:\/\/www.em.com.br\/emfoco\/wp-content\/uploads\/2025\/10\/hidratante-facial_1760567823470.jpg 1280w\" sizes=\"auto, (max-width: 1024px) 100vw, 1024px\" \/><figcaption class=\"wp-element-caption\">Produtos baratos funcionam quando usados com frequ\u00eancia e cuidado di\u00e1rio &#8211; Cr\u00e9ditos: depositphotos.com \/ AllaSerebrina<\/figcaption><\/figure>\n\n\n\n<h2 class=\"wp-block-heading\">Quais s\u00e3o os ativos que fazem diferen\u00e7a na pele?<\/h2>\n\n\n\n<p>Os ingredientes cl\u00e1ssicos continuam sendo os mais eficazes. Cada um deles atua em uma camada diferente da pele, promovendo resultados complementares que se somam para manter a <strong>elasticidade e hidrata\u00e7\u00e3o<\/strong> ao longo do tempo.<\/p>\n\n\n\n<ul class=\"wp-block-list\">\n<li><strong>\u00c1cido hialur\u00f4nico:<\/strong> ret\u00e9m \u00e1gua e preenche linhas finas.<\/li>\n\n\n\n<li><strong>Ureia:<\/strong> mant\u00e9m a barreira de hidrata\u00e7\u00e3o e suaviza a textura da pele.<\/li>\n\n\n\n<li><strong>Vitamina E:<\/strong> tem a\u00e7\u00e3o antioxidante e ajuda a combater os radicais livres.<\/li>\n<\/ul>\n\n\n\n<p><em>Leia mais: <a href=\"https:\/\/www.em.com.br\/emfoco\/2025\/05\/13\/faca-sua-propria-mascara-facial-em-casa-para-pele-seca-e-ressecada\/\" target=\"_blank\" rel=\"noreferrer noopener\">Fa\u00e7a sua pr\u00f3pria m\u00e1scara facial em casa para pele seca e ressecada<\/a><\/em><\/p>\n\n\n\n<h2 class=\"wp-block-heading\">Como manter a pele firme sem gastar muito?<\/h2>\n\n\n\n<p>Mais do que o pre\u00e7o do produto, a const\u00e2ncia \u00e9 o que determina o sucesso do cuidado. Aplicar o <strong>hidratante facial<\/strong> diariamente, especialmente ap\u00f3s o banho, potencializa a absor\u00e7\u00e3o dos ativos e garante resultados duradouros.<\/p>\n\n\n\n<p>Proteger-se do sol \u00e9 outro passo essencial. Mesmo o melhor creme n\u00e3o atua sozinho: o uso di\u00e1rio de <strong>filtro solar<\/strong> evita a degrada\u00e7\u00e3o do col\u00e1geno e mant\u00e9m o tom da pele uniforme, retardando o envelhecimento precoce.<\/p>\n\n\n\n<figure class=\"wp-block-image size-large\"><img loading=\"lazy\" decoding=\"async\" width=\"1024\" height=\"576\" src=\"https:\/\/www.em.com.br\/emfoco\/wp-content\/uploads\/2025\/10\/hidratante-facial_1760567861642-1024x576.jpg\" alt=\"Como escolher hidratantes acess\u00edveis para combater as rugas e flacidez\" class=\"wp-image-115854\" srcset=\"https:\/\/www.em.com.br\/emfoco\/wp-content\/uploads\/2025\/10\/hidratante-facial_1760567861642-1024x576.jpg 1024w, https:\/\/www.em.com.br\/emfoco\/wp-content\/uploads\/2025\/10\/hidratante-facial_1760567861642-300x169.jpg 300w, https:\/\/www.em.com.br\/emfoco\/wp-content\/uploads\/2025\/10\/hidratante-facial_1760567861642-768x432.jpg 768w, https:\/\/www.em.com.br\/emfoco\/wp-content\/uploads\/2025\/10\/hidratante-facial_1760567861642-750x422.jpg 750w, https:\/\/www.em.com.br\/emfoco\/wp-content\/uploads\/2025\/10\/hidratante-facial_1760567861642-1140x641.jpg 1140w, https:\/\/www.em.com.br\/emfoco\/wp-content\/uploads\/2025\/10\/hidratante-facial_1760567861642.jpg 1280w\" sizes=\"auto, (max-width: 1024px) 100vw, 1024px\" \/><figcaption class=\"wp-element-caption\">Usar o creme todos os dias ap\u00f3s o banho potencializa os efeitos &#8211; Cr\u00e9ditos: depositphotos.com \/ DenisDenisenko<\/figcaption><\/figure>\n\n\n\n<h2 class=\"wp-block-heading\">Quais cuidados extras potencializam os resultados?<\/h2>\n\n\n\n<p>Pequenos h\u00e1bitos complementam o uso do hidratante e ampliam seus efeitos, mantendo a pele saud\u00e1vel e com vi\u00e7o natural por mais tempo.<\/p>\n\n\n\n<ul class=\"wp-block-list\">\n<li>Evite banhos muito quentes, que removem a hidrata\u00e7\u00e3o natural.<\/li>\n\n\n\n<li>Beba bastante \u00e1gua para manter o equil\u00edbrio interno da pele.<\/li>\n\n\n\n<li>Inclua frutas e vegetais na dieta para refor\u00e7ar a produ\u00e7\u00e3o de col\u00e1geno.<\/li>\n<\/ul>\n\n\n\n<p>O melhor cuidado \u00e9 aquele que cabe na rotina \u2014 e no bolso. Com dedica\u00e7\u00e3o e const\u00e2ncia, um simples <strong>hidratante popular<\/strong> pode ser t\u00e3o eficaz quanto os produtos mais caros do mercado.<\/p>\n","protected":false},"excerpt":{"rendered":"<p>Nem sempre \u00e9 preciso gastar caro para cuidar bem da pele \u2014 alguns hidratantes simples podem fazer diferen\u00e7a real. O segredo est\u00e1 nos ativos cl\u00e1ssicos, como \u00e1cido hialur\u00f4nico, ureia e vitamina E, que oferecem resultados vis\u00edveis com uso cont\u00ednuo e pre\u00e7o acess\u00edvel. Por que escolher um hidratante popular pode valer mais a pena? Optar por [&hellip;]<\/p>\n","protected":false},"author":13,"featured_media":115852,"comment_status":"open","ping_status":"open","sticky":false,"template":"","format":"standard","meta":{"jnews-multi-image_gallery":[],"jnews_single_post":{"format":"standard"},"jnews_primary_category":[],"jnews_social_meta":[],"jnews_override_counter":[],"footnotes":""},"categories":[8819],"tags":[17477,17476,17475],"class_list":["post-115838","post","type-post","status-publish","format-standard","has-post-thumbnail","hentry","category-curiosidades","tag-combater-rugas","tag-cuidados-com-o-corpo","tag-hidratante-acessivel"],"yoast_head":"<!-- This site is optimized with the Yoast SEO plugin v23.8 - https:\/\/yoast.com\/wordpress\/plugins\/seo\/ -->\n<title>Como escolher hidratantes acess\u00edveis para combater as rugas e flacidez - Estado de Minas - Em foco<\/title>\n<meta name=\"description\" content=\"Hidratantes de farm\u00e1cia com ativos cl\u00e1ssicos oferecem firmeza, vi\u00e7o e prote\u00e7\u00e3o. O segredo est\u00e1 na const\u00e2ncia e no uso com filtro solar.\" \/>\n<meta name=\"robots\" content=\"index, follow, max-snippet:-1, max-image-preview:large, max-video-preview:-1\" \/>\n<link rel=\"canonical\" href=\"https:\/\/www.em.com.br\/emfoco\/2025\/10\/18\/como-escolher-hidratantes-acessiveis-para-combater-as-rugas-e-flacidez\/\" \/>\n<meta property=\"og:locale\" content=\"pt_BR\" \/>\n<meta property=\"og:type\" content=\"article\" \/>\n<meta property=\"og:title\" content=\"Como escolher hidratantes acess\u00edveis para combater as rugas e flacidez - Estado de Minas - Em foco\" \/>\n<meta property=\"og:description\" content=\"Hidratantes de farm\u00e1cia com ativos cl\u00e1ssicos oferecem firmeza, vi\u00e7o e prote\u00e7\u00e3o. O segredo est\u00e1 na const\u00e2ncia e no uso com filtro solar.\" \/>\n<meta property=\"og:url\" content=\"https:\/\/www.em.com.br\/emfoco\/2025\/10\/18\/como-escolher-hidratantes-acessiveis-para-combater-as-rugas-e-flacidez\/\" \/>\n<meta property=\"og:site_name\" content=\"Estado de Minas - Em foco\" \/>\n<meta property=\"article:published_time\" content=\"2025-10-19T00:15:00+00:00\" \/>\n<meta property=\"article:modified_time\" content=\"2025-10-15T22:42:00+00:00\" \/>\n<meta property=\"og:image\" content=\"https:\/\/www.em.com.br\/emfoco\/wp-content\/uploads\/2025\/10\/hidratante-facial_1760567776154.jpg\" \/>\n\t<meta property=\"og:image:width\" content=\"1280\" \/>\n\t<meta property=\"og:image:height\" content=\"720\" \/>\n\t<meta property=\"og:image:type\" content=\"image\/jpeg\" \/>\n<meta name=\"author\" content=\"Gabriel Martins\" \/>\n<meta name=\"twitter:card\" content=\"summary_large_image\" \/>\n<meta name=\"twitter:label1\" content=\"Escrito por\" \/>\n\t<meta name=\"twitter:data1\" content=\"Gabriel Martins\" \/>\n\t<meta name=\"twitter:label2\" content=\"Est. tempo de leitura\" \/>\n\t<meta name=\"twitter:data2\" content=\"4 minutos\" \/>\n<!-- \/ Yoast SEO plugin. -->","yoast_head_json":{"title":"Como escolher hidratantes acess\u00edveis para combater as rugas e flacidez - Estado de Minas - Em foco","description":"Hidratantes de farm\u00e1cia com ativos cl\u00e1ssicos oferecem firmeza, vi\u00e7o e prote\u00e7\u00e3o. O segredo est\u00e1 na const\u00e2ncia e no uso com filtro solar.","robots":{"index":"index","follow":"follow","max-snippet":"max-snippet:-1","max-image-preview":"max-image-preview:large","max-video-preview":"max-video-preview:-1"},"canonical":"https:\/\/www.em.com.br\/emfoco\/2025\/10\/18\/como-escolher-hidratantes-acessiveis-para-combater-as-rugas-e-flacidez\/","og_locale":"pt_BR","og_type":"article","og_title":"Como escolher hidratantes acess\u00edveis para combater as rugas e flacidez - Estado de Minas - Em foco","og_description":"Hidratantes de farm\u00e1cia com ativos cl\u00e1ssicos oferecem firmeza, vi\u00e7o e prote\u00e7\u00e3o. O segredo est\u00e1 na const\u00e2ncia e no uso com filtro solar.","og_url":"https:\/\/www.em.com.br\/emfoco\/2025\/10\/18\/como-escolher-hidratantes-acessiveis-para-combater-as-rugas-e-flacidez\/","og_site_name":"Estado de Minas - Em foco","article_published_time":"2025-10-19T00:15:00+00:00","article_modified_time":"2025-10-15T22:42:00+00:00","og_image":[{"width":1280,"height":720,"url":"https:\/\/www.em.com.br\/emfoco\/wp-content\/uploads\/2025\/10\/hidratante-facial_1760567776154.jpg","type":"image\/jpeg"}],"author":"Gabriel Martins","twitter_card":"summary_large_image","twitter_misc":{"Escrito por":"Gabriel Martins","Est. tempo de leitura":"4 minutos"},"schema":{"@context":"https:\/\/schema.org","@graph":[{"@type":"WebPage","@id":"https:\/\/www.em.com.br\/emfoco\/2025\/10\/18\/como-escolher-hidratantes-acessiveis-para-combater-as-rugas-e-flacidez\/","url":"https:\/\/www.em.com.br\/emfoco\/2025\/10\/18\/como-escolher-hidratantes-acessiveis-para-combater-as-rugas-e-flacidez\/","name":"Como escolher hidratantes acess\u00edveis para combater as rugas e flacidez - Estado de Minas - Em foco","isPartOf":{"@id":"https:\/\/www.em.com.br\/emfoco\/#website"},"primaryImageOfPage":{"@id":"https:\/\/www.em.com.br\/emfoco\/2025\/10\/18\/como-escolher-hidratantes-acessiveis-para-combater-as-rugas-e-flacidez\/#primaryimage"},"image":{"@id":"https:\/\/www.em.com.br\/emfoco\/2025\/10\/18\/como-escolher-hidratantes-acessiveis-para-combater-as-rugas-e-flacidez\/#primaryimage"},"thumbnailUrl":"https:\/\/www.em.com.br\/emfoco\/wp-content\/uploads\/2025\/10\/hidratante-facial_1760567776154.jpg","datePublished":"2025-10-19T00:15:00+00:00","dateModified":"2025-10-15T22:42:00+00:00","author":{"@id":"https:\/\/www.em.com.br\/emfoco\/#\/schema\/person\/1c9ddeab18b98abeffef834667bcf08a"},"description":"Hidratantes de farm\u00e1cia com ativos cl\u00e1ssicos oferecem firmeza, vi\u00e7o e prote\u00e7\u00e3o. O segredo est\u00e1 na const\u00e2ncia e no uso com filtro solar.","breadcrumb":{"@id":"https:\/\/www.em.com.br\/emfoco\/2025\/10\/18\/como-escolher-hidratantes-acessiveis-para-combater-as-rugas-e-flacidez\/#breadcrumb"},"inLanguage":"pt-BR","potentialAction":[{"@type":"ReadAction","target":["https:\/\/www.em.com.br\/emfoco\/2025\/10\/18\/como-escolher-hidratantes-acessiveis-para-combater-as-rugas-e-flacidez\/"]}]},{"@type":"ImageObject","inLanguage":"pt-BR","@id":"https:\/\/www.em.com.br\/emfoco\/2025\/10\/18\/como-escolher-hidratantes-acessiveis-para-combater-as-rugas-e-flacidez\/#primaryimage","url":"https:\/\/www.em.com.br\/emfoco\/wp-content\/uploads\/2025\/10\/hidratante-facial_1760567776154.jpg","contentUrl":"https:\/\/www.em.com.br\/emfoco\/wp-content\/uploads\/2025\/10\/hidratante-facial_1760567776154.jpg","width":1280,"height":720,"caption":"Hidratantes acess\u00edveis podem transformar a pele com uso constante e prote\u00e7\u00e3o solar - Cr\u00e9ditos: depositphotos.com \/ VitalikRadko"},{"@type":"BreadcrumbList","@id":"https:\/\/www.em.com.br\/emfoco\/2025\/10\/18\/como-escolher-hidratantes-acessiveis-para-combater-as-rugas-e-flacidez\/#breadcrumb","itemListElement":[{"@type":"ListItem","position":1,"name":"In\u00edcio","item":"https:\/\/www.em.com.br\/emfoco\/"},{"@type":"ListItem","position":2,"name":"Como escolher hidratantes acess\u00edveis para combater as rugas e flacidez"}]},{"@type":"WebSite","@id":"https:\/\/www.em.com.br\/emfoco\/#website","url":"https:\/\/www.em.com.br\/emfoco\/","name":"Estado de Minas - Em foco","description":"Acompanhe as \u00faltimas not\u00edcias e fique bem informado sobre tudo o que acontece em Minas Gerais, Brasil e no mundo.","potentialAction":[{"@type":"SearchAction","target":{"@type":"EntryPoint","urlTemplate":"https:\/\/www.em.com.br\/emfoco\/?s={search_term_string}"},"query-input":{"@type":"PropertyValueSpecification","valueRequired":true,"valueName":"search_term_string"}}],"inLanguage":"pt-BR"},{"@type":"Person","@id":"https:\/\/www.em.com.br\/emfoco\/#\/schema\/person\/1c9ddeab18b98abeffef834667bcf08a","name":"Gabriel Martins","image":{"@type":"ImageObject","inLanguage":"pt-BR","@id":"https:\/\/www.em.com.br\/emfoco\/#\/schema\/person\/image\/","url":"https:\/\/secure.gravatar.com\/avatar\/f0f1e2efdfd88f1ad2cb08c5c2731e50?s=96&d=mm&r=g","contentUrl":"https:\/\/secure.gravatar.com\/avatar\/f0f1e2efdfd88f1ad2cb08c5c2731e50?s=96&d=mm&r=g","caption":"Gabriel Martins"},"sameAs":["https:\/\/www.em.com.br\/emfoco\/"],"url":"https:\/\/www.em.com.br\/emfoco\/author\/gabrielmartinsmyth\/"}]}},"_links":{"self":[{"href":"https:\/\/www.em.com.br\/emfoco\/wp-json\/wp\/v2\/posts\/115838","targetHints":{"allow":["GET"]}}],"collection":[{"href":"https:\/\/www.em.com.br\/emfoco\/wp-json\/wp\/v2\/posts"}],"about":[{"href":"https:\/\/www.em.com.br\/emfoco\/wp-json\/wp\/v2\/types\/post"}],"author":[{"embeddable":true,"href":"https:\/\/www.em.com.br\/emfoco\/wp-json\/wp\/v2\/users\/13"}],"replies":[{"embeddable":true,"href":"https:\/\/www.em.com.br\/emfoco\/wp-json\/wp\/v2\/comments?post=115838"}],"version-history":[{"count":1,"href":"https:\/\/www.em.com.br\/emfoco\/wp-json\/wp\/v2\/posts\/115838\/revisions"}],"predecessor-version":[{"id":115855,"href":"https:\/\/www.em.com.br\/emfoco\/wp-json\/wp\/v2\/posts\/115838\/revisions\/115855"}],"wp:featuredmedia":[{"embeddable":true,"href":"https:\/\/www.em.com.br\/emfoco\/wp-json\/wp\/v2\/media\/115852"}],"wp:attachment":[{"href":"https:\/\/www.em.com.br\/emfoco\/wp-json\/wp\/v2\/media?parent=115838"}],"wp:term":[{"taxonomy":"category","embeddable":true,"href":"https:\/\/www.em.com.br\/emfoco\/wp-json\/wp\/v2\/categories?post=115838"},{"taxonomy":"post_tag","embeddable":true,"href":"https:\/\/www.em.com.br\/emfoco\/wp-json\/wp\/v2\/tags?post=115838"}],"curies":[{"name":"wp","href":"https:\/\/api.w.org\/{rel}","templated":true}]}}