{"id":115822,"date":"2025-10-16T17:45:00","date_gmt":"2025-10-16T20:45:00","guid":{"rendered":"https:\/\/www.em.com.br\/emfoco\/?p=115822"},"modified":"2025-10-16T12:00:42","modified_gmt":"2025-10-16T15:00:42","slug":"atencao-aos-sinais-que-idosos-acima-de-70-anos-nao-podem-ignorar","status":"publish","type":"post","link":"https:\/\/www.em.com.br\/emfoco\/2025\/10\/16\/atencao-aos-sinais-que-idosos-acima-de-70-anos-nao-podem-ignorar\/","title":{"rendered":"Aten\u00e7\u00e3o aos sinais que idosos acima de 70 anos n\u00e3o podem ignorar"},"content":{"rendered":"\n<p>Pessoas com mais de 70 anos podem apresentar&nbsp;<strong>sinais de alerta<\/strong>&nbsp;que n\u00e3o devem ser ignorados, pois podem indicar condi\u00e7\u00f5es graves. O sistema imunol\u00f3gico enfraquecido e medicamentos podem mascarar sintomas preocupantes. Segundo o Dr. Benjamin Davis, cl\u00ednico geral do Central Health London, disse ao The Telegraph que \u201c\u00e0 medida que envelhecemos, nosso sistema imunol\u00f3gico se torna menos responsivo e tanto a massa muscular quanto as reservas de energia diminuem\u201d, o que pode comprometer ainda mais a recupera\u00e7\u00e3o e aumentar a gravidade dos sintomas. Aqui est\u00e3o os&nbsp;<strong>sinais de alerta<\/strong>&nbsp;que precisam de aten\u00e7\u00e3o imediata:<\/p>\n\n\n\n<ul class=\"wp-block-list\">\n<li><strong>Tontura repentina<\/strong><\/li>\n\n\n\n<li><strong>Confus\u00e3o ou desorienta\u00e7\u00e3o<\/strong><\/li>\n\n\n\n<li><strong>Dificuldade para respirar<\/strong><\/li>\n<\/ul>\n\n\n\n<h2 class=\"wp-block-heading\">Por que a tontura repentina \u00e9 preocupante?<\/h2>\n\n\n\n<p>A<a href=\"https:\/\/dranathaliaprudencio.com\/tontura-do-nada\/\" target=\"_blank\" rel=\"noreferrer noopener\">\u00a0<strong>tontura repentina<\/strong><\/a>\u00a0em idosos pode indicar problemas s\u00e9rios como\u00a0<strong>derrame<\/strong>\u00a0ou\u00a0<strong>co\u00e1gulos pulmonares<\/strong>. Esses epis\u00f3dios exigem avalia\u00e7\u00e3o urgente, principalmente se acompanhados por outros sintomas como dor de cabe\u00e7a intensa ou falta de ar. Em hospitais de cidades como\u00a0<strong>S\u00e3o Paulo<\/strong>, o atendimento r\u00e1pido nesses casos tem feito diferen\u00e7a nos resultados de recupera\u00e7\u00e3o. O Dr. Benjamin Davis alerta que a perda de massa muscular, comum nessa faixa et\u00e1ria, pode tornar a pessoa mais suscet\u00edvel a quedas graves, mesmo diante de epis\u00f3dios breves de tontura.<\/p>\n\n\n\n<h2 class=\"wp-block-heading\">Confus\u00e3o e desorienta\u00e7\u00e3o podem ser sinais de perigo?<\/h2>\n\n\n\n<p>Confus\u00e3o e desorienta\u00e7\u00e3o podem ser sinais precoces de dem\u00eancia, mas o aparecimento s\u00fabito pode indicar infec\u00e7\u00f5es ou condi\u00e7\u00f5es fatais como\u00a0<strong>derrame<\/strong>\u00a0ou\u00a0<strong>sepse<\/strong>. Em caso de confus\u00e3o severa associada a infec\u00e7\u00f5es, a aten\u00e7\u00e3o m\u00e9dica imediata \u00e9 crucial. Segundo orienta\u00e7\u00f5es da\u00a0<strong>Organiza\u00e7\u00e3o Mundial da Sa\u00fade<\/strong>, \u00e9 fundamental agir rapidamente nesses quadros. <a href=\"https:\/\/www.em.com.br\/emfoco\/2025\/03\/26\/inhame-o-superalimento-que-fortalece-o-sistema-imunologico-e-melhora-a-digestao\/\" target=\"_blank\" rel=\"noreferrer noopener\">O sistema imunol\u00f3gico <\/a>menos responsivo, destacado pelo Dr. Davis, pode dificultar a rea\u00e7\u00e3o do organismo a infec\u00e7\u00f5es, mascarando sintomas cl\u00e1ssicos e tornando a avalia\u00e7\u00e3o cl\u00ednica ainda mais importante.<\/p>\n\n\n\n<figure class=\"wp-block-image\"><img decoding=\"async\" src=\"https:\/\/www.em.com.br\/emfoco\/wp-content\/uploads\/2025\/03\/idosos_1741281349347-1024x576.jpg\" alt=\"\"\/><figcaption class=\"wp-element-caption\">Como reconhecer sintomas que exigem socorro m\u00e9dico imediato &#8211; Cr\u00e9ditos: depositphotos.com \/ AndrewLozovyi<\/figcaption><\/figure>\n\n\n\n<h2 class=\"wp-block-heading\">Dificuldade para respirar representa riscos?<\/h2>\n\n\n\n<p><strong>Dificuldade para respirar<\/strong>&nbsp;que surge de repente \u00e9 um sinal de alerta. Pode estar associada a ataques card\u00edacos ou condi\u00e7\u00f5es cr\u00f4nicas, como DPOC. Se a falta de ar persiste, \u00e9 essencial procurar ajuda m\u00e9dica. Estudos recentes da&nbsp;<strong>Universidade de Bras\u00edlia<\/strong>&nbsp;refor\u00e7am que esse sintoma \u00e9 mais frequente em \u00e9pocas de maior circula\u00e7\u00e3o de v\u00edrus, como outono e inverno. Conforme observa o Dr. Benjamin Davis, as reservas de energia menores em idosos dificultam a compensa\u00e7\u00e3o respirat\u00f3ria, agravando ainda mais quadros de insufici\u00eancia respirat\u00f3ria.<\/p>\n\n\n\n<h2 class=\"wp-block-heading\">Quando a dor no peito deve preocupar?<\/h2>\n\n\n\n<p>A dor no peito em idosos pode ser um sintoma de ataque card\u00edaco, especialmente se for persistente e se agravar ao caminhar. Mesmo um desconforto leve deve ser investigado para evitar complica\u00e7\u00f5es s\u00e9rias. O servi\u00e7o de emerg\u00eancia do&nbsp;<strong>Hospital das Cl\u00ednicas<\/strong>&nbsp;tem refor\u00e7ado a import\u00e2ncia de avalia\u00e7\u00e3o imediata nesses casos. A diminui\u00e7\u00e3o da massa muscular e das reservas energ\u00e9ticas, segundo o Dr. Davis, pode influenciar o ritmo card\u00edaco e a resposta ao estresse do corpo, tornando dores e desconfortos mais perigosos.<\/p>\n\n\n\n<h2 class=\"wp-block-heading\">Altera\u00e7\u00f5es na vis\u00e3o, audi\u00e7\u00e3o ou fala podem indicar problemas s\u00e9rios?<\/h2>\n\n\n\n<p>Mudan\u00e7as repentinas nesses sentidos podem indicar um&nbsp;<strong>derrame<\/strong>&nbsp;ou&nbsp;<strong>arterite temporal<\/strong>. Esses sintomas devem ser tratados como emerg\u00eancia, buscando atendimento imediato para evitar consequ\u00eancias graves. \u00c9 comum que servi\u00e7os de sa\u00fade em cidades como&nbsp;<strong>Rio de Janeiro<\/strong>&nbsp;incluam protocolos espec\u00edficos para esses sintomas. Vale lembrar, conforme afirma o Dr. Davis, que a percep\u00e7\u00e3o desses sintomas pode ser prejudicada pela diminui\u00e7\u00e3o das capacidades sensoriais comuns com o envelhecimento.<\/p>\n\n\n\n<h2 class=\"wp-block-heading\">Fraqueza nos membros: por que \u00e9 importante buscar aten\u00e7\u00e3o imediatamente?<\/h2>\n\n\n\n<p>A\u00a0<strong>fraqueza aguda<\/strong>\u00a0em um bra\u00e7o ou perna, mesmo que passageira, pode ser sinal de derrame. Identificar rapidamente esses sinais podem prevenir complica\u00e7\u00f5es s\u00e9rias. Estat\u00edsticas do\u00a0<strong>Minist\u00e9rio da Sa\u00fade<\/strong>\u00a0mostram que o tratamento precoce aumenta significativamente as chances de recupera\u00e7\u00e3o. A perda de massa muscular, destacada pelo Dr. Benjamin Davis, torna a recupera\u00e7\u00e3o ainda mais desafiadora e aumenta o risco de quedas.<\/p>\n\n\n\n<h2 class=\"wp-block-heading\">Por que ser proativo ao identificar sinais de alerta?<\/h2>\n\n\n\n<ul class=\"wp-block-list\">\n<li>Identificar e agir rapidamente pode prevenir complica\u00e7\u00f5es graves.<\/li>\n\n\n\n<li>Fam\u00edlias e cuidadores devem estar atentos a mudan\u00e7as sutis nos idosos.<\/li>\n\n\n\n<li>Conex\u00f5es sociais s\u00e3o essenciais para detectar sintomas precocemente, como destacado por grupos de apoio em cidades como&nbsp;<strong>Belo Horizonte<\/strong>.<\/li>\n\n\n\n<li>Segundo especialistas como o Dr. Benjamin Davis, a proatividade \u00e9 ainda mais necess\u00e1ria diante da diminui\u00e7\u00e3o natural do sistema imunol\u00f3gico e das reservas do organismo na terceira idade.<\/li>\n<\/ul>\n","protected":false},"excerpt":{"rendered":"<p>Pessoas com mais de 70 anos podem apresentar&nbsp;sinais de alerta&nbsp;que n\u00e3o devem ser ignorados, pois podem indicar condi\u00e7\u00f5es graves. O sistema imunol\u00f3gico enfraquecido e medicamentos podem mascarar sintomas preocupantes. Segundo o Dr. Benjamin Davis, cl\u00ednico geral do Central Health London, disse ao The Telegraph que \u201c\u00e0 medida que envelhecemos, nosso sistema imunol\u00f3gico se torna menos [&hellip;]<\/p>\n","protected":false},"author":11,"featured_media":111737,"comment_status":"open","ping_status":"open","sticky":false,"template":"","format":"standard","meta":{"jnews-multi-image_gallery":[],"jnews_single_post":{"format":"standard"},"jnews_primary_category":[],"jnews_social_meta":[],"jnews_override_counter":[],"footnotes":""},"categories":[1,9053],"tags":[204,627,260,12756],"class_list":["post-115822","post","type-post","status-publish","format-standard","has-post-thumbnail","hentry","category-noticias","category-saude","tag-alerta","tag-envelhecimento","tag-idosos","tag-saude-2"],"yoast_head":"<!-- This site is optimized with the Yoast SEO plugin v23.8 - https:\/\/yoast.com\/wordpress\/plugins\/seo\/ -->\n<title>Aten\u00e7\u00e3o aos sinais que idosos acima de 70 anos n\u00e3o podem ignorar - Estado de Minas - Em foco<\/title>\n<meta name=\"description\" content=\"Idosos podem mascarar sinais de doen\u00e7as s\u00e9rias. Saiba o que observar e quando agir para evitar emerg\u00eancias.\" \/>\n<meta name=\"robots\" content=\"index, follow, max-snippet:-1, max-image-preview:large, max-video-preview:-1\" \/>\n<link rel=\"canonical\" href=\"https:\/\/www.em.com.br\/emfoco\/2025\/10\/16\/atencao-aos-sinais-que-idosos-acima-de-70-anos-nao-podem-ignorar\/\" \/>\n<meta property=\"og:locale\" content=\"pt_BR\" \/>\n<meta property=\"og:type\" content=\"article\" \/>\n<meta property=\"og:title\" content=\"Aten\u00e7\u00e3o aos sinais que idosos acima de 70 anos n\u00e3o podem ignorar - Estado de Minas - Em foco\" \/>\n<meta property=\"og:description\" content=\"Idosos podem mascarar sinais de doen\u00e7as s\u00e9rias. Saiba o que observar e quando agir para evitar emerg\u00eancias.\" \/>\n<meta property=\"og:url\" content=\"https:\/\/www.em.com.br\/emfoco\/2025\/10\/16\/atencao-aos-sinais-que-idosos-acima-de-70-anos-nao-podem-ignorar\/\" \/>\n<meta property=\"og:site_name\" content=\"Estado de Minas - Em foco\" \/>\n<meta property=\"article:published_time\" content=\"2025-10-16T20:45:00+00:00\" \/>\n<meta property=\"article:modified_time\" content=\"2025-10-16T15:00:42+00:00\" \/>\n<meta property=\"og:image\" content=\"https:\/\/www.em.com.br\/emfoco\/wp-content\/uploads\/2025\/10\/idosos_1759629528756.jpg\" \/>\n\t<meta property=\"og:image:width\" content=\"1280\" \/>\n\t<meta property=\"og:image:height\" content=\"720\" \/>\n\t<meta property=\"og:image:type\" content=\"image\/jpeg\" \/>\n<meta name=\"author\" content=\"Andre\u0301 Rangel\u00a0\" \/>\n<meta name=\"twitter:card\" content=\"summary_large_image\" \/>\n<meta name=\"twitter:label1\" content=\"Escrito por\" \/>\n\t<meta name=\"twitter:data1\" content=\"Andre\u0301 Rangel\u00a0\" \/>\n\t<meta name=\"twitter:label2\" content=\"Est. tempo de leitura\" \/>\n\t<meta name=\"twitter:data2\" content=\"5 minutos\" \/>\n<!-- \/ Yoast SEO plugin. -->","yoast_head_json":{"title":"Aten\u00e7\u00e3o aos sinais que idosos acima de 70 anos n\u00e3o podem ignorar - Estado de Minas - Em foco","description":"Idosos podem mascarar sinais de doen\u00e7as s\u00e9rias. Saiba o que observar e quando agir para evitar emerg\u00eancias.","robots":{"index":"index","follow":"follow","max-snippet":"max-snippet:-1","max-image-preview":"max-image-preview:large","max-video-preview":"max-video-preview:-1"},"canonical":"https:\/\/www.em.com.br\/emfoco\/2025\/10\/16\/atencao-aos-sinais-que-idosos-acima-de-70-anos-nao-podem-ignorar\/","og_locale":"pt_BR","og_type":"article","og_title":"Aten\u00e7\u00e3o aos sinais que idosos acima de 70 anos n\u00e3o podem ignorar - Estado de Minas - Em foco","og_description":"Idosos podem mascarar sinais de doen\u00e7as s\u00e9rias. Saiba o que observar e quando agir para evitar emerg\u00eancias.","og_url":"https:\/\/www.em.com.br\/emfoco\/2025\/10\/16\/atencao-aos-sinais-que-idosos-acima-de-70-anos-nao-podem-ignorar\/","og_site_name":"Estado de Minas - Em foco","article_published_time":"2025-10-16T20:45:00+00:00","article_modified_time":"2025-10-16T15:00:42+00:00","og_image":[{"width":1280,"height":720,"url":"https:\/\/www.em.com.br\/emfoco\/wp-content\/uploads\/2025\/10\/idosos_1759629528756.jpg","type":"image\/jpeg"}],"author":"Andre\u0301 Rangel\u00a0","twitter_card":"summary_large_image","twitter_misc":{"Escrito por":"Andre\u0301 Rangel\u00a0","Est. tempo de leitura":"5 minutos"},"schema":{"@context":"https:\/\/schema.org","@graph":[{"@type":"WebPage","@id":"https:\/\/www.em.com.br\/emfoco\/2025\/10\/16\/atencao-aos-sinais-que-idosos-acima-de-70-anos-nao-podem-ignorar\/","url":"https:\/\/www.em.com.br\/emfoco\/2025\/10\/16\/atencao-aos-sinais-que-idosos-acima-de-70-anos-nao-podem-ignorar\/","name":"Aten\u00e7\u00e3o aos sinais que idosos acima de 70 anos n\u00e3o podem ignorar - Estado de Minas - Em foco","isPartOf":{"@id":"https:\/\/www.em.com.br\/emfoco\/#website"},"primaryImageOfPage":{"@id":"https:\/\/www.em.com.br\/emfoco\/2025\/10\/16\/atencao-aos-sinais-que-idosos-acima-de-70-anos-nao-podem-ignorar\/#primaryimage"},"image":{"@id":"https:\/\/www.em.com.br\/emfoco\/2025\/10\/16\/atencao-aos-sinais-que-idosos-acima-de-70-anos-nao-podem-ignorar\/#primaryimage"},"thumbnailUrl":"https:\/\/www.em.com.br\/emfoco\/wp-content\/uploads\/2025\/10\/idosos_1759629528756.jpg","datePublished":"2025-10-16T20:45:00+00:00","dateModified":"2025-10-16T15:00:42+00:00","author":{"@id":"https:\/\/www.em.com.br\/emfoco\/#\/schema\/person\/60eda09c1fedf0d6891f4cef4b60b8b8"},"description":"Idosos podem mascarar sinais de doen\u00e7as s\u00e9rias. Saiba o que observar e quando agir para evitar emerg\u00eancias.","breadcrumb":{"@id":"https:\/\/www.em.com.br\/emfoco\/2025\/10\/16\/atencao-aos-sinais-que-idosos-acima-de-70-anos-nao-podem-ignorar\/#breadcrumb"},"inLanguage":"pt-BR","potentialAction":[{"@type":"ReadAction","target":["https:\/\/www.em.com.br\/emfoco\/2025\/10\/16\/atencao-aos-sinais-que-idosos-acima-de-70-anos-nao-podem-ignorar\/"]}]},{"@type":"ImageObject","inLanguage":"pt-BR","@id":"https:\/\/www.em.com.br\/emfoco\/2025\/10\/16\/atencao-aos-sinais-que-idosos-acima-de-70-anos-nao-podem-ignorar\/#primaryimage","url":"https:\/\/www.em.com.br\/emfoco\/wp-content\/uploads\/2025\/10\/idosos_1759629528756.jpg","contentUrl":"https:\/\/www.em.com.br\/emfoco\/wp-content\/uploads\/2025\/10\/idosos_1759629528756.jpg","width":1280,"height":720,"caption":"Os sintomas silenciosos que indicam perigo na terceira idade - Cr\u00e9ditos: depositphotos.com \/ VitalikRadko"},{"@type":"BreadcrumbList","@id":"https:\/\/www.em.com.br\/emfoco\/2025\/10\/16\/atencao-aos-sinais-que-idosos-acima-de-70-anos-nao-podem-ignorar\/#breadcrumb","itemListElement":[{"@type":"ListItem","position":1,"name":"In\u00edcio","item":"https:\/\/www.em.com.br\/emfoco\/"},{"@type":"ListItem","position":2,"name":"Aten\u00e7\u00e3o aos sinais que idosos acima de 70 anos n\u00e3o podem ignorar"}]},{"@type":"WebSite","@id":"https:\/\/www.em.com.br\/emfoco\/#website","url":"https:\/\/www.em.com.br\/emfoco\/","name":"Estado de Minas - Em foco","description":"Acompanhe as \u00faltimas not\u00edcias e fique bem informado sobre tudo o que acontece em Minas Gerais, Brasil e no mundo.","potentialAction":[{"@type":"SearchAction","target":{"@type":"EntryPoint","urlTemplate":"https:\/\/www.em.com.br\/emfoco\/?s={search_term_string}"},"query-input":{"@type":"PropertyValueSpecification","valueRequired":true,"valueName":"search_term_string"}}],"inLanguage":"pt-BR"},{"@type":"Person","@id":"https:\/\/www.em.com.br\/emfoco\/#\/schema\/person\/60eda09c1fedf0d6891f4cef4b60b8b8","name":"Andre\u0301 Rangel\u00a0","image":{"@type":"ImageObject","inLanguage":"pt-BR","@id":"https:\/\/www.em.com.br\/emfoco\/#\/schema\/person\/image\/","url":"https:\/\/secure.gravatar.com\/avatar\/6234dc814c77c8ef6d8bba622c787efc?s=96&d=mm&r=g","contentUrl":"https:\/\/secure.gravatar.com\/avatar\/6234dc814c77c8ef6d8bba622c787efc?s=96&d=mm&r=g","caption":"Andre\u0301 Rangel\u00a0"},"url":"https:\/\/www.em.com.br\/emfoco\/author\/luizmyth\/"}]}},"_links":{"self":[{"href":"https:\/\/www.em.com.br\/emfoco\/wp-json\/wp\/v2\/posts\/115822","targetHints":{"allow":["GET"]}}],"collection":[{"href":"https:\/\/www.em.com.br\/emfoco\/wp-json\/wp\/v2\/posts"}],"about":[{"href":"https:\/\/www.em.com.br\/emfoco\/wp-json\/wp\/v2\/types\/post"}],"author":[{"embeddable":true,"href":"https:\/\/www.em.com.br\/emfoco\/wp-json\/wp\/v2\/users\/11"}],"replies":[{"embeddable":true,"href":"https:\/\/www.em.com.br\/emfoco\/wp-json\/wp\/v2\/comments?post=115822"}],"version-history":[{"count":4,"href":"https:\/\/www.em.com.br\/emfoco\/wp-json\/wp\/v2\/posts\/115822\/revisions"}],"predecessor-version":[{"id":116031,"href":"https:\/\/www.em.com.br\/emfoco\/wp-json\/wp\/v2\/posts\/115822\/revisions\/116031"}],"wp:featuredmedia":[{"embeddable":true,"href":"https:\/\/www.em.com.br\/emfoco\/wp-json\/wp\/v2\/media\/111737"}],"wp:attachment":[{"href":"https:\/\/www.em.com.br\/emfoco\/wp-json\/wp\/v2\/media?parent=115822"}],"wp:term":[{"taxonomy":"category","embeddable":true,"href":"https:\/\/www.em.com.br\/emfoco\/wp-json\/wp\/v2\/categories?post=115822"},{"taxonomy":"post_tag","embeddable":true,"href":"https:\/\/www.em.com.br\/emfoco\/wp-json\/wp\/v2\/tags?post=115822"}],"curies":[{"name":"wp","href":"https:\/\/api.w.org\/{rel}","templated":true}]}}