{"id":11579,"date":"2025-01-27T14:20:00","date_gmt":"2025-01-27T17:20:00","guid":{"rendered":"https:\/\/www.em.com.br\/emfoco\/?p=11579"},"modified":"2025-01-25T09:07:09","modified_gmt":"2025-01-25T12:07:09","slug":"patrocinio-milionario-da-ambev-garante-um-carnaval-inesquecivel-em-belo-horizonte","status":"publish","type":"post","link":"https:\/\/www.em.com.br\/emfoco\/2025\/01\/27\/patrocinio-milionario-da-ambev-garante-um-carnaval-inesquecivel-em-belo-horizonte\/","title":{"rendered":"Patroc\u00ednio milion\u00e1rio da Ambev garante um Carnaval inesquec\u00edvel em Belo Horizonte"},"content":{"rendered":"\n<p>Com a proximidade do Carnaval de 2025, <strong><a href=\"https:\/\/www.em.com.br\/emfoco\/2024\/12\/07\/o-destino-mineiro-que-combina-historia-sabores-e-modernidade\/\" target=\"_blank\" rel=\"noreferrer noopener\">Belo Horizonte<\/a><\/strong> se prepara para mais uma edi\u00e7\u00e3o vibrante de sua tradicional festa de rua. Este ano, o evento ganha destaque com o apoio de grandes parceiros que ir\u00e3o contribuir substancialmente para que a folia aconte\u00e7a com for\u00e7a total. Entre os patrocinadores, destaca-se o grupo cervejeira Ambev, que ir\u00e1 investir R$ 5,9 milh\u00f5es, promovendo a marca Brahma como a principal patrocinadora oficial do evento.<\/p>\n\n\n\n<p>A festa ocorrer\u00e1 de 15 de fevereiro a 9 de mar\u00e7o, prometendo atrair uma grande quantidade de visitantes e fomentar a economia local. A presen\u00e7a de um patrocinador master como a Ambev fortalece a imagem do Carnaval de Belo Horizonte, colocando-o em evid\u00eancia no circuito das grandes festas do pa\u00eds.<\/p>\n\n\n\n<h2 class=\"wp-block-heading\">Quais s\u00e3o os Objetivos da Atual Gest\u00e3o para o Carnaval?<\/h2>\n\n\n\n<p>B\u00e1rbara Menucci, presidente da Belotur, destacou que o apoio vem em um momento crucial para a gest\u00e3o do Carnaval, refor\u00e7ando a import\u00e2ncia da parceria com o setor privado. Esta colabora\u00e7\u00e3o pretende n\u00e3o apenas impulsionar economicamente a festa, mas tamb\u00e9m garantir um evento alinhado com pr\u00e1ticas socioambientais respons\u00e1veis. A gest\u00e3o atual v\u00ea o envolvimento de marcas como a Ambev como um testemunho do compromisso com a sustentabilidade e o bem-estar social.<\/p>\n\n\n\n<h2 class=\"wp-block-heading\">Quais Outras Marcas Participar\u00e3o do Evento?<\/h2>\n\n\n\n<p>Al\u00e9m de Brahma, a Ambev planeja ativar mais tr\u00eas marcas durante o evento: Beats, <strong><a href=\"https:\/\/www.ze.delivery\/\" target=\"_blank\" rel=\"noreferrer noopener\">Z\u00e9 Delivery<\/a><\/strong> e Guaran\u00e1 Ant\u00e1rtica. A estrat\u00e9gia de comunica\u00e7\u00e3o da empresa ir\u00e1 utilizar o Carnaval para promover estas marcas, oferecendo diversas a\u00e7\u00f5es promocionais e experi\u00eancias para os foli\u00f5es. Esse envolvimento reafirma o Carnaval de Belo Horizonte como um palco privilegiado para a introdu\u00e7\u00e3o de novos produtos e a consolida\u00e7\u00e3o de marcas j\u00e1 estabelecidas.<\/p>\n\n\n\n<figure class=\"wp-block-image size-large\"><img loading=\"lazy\" decoding=\"async\" width=\"1024\" height=\"576\" src=\"https:\/\/www.em.com.br\/emfoco\/wp-content\/uploads\/2024\/12\/carnaval_1733833579897-1024x576.jpg\" alt=\"Voc\u00ea est\u00e1 preparado para o que o Carnaval te reserva em 2025?\" class=\"wp-image-4172\" srcset=\"https:\/\/www.em.com.br\/emfoco\/wp-content\/uploads\/2024\/12\/carnaval_1733833579897-1024x576.jpg 1024w, https:\/\/www.em.com.br\/emfoco\/wp-content\/uploads\/2024\/12\/carnaval_1733833579897-300x169.jpg 300w, https:\/\/www.em.com.br\/emfoco\/wp-content\/uploads\/2024\/12\/carnaval_1733833579897-768x432.jpg 768w, https:\/\/www.em.com.br\/emfoco\/wp-content\/uploads\/2024\/12\/carnaval_1733833579897-750x422.jpg 750w, https:\/\/www.em.com.br\/emfoco\/wp-content\/uploads\/2024\/12\/carnaval_1733833579897-1140x641.jpg 1140w, https:\/\/www.em.com.br\/emfoco\/wp-content\/uploads\/2024\/12\/carnaval_1733833579897.jpg 1280w\" sizes=\"auto, (max-width: 1024px) 100vw, 1024px\" \/><figcaption class=\"wp-element-caption\">Carnaval &#8211; Cr\u00e9ditos: depositphotos.com \/ diogoppr<\/figcaption><\/figure>\n\n\n\n<h2 class=\"wp-block-heading\">Como a C\u00e2mara de Dirigentes Lojistas de Belo Horizonte Contribuir\u00e1?<\/h2>\n\n\n\n<p>Pelo segundo ano consecutivo, a C\u00e2mara de Dirigentes Lojistas de Belo Horizonte (CDL\/BH) tamb\u00e9m participa como apoiadora do evento. A entidade, que representa o com\u00e9rcio da cidade, alocar\u00e1 R$ 500 mil para ajudar na realiza\u00e7\u00e3o do Carnaval. Esta contribui\u00e7\u00e3o evidencia a relev\u00e2ncia do evento para o com\u00e9rcio local, que v\u00ea na festividade uma oportunidade de alavancar suas vendas e promover a\u00e7\u00f5es de engajamento com os clientes.<\/p>\n\n\n\n<h2 class=\"wp-block-heading\">O que Esperar das Novas Capta\u00e7\u00f5es de Recursos?<\/h2>\n\n\n\n<p>Com vistas a ampliar ainda mais o suporte financeiro para o Carnaval, novas capta\u00e7\u00f5es de recursos est\u00e3o sendo planejadas. A Belotur lan\u00e7ar\u00e1 em breve um edital para preencher as cotas de patroc\u00ednio que ainda est\u00e3o dispon\u00edveis. Essa iniciativa visa garantir um evento ainda mais robusto, capaz de suprir todas as demandas log\u00edsticas e art\u00edsticas da grande celebra\u00e7\u00e3o. A expectativa \u00e9 de que novos parceiros se juntem ao j\u00e1 impressionante grupo de patrocinadores, consolidando a festa de Belo Horizonte como uma das mais importantes do Brasil.<\/p>\n","protected":false},"excerpt":{"rendered":"<p>Com a proximidade do Carnaval de 2025, Belo Horizonte se prepara para mais uma edi\u00e7\u00e3o vibrante de sua tradicional festa de rua. Este ano, o evento ganha destaque com o apoio de grandes parceiros que ir\u00e3o contribuir substancialmente para que a folia aconte\u00e7a com for\u00e7a total. Entre os patrocinadores, destaca-se o grupo cervejeira Ambev, que [&hellip;]<\/p>\n","protected":false},"author":5,"featured_media":11582,"comment_status":"open","ping_status":"open","sticky":false,"template":"","format":"standard","meta":{"jnews-multi-image_gallery":[],"jnews_single_post":{"format":"standard"},"jnews_primary_category":[],"jnews_social_meta":[],"jnews_override_counter":[],"footnotes":""},"categories":[26,1],"tags":[154,1500,207],"class_list":["post-11579","post","type-post","status-publish","format-standard","has-post-thumbnail","hentry","category-cidades","category-noticias","tag-belo-horizonte","tag-carnaval","tag-minas-gerais"],"yoast_head":"<!-- This site is optimized with the Yoast SEO plugin v23.8 - https:\/\/yoast.com\/wordpress\/plugins\/seo\/ -->\n<title>Patroc\u00ednio milion\u00e1rio da Ambev garante um Carnaval inesquec\u00edvel em Belo Horizonte - Estado de Minas - Em foco<\/title>\n<meta name=\"description\" content=\"A Ambev, em parceria com a Prefeitura de Belo Horizonte, garante um Carnaval inesquec\u00edvel para todos os foli\u00f5es.\" \/>\n<meta name=\"robots\" content=\"index, follow, max-snippet:-1, max-image-preview:large, max-video-preview:-1\" \/>\n<link rel=\"canonical\" href=\"https:\/\/www.em.com.br\/emfoco\/2025\/01\/27\/patrocinio-milionario-da-ambev-garante-um-carnaval-inesquecivel-em-belo-horizonte\/\" \/>\n<meta property=\"og:locale\" content=\"pt_BR\" \/>\n<meta property=\"og:type\" content=\"article\" \/>\n<meta property=\"og:title\" content=\"Patroc\u00ednio milion\u00e1rio da Ambev garante um Carnaval inesquec\u00edvel em Belo Horizonte - Estado de Minas - Em foco\" \/>\n<meta property=\"og:description\" content=\"A Ambev, em parceria com a Prefeitura de Belo Horizonte, garante um Carnaval inesquec\u00edvel para todos os foli\u00f5es.\" \/>\n<meta property=\"og:url\" content=\"https:\/\/www.em.com.br\/emfoco\/2025\/01\/27\/patrocinio-milionario-da-ambev-garante-um-carnaval-inesquecivel-em-belo-horizonte\/\" \/>\n<meta property=\"og:site_name\" content=\"Estado de Minas - Em foco\" \/>\n<meta property=\"article:published_time\" content=\"2025-01-27T17:20:00+00:00\" \/>\n<meta property=\"article:modified_time\" content=\"2025-01-25T12:07:09+00:00\" \/>\n<meta property=\"og:image\" content=\"https:\/\/www.em.com.br\/emfoco\/wp-content\/uploads\/2025\/01\/ambev_1737160656212.jpg\" \/>\n\t<meta property=\"og:image:width\" content=\"1279\" \/>\n\t<meta property=\"og:image:height\" content=\"720\" \/>\n\t<meta property=\"og:image:type\" content=\"image\/jpeg\" \/>\n<meta name=\"author\" content=\"N\u00fabia Rangel\" \/>\n<meta name=\"twitter:card\" content=\"summary_large_image\" \/>\n<meta name=\"twitter:label1\" content=\"Escrito por\" \/>\n\t<meta name=\"twitter:data1\" content=\"N\u00fabia Rangel\" \/>\n\t<meta name=\"twitter:label2\" content=\"Est. tempo de leitura\" \/>\n\t<meta name=\"twitter:data2\" content=\"3 minutos\" \/>\n<!-- \/ Yoast SEO plugin. -->","yoast_head_json":{"title":"Patroc\u00ednio milion\u00e1rio da Ambev garante um Carnaval inesquec\u00edvel em Belo Horizonte - Estado de Minas - Em foco","description":"A Ambev, em parceria com a Prefeitura de Belo Horizonte, garante um Carnaval inesquec\u00edvel para todos os foli\u00f5es.","robots":{"index":"index","follow":"follow","max-snippet":"max-snippet:-1","max-image-preview":"max-image-preview:large","max-video-preview":"max-video-preview:-1"},"canonical":"https:\/\/www.em.com.br\/emfoco\/2025\/01\/27\/patrocinio-milionario-da-ambev-garante-um-carnaval-inesquecivel-em-belo-horizonte\/","og_locale":"pt_BR","og_type":"article","og_title":"Patroc\u00ednio milion\u00e1rio da Ambev garante um Carnaval inesquec\u00edvel em Belo Horizonte - Estado de Minas - Em foco","og_description":"A Ambev, em parceria com a Prefeitura de Belo Horizonte, garante um Carnaval inesquec\u00edvel para todos os foli\u00f5es.","og_url":"https:\/\/www.em.com.br\/emfoco\/2025\/01\/27\/patrocinio-milionario-da-ambev-garante-um-carnaval-inesquecivel-em-belo-horizonte\/","og_site_name":"Estado de Minas - Em foco","article_published_time":"2025-01-27T17:20:00+00:00","article_modified_time":"2025-01-25T12:07:09+00:00","og_image":[{"width":1279,"height":720,"url":"https:\/\/www.em.com.br\/emfoco\/wp-content\/uploads\/2025\/01\/ambev_1737160656212.jpg","type":"image\/jpeg"}],"author":"N\u00fabia Rangel","twitter_card":"summary_large_image","twitter_misc":{"Escrito por":"N\u00fabia Rangel","Est. tempo de leitura":"3 minutos"},"schema":{"@context":"https:\/\/schema.org","@graph":[{"@type":"WebPage","@id":"https:\/\/www.em.com.br\/emfoco\/2025\/01\/27\/patrocinio-milionario-da-ambev-garante-um-carnaval-inesquecivel-em-belo-horizonte\/","url":"https:\/\/www.em.com.br\/emfoco\/2025\/01\/27\/patrocinio-milionario-da-ambev-garante-um-carnaval-inesquecivel-em-belo-horizonte\/","name":"Patroc\u00ednio milion\u00e1rio da Ambev garante um Carnaval inesquec\u00edvel em Belo Horizonte - Estado de Minas - Em foco","isPartOf":{"@id":"https:\/\/www.em.com.br\/emfoco\/#website"},"primaryImageOfPage":{"@id":"https:\/\/www.em.com.br\/emfoco\/2025\/01\/27\/patrocinio-milionario-da-ambev-garante-um-carnaval-inesquecivel-em-belo-horizonte\/#primaryimage"},"image":{"@id":"https:\/\/www.em.com.br\/emfoco\/2025\/01\/27\/patrocinio-milionario-da-ambev-garante-um-carnaval-inesquecivel-em-belo-horizonte\/#primaryimage"},"thumbnailUrl":"https:\/\/www.em.com.br\/emfoco\/wp-content\/uploads\/2025\/01\/ambev_1737160656212.jpg","datePublished":"2025-01-27T17:20:00+00:00","dateModified":"2025-01-25T12:07:09+00:00","author":{"@id":"https:\/\/www.em.com.br\/emfoco\/#\/schema\/person\/524437ef54f8a5d32591b143307f2e20"},"description":"A Ambev, em parceria com a Prefeitura de Belo Horizonte, garante um Carnaval inesquec\u00edvel para todos os foli\u00f5es.","breadcrumb":{"@id":"https:\/\/www.em.com.br\/emfoco\/2025\/01\/27\/patrocinio-milionario-da-ambev-garante-um-carnaval-inesquecivel-em-belo-horizonte\/#breadcrumb"},"inLanguage":"pt-BR","potentialAction":[{"@type":"ReadAction","target":["https:\/\/www.em.com.br\/emfoco\/2025\/01\/27\/patrocinio-milionario-da-ambev-garante-um-carnaval-inesquecivel-em-belo-horizonte\/"]}]},{"@type":"ImageObject","inLanguage":"pt-BR","@id":"https:\/\/www.em.com.br\/emfoco\/2025\/01\/27\/patrocinio-milionario-da-ambev-garante-um-carnaval-inesquecivel-em-belo-horizonte\/#primaryimage","url":"https:\/\/www.em.com.br\/emfoco\/wp-content\/uploads\/2025\/01\/ambev_1737160656212.jpg","contentUrl":"https:\/\/www.em.com.br\/emfoco\/wp-content\/uploads\/2025\/01\/ambev_1737160656212.jpg","width":1279,"height":720,"caption":"Imagem Ilustrativa Ambev - Cr\u00e9ditos: depositphotos.com \/ Piter2121"},{"@type":"BreadcrumbList","@id":"https:\/\/www.em.com.br\/emfoco\/2025\/01\/27\/patrocinio-milionario-da-ambev-garante-um-carnaval-inesquecivel-em-belo-horizonte\/#breadcrumb","itemListElement":[{"@type":"ListItem","position":1,"name":"In\u00edcio","item":"https:\/\/www.em.com.br\/emfoco\/"},{"@type":"ListItem","position":2,"name":"Patroc\u00ednio milion\u00e1rio da Ambev garante um Carnaval inesquec\u00edvel em Belo Horizonte"}]},{"@type":"WebSite","@id":"https:\/\/www.em.com.br\/emfoco\/#website","url":"https:\/\/www.em.com.br\/emfoco\/","name":"Estado de Minas - Em foco","description":"Acompanhe as \u00faltimas not\u00edcias e fique bem informado sobre tudo o que acontece em Minas Gerais, Brasil e no mundo.","potentialAction":[{"@type":"SearchAction","target":{"@type":"EntryPoint","urlTemplate":"https:\/\/www.em.com.br\/emfoco\/?s={search_term_string}"},"query-input":{"@type":"PropertyValueSpecification","valueRequired":true,"valueName":"search_term_string"}}],"inLanguage":"pt-BR"},{"@type":"Person","@id":"https:\/\/www.em.com.br\/emfoco\/#\/schema\/person\/524437ef54f8a5d32591b143307f2e20","name":"N\u00fabia Rangel","image":{"@type":"ImageObject","inLanguage":"pt-BR","@id":"https:\/\/www.em.com.br\/emfoco\/#\/schema\/person\/image\/","url":"https:\/\/secure.gravatar.com\/avatar\/47cff2827a5ba23c37e8068c86817ea4?s=96&d=mm&r=g","contentUrl":"https:\/\/secure.gravatar.com\/avatar\/47cff2827a5ba23c37e8068c86817ea4?s=96&d=mm&r=g","caption":"N\u00fabia Rangel"},"sameAs":["https:\/\/www.em.com.br\/emfoco\/"],"url":"https:\/\/www.em.com.br\/emfoco\/author\/nubiamyth\/"}]}},"_links":{"self":[{"href":"https:\/\/www.em.com.br\/emfoco\/wp-json\/wp\/v2\/posts\/11579","targetHints":{"allow":["GET"]}}],"collection":[{"href":"https:\/\/www.em.com.br\/emfoco\/wp-json\/wp\/v2\/posts"}],"about":[{"href":"https:\/\/www.em.com.br\/emfoco\/wp-json\/wp\/v2\/types\/post"}],"author":[{"embeddable":true,"href":"https:\/\/www.em.com.br\/emfoco\/wp-json\/wp\/v2\/users\/5"}],"replies":[{"embeddable":true,"href":"https:\/\/www.em.com.br\/emfoco\/wp-json\/wp\/v2\/comments?post=11579"}],"version-history":[{"count":2,"href":"https:\/\/www.em.com.br\/emfoco\/wp-json\/wp\/v2\/posts\/11579\/revisions"}],"predecessor-version":[{"id":11583,"href":"https:\/\/www.em.com.br\/emfoco\/wp-json\/wp\/v2\/posts\/11579\/revisions\/11583"}],"wp:featuredmedia":[{"embeddable":true,"href":"https:\/\/www.em.com.br\/emfoco\/wp-json\/wp\/v2\/media\/11582"}],"wp:attachment":[{"href":"https:\/\/www.em.com.br\/emfoco\/wp-json\/wp\/v2\/media?parent=11579"}],"wp:term":[{"taxonomy":"category","embeddable":true,"href":"https:\/\/www.em.com.br\/emfoco\/wp-json\/wp\/v2\/categories?post=11579"},{"taxonomy":"post_tag","embeddable":true,"href":"https:\/\/www.em.com.br\/emfoco\/wp-json\/wp\/v2\/tags?post=11579"}],"curies":[{"name":"wp","href":"https:\/\/api.w.org\/{rel}","templated":true}]}}